{"id":2323,"date":"2022-07-04T18:11:07","date_gmt":"2022-07-04T21:11:07","guid":{"rendered":"https:\/\/portaldestaquenoticias.com.br\/?p=2323"},"modified":"2022-07-04T18:11:19","modified_gmt":"2022-07-04T21:11:19","slug":"residencia-pega-fogo-e-casal-de-idosos-escapa-de-morrer-queimado-no-bairro-da-raiz-zona-sul-de-manaus","status":"publish","type":"post","link":"https:\/\/markd.com.br\/models\/residencia-pega-fogo-e-casal-de-idosos-escapa-de-morrer-queimado-no-bairro-da-raiz-zona-sul-de-manaus\/","title":{"rendered":"Resid\u00eancia pega fogo e casal de idosos escapa de morrer queimado no bairro da Raiz, Zona Sul de Manaus."},"content":{"rendered":"\n<p><\/p>\n\n\n\n<p>Dois idosos foram socorridos pelos vizinhos e escaparam de morrer queimados na noite de domingo quando a casa em que moravam foi totalmente destru\u00edda em um inc\u00eandio.O im\u00f3vel ficava situado na Rua Independ\u00eancia, bairro da Raiz, Zona Sul de Manaus.Os idosos n\u00e3o tiveram os nomes divulgados, mas foi confirmado que um deles acendeu uma vela depois de um apag\u00e3o que aconteceu na metade da noite naquela \u00e1rea do bairro da Raiz.<\/p>\n\n\n\n<p>A vela ficou acessa em cima de um m\u00f3vel e atingiu uma cortina no quarto onde o casal estava dormindo.<\/p>\n\n\n\n<p>O im\u00f3vel era antigo e todo de madeira ressecada pelo tempo por isso o fogo se alastrou rapidamente pelas paredes, atingiu o telhado de zinco e por pouco n\u00e3o se propagou para outras casas.<\/p>\n\n\n\n<p><br>Equipes do Corpo de Bombeiros chegaram rapidamente ao local do inc\u00eandio de graves propor\u00e7\u00f5es.<\/p>\n\n\n\n<p><br>Depois de serem retirados de dentro da casa em chamas os idosos ficaram passando mal devido \u00e0 quantidade de fuma\u00e7a que inalaram e foram atendidos por uma equipe do Samu.<\/p>\n\n\n\n<p>A perda do im\u00f3vel e tudo o que havia dentro foi total e o casal de idosos foi levado para casa de um dos seus filhos.<\/p>\n\n\n\n<p><br>Uma equipe da Defesa Civil cadastrou os donos da casa para que sejam inseridos no Programa de Assist\u00eancia Social e recebam ajuda direcionada a reconstru\u00e7\u00e3o do im\u00f3vel.<\/p>\n\n\n\n<p>Fonte: portal do zacarias<\/p>\n","protected":false},"excerpt":{"rendered":"<p>Dois idosos foram socorridos pelos vizinhos e escaparam de morrer queimados na noite de domingo&#8230;<\/p>\n","protected":false},"author":5,"featured_media":2324,"comment_status":"open","ping_status":"open","sticky":false,"template":"","format":"standard","meta":{"footnotes":""},"categories":[61],"tags":[350,681,680],"class_list":["post-2323","post","type-post","status-publish","format-standard","has-post-thumbnail","hentry","category-acidente","tag-incendio-2","tag-pega-fogo","tag-residencia"],"yoast_head":"<!-- This site is optimized with the Yoast SEO plugin v24.4 - https:\/\/yoast.com\/wordpress\/plugins\/seo\/ -->\n<title>Resid\u00eancia pega fogo e casal de idosos escapa de morrer queimado no bairro da Raiz, Zona Sul de Manaus. - Not\u00edcias de Todos - Models01<\/title>\n<meta name=\"robots\" content=\"index, follow, max-snippet:-1, max-image-preview:large, max-video-preview:-1\" \/>\n<link rel=\"canonical\" href=\"https:\/\/markd.com.br\/models\/residencia-pega-fogo-e-casal-de-idosos-escapa-de-morrer-queimado-no-bairro-da-raiz-zona-sul-de-manaus\/\" \/>\n<meta property=\"og:locale\" content=\"pt_BR\" \/>\n<meta property=\"og:type\" content=\"article\" \/>\n<meta property=\"og:title\" content=\"Resid\u00eancia pega fogo e casal de idosos escapa de morrer queimado no bairro da Raiz, Zona Sul de Manaus. - Not\u00edcias de Todos - Models01\" \/>\n<meta property=\"og:description\" content=\"Dois idosos foram socorridos pelos vizinhos e escaparam de morrer queimados na noite de domingo...\" \/>\n<meta property=\"og:url\" content=\"https:\/\/markd.com.br\/models\/residencia-pega-fogo-e-casal-de-idosos-escapa-de-morrer-queimado-no-bairro-da-raiz-zona-sul-de-manaus\/\" \/>\n<meta property=\"og:site_name\" content=\"Not\u00edcias de Todos - Models01\" \/>\n<meta property=\"article:published_time\" content=\"2022-07-04T21:11:07+00:00\" \/>\n<meta property=\"article:modified_time\" content=\"2022-07-04T21:11:19+00:00\" \/>\n<meta property=\"og:image\" content=\"https:\/\/markd.com.br\/models\/wp-content\/uploads\/2022\/07\/20220704091612dde3-644x445-1.jpg\" \/>\n\t<meta property=\"og:image:width\" content=\"644\" \/>\n\t<meta property=\"og:image:height\" content=\"445\" \/>\n\t<meta property=\"og:image:type\" content=\"image\/jpeg\" \/>\n<meta name=\"author\" content=\"Reda\u00e7\u00e3o Reda\u00e7\u00e3o\" \/>\n<meta name=\"twitter:card\" content=\"summary_large_image\" \/>\n<meta name=\"twitter:label1\" content=\"Escrito por\" \/>\n\t<meta name=\"twitter:data1\" content=\"Reda\u00e7\u00e3o Reda\u00e7\u00e3o\" \/>\n\t<meta name=\"twitter:label2\" content=\"Est. tempo de leitura\" \/>\n\t<meta name=\"twitter:data2\" content=\"2 minutos\" \/>\n<script type=\"application\/ld+json\" class=\"yoast-schema-graph\">{\"@context\":\"https:\/\/schema.org\",\"@graph\":[{\"@type\":\"WebPage\",\"@id\":\"https:\/\/markd.com.br\/models\/residencia-pega-fogo-e-casal-de-idosos-escapa-de-morrer-queimado-no-bairro-da-raiz-zona-sul-de-manaus\/\",\"url\":\"https:\/\/markd.com.br\/models\/residencia-pega-fogo-e-casal-de-idosos-escapa-de-morrer-queimado-no-bairro-da-raiz-zona-sul-de-manaus\/\",\"name\":\"Resid\u00eancia pega fogo e casal de idosos escapa de morrer queimado no bairro da Raiz, Zona Sul de Manaus. - Not\u00edcias de Todos - Models01\",\"isPartOf\":{\"@id\":\"https:\/\/markd.com.br\/models\/#website\"},\"primaryImageOfPage\":{\"@id\":\"https:\/\/markd.com.br\/models\/residencia-pega-fogo-e-casal-de-idosos-escapa-de-morrer-queimado-no-bairro-da-raiz-zona-sul-de-manaus\/#primaryimage\"},\"image\":{\"@id\":\"https:\/\/markd.com.br\/models\/residencia-pega-fogo-e-casal-de-idosos-escapa-de-morrer-queimado-no-bairro-da-raiz-zona-sul-de-manaus\/#primaryimage\"},\"thumbnailUrl\":\"https:\/\/markd.com.br\/models\/wp-content\/uploads\/2022\/07\/20220704091612dde3-644x445-1.jpg\",\"datePublished\":\"2022-07-04T21:11:07+00:00\",\"dateModified\":\"2022-07-04T21:11:19+00:00\",\"author\":{\"@id\":\"https:\/\/markd.com.br\/models\/#\/schema\/person\/c12a77ab487a7262d8bec3c47301ad37\"},\"breadcrumb\":{\"@id\":\"https:\/\/markd.com.br\/models\/residencia-pega-fogo-e-casal-de-idosos-escapa-de-morrer-queimado-no-bairro-da-raiz-zona-sul-de-manaus\/#breadcrumb\"},\"inLanguage\":\"pt-BR\",\"potentialAction\":[{\"@type\":\"ReadAction\",\"target\":[\"https:\/\/markd.com.br\/models\/residencia-pega-fogo-e-casal-de-idosos-escapa-de-morrer-queimado-no-bairro-da-raiz-zona-sul-de-manaus\/\"]}]},{\"@type\":\"ImageObject\",\"inLanguage\":\"pt-BR\",\"@id\":\"https:\/\/markd.com.br\/models\/residencia-pega-fogo-e-casal-de-idosos-escapa-de-morrer-queimado-no-bairro-da-raiz-zona-sul-de-manaus\/#primaryimage\",\"url\":\"https:\/\/markd.com.br\/models\/wp-content\/uploads\/2022\/07\/20220704091612dde3-644x445-1.jpg\",\"contentUrl\":\"https:\/\/markd.com.br\/models\/wp-content\/uploads\/2022\/07\/20220704091612dde3-644x445-1.jpg\",\"width\":644,\"height\":445},{\"@type\":\"BreadcrumbList\",\"@id\":\"https:\/\/markd.com.br\/models\/residencia-pega-fogo-e-casal-de-idosos-escapa-de-morrer-queimado-no-bairro-da-raiz-zona-sul-de-manaus\/#breadcrumb\",\"itemListElement\":[{\"@type\":\"ListItem\",\"position\":1,\"name\":\"In\u00edcio\",\"item\":\"https:\/\/markd.com.br\/models\/\"},{\"@type\":\"ListItem\",\"position\":2,\"name\":\"Resid\u00eancia pega fogo e casal de idosos escapa de morrer queimado no bairro da Raiz, Zona Sul de Manaus.\"}]},{\"@type\":\"WebSite\",\"@id\":\"https:\/\/markd.com.br\/models\/#website\",\"url\":\"https:\/\/markd.com.br\/models\/\",\"name\":\"Not\u00edcias de Todos - Models01\",\"description\":\"Tenha um Portal de Not\u00edcias Moderno, Din\u00e2mico, R\u00e1pido e Profissional. Entregamos seu Site de  Not\u00edcias Pronto, Instalado, Hospedado, com Manual Passo a Passo e Suporte 24 horas.\",\"potentialAction\":[{\"@type\":\"SearchAction\",\"target\":{\"@type\":\"EntryPoint\",\"urlTemplate\":\"https:\/\/markd.com.br\/models\/?s={search_term_string}\"},\"query-input\":{\"@type\":\"PropertyValueSpecification\",\"valueRequired\":true,\"valueName\":\"search_term_string\"}}],\"inLanguage\":\"pt-BR\"},{\"@type\":\"Person\",\"@id\":\"https:\/\/markd.com.br\/models\/#\/schema\/person\/c12a77ab487a7262d8bec3c47301ad37\",\"name\":\"Reda\u00e7\u00e3o Reda\u00e7\u00e3o\",\"image\":{\"@type\":\"ImageObject\",\"inLanguage\":\"pt-BR\",\"@id\":\"https:\/\/markd.com.br\/models\/#\/schema\/person\/image\/\",\"url\":\"https:\/\/secure.gravatar.com\/avatar\/9448f3599ce269febf169e183039b4a6?s=96&d=mm&r=g\",\"contentUrl\":\"https:\/\/secure.gravatar.com\/avatar\/9448f3599ce269febf169e183039b4a6?s=96&d=mm&r=g\",\"caption\":\"Reda\u00e7\u00e3o Reda\u00e7\u00e3o\"},\"sameAs\":[\"https:\/\/markd.com.br\/\"],\"url\":\"https:\/\/markd.com.br\/models\/author\/redacao\/\"}]}<\/script>\n<!-- \/ Yoast SEO plugin. -->","yoast_head_json":{"title":"Resid\u00eancia pega fogo e casal de idosos escapa de morrer queimado no bairro da Raiz, Zona Sul de Manaus. - Not\u00edcias de Todos - Models01","robots":{"index":"index","follow":"follow","max-snippet":"max-snippet:-1","max-image-preview":"max-image-preview:large","max-video-preview":"max-video-preview:-1"},"canonical":"https:\/\/markd.com.br\/models\/residencia-pega-fogo-e-casal-de-idosos-escapa-de-morrer-queimado-no-bairro-da-raiz-zona-sul-de-manaus\/","og_locale":"pt_BR","og_type":"article","og_title":"Resid\u00eancia pega fogo e casal de idosos escapa de morrer queimado no bairro da Raiz, Zona Sul de Manaus. - Not\u00edcias de Todos - Models01","og_description":"Dois idosos foram socorridos pelos vizinhos e escaparam de morrer queimados na noite de domingo...","og_url":"https:\/\/markd.com.br\/models\/residencia-pega-fogo-e-casal-de-idosos-escapa-de-morrer-queimado-no-bairro-da-raiz-zona-sul-de-manaus\/","og_site_name":"Not\u00edcias de Todos - Models01","article_published_time":"2022-07-04T21:11:07+00:00","article_modified_time":"2022-07-04T21:11:19+00:00","og_image":[{"width":644,"height":445,"url":"https:\/\/markd.com.br\/models\/wp-content\/uploads\/2022\/07\/20220704091612dde3-644x445-1.jpg","type":"image\/jpeg"}],"author":"Reda\u00e7\u00e3o Reda\u00e7\u00e3o","twitter_card":"summary_large_image","twitter_misc":{"Escrito por":"Reda\u00e7\u00e3o Reda\u00e7\u00e3o","Est. tempo de leitura":"2 minutos"},"schema":{"@context":"https:\/\/schema.org","@graph":[{"@type":"WebPage","@id":"https:\/\/markd.com.br\/models\/residencia-pega-fogo-e-casal-de-idosos-escapa-de-morrer-queimado-no-bairro-da-raiz-zona-sul-de-manaus\/","url":"https:\/\/markd.com.br\/models\/residencia-pega-fogo-e-casal-de-idosos-escapa-de-morrer-queimado-no-bairro-da-raiz-zona-sul-de-manaus\/","name":"Resid\u00eancia pega fogo e casal de idosos escapa de morrer queimado no bairro da Raiz, Zona Sul de Manaus. - Not\u00edcias de Todos - Models01","isPartOf":{"@id":"https:\/\/markd.com.br\/models\/#website"},"primaryImageOfPage":{"@id":"https:\/\/markd.com.br\/models\/residencia-pega-fogo-e-casal-de-idosos-escapa-de-morrer-queimado-no-bairro-da-raiz-zona-sul-de-manaus\/#primaryimage"},"image":{"@id":"https:\/\/markd.com.br\/models\/residencia-pega-fogo-e-casal-de-idosos-escapa-de-morrer-queimado-no-bairro-da-raiz-zona-sul-de-manaus\/#primaryimage"},"thumbnailUrl":"https:\/\/markd.com.br\/models\/wp-content\/uploads\/2022\/07\/20220704091612dde3-644x445-1.jpg","datePublished":"2022-07-04T21:11:07+00:00","dateModified":"2022-07-04T21:11:19+00:00","author":{"@id":"https:\/\/markd.com.br\/models\/#\/schema\/person\/c12a77ab487a7262d8bec3c47301ad37"},"breadcrumb":{"@id":"https:\/\/markd.com.br\/models\/residencia-pega-fogo-e-casal-de-idosos-escapa-de-morrer-queimado-no-bairro-da-raiz-zona-sul-de-manaus\/#breadcrumb"},"inLanguage":"pt-BR","potentialAction":[{"@type":"ReadAction","target":["https:\/\/markd.com.br\/models\/residencia-pega-fogo-e-casal-de-idosos-escapa-de-morrer-queimado-no-bairro-da-raiz-zona-sul-de-manaus\/"]}]},{"@type":"ImageObject","inLanguage":"pt-BR","@id":"https:\/\/markd.com.br\/models\/residencia-pega-fogo-e-casal-de-idosos-escapa-de-morrer-queimado-no-bairro-da-raiz-zona-sul-de-manaus\/#primaryimage","url":"https:\/\/markd.com.br\/models\/wp-content\/uploads\/2022\/07\/20220704091612dde3-644x445-1.jpg","contentUrl":"https:\/\/markd.com.br\/models\/wp-content\/uploads\/2022\/07\/20220704091612dde3-644x445-1.jpg","width":644,"height":445},{"@type":"BreadcrumbList","@id":"https:\/\/markd.com.br\/models\/residencia-pega-fogo-e-casal-de-idosos-escapa-de-morrer-queimado-no-bairro-da-raiz-zona-sul-de-manaus\/#breadcrumb","itemListElement":[{"@type":"ListItem","position":1,"name":"In\u00edcio","item":"https:\/\/markd.com.br\/models\/"},{"@type":"ListItem","position":2,"name":"Resid\u00eancia pega fogo e casal de idosos escapa de morrer queimado no bairro da Raiz, Zona Sul de Manaus."}]},{"@type":"WebSite","@id":"https:\/\/markd.com.br\/models\/#website","url":"https:\/\/markd.com.br\/models\/","name":"Not\u00edcias de Todos - Models01","description":"Tenha um Portal de Not\u00edcias Moderno, Din\u00e2mico, R\u00e1pido e Profissional. Entregamos seu Site de  Not\u00edcias Pronto, Instalado, Hospedado, com Manual Passo a Passo e Suporte 24 horas.","potentialAction":[{"@type":"SearchAction","target":{"@type":"EntryPoint","urlTemplate":"https:\/\/markd.com.br\/models\/?s={search_term_string}"},"query-input":{"@type":"PropertyValueSpecification","valueRequired":true,"valueName":"search_term_string"}}],"inLanguage":"pt-BR"},{"@type":"Person","@id":"https:\/\/markd.com.br\/models\/#\/schema\/person\/c12a77ab487a7262d8bec3c47301ad37","name":"Reda\u00e7\u00e3o Reda\u00e7\u00e3o","image":{"@type":"ImageObject","inLanguage":"pt-BR","@id":"https:\/\/markd.com.br\/models\/#\/schema\/person\/image\/","url":"https:\/\/secure.gravatar.com\/avatar\/9448f3599ce269febf169e183039b4a6?s=96&d=mm&r=g","contentUrl":"https:\/\/secure.gravatar.com\/avatar\/9448f3599ce269febf169e183039b4a6?s=96&d=mm&r=g","caption":"Reda\u00e7\u00e3o Reda\u00e7\u00e3o"},"sameAs":["https:\/\/markd.com.br\/"],"url":"https:\/\/markd.com.br\/models\/author\/redacao\/"}]}},"featured_image_urls":{"full":["https:\/\/markd.com.br\/models\/wp-content\/uploads\/2022\/07\/20220704091612dde3-644x445-1.jpg",644,445,false],"thumbnail":["https:\/\/markd.com.br\/models\/wp-content\/uploads\/2022\/07\/20220704091612dde3-644x445-1-150x150.jpg",150,150,true],"medium":["https:\/\/markd.com.br\/models\/wp-content\/uploads\/2022\/07\/20220704091612dde3-644x445-1-300x207.jpg",300,207,true],"medium_large":["https:\/\/markd.com.br\/models\/wp-content\/uploads\/2022\/07\/20220704091612dde3-644x445-1.jpg",640,442,false],"large":["https:\/\/markd.com.br\/models\/wp-content\/uploads\/2022\/07\/20220704091612dde3-644x445-1.jpg",640,442,false],"1536x1536":["https:\/\/markd.com.br\/models\/wp-content\/uploads\/2022\/07\/20220704091612dde3-644x445-1.jpg",644,445,false],"2048x2048":["https:\/\/markd.com.br\/models\/wp-content\/uploads\/2022\/07\/20220704091612dde3-644x445-1.jpg",644,445,false],"newsphere-slider-full":["https:\/\/markd.com.br\/models\/wp-content\/uploads\/2022\/07\/20220704091612dde3-644x445-1.jpg",644,445,false],"newsphere-featured":["https:\/\/markd.com.br\/models\/wp-content\/uploads\/2022\/07\/20220704091612dde3-644x445-1.jpg",644,445,false],"newsphere-medium":["https:\/\/markd.com.br\/models\/wp-content\/uploads\/2022\/07\/20220704091612dde3-644x445-1-644x380.jpg",644,380,true]},"author_info":{"display_name":"Reda\u00e7\u00e3o Reda\u00e7\u00e3o","author_link":"https:\/\/markd.com.br\/models\/author\/redacao\/"},"category_info":"<a href=\"https:\/\/markd.com.br\/models\/category\/acidente\/\" rel=\"category tag\">Acidente<\/a>","tag_info":"Acidente","comment_count":"0","jetpack_featured_media_url":"https:\/\/markd.com.br\/models\/wp-content\/uploads\/2022\/07\/20220704091612dde3-644x445-1.jpg","_links":{"self":[{"href":"https:\/\/markd.com.br\/models\/wp-json\/wp\/v2\/posts\/2323","targetHints":{"allow":["GET"]}}],"collection":[{"href":"https:\/\/markd.com.br\/models\/wp-json\/wp\/v2\/posts"}],"about":[{"href":"https:\/\/markd.com.br\/models\/wp-json\/wp\/v2\/types\/post"}],"author":[{"embeddable":true,"href":"https:\/\/markd.com.br\/models\/wp-json\/wp\/v2\/users\/5"}],"replies":[{"embeddable":true,"href":"https:\/\/markd.com.br\/models\/wp-json\/wp\/v2\/comments?post=2323"}],"version-history":[{"count":1,"href":"https:\/\/markd.com.br\/models\/wp-json\/wp\/v2\/posts\/2323\/revisions"}],"predecessor-version":[{"id":2325,"href":"https:\/\/markd.com.br\/models\/wp-json\/wp\/v2\/posts\/2323\/revisions\/2325"}],"wp:featuredmedia":[{"embeddable":true,"href":"https:\/\/markd.com.br\/models\/wp-json\/wp\/v2\/media\/2324"}],"wp:attachment":[{"href":"https:\/\/markd.com.br\/models\/wp-json\/wp\/v2\/media?parent=2323"}],"wp:term":[{"taxonomy":"category","embeddable":true,"href":"https:\/\/markd.com.br\/models\/wp-json\/wp\/v2\/categories?post=2323"},{"taxonomy":"post_tag","embeddable":true,"href":"https:\/\/markd.com.br\/models\/wp-json\/wp\/v2\/tags?post=2323"}],"curies":[{"name":"wp","href":"https:\/\/api.w.org\/{rel}","templated":true}]}}