{"id":2329,"date":"2022-07-04T18:24:05","date_gmt":"2022-07-04T21:24:05","guid":{"rendered":"https:\/\/portaldestaquenoticias.com.br\/?p=2329"},"modified":"2022-07-04T18:24:11","modified_gmt":"2022-07-04T21:24:11","slug":"cabeca-humana-e-encontrada-em-lago-no-interior-do-amazonas","status":"publish","type":"post","link":"https:\/\/markd.com.br\/models\/cabeca-humana-e-encontrada-em-lago-no-interior-do-amazonas\/","title":{"rendered":"Cabe\u00e7a humana \u00e9 encontrada em lago no interior do Amazonas"},"content":{"rendered":"\n<p><\/p>\n\n\n\n<p>&nbsp;Uma cabe\u00e7a humana foi encontrada nesta segunda-feira (4) em um lago coberto por vegeta\u00e7\u00e3o no bairro Jardim Lorena, em Itacoatiara. Acredita-se que o membro seja de Luciano Pereira dos Santos, conhecido como \u2018PC\u2019.<\/p>\n\n\n\n<p>O homem estava em sua casa quando foi surpreendido por cinco homens armados. O grupo disparou contra a v\u00edtima e ainda cortaram a cabe\u00e7a dele e levaram durante a fuga.<\/p>\n\n\n\n<p>O caso foi registrado pela Pol\u00edcia Civil e est\u00e1 sob investiga\u00e7\u00e3o.&nbsp;<\/p>\n","protected":false},"excerpt":{"rendered":"<p>&nbsp;Uma cabe\u00e7a humana foi encontrada nesta segunda-feira (4) em um lago coberto por vegeta\u00e7\u00e3o no&#8230;<\/p>\n","protected":false},"author":5,"featured_media":2330,"comment_status":"open","ping_status":"open","sticky":false,"template":"","format":"standard","meta":{"footnotes":""},"categories":[621],"tags":[682,110],"class_list":["post-2329","post","type-post","status-publish","format-standard","has-post-thumbnail","hentry","category-plantao-policial","tag-cabeca-humana","tag-policia-civil"],"yoast_head":"<!-- This site is optimized with the Yoast SEO plugin v24.4 - https:\/\/yoast.com\/wordpress\/plugins\/seo\/ -->\n<title>Cabe\u00e7a humana \u00e9 encontrada em lago no interior do Amazonas - Not\u00edcias de Todos - Models01<\/title>\n<meta name=\"robots\" content=\"index, follow, max-snippet:-1, max-image-preview:large, max-video-preview:-1\" \/>\n<link rel=\"canonical\" href=\"https:\/\/markd.com.br\/models\/cabeca-humana-e-encontrada-em-lago-no-interior-do-amazonas\/\" \/>\n<meta property=\"og:locale\" content=\"pt_BR\" \/>\n<meta property=\"og:type\" content=\"article\" \/>\n<meta property=\"og:title\" content=\"Cabe\u00e7a humana \u00e9 encontrada em lago no interior do Amazonas - Not\u00edcias de Todos - Models01\" \/>\n<meta property=\"og:description\" content=\"&nbsp;Uma cabe\u00e7a humana foi encontrada nesta segunda-feira (4) em um lago coberto por vegeta\u00e7\u00e3o no...\" \/>\n<meta property=\"og:url\" content=\"https:\/\/markd.com.br\/models\/cabeca-humana-e-encontrada-em-lago-no-interior-do-amazonas\/\" \/>\n<meta property=\"og:site_name\" content=\"Not\u00edcias de Todos - Models01\" \/>\n<meta property=\"article:published_time\" content=\"2022-07-04T21:24:05+00:00\" \/>\n<meta property=\"article:modified_time\" content=\"2022-07-04T21:24:11+00:00\" \/>\n<meta property=\"og:image\" content=\"https:\/\/markd.com.br\/models\/wp-content\/uploads\/2022\/07\/portaldoholanda-portaldoholanda-whatsappimage2022-07-04at133849-1163714-1163714-1.jpeg\" \/>\n\t<meta property=\"og:image:width\" content=\"750\" \/>\n\t<meta property=\"og:image:height\" content=\"407\" \/>\n\t<meta property=\"og:image:type\" content=\"image\/jpeg\" \/>\n<meta name=\"author\" content=\"Reda\u00e7\u00e3o Reda\u00e7\u00e3o\" \/>\n<meta name=\"twitter:card\" content=\"summary_large_image\" \/>\n<meta name=\"twitter:label1\" content=\"Escrito por\" \/>\n\t<meta name=\"twitter:data1\" content=\"Reda\u00e7\u00e3o Reda\u00e7\u00e3o\" \/>\n\t<meta name=\"twitter:label2\" content=\"Est. tempo de leitura\" \/>\n\t<meta name=\"twitter:data2\" content=\"1 minuto\" \/>\n<script type=\"application\/ld+json\" class=\"yoast-schema-graph\">{\"@context\":\"https:\/\/schema.org\",\"@graph\":[{\"@type\":\"WebPage\",\"@id\":\"https:\/\/markd.com.br\/models\/cabeca-humana-e-encontrada-em-lago-no-interior-do-amazonas\/\",\"url\":\"https:\/\/markd.com.br\/models\/cabeca-humana-e-encontrada-em-lago-no-interior-do-amazonas\/\",\"name\":\"Cabe\u00e7a humana \u00e9 encontrada em lago no interior do Amazonas - Not\u00edcias de Todos - Models01\",\"isPartOf\":{\"@id\":\"https:\/\/markd.com.br\/models\/#website\"},\"primaryImageOfPage\":{\"@id\":\"https:\/\/markd.com.br\/models\/cabeca-humana-e-encontrada-em-lago-no-interior-do-amazonas\/#primaryimage\"},\"image\":{\"@id\":\"https:\/\/markd.com.br\/models\/cabeca-humana-e-encontrada-em-lago-no-interior-do-amazonas\/#primaryimage\"},\"thumbnailUrl\":\"https:\/\/markd.com.br\/models\/wp-content\/uploads\/2022\/07\/portaldoholanda-portaldoholanda-whatsappimage2022-07-04at133849-1163714-1163714-1.jpeg\",\"datePublished\":\"2022-07-04T21:24:05+00:00\",\"dateModified\":\"2022-07-04T21:24:11+00:00\",\"author\":{\"@id\":\"https:\/\/markd.com.br\/models\/#\/schema\/person\/c12a77ab487a7262d8bec3c47301ad37\"},\"breadcrumb\":{\"@id\":\"https:\/\/markd.com.br\/models\/cabeca-humana-e-encontrada-em-lago-no-interior-do-amazonas\/#breadcrumb\"},\"inLanguage\":\"pt-BR\",\"potentialAction\":[{\"@type\":\"ReadAction\",\"target\":[\"https:\/\/markd.com.br\/models\/cabeca-humana-e-encontrada-em-lago-no-interior-do-amazonas\/\"]}]},{\"@type\":\"ImageObject\",\"inLanguage\":\"pt-BR\",\"@id\":\"https:\/\/markd.com.br\/models\/cabeca-humana-e-encontrada-em-lago-no-interior-do-amazonas\/#primaryimage\",\"url\":\"https:\/\/markd.com.br\/models\/wp-content\/uploads\/2022\/07\/portaldoholanda-portaldoholanda-whatsappimage2022-07-04at133849-1163714-1163714-1.jpeg\",\"contentUrl\":\"https:\/\/markd.com.br\/models\/wp-content\/uploads\/2022\/07\/portaldoholanda-portaldoholanda-whatsappimage2022-07-04at133849-1163714-1163714-1.jpeg\",\"width\":750,\"height\":407},{\"@type\":\"BreadcrumbList\",\"@id\":\"https:\/\/markd.com.br\/models\/cabeca-humana-e-encontrada-em-lago-no-interior-do-amazonas\/#breadcrumb\",\"itemListElement\":[{\"@type\":\"ListItem\",\"position\":1,\"name\":\"In\u00edcio\",\"item\":\"https:\/\/markd.com.br\/models\/\"},{\"@type\":\"ListItem\",\"position\":2,\"name\":\"Cabe\u00e7a humana \u00e9 encontrada em lago no interior do Amazonas\"}]},{\"@type\":\"WebSite\",\"@id\":\"https:\/\/markd.com.br\/models\/#website\",\"url\":\"https:\/\/markd.com.br\/models\/\",\"name\":\"Not\u00edcias de Todos - Models01\",\"description\":\"Tenha um Portal de Not\u00edcias Moderno, Din\u00e2mico, R\u00e1pido e Profissional. Entregamos seu Site de  Not\u00edcias Pronto, Instalado, Hospedado, com Manual Passo a Passo e Suporte 24 horas.\",\"potentialAction\":[{\"@type\":\"SearchAction\",\"target\":{\"@type\":\"EntryPoint\",\"urlTemplate\":\"https:\/\/markd.com.br\/models\/?s={search_term_string}\"},\"query-input\":{\"@type\":\"PropertyValueSpecification\",\"valueRequired\":true,\"valueName\":\"search_term_string\"}}],\"inLanguage\":\"pt-BR\"},{\"@type\":\"Person\",\"@id\":\"https:\/\/markd.com.br\/models\/#\/schema\/person\/c12a77ab487a7262d8bec3c47301ad37\",\"name\":\"Reda\u00e7\u00e3o Reda\u00e7\u00e3o\",\"image\":{\"@type\":\"ImageObject\",\"inLanguage\":\"pt-BR\",\"@id\":\"https:\/\/markd.com.br\/models\/#\/schema\/person\/image\/\",\"url\":\"https:\/\/secure.gravatar.com\/avatar\/9448f3599ce269febf169e183039b4a6?s=96&d=mm&r=g\",\"contentUrl\":\"https:\/\/secure.gravatar.com\/avatar\/9448f3599ce269febf169e183039b4a6?s=96&d=mm&r=g\",\"caption\":\"Reda\u00e7\u00e3o Reda\u00e7\u00e3o\"},\"sameAs\":[\"https:\/\/markd.com.br\/\"],\"url\":\"https:\/\/markd.com.br\/models\/author\/redacao\/\"}]}<\/script>\n<!-- \/ Yoast SEO plugin. -->","yoast_head_json":{"title":"Cabe\u00e7a humana \u00e9 encontrada em lago no interior do Amazonas - Not\u00edcias de Todos - Models01","robots":{"index":"index","follow":"follow","max-snippet":"max-snippet:-1","max-image-preview":"max-image-preview:large","max-video-preview":"max-video-preview:-1"},"canonical":"https:\/\/markd.com.br\/models\/cabeca-humana-e-encontrada-em-lago-no-interior-do-amazonas\/","og_locale":"pt_BR","og_type":"article","og_title":"Cabe\u00e7a humana \u00e9 encontrada em lago no interior do Amazonas - Not\u00edcias de Todos - Models01","og_description":"&nbsp;Uma cabe\u00e7a humana foi encontrada nesta segunda-feira (4) em um lago coberto por vegeta\u00e7\u00e3o no...","og_url":"https:\/\/markd.com.br\/models\/cabeca-humana-e-encontrada-em-lago-no-interior-do-amazonas\/","og_site_name":"Not\u00edcias de Todos - Models01","article_published_time":"2022-07-04T21:24:05+00:00","article_modified_time":"2022-07-04T21:24:11+00:00","og_image":[{"width":750,"height":407,"url":"https:\/\/markd.com.br\/models\/wp-content\/uploads\/2022\/07\/portaldoholanda-portaldoholanda-whatsappimage2022-07-04at133849-1163714-1163714-1.jpeg","type":"image\/jpeg"}],"author":"Reda\u00e7\u00e3o Reda\u00e7\u00e3o","twitter_card":"summary_large_image","twitter_misc":{"Escrito por":"Reda\u00e7\u00e3o Reda\u00e7\u00e3o","Est. tempo de leitura":"1 minuto"},"schema":{"@context":"https:\/\/schema.org","@graph":[{"@type":"WebPage","@id":"https:\/\/markd.com.br\/models\/cabeca-humana-e-encontrada-em-lago-no-interior-do-amazonas\/","url":"https:\/\/markd.com.br\/models\/cabeca-humana-e-encontrada-em-lago-no-interior-do-amazonas\/","name":"Cabe\u00e7a humana \u00e9 encontrada em lago no interior do Amazonas - Not\u00edcias de Todos - Models01","isPartOf":{"@id":"https:\/\/markd.com.br\/models\/#website"},"primaryImageOfPage":{"@id":"https:\/\/markd.com.br\/models\/cabeca-humana-e-encontrada-em-lago-no-interior-do-amazonas\/#primaryimage"},"image":{"@id":"https:\/\/markd.com.br\/models\/cabeca-humana-e-encontrada-em-lago-no-interior-do-amazonas\/#primaryimage"},"thumbnailUrl":"https:\/\/markd.com.br\/models\/wp-content\/uploads\/2022\/07\/portaldoholanda-portaldoholanda-whatsappimage2022-07-04at133849-1163714-1163714-1.jpeg","datePublished":"2022-07-04T21:24:05+00:00","dateModified":"2022-07-04T21:24:11+00:00","author":{"@id":"https:\/\/markd.com.br\/models\/#\/schema\/person\/c12a77ab487a7262d8bec3c47301ad37"},"breadcrumb":{"@id":"https:\/\/markd.com.br\/models\/cabeca-humana-e-encontrada-em-lago-no-interior-do-amazonas\/#breadcrumb"},"inLanguage":"pt-BR","potentialAction":[{"@type":"ReadAction","target":["https:\/\/markd.com.br\/models\/cabeca-humana-e-encontrada-em-lago-no-interior-do-amazonas\/"]}]},{"@type":"ImageObject","inLanguage":"pt-BR","@id":"https:\/\/markd.com.br\/models\/cabeca-humana-e-encontrada-em-lago-no-interior-do-amazonas\/#primaryimage","url":"https:\/\/markd.com.br\/models\/wp-content\/uploads\/2022\/07\/portaldoholanda-portaldoholanda-whatsappimage2022-07-04at133849-1163714-1163714-1.jpeg","contentUrl":"https:\/\/markd.com.br\/models\/wp-content\/uploads\/2022\/07\/portaldoholanda-portaldoholanda-whatsappimage2022-07-04at133849-1163714-1163714-1.jpeg","width":750,"height":407},{"@type":"BreadcrumbList","@id":"https:\/\/markd.com.br\/models\/cabeca-humana-e-encontrada-em-lago-no-interior-do-amazonas\/#breadcrumb","itemListElement":[{"@type":"ListItem","position":1,"name":"In\u00edcio","item":"https:\/\/markd.com.br\/models\/"},{"@type":"ListItem","position":2,"name":"Cabe\u00e7a humana \u00e9 encontrada em lago no interior do Amazonas"}]},{"@type":"WebSite","@id":"https:\/\/markd.com.br\/models\/#website","url":"https:\/\/markd.com.br\/models\/","name":"Not\u00edcias de Todos - Models01","description":"Tenha um Portal de Not\u00edcias Moderno, Din\u00e2mico, R\u00e1pido e Profissional. Entregamos seu Site de  Not\u00edcias Pronto, Instalado, Hospedado, com Manual Passo a Passo e Suporte 24 horas.","potentialAction":[{"@type":"SearchAction","target":{"@type":"EntryPoint","urlTemplate":"https:\/\/markd.com.br\/models\/?s={search_term_string}"},"query-input":{"@type":"PropertyValueSpecification","valueRequired":true,"valueName":"search_term_string"}}],"inLanguage":"pt-BR"},{"@type":"Person","@id":"https:\/\/markd.com.br\/models\/#\/schema\/person\/c12a77ab487a7262d8bec3c47301ad37","name":"Reda\u00e7\u00e3o Reda\u00e7\u00e3o","image":{"@type":"ImageObject","inLanguage":"pt-BR","@id":"https:\/\/markd.com.br\/models\/#\/schema\/person\/image\/","url":"https:\/\/secure.gravatar.com\/avatar\/9448f3599ce269febf169e183039b4a6?s=96&d=mm&r=g","contentUrl":"https:\/\/secure.gravatar.com\/avatar\/9448f3599ce269febf169e183039b4a6?s=96&d=mm&r=g","caption":"Reda\u00e7\u00e3o Reda\u00e7\u00e3o"},"sameAs":["https:\/\/markd.com.br\/"],"url":"https:\/\/markd.com.br\/models\/author\/redacao\/"}]}},"featured_image_urls":{"full":["https:\/\/markd.com.br\/models\/wp-content\/uploads\/2022\/07\/portaldoholanda-portaldoholanda-whatsappimage2022-07-04at133849-1163714-1163714-1.jpeg",750,407,false],"thumbnail":["https:\/\/markd.com.br\/models\/wp-content\/uploads\/2022\/07\/portaldoholanda-portaldoholanda-whatsappimage2022-07-04at133849-1163714-1163714-1-150x150.jpeg",150,150,true],"medium":["https:\/\/markd.com.br\/models\/wp-content\/uploads\/2022\/07\/portaldoholanda-portaldoholanda-whatsappimage2022-07-04at133849-1163714-1163714-1-300x163.jpeg",300,163,true],"medium_large":["https:\/\/markd.com.br\/models\/wp-content\/uploads\/2022\/07\/portaldoholanda-portaldoholanda-whatsappimage2022-07-04at133849-1163714-1163714-1.jpeg",640,347,false],"large":["https:\/\/markd.com.br\/models\/wp-content\/uploads\/2022\/07\/portaldoholanda-portaldoholanda-whatsappimage2022-07-04at133849-1163714-1163714-1.jpeg",640,347,false],"1536x1536":["https:\/\/markd.com.br\/models\/wp-content\/uploads\/2022\/07\/portaldoholanda-portaldoholanda-whatsappimage2022-07-04at133849-1163714-1163714-1.jpeg",750,407,false],"2048x2048":["https:\/\/markd.com.br\/models\/wp-content\/uploads\/2022\/07\/portaldoholanda-portaldoholanda-whatsappimage2022-07-04at133849-1163714-1163714-1.jpeg",750,407,false],"newsphere-slider-full":["https:\/\/markd.com.br\/models\/wp-content\/uploads\/2022\/07\/portaldoholanda-portaldoholanda-whatsappimage2022-07-04at133849-1163714-1163714-1.jpeg",750,407,false],"newsphere-featured":["https:\/\/markd.com.br\/models\/wp-content\/uploads\/2022\/07\/portaldoholanda-portaldoholanda-whatsappimage2022-07-04at133849-1163714-1163714-1.jpeg",750,407,false],"newsphere-medium":["https:\/\/markd.com.br\/models\/wp-content\/uploads\/2022\/07\/portaldoholanda-portaldoholanda-whatsappimage2022-07-04at133849-1163714-1163714-1-720x380.jpeg",720,380,true]},"author_info":{"display_name":"Reda\u00e7\u00e3o Reda\u00e7\u00e3o","author_link":"https:\/\/markd.com.br\/models\/author\/redacao\/"},"category_info":"<a href=\"https:\/\/markd.com.br\/models\/category\/plantao-policial\/\" rel=\"category tag\">Plant\u00e3o policial<\/a>","tag_info":"Plant\u00e3o policial","comment_count":"0","jetpack_featured_media_url":"https:\/\/markd.com.br\/models\/wp-content\/uploads\/2022\/07\/portaldoholanda-portaldoholanda-whatsappimage2022-07-04at133849-1163714-1163714-1.jpeg","_links":{"self":[{"href":"https:\/\/markd.com.br\/models\/wp-json\/wp\/v2\/posts\/2329","targetHints":{"allow":["GET"]}}],"collection":[{"href":"https:\/\/markd.com.br\/models\/wp-json\/wp\/v2\/posts"}],"about":[{"href":"https:\/\/markd.com.br\/models\/wp-json\/wp\/v2\/types\/post"}],"author":[{"embeddable":true,"href":"https:\/\/markd.com.br\/models\/wp-json\/wp\/v2\/users\/5"}],"replies":[{"embeddable":true,"href":"https:\/\/markd.com.br\/models\/wp-json\/wp\/v2\/comments?post=2329"}],"version-history":[{"count":1,"href":"https:\/\/markd.com.br\/models\/wp-json\/wp\/v2\/posts\/2329\/revisions"}],"predecessor-version":[{"id":2331,"href":"https:\/\/markd.com.br\/models\/wp-json\/wp\/v2\/posts\/2329\/revisions\/2331"}],"wp:featuredmedia":[{"embeddable":true,"href":"https:\/\/markd.com.br\/models\/wp-json\/wp\/v2\/media\/2330"}],"wp:attachment":[{"href":"https:\/\/markd.com.br\/models\/wp-json\/wp\/v2\/media?parent=2329"}],"wp:term":[{"taxonomy":"category","embeddable":true,"href":"https:\/\/markd.com.br\/models\/wp-json\/wp\/v2\/categories?post=2329"},{"taxonomy":"post_tag","embeddable":true,"href":"https:\/\/markd.com.br\/models\/wp-json\/wp\/v2\/tags?post=2329"}],"curies":[{"name":"wp","href":"https:\/\/api.w.org\/{rel}","templated":true}]}}