{"id":2335,"date":"2022-07-04T18:34:59","date_gmt":"2022-07-04T21:34:59","guid":{"rendered":"https:\/\/portaldestaquenoticias.com.br\/?p=2335"},"modified":"2022-07-04T18:35:05","modified_gmt":"2022-07-04T21:35:05","slug":"aluno-compartilha-nude-de-colega-de-turma-em-grupo-de-whatsapp-e-e-preso-em-escola","status":"publish","type":"post","link":"https:\/\/markd.com.br\/models\/aluno-compartilha-nude-de-colega-de-turma-em-grupo-de-whatsapp-e-e-preso-em-escola\/","title":{"rendered":"Aluno compartilha \u2018nude\u2019 de colega de turma em grupo de WhatsApp e \u00e9 preso em escola"},"content":{"rendered":"\n<p><\/p>\n\n\n\n<p>Um aluno de uma escola estadual em Montes Claros, no Norte de Minas Gerais foi preso por tirar e compartilhar em um grupo de WhatsApp um \u201cnude\u201d de uma colega de turma. O caso ocorreu no fim da noite da \u00faltima quinta-feira. O jovem de 18 anos foi encaminhado pela Pol\u00edcia Militar para a Delegacia Especializada de Atendimento \u00e0 Mulher (Deam).<\/p>\n\n\n\n<p>A PM foi acionada para ir \u00e0 escola pela v\u00edtima, de 21 anos. Ela contou aos agentes que viu sua foto no grupo de mensagens e descobriu que seu colega, de 18, havia divulgado a imagem. A foto foi feita sob a carteira escolar em que a aluna estava e mostra as coxas e a genit\u00e1lia da jovem.<\/p>\n\n\n\n<p>A aluna confrontou o autor quando ambos estavam no refeit\u00f3rio e ele negou ter feito a foto e amea\u00e7ou jogar um prato na cabe\u00e7a da v\u00edtima. A v\u00edtima contou aos PMs que o suspeito costuma fazer fotos de outros alunos e compartilh\u00e1-las em grupos de WhatsApp. Ela avisou a supervis\u00e3o da escola sobre o ocorrido.<\/p>\n\n\n\n<p>O telefone celular do aluno foi apreendido. Na Deam, ele prestou depoimento e foi autuado em flagrante pelo crime previsto no artigo 218-C do C\u00f3digo Penal (oferecer, trocar, disponibilizar, transmitir, vender ou expor \u00e0 venda, distribuir, publicar ou divulgar, por qualquer meio \u2013 inclusive por meio de comunica\u00e7\u00e3o de massa ou sistema de inform\u00e1tica ou telem\u00e1tica -, fotografia, v\u00eddeo ou outro registro audiovisual que contenha cena de estupro ou de estupro de vulner\u00e1vel ou que fa\u00e7a apologia ou induza a sua pr\u00e1tica, ou, sem o consentimento da v\u00edtima, cena de sexo, nudez ou pornografia).<\/p>\n\n\n\n<p>A Deam informou, por meio de nota divulgada pela Pol\u00edcia Civil, que continua com as dilig\u00eancias \u201cpara concluir o procedimento e enviar para a Justi\u00e7a\u201d.<\/p>\n\n\n\n<p>Fonte Yahoo Noticia<\/p>\n","protected":false},"excerpt":{"rendered":"<p>Um aluno de uma escola estadual em Montes Claros, no Norte de Minas Gerais foi&#8230;<\/p>\n","protected":false},"author":5,"featured_media":2336,"comment_status":"open","ping_status":"open","sticky":false,"template":"","format":"standard","meta":{"footnotes":""},"categories":[621],"tags":[685,128,686],"class_list":["post-2335","post","type-post","status-publish","format-standard","has-post-thumbnail","hentry","category-plantao-policial","tag-deam","tag-policia-civil-2","tag-pornografia"],"yoast_head":"<!-- This site is optimized with the Yoast SEO plugin v24.4 - https:\/\/yoast.com\/wordpress\/plugins\/seo\/ -->\n<title>Aluno compartilha \u2018nude\u2019 de colega de turma em grupo de WhatsApp e \u00e9 preso em escola - Not\u00edcias de Todos - Models01<\/title>\n<meta name=\"robots\" content=\"index, follow, max-snippet:-1, max-image-preview:large, max-video-preview:-1\" \/>\n<link rel=\"canonical\" href=\"https:\/\/markd.com.br\/models\/aluno-compartilha-nude-de-colega-de-turma-em-grupo-de-whatsapp-e-e-preso-em-escola\/\" \/>\n<meta property=\"og:locale\" content=\"pt_BR\" \/>\n<meta property=\"og:type\" content=\"article\" \/>\n<meta property=\"og:title\" content=\"Aluno compartilha \u2018nude\u2019 de colega de turma em grupo de WhatsApp e \u00e9 preso em escola - Not\u00edcias de Todos - Models01\" \/>\n<meta property=\"og:description\" content=\"Um aluno de uma escola estadual em Montes Claros, no Norte de Minas Gerais foi...\" \/>\n<meta property=\"og:url\" content=\"https:\/\/markd.com.br\/models\/aluno-compartilha-nude-de-colega-de-turma-em-grupo-de-whatsapp-e-e-preso-em-escola\/\" \/>\n<meta property=\"og:site_name\" content=\"Not\u00edcias de Todos - Models01\" \/>\n<meta property=\"article:published_time\" content=\"2022-07-04T21:34:59+00:00\" \/>\n<meta property=\"article:modified_time\" content=\"2022-07-04T21:35:05+00:00\" \/>\n<meta property=\"og:image\" content=\"https:\/\/markd.com.br\/models\/wp-content\/uploads\/2022\/07\/5ed1924739c716081e5099dc2318a296-1-640x445-1.jpg\" \/>\n\t<meta property=\"og:image:width\" content=\"640\" \/>\n\t<meta property=\"og:image:height\" content=\"445\" \/>\n\t<meta property=\"og:image:type\" content=\"image\/jpeg\" \/>\n<meta name=\"author\" content=\"Reda\u00e7\u00e3o Reda\u00e7\u00e3o\" \/>\n<meta name=\"twitter:card\" content=\"summary_large_image\" \/>\n<meta name=\"twitter:label1\" content=\"Escrito por\" \/>\n\t<meta name=\"twitter:data1\" content=\"Reda\u00e7\u00e3o Reda\u00e7\u00e3o\" \/>\n\t<meta name=\"twitter:label2\" content=\"Est. tempo de leitura\" \/>\n\t<meta name=\"twitter:data2\" content=\"2 minutos\" \/>\n<script type=\"application\/ld+json\" class=\"yoast-schema-graph\">{\"@context\":\"https:\/\/schema.org\",\"@graph\":[{\"@type\":\"WebPage\",\"@id\":\"https:\/\/markd.com.br\/models\/aluno-compartilha-nude-de-colega-de-turma-em-grupo-de-whatsapp-e-e-preso-em-escola\/\",\"url\":\"https:\/\/markd.com.br\/models\/aluno-compartilha-nude-de-colega-de-turma-em-grupo-de-whatsapp-e-e-preso-em-escola\/\",\"name\":\"Aluno compartilha \u2018nude\u2019 de colega de turma em grupo de WhatsApp e \u00e9 preso em escola - Not\u00edcias de Todos - Models01\",\"isPartOf\":{\"@id\":\"https:\/\/markd.com.br\/models\/#website\"},\"primaryImageOfPage\":{\"@id\":\"https:\/\/markd.com.br\/models\/aluno-compartilha-nude-de-colega-de-turma-em-grupo-de-whatsapp-e-e-preso-em-escola\/#primaryimage\"},\"image\":{\"@id\":\"https:\/\/markd.com.br\/models\/aluno-compartilha-nude-de-colega-de-turma-em-grupo-de-whatsapp-e-e-preso-em-escola\/#primaryimage\"},\"thumbnailUrl\":\"https:\/\/markd.com.br\/models\/wp-content\/uploads\/2022\/07\/5ed1924739c716081e5099dc2318a296-1-640x445-1.jpg\",\"datePublished\":\"2022-07-04T21:34:59+00:00\",\"dateModified\":\"2022-07-04T21:35:05+00:00\",\"author\":{\"@id\":\"https:\/\/markd.com.br\/models\/#\/schema\/person\/c12a77ab487a7262d8bec3c47301ad37\"},\"breadcrumb\":{\"@id\":\"https:\/\/markd.com.br\/models\/aluno-compartilha-nude-de-colega-de-turma-em-grupo-de-whatsapp-e-e-preso-em-escola\/#breadcrumb\"},\"inLanguage\":\"pt-BR\",\"potentialAction\":[{\"@type\":\"ReadAction\",\"target\":[\"https:\/\/markd.com.br\/models\/aluno-compartilha-nude-de-colega-de-turma-em-grupo-de-whatsapp-e-e-preso-em-escola\/\"]}]},{\"@type\":\"ImageObject\",\"inLanguage\":\"pt-BR\",\"@id\":\"https:\/\/markd.com.br\/models\/aluno-compartilha-nude-de-colega-de-turma-em-grupo-de-whatsapp-e-e-preso-em-escola\/#primaryimage\",\"url\":\"https:\/\/markd.com.br\/models\/wp-content\/uploads\/2022\/07\/5ed1924739c716081e5099dc2318a296-1-640x445-1.jpg\",\"contentUrl\":\"https:\/\/markd.com.br\/models\/wp-content\/uploads\/2022\/07\/5ed1924739c716081e5099dc2318a296-1-640x445-1.jpg\",\"width\":640,\"height\":445},{\"@type\":\"BreadcrumbList\",\"@id\":\"https:\/\/markd.com.br\/models\/aluno-compartilha-nude-de-colega-de-turma-em-grupo-de-whatsapp-e-e-preso-em-escola\/#breadcrumb\",\"itemListElement\":[{\"@type\":\"ListItem\",\"position\":1,\"name\":\"In\u00edcio\",\"item\":\"https:\/\/markd.com.br\/models\/\"},{\"@type\":\"ListItem\",\"position\":2,\"name\":\"Aluno compartilha \u2018nude\u2019 de colega de turma em grupo de WhatsApp e \u00e9 preso em escola\"}]},{\"@type\":\"WebSite\",\"@id\":\"https:\/\/markd.com.br\/models\/#website\",\"url\":\"https:\/\/markd.com.br\/models\/\",\"name\":\"Not\u00edcias de Todos - Models01\",\"description\":\"Tenha um Portal de Not\u00edcias Moderno, Din\u00e2mico, R\u00e1pido e Profissional. Entregamos seu Site de  Not\u00edcias Pronto, Instalado, Hospedado, com Manual Passo a Passo e Suporte 24 horas.\",\"potentialAction\":[{\"@type\":\"SearchAction\",\"target\":{\"@type\":\"EntryPoint\",\"urlTemplate\":\"https:\/\/markd.com.br\/models\/?s={search_term_string}\"},\"query-input\":{\"@type\":\"PropertyValueSpecification\",\"valueRequired\":true,\"valueName\":\"search_term_string\"}}],\"inLanguage\":\"pt-BR\"},{\"@type\":\"Person\",\"@id\":\"https:\/\/markd.com.br\/models\/#\/schema\/person\/c12a77ab487a7262d8bec3c47301ad37\",\"name\":\"Reda\u00e7\u00e3o Reda\u00e7\u00e3o\",\"image\":{\"@type\":\"ImageObject\",\"inLanguage\":\"pt-BR\",\"@id\":\"https:\/\/markd.com.br\/models\/#\/schema\/person\/image\/\",\"url\":\"https:\/\/secure.gravatar.com\/avatar\/9448f3599ce269febf169e183039b4a6?s=96&d=mm&r=g\",\"contentUrl\":\"https:\/\/secure.gravatar.com\/avatar\/9448f3599ce269febf169e183039b4a6?s=96&d=mm&r=g\",\"caption\":\"Reda\u00e7\u00e3o Reda\u00e7\u00e3o\"},\"sameAs\":[\"https:\/\/markd.com.br\/\"],\"url\":\"https:\/\/markd.com.br\/models\/author\/redacao\/\"}]}<\/script>\n<!-- \/ Yoast SEO plugin. -->","yoast_head_json":{"title":"Aluno compartilha \u2018nude\u2019 de colega de turma em grupo de WhatsApp e \u00e9 preso em escola - Not\u00edcias de Todos - Models01","robots":{"index":"index","follow":"follow","max-snippet":"max-snippet:-1","max-image-preview":"max-image-preview:large","max-video-preview":"max-video-preview:-1"},"canonical":"https:\/\/markd.com.br\/models\/aluno-compartilha-nude-de-colega-de-turma-em-grupo-de-whatsapp-e-e-preso-em-escola\/","og_locale":"pt_BR","og_type":"article","og_title":"Aluno compartilha \u2018nude\u2019 de colega de turma em grupo de WhatsApp e \u00e9 preso em escola - Not\u00edcias de Todos - Models01","og_description":"Um aluno de uma escola estadual em Montes Claros, no Norte de Minas Gerais foi...","og_url":"https:\/\/markd.com.br\/models\/aluno-compartilha-nude-de-colega-de-turma-em-grupo-de-whatsapp-e-e-preso-em-escola\/","og_site_name":"Not\u00edcias de Todos - Models01","article_published_time":"2022-07-04T21:34:59+00:00","article_modified_time":"2022-07-04T21:35:05+00:00","og_image":[{"width":640,"height":445,"url":"https:\/\/markd.com.br\/models\/wp-content\/uploads\/2022\/07\/5ed1924739c716081e5099dc2318a296-1-640x445-1.jpg","type":"image\/jpeg"}],"author":"Reda\u00e7\u00e3o Reda\u00e7\u00e3o","twitter_card":"summary_large_image","twitter_misc":{"Escrito por":"Reda\u00e7\u00e3o Reda\u00e7\u00e3o","Est. tempo de leitura":"2 minutos"},"schema":{"@context":"https:\/\/schema.org","@graph":[{"@type":"WebPage","@id":"https:\/\/markd.com.br\/models\/aluno-compartilha-nude-de-colega-de-turma-em-grupo-de-whatsapp-e-e-preso-em-escola\/","url":"https:\/\/markd.com.br\/models\/aluno-compartilha-nude-de-colega-de-turma-em-grupo-de-whatsapp-e-e-preso-em-escola\/","name":"Aluno compartilha \u2018nude\u2019 de colega de turma em grupo de WhatsApp e \u00e9 preso em escola - Not\u00edcias de Todos - Models01","isPartOf":{"@id":"https:\/\/markd.com.br\/models\/#website"},"primaryImageOfPage":{"@id":"https:\/\/markd.com.br\/models\/aluno-compartilha-nude-de-colega-de-turma-em-grupo-de-whatsapp-e-e-preso-em-escola\/#primaryimage"},"image":{"@id":"https:\/\/markd.com.br\/models\/aluno-compartilha-nude-de-colega-de-turma-em-grupo-de-whatsapp-e-e-preso-em-escola\/#primaryimage"},"thumbnailUrl":"https:\/\/markd.com.br\/models\/wp-content\/uploads\/2022\/07\/5ed1924739c716081e5099dc2318a296-1-640x445-1.jpg","datePublished":"2022-07-04T21:34:59+00:00","dateModified":"2022-07-04T21:35:05+00:00","author":{"@id":"https:\/\/markd.com.br\/models\/#\/schema\/person\/c12a77ab487a7262d8bec3c47301ad37"},"breadcrumb":{"@id":"https:\/\/markd.com.br\/models\/aluno-compartilha-nude-de-colega-de-turma-em-grupo-de-whatsapp-e-e-preso-em-escola\/#breadcrumb"},"inLanguage":"pt-BR","potentialAction":[{"@type":"ReadAction","target":["https:\/\/markd.com.br\/models\/aluno-compartilha-nude-de-colega-de-turma-em-grupo-de-whatsapp-e-e-preso-em-escola\/"]}]},{"@type":"ImageObject","inLanguage":"pt-BR","@id":"https:\/\/markd.com.br\/models\/aluno-compartilha-nude-de-colega-de-turma-em-grupo-de-whatsapp-e-e-preso-em-escola\/#primaryimage","url":"https:\/\/markd.com.br\/models\/wp-content\/uploads\/2022\/07\/5ed1924739c716081e5099dc2318a296-1-640x445-1.jpg","contentUrl":"https:\/\/markd.com.br\/models\/wp-content\/uploads\/2022\/07\/5ed1924739c716081e5099dc2318a296-1-640x445-1.jpg","width":640,"height":445},{"@type":"BreadcrumbList","@id":"https:\/\/markd.com.br\/models\/aluno-compartilha-nude-de-colega-de-turma-em-grupo-de-whatsapp-e-e-preso-em-escola\/#breadcrumb","itemListElement":[{"@type":"ListItem","position":1,"name":"In\u00edcio","item":"https:\/\/markd.com.br\/models\/"},{"@type":"ListItem","position":2,"name":"Aluno compartilha \u2018nude\u2019 de colega de turma em grupo de WhatsApp e \u00e9 preso em escola"}]},{"@type":"WebSite","@id":"https:\/\/markd.com.br\/models\/#website","url":"https:\/\/markd.com.br\/models\/","name":"Not\u00edcias de Todos - Models01","description":"Tenha um Portal de Not\u00edcias Moderno, Din\u00e2mico, R\u00e1pido e Profissional. Entregamos seu Site de  Not\u00edcias Pronto, Instalado, Hospedado, com Manual Passo a Passo e Suporte 24 horas.","potentialAction":[{"@type":"SearchAction","target":{"@type":"EntryPoint","urlTemplate":"https:\/\/markd.com.br\/models\/?s={search_term_string}"},"query-input":{"@type":"PropertyValueSpecification","valueRequired":true,"valueName":"search_term_string"}}],"inLanguage":"pt-BR"},{"@type":"Person","@id":"https:\/\/markd.com.br\/models\/#\/schema\/person\/c12a77ab487a7262d8bec3c47301ad37","name":"Reda\u00e7\u00e3o Reda\u00e7\u00e3o","image":{"@type":"ImageObject","inLanguage":"pt-BR","@id":"https:\/\/markd.com.br\/models\/#\/schema\/person\/image\/","url":"https:\/\/secure.gravatar.com\/avatar\/9448f3599ce269febf169e183039b4a6?s=96&d=mm&r=g","contentUrl":"https:\/\/secure.gravatar.com\/avatar\/9448f3599ce269febf169e183039b4a6?s=96&d=mm&r=g","caption":"Reda\u00e7\u00e3o Reda\u00e7\u00e3o"},"sameAs":["https:\/\/markd.com.br\/"],"url":"https:\/\/markd.com.br\/models\/author\/redacao\/"}]}},"featured_image_urls":{"full":["https:\/\/markd.com.br\/models\/wp-content\/uploads\/2022\/07\/5ed1924739c716081e5099dc2318a296-1-640x445-1.jpg",640,445,false],"thumbnail":["https:\/\/markd.com.br\/models\/wp-content\/uploads\/2022\/07\/5ed1924739c716081e5099dc2318a296-1-640x445-1-150x150.jpg",150,150,true],"medium":["https:\/\/markd.com.br\/models\/wp-content\/uploads\/2022\/07\/5ed1924739c716081e5099dc2318a296-1-640x445-1-300x209.jpg",300,209,true],"medium_large":["https:\/\/markd.com.br\/models\/wp-content\/uploads\/2022\/07\/5ed1924739c716081e5099dc2318a296-1-640x445-1.jpg",640,445,false],"large":["https:\/\/markd.com.br\/models\/wp-content\/uploads\/2022\/07\/5ed1924739c716081e5099dc2318a296-1-640x445-1.jpg",640,445,false],"1536x1536":["https:\/\/markd.com.br\/models\/wp-content\/uploads\/2022\/07\/5ed1924739c716081e5099dc2318a296-1-640x445-1.jpg",640,445,false],"2048x2048":["https:\/\/markd.com.br\/models\/wp-content\/uploads\/2022\/07\/5ed1924739c716081e5099dc2318a296-1-640x445-1.jpg",640,445,false],"newsphere-slider-full":["https:\/\/markd.com.br\/models\/wp-content\/uploads\/2022\/07\/5ed1924739c716081e5099dc2318a296-1-640x445-1.jpg",640,445,false],"newsphere-featured":["https:\/\/markd.com.br\/models\/wp-content\/uploads\/2022\/07\/5ed1924739c716081e5099dc2318a296-1-640x445-1.jpg",640,445,false],"newsphere-medium":["https:\/\/markd.com.br\/models\/wp-content\/uploads\/2022\/07\/5ed1924739c716081e5099dc2318a296-1-640x445-1-640x380.jpg",640,380,true]},"author_info":{"display_name":"Reda\u00e7\u00e3o Reda\u00e7\u00e3o","author_link":"https:\/\/markd.com.br\/models\/author\/redacao\/"},"category_info":"<a href=\"https:\/\/markd.com.br\/models\/category\/plantao-policial\/\" rel=\"category tag\">Plant\u00e3o policial<\/a>","tag_info":"Plant\u00e3o policial","comment_count":"0","jetpack_featured_media_url":"https:\/\/markd.com.br\/models\/wp-content\/uploads\/2022\/07\/5ed1924739c716081e5099dc2318a296-1-640x445-1.jpg","_links":{"self":[{"href":"https:\/\/markd.com.br\/models\/wp-json\/wp\/v2\/posts\/2335","targetHints":{"allow":["GET"]}}],"collection":[{"href":"https:\/\/markd.com.br\/models\/wp-json\/wp\/v2\/posts"}],"about":[{"href":"https:\/\/markd.com.br\/models\/wp-json\/wp\/v2\/types\/post"}],"author":[{"embeddable":true,"href":"https:\/\/markd.com.br\/models\/wp-json\/wp\/v2\/users\/5"}],"replies":[{"embeddable":true,"href":"https:\/\/markd.com.br\/models\/wp-json\/wp\/v2\/comments?post=2335"}],"version-history":[{"count":1,"href":"https:\/\/markd.com.br\/models\/wp-json\/wp\/v2\/posts\/2335\/revisions"}],"predecessor-version":[{"id":2337,"href":"https:\/\/markd.com.br\/models\/wp-json\/wp\/v2\/posts\/2335\/revisions\/2337"}],"wp:featuredmedia":[{"embeddable":true,"href":"https:\/\/markd.com.br\/models\/wp-json\/wp\/v2\/media\/2336"}],"wp:attachment":[{"href":"https:\/\/markd.com.br\/models\/wp-json\/wp\/v2\/media?parent=2335"}],"wp:term":[{"taxonomy":"category","embeddable":true,"href":"https:\/\/markd.com.br\/models\/wp-json\/wp\/v2\/categories?post=2335"},{"taxonomy":"post_tag","embeddable":true,"href":"https:\/\/markd.com.br\/models\/wp-json\/wp\/v2\/tags?post=2335"}],"curies":[{"name":"wp","href":"https:\/\/api.w.org\/{rel}","templated":true}]}}