{"id":2373,"date":"2022-07-05T17:51:31","date_gmt":"2022-07-05T20:51:31","guid":{"rendered":"https:\/\/portaldestaquenoticias.com.br\/?p=2373"},"modified":"2022-07-05T17:51:35","modified_gmt":"2022-07-05T20:51:35","slug":"prefeitura-recupera-rede-de-drenagem-profunda-sem-manutencao-ha-20-anos-no-bairro-manoa","status":"publish","type":"post","link":"https:\/\/markd.com.br\/models\/prefeitura-recupera-rede-de-drenagem-profunda-sem-manutencao-ha-20-anos-no-bairro-manoa\/","title":{"rendered":"Prefeitura recupera rede de drenagem profunda sem manuten\u00e7\u00e3o h\u00e1 20 anos no bairro Manoa"},"content":{"rendered":"\n<p><\/p>\n\n\n\n<p>A&nbsp;Prefeitura de Manaus, por meio da Secretaria Municipal de Infraestrutura (Seminf), intensifica, nesta ter\u00e7a-feira, 5\/7, as obras de recupera\u00e7\u00e3o de uma rede de drenagem profunda, na rua 3, bairro Manoa, zona Norte da capital. A estrutura estava h\u00e1 aproximadamente 20 anos sem manuten\u00e7\u00e3o.<\/p>\n\n\n\n<p>A importante via \u00e9 rota de tr\u00e1fego do transporte coletivo e liga o bairro Cidade Nova ao Monte das Oliveiras. Com o desgaste e a falta de manuten\u00e7\u00e3o, uma cratera se formou, comprometendo a trafegabilidade da rua. No local, as equipes trocam as tubula\u00e7\u00f5es rompidas e antigas, por tubula\u00e7\u00f5es mais resistentes e modernas, mais de 15 metros do novo equipamento s\u00e3o implantados para uma solu\u00e7\u00e3o definitiva na \u00e1rea.<\/p>\n\n\n\n<p>Uma equipe com oito funcion\u00e1rios da Seminf executa com celeridade a obra de recupera\u00e7\u00e3o da drenagem que, ao ser finalizada, receber\u00e1 o servi\u00e7o de recupera\u00e7\u00e3o asf\u00e1ltica, para devolver a trafegabilidade da via.<\/p>\n\n\n\n<p>Para o engenheiro respons\u00e1vel pela obra de infraestrutura, \u00c9rico Braga, a atua\u00e7\u00e3o imediata foi necess\u00e1ria, para realizar a recupera\u00e7\u00e3o e manuten\u00e7\u00e3o da rede de drenagem.<\/p>\n\n\n\n<p>\u201cEssa tubula\u00e7\u00e3o foi implantada na entrega do bairro, h\u00e1 mais de 20 anos e nunca houve manuten\u00e7\u00e3o.&nbsp; Na ocasi\u00e3o, a tecnologia era outra. Estamos fazendo a substitui\u00e7\u00e3o dos tubos por uma tecnologia mais moderna, que vai garantir o fluxo correto das \u00e1guas pluviais e resolver o problema da drenagem na \u00e1rea, proporcionando uma maior durabilidade ao servi\u00e7o, como determina o prefeito David Almeida e o secret\u00e1rio municipal de Infraestrutura, Renato J\u00fanior\u201d, concluiu Braga.<\/p>\n\n\n\n<p>As obras de recupera\u00e7\u00e3o de drenagem t\u00eam sido uma prioridade, determinada pelo prefeito David Almeida. As equipes da Seminf est\u00e3o atuando, tanto em infraestrutura das vias quanto nos rompimentos de drenagens na cidade, implantando tecnologias mais modernas, para solucionar, em definitivo,&nbsp;o problema dos alagamentos.<\/p>\n\n\n\n<p>\u2014 \u2014 \u2014<\/p>\n\n\n\n<p><strong>Texto<\/strong>&nbsp;\u2013 Valesca Martins\/ Seminf&nbsp;<\/p>\n\n\n\n<p><strong>Fotos<\/strong>&nbsp;\u2013 M\u00e1rcio Melo\/Seminf&nbsp;<\/p>\n","protected":false},"excerpt":{"rendered":"<p>A&nbsp;Prefeitura de Manaus, por meio da Secretaria Municipal de Infraestrutura (Seminf), intensifica, nesta ter\u00e7a-feira, 5\/7,&#8230;<\/p>\n","protected":false},"author":5,"featured_media":2374,"comment_status":"open","ping_status":"open","sticky":false,"template":"","format":"standard","meta":{"footnotes":""},"categories":[35],"tags":[205,43,400],"class_list":["post-2373","post","type-post","status-publish","format-standard","has-post-thumbnail","hentry","category-prefeitura-de-manaus","tag-obras","tag-prefeitura-de-manaus","tag-seminf"],"yoast_head":"<!-- This site is optimized with the Yoast SEO plugin v24.4 - https:\/\/yoast.com\/wordpress\/plugins\/seo\/ -->\n<title>Prefeitura recupera rede de drenagem profunda sem manuten\u00e7\u00e3o h\u00e1 20 anos no bairro Manoa - Not\u00edcias de Todos - Models01<\/title>\n<meta name=\"robots\" content=\"index, follow, max-snippet:-1, max-image-preview:large, max-video-preview:-1\" \/>\n<link rel=\"canonical\" href=\"https:\/\/markd.com.br\/models\/prefeitura-recupera-rede-de-drenagem-profunda-sem-manutencao-ha-20-anos-no-bairro-manoa\/\" \/>\n<meta property=\"og:locale\" content=\"pt_BR\" \/>\n<meta property=\"og:type\" content=\"article\" \/>\n<meta property=\"og:title\" content=\"Prefeitura recupera rede de drenagem profunda sem manuten\u00e7\u00e3o h\u00e1 20 anos no bairro Manoa - Not\u00edcias de Todos - Models01\" \/>\n<meta property=\"og:description\" content=\"A&nbsp;Prefeitura de Manaus, por meio da Secretaria Municipal de Infraestrutura (Seminf), intensifica, nesta ter\u00e7a-feira, 5\/7,...\" \/>\n<meta property=\"og:url\" content=\"https:\/\/markd.com.br\/models\/prefeitura-recupera-rede-de-drenagem-profunda-sem-manutencao-ha-20-anos-no-bairro-manoa\/\" \/>\n<meta property=\"og:site_name\" content=\"Not\u00edcias de Todos - Models01\" \/>\n<meta property=\"article:published_time\" content=\"2022-07-05T20:51:31+00:00\" \/>\n<meta property=\"article:modified_time\" content=\"2022-07-05T20:51:35+00:00\" \/>\n<meta property=\"og:image\" content=\"https:\/\/markd.com.br\/models\/wp-content\/uploads\/2022\/07\/52195781136_0263ec2f6e_c-800x445-1.jpg\" \/>\n\t<meta property=\"og:image:width\" content=\"800\" \/>\n\t<meta property=\"og:image:height\" content=\"445\" \/>\n\t<meta property=\"og:image:type\" content=\"image\/jpeg\" \/>\n<meta name=\"author\" content=\"Reda\u00e7\u00e3o Reda\u00e7\u00e3o\" \/>\n<meta name=\"twitter:card\" content=\"summary_large_image\" \/>\n<meta name=\"twitter:label1\" content=\"Escrito por\" \/>\n\t<meta name=\"twitter:data1\" content=\"Reda\u00e7\u00e3o Reda\u00e7\u00e3o\" \/>\n\t<meta name=\"twitter:label2\" content=\"Est. tempo de leitura\" \/>\n\t<meta name=\"twitter:data2\" content=\"2 minutos\" \/>\n<script type=\"application\/ld+json\" class=\"yoast-schema-graph\">{\"@context\":\"https:\/\/schema.org\",\"@graph\":[{\"@type\":\"WebPage\",\"@id\":\"https:\/\/markd.com.br\/models\/prefeitura-recupera-rede-de-drenagem-profunda-sem-manutencao-ha-20-anos-no-bairro-manoa\/\",\"url\":\"https:\/\/markd.com.br\/models\/prefeitura-recupera-rede-de-drenagem-profunda-sem-manutencao-ha-20-anos-no-bairro-manoa\/\",\"name\":\"Prefeitura recupera rede de drenagem profunda sem manuten\u00e7\u00e3o h\u00e1 20 anos no bairro Manoa - Not\u00edcias de Todos - Models01\",\"isPartOf\":{\"@id\":\"https:\/\/markd.com.br\/models\/#website\"},\"primaryImageOfPage\":{\"@id\":\"https:\/\/markd.com.br\/models\/prefeitura-recupera-rede-de-drenagem-profunda-sem-manutencao-ha-20-anos-no-bairro-manoa\/#primaryimage\"},\"image\":{\"@id\":\"https:\/\/markd.com.br\/models\/prefeitura-recupera-rede-de-drenagem-profunda-sem-manutencao-ha-20-anos-no-bairro-manoa\/#primaryimage\"},\"thumbnailUrl\":\"https:\/\/markd.com.br\/models\/wp-content\/uploads\/2022\/07\/52195781136_0263ec2f6e_c-800x445-1.jpg\",\"datePublished\":\"2022-07-05T20:51:31+00:00\",\"dateModified\":\"2022-07-05T20:51:35+00:00\",\"author\":{\"@id\":\"https:\/\/markd.com.br\/models\/#\/schema\/person\/c12a77ab487a7262d8bec3c47301ad37\"},\"breadcrumb\":{\"@id\":\"https:\/\/markd.com.br\/models\/prefeitura-recupera-rede-de-drenagem-profunda-sem-manutencao-ha-20-anos-no-bairro-manoa\/#breadcrumb\"},\"inLanguage\":\"pt-BR\",\"potentialAction\":[{\"@type\":\"ReadAction\",\"target\":[\"https:\/\/markd.com.br\/models\/prefeitura-recupera-rede-de-drenagem-profunda-sem-manutencao-ha-20-anos-no-bairro-manoa\/\"]}]},{\"@type\":\"ImageObject\",\"inLanguage\":\"pt-BR\",\"@id\":\"https:\/\/markd.com.br\/models\/prefeitura-recupera-rede-de-drenagem-profunda-sem-manutencao-ha-20-anos-no-bairro-manoa\/#primaryimage\",\"url\":\"https:\/\/markd.com.br\/models\/wp-content\/uploads\/2022\/07\/52195781136_0263ec2f6e_c-800x445-1.jpg\",\"contentUrl\":\"https:\/\/markd.com.br\/models\/wp-content\/uploads\/2022\/07\/52195781136_0263ec2f6e_c-800x445-1.jpg\",\"width\":800,\"height\":445},{\"@type\":\"BreadcrumbList\",\"@id\":\"https:\/\/markd.com.br\/models\/prefeitura-recupera-rede-de-drenagem-profunda-sem-manutencao-ha-20-anos-no-bairro-manoa\/#breadcrumb\",\"itemListElement\":[{\"@type\":\"ListItem\",\"position\":1,\"name\":\"In\u00edcio\",\"item\":\"https:\/\/markd.com.br\/models\/\"},{\"@type\":\"ListItem\",\"position\":2,\"name\":\"Prefeitura recupera rede de drenagem profunda sem manuten\u00e7\u00e3o h\u00e1 20 anos no bairro Manoa\"}]},{\"@type\":\"WebSite\",\"@id\":\"https:\/\/markd.com.br\/models\/#website\",\"url\":\"https:\/\/markd.com.br\/models\/\",\"name\":\"Not\u00edcias de Todos - Models01\",\"description\":\"Tenha um Portal de Not\u00edcias Moderno, Din\u00e2mico, R\u00e1pido e Profissional. Entregamos seu Site de  Not\u00edcias Pronto, Instalado, Hospedado, com Manual Passo a Passo e Suporte 24 horas.\",\"potentialAction\":[{\"@type\":\"SearchAction\",\"target\":{\"@type\":\"EntryPoint\",\"urlTemplate\":\"https:\/\/markd.com.br\/models\/?s={search_term_string}\"},\"query-input\":{\"@type\":\"PropertyValueSpecification\",\"valueRequired\":true,\"valueName\":\"search_term_string\"}}],\"inLanguage\":\"pt-BR\"},{\"@type\":\"Person\",\"@id\":\"https:\/\/markd.com.br\/models\/#\/schema\/person\/c12a77ab487a7262d8bec3c47301ad37\",\"name\":\"Reda\u00e7\u00e3o Reda\u00e7\u00e3o\",\"image\":{\"@type\":\"ImageObject\",\"inLanguage\":\"pt-BR\",\"@id\":\"https:\/\/markd.com.br\/models\/#\/schema\/person\/image\/\",\"url\":\"https:\/\/secure.gravatar.com\/avatar\/9448f3599ce269febf169e183039b4a6?s=96&d=mm&r=g\",\"contentUrl\":\"https:\/\/secure.gravatar.com\/avatar\/9448f3599ce269febf169e183039b4a6?s=96&d=mm&r=g\",\"caption\":\"Reda\u00e7\u00e3o Reda\u00e7\u00e3o\"},\"sameAs\":[\"https:\/\/markd.com.br\/\"],\"url\":\"https:\/\/markd.com.br\/models\/author\/redacao\/\"}]}<\/script>\n<!-- \/ Yoast SEO plugin. -->","yoast_head_json":{"title":"Prefeitura recupera rede de drenagem profunda sem manuten\u00e7\u00e3o h\u00e1 20 anos no bairro Manoa - Not\u00edcias de Todos - Models01","robots":{"index":"index","follow":"follow","max-snippet":"max-snippet:-1","max-image-preview":"max-image-preview:large","max-video-preview":"max-video-preview:-1"},"canonical":"https:\/\/markd.com.br\/models\/prefeitura-recupera-rede-de-drenagem-profunda-sem-manutencao-ha-20-anos-no-bairro-manoa\/","og_locale":"pt_BR","og_type":"article","og_title":"Prefeitura recupera rede de drenagem profunda sem manuten\u00e7\u00e3o h\u00e1 20 anos no bairro Manoa - Not\u00edcias de Todos - Models01","og_description":"A&nbsp;Prefeitura de Manaus, por meio da Secretaria Municipal de Infraestrutura (Seminf), intensifica, nesta ter\u00e7a-feira, 5\/7,...","og_url":"https:\/\/markd.com.br\/models\/prefeitura-recupera-rede-de-drenagem-profunda-sem-manutencao-ha-20-anos-no-bairro-manoa\/","og_site_name":"Not\u00edcias de Todos - Models01","article_published_time":"2022-07-05T20:51:31+00:00","article_modified_time":"2022-07-05T20:51:35+00:00","og_image":[{"width":800,"height":445,"url":"https:\/\/markd.com.br\/models\/wp-content\/uploads\/2022\/07\/52195781136_0263ec2f6e_c-800x445-1.jpg","type":"image\/jpeg"}],"author":"Reda\u00e7\u00e3o Reda\u00e7\u00e3o","twitter_card":"summary_large_image","twitter_misc":{"Escrito por":"Reda\u00e7\u00e3o Reda\u00e7\u00e3o","Est. tempo de leitura":"2 minutos"},"schema":{"@context":"https:\/\/schema.org","@graph":[{"@type":"WebPage","@id":"https:\/\/markd.com.br\/models\/prefeitura-recupera-rede-de-drenagem-profunda-sem-manutencao-ha-20-anos-no-bairro-manoa\/","url":"https:\/\/markd.com.br\/models\/prefeitura-recupera-rede-de-drenagem-profunda-sem-manutencao-ha-20-anos-no-bairro-manoa\/","name":"Prefeitura recupera rede de drenagem profunda sem manuten\u00e7\u00e3o h\u00e1 20 anos no bairro Manoa - Not\u00edcias de Todos - Models01","isPartOf":{"@id":"https:\/\/markd.com.br\/models\/#website"},"primaryImageOfPage":{"@id":"https:\/\/markd.com.br\/models\/prefeitura-recupera-rede-de-drenagem-profunda-sem-manutencao-ha-20-anos-no-bairro-manoa\/#primaryimage"},"image":{"@id":"https:\/\/markd.com.br\/models\/prefeitura-recupera-rede-de-drenagem-profunda-sem-manutencao-ha-20-anos-no-bairro-manoa\/#primaryimage"},"thumbnailUrl":"https:\/\/markd.com.br\/models\/wp-content\/uploads\/2022\/07\/52195781136_0263ec2f6e_c-800x445-1.jpg","datePublished":"2022-07-05T20:51:31+00:00","dateModified":"2022-07-05T20:51:35+00:00","author":{"@id":"https:\/\/markd.com.br\/models\/#\/schema\/person\/c12a77ab487a7262d8bec3c47301ad37"},"breadcrumb":{"@id":"https:\/\/markd.com.br\/models\/prefeitura-recupera-rede-de-drenagem-profunda-sem-manutencao-ha-20-anos-no-bairro-manoa\/#breadcrumb"},"inLanguage":"pt-BR","potentialAction":[{"@type":"ReadAction","target":["https:\/\/markd.com.br\/models\/prefeitura-recupera-rede-de-drenagem-profunda-sem-manutencao-ha-20-anos-no-bairro-manoa\/"]}]},{"@type":"ImageObject","inLanguage":"pt-BR","@id":"https:\/\/markd.com.br\/models\/prefeitura-recupera-rede-de-drenagem-profunda-sem-manutencao-ha-20-anos-no-bairro-manoa\/#primaryimage","url":"https:\/\/markd.com.br\/models\/wp-content\/uploads\/2022\/07\/52195781136_0263ec2f6e_c-800x445-1.jpg","contentUrl":"https:\/\/markd.com.br\/models\/wp-content\/uploads\/2022\/07\/52195781136_0263ec2f6e_c-800x445-1.jpg","width":800,"height":445},{"@type":"BreadcrumbList","@id":"https:\/\/markd.com.br\/models\/prefeitura-recupera-rede-de-drenagem-profunda-sem-manutencao-ha-20-anos-no-bairro-manoa\/#breadcrumb","itemListElement":[{"@type":"ListItem","position":1,"name":"In\u00edcio","item":"https:\/\/markd.com.br\/models\/"},{"@type":"ListItem","position":2,"name":"Prefeitura recupera rede de drenagem profunda sem manuten\u00e7\u00e3o h\u00e1 20 anos no bairro Manoa"}]},{"@type":"WebSite","@id":"https:\/\/markd.com.br\/models\/#website","url":"https:\/\/markd.com.br\/models\/","name":"Not\u00edcias de Todos - Models01","description":"Tenha um Portal de Not\u00edcias Moderno, Din\u00e2mico, R\u00e1pido e Profissional. Entregamos seu Site de  Not\u00edcias Pronto, Instalado, Hospedado, com Manual Passo a Passo e Suporte 24 horas.","potentialAction":[{"@type":"SearchAction","target":{"@type":"EntryPoint","urlTemplate":"https:\/\/markd.com.br\/models\/?s={search_term_string}"},"query-input":{"@type":"PropertyValueSpecification","valueRequired":true,"valueName":"search_term_string"}}],"inLanguage":"pt-BR"},{"@type":"Person","@id":"https:\/\/markd.com.br\/models\/#\/schema\/person\/c12a77ab487a7262d8bec3c47301ad37","name":"Reda\u00e7\u00e3o Reda\u00e7\u00e3o","image":{"@type":"ImageObject","inLanguage":"pt-BR","@id":"https:\/\/markd.com.br\/models\/#\/schema\/person\/image\/","url":"https:\/\/secure.gravatar.com\/avatar\/9448f3599ce269febf169e183039b4a6?s=96&d=mm&r=g","contentUrl":"https:\/\/secure.gravatar.com\/avatar\/9448f3599ce269febf169e183039b4a6?s=96&d=mm&r=g","caption":"Reda\u00e7\u00e3o Reda\u00e7\u00e3o"},"sameAs":["https:\/\/markd.com.br\/"],"url":"https:\/\/markd.com.br\/models\/author\/redacao\/"}]}},"featured_image_urls":{"full":["https:\/\/markd.com.br\/models\/wp-content\/uploads\/2022\/07\/52195781136_0263ec2f6e_c-800x445-1.jpg",800,445,false],"thumbnail":["https:\/\/markd.com.br\/models\/wp-content\/uploads\/2022\/07\/52195781136_0263ec2f6e_c-800x445-1-150x150.jpg",150,150,true],"medium":["https:\/\/markd.com.br\/models\/wp-content\/uploads\/2022\/07\/52195781136_0263ec2f6e_c-800x445-1-300x167.jpg",300,167,true],"medium_large":["https:\/\/markd.com.br\/models\/wp-content\/uploads\/2022\/07\/52195781136_0263ec2f6e_c-800x445-1-768x427.jpg",640,356,true],"large":["https:\/\/markd.com.br\/models\/wp-content\/uploads\/2022\/07\/52195781136_0263ec2f6e_c-800x445-1.jpg",640,356,false],"1536x1536":["https:\/\/markd.com.br\/models\/wp-content\/uploads\/2022\/07\/52195781136_0263ec2f6e_c-800x445-1.jpg",800,445,false],"2048x2048":["https:\/\/markd.com.br\/models\/wp-content\/uploads\/2022\/07\/52195781136_0263ec2f6e_c-800x445-1.jpg",800,445,false],"newsphere-slider-full":["https:\/\/markd.com.br\/models\/wp-content\/uploads\/2022\/07\/52195781136_0263ec2f6e_c-800x445-1.jpg",800,445,false],"newsphere-featured":["https:\/\/markd.com.br\/models\/wp-content\/uploads\/2022\/07\/52195781136_0263ec2f6e_c-800x445-1.jpg",800,445,false],"newsphere-medium":["https:\/\/markd.com.br\/models\/wp-content\/uploads\/2022\/07\/52195781136_0263ec2f6e_c-800x445-1-720x380.jpg",720,380,true]},"author_info":{"display_name":"Reda\u00e7\u00e3o Reda\u00e7\u00e3o","author_link":"https:\/\/markd.com.br\/models\/author\/redacao\/"},"category_info":"<a href=\"https:\/\/markd.com.br\/models\/category\/prefeitura-de-manaus\/\" rel=\"category tag\">Prefeitura de Manaus<\/a>","tag_info":"Prefeitura de Manaus","comment_count":"0","jetpack_featured_media_url":"https:\/\/markd.com.br\/models\/wp-content\/uploads\/2022\/07\/52195781136_0263ec2f6e_c-800x445-1.jpg","_links":{"self":[{"href":"https:\/\/markd.com.br\/models\/wp-json\/wp\/v2\/posts\/2373","targetHints":{"allow":["GET"]}}],"collection":[{"href":"https:\/\/markd.com.br\/models\/wp-json\/wp\/v2\/posts"}],"about":[{"href":"https:\/\/markd.com.br\/models\/wp-json\/wp\/v2\/types\/post"}],"author":[{"embeddable":true,"href":"https:\/\/markd.com.br\/models\/wp-json\/wp\/v2\/users\/5"}],"replies":[{"embeddable":true,"href":"https:\/\/markd.com.br\/models\/wp-json\/wp\/v2\/comments?post=2373"}],"version-history":[{"count":1,"href":"https:\/\/markd.com.br\/models\/wp-json\/wp\/v2\/posts\/2373\/revisions"}],"predecessor-version":[{"id":2375,"href":"https:\/\/markd.com.br\/models\/wp-json\/wp\/v2\/posts\/2373\/revisions\/2375"}],"wp:featuredmedia":[{"embeddable":true,"href":"https:\/\/markd.com.br\/models\/wp-json\/wp\/v2\/media\/2374"}],"wp:attachment":[{"href":"https:\/\/markd.com.br\/models\/wp-json\/wp\/v2\/media?parent=2373"}],"wp:term":[{"taxonomy":"category","embeddable":true,"href":"https:\/\/markd.com.br\/models\/wp-json\/wp\/v2\/categories?post=2373"},{"taxonomy":"post_tag","embeddable":true,"href":"https:\/\/markd.com.br\/models\/wp-json\/wp\/v2\/tags?post=2373"}],"curies":[{"name":"wp","href":"https:\/\/api.w.org\/{rel}","templated":true}]}}