{"id":2383,"date":"2022-07-05T18:06:12","date_gmt":"2022-07-05T21:06:12","guid":{"rendered":"https:\/\/portaldestaquenoticias.com.br\/?p=2383"},"modified":"2022-07-05T18:06:16","modified_gmt":"2022-07-05T21:06:16","slug":"neymar-esquece-psg-em-post-e-foca-no-hexa-da-copa-pela-selecao-brasileira","status":"publish","type":"post","link":"https:\/\/markd.com.br\/models\/neymar-esquece-psg-em-post-e-foca-no-hexa-da-copa-pela-selecao-brasileira\/","title":{"rendered":"Neymar \u2018esquece\u2019 PSG em post e foca no hexa da Copa pela sele\u00e7\u00e3o brasileira"},"content":{"rendered":"\n<p><\/p>\n\n\n\n<p>Neymar encerrou nesta segunda-feira seu per\u00edodo de f\u00e9rias pelo Brasil. O craque da sele\u00e7\u00e3o brasileira usou as redes sociais para comentar seus objetivos para a nova temporada europeia. Sem citar o Paris Saint-Germain, Neymar deixou claro que seu foco est\u00e1 na conquista do hexa na Copa do Mundo do Catar.<\/p>\n\n\n\n<p>\u201cEssa foto resume muito as minhas f\u00e9rias, s\u00f3 risada e alegria ao lado das pessoas que eu amo. Agora \u00e9 foco total! N\u00f3s, brasileiros, temos um trofeuzinho pra buscar!\u201d escreveu Neymar, em sua p\u00e1gina nas redes sociais, fazendo refer\u00eancia \u00e0 foto em que aparece sorridente, com trajes de festa junina.<\/p>\n\n\n\n<p>Na publica\u00e7\u00e3o, Neymar recebeu o apoio do atacante Richarlison, seu companheiro de sele\u00e7\u00e3o, al\u00e9m do meia Nen\u00ea, seu amigo e jogador do Vasco, e do influencer e streamer Casimiro Miguel.<\/p>\n\n\n\n<p>Neymar protagoniza uma \u201cnovela\u201d sobre sua perman\u00eancia no Paris Saint-Germain. Nas \u00faltimas semanas, ap\u00f3s declara\u00e7\u00e3o do presidente do clube, Nasser Al-Khelaifi, surgiu uma grande possibilidade de que o astro deixasse a capital francesa. A decis\u00e3o teria partido do pr\u00f3prio PSG, ap\u00f3s suposto pedido do atacante Kylian Mbapp\u00e9.<\/p>\n\n\n\n<p>As negocia\u00e7\u00f5es, no entanto, n\u00e3o ser\u00e3o f\u00e1ceis. De acordo com a imprensa francesa, Neymar ativou uma cl\u00e1usula no contrato que estende automaticamente seu v\u00ednculo com o PSG at\u00e9 2027. Com isso, qualquer transa\u00e7\u00e3o ganha entraves financeiros. O jogador ainda n\u00e3o se manifestou publicamente sobre seu futuro. Por enquanto, n\u00e3o h\u00e1 indicativos de que Paris seguir\u00e1 como sua casa ao longo de 2022.<\/p>\n\n\n\n<p>O Chelsea, que est\u00e1 fazendo uma grande reformula\u00e7\u00e3o \u2013 envolvendo elenco e dire\u00e7\u00e3o -, \u00e9 apontado como um dos poss\u00edveis destinos de Neymar. Um retorno ao Brasil, neste momento, \u00e9 visto como improv\u00e1vel, pelas altas cifras que envolvem um acordo com o craque.<\/p>\n\n\n\n<p>Boa parte do elenco do Paris Saint-Germain j\u00e1 retomou os treinamentos de pr\u00e9-temporada nesta segunda-feira. Jogadores, como Neymar, que estiveram cedidos para suas sele\u00e7\u00f5es no in\u00edcio de junho, no entanto, ganharam alguns dias a mais de descanso e s\u00f3 voltam no dia 11.<\/p>\n\n\n\n<p>fonte: Not\u00edcias ao minuto<\/p>\n","protected":false},"excerpt":{"rendered":"<p>Neymar encerrou nesta segunda-feira seu per\u00edodo de f\u00e9rias pelo Brasil. O craque da sele\u00e7\u00e3o brasileira&#8230;<\/p>\n","protected":false},"author":5,"featured_media":2384,"comment_status":"open","ping_status":"open","sticky":false,"template":"","format":"standard","meta":{"footnotes":""},"categories":[12],"tags":[249,131,635],"class_list":["post-2383","post","type-post","status-publish","format-standard","has-post-thumbnail","hentry","category-esportes","tag-copa-do-mundo","tag-neymar","tag-psg"],"yoast_head":"<!-- This site is optimized with the Yoast SEO plugin v24.4 - https:\/\/yoast.com\/wordpress\/plugins\/seo\/ -->\n<title>Neymar \u2018esquece\u2019 PSG em post e foca no hexa da Copa pela sele\u00e7\u00e3o brasileira - Not\u00edcias de Todos - Models01<\/title>\n<meta name=\"robots\" content=\"index, follow, max-snippet:-1, max-image-preview:large, max-video-preview:-1\" \/>\n<link rel=\"canonical\" href=\"https:\/\/markd.com.br\/models\/neymar-esquece-psg-em-post-e-foca-no-hexa-da-copa-pela-selecao-brasileira\/\" \/>\n<meta property=\"og:locale\" content=\"pt_BR\" \/>\n<meta property=\"og:type\" content=\"article\" \/>\n<meta property=\"og:title\" content=\"Neymar \u2018esquece\u2019 PSG em post e foca no hexa da Copa pela sele\u00e7\u00e3o brasileira - Not\u00edcias de Todos - Models01\" \/>\n<meta property=\"og:description\" content=\"Neymar encerrou nesta segunda-feira seu per\u00edodo de f\u00e9rias pelo Brasil. O craque da sele\u00e7\u00e3o brasileira...\" \/>\n<meta property=\"og:url\" content=\"https:\/\/markd.com.br\/models\/neymar-esquece-psg-em-post-e-foca-no-hexa-da-copa-pela-selecao-brasileira\/\" \/>\n<meta property=\"og:site_name\" content=\"Not\u00edcias de Todos - Models01\" \/>\n<meta property=\"article:published_time\" content=\"2022-07-05T21:06:12+00:00\" \/>\n<meta property=\"article:modified_time\" content=\"2022-07-05T21:06:16+00:00\" \/>\n<meta property=\"og:image\" content=\"https:\/\/markd.com.br\/models\/wp-content\/uploads\/2022\/07\/IMG_05072022_154217_640_x_360_pixel.jpg\" \/>\n\t<meta property=\"og:image:width\" content=\"640\" \/>\n\t<meta property=\"og:image:height\" content=\"360\" \/>\n\t<meta property=\"og:image:type\" content=\"image\/jpeg\" \/>\n<meta name=\"author\" content=\"Reda\u00e7\u00e3o Reda\u00e7\u00e3o\" \/>\n<meta name=\"twitter:card\" content=\"summary_large_image\" \/>\n<meta name=\"twitter:label1\" content=\"Escrito por\" \/>\n\t<meta name=\"twitter:data1\" content=\"Reda\u00e7\u00e3o Reda\u00e7\u00e3o\" \/>\n\t<meta name=\"twitter:label2\" content=\"Est. tempo de leitura\" \/>\n\t<meta name=\"twitter:data2\" content=\"2 minutos\" \/>\n<script type=\"application\/ld+json\" class=\"yoast-schema-graph\">{\"@context\":\"https:\/\/schema.org\",\"@graph\":[{\"@type\":\"WebPage\",\"@id\":\"https:\/\/markd.com.br\/models\/neymar-esquece-psg-em-post-e-foca-no-hexa-da-copa-pela-selecao-brasileira\/\",\"url\":\"https:\/\/markd.com.br\/models\/neymar-esquece-psg-em-post-e-foca-no-hexa-da-copa-pela-selecao-brasileira\/\",\"name\":\"Neymar \u2018esquece\u2019 PSG em post e foca no hexa da Copa pela sele\u00e7\u00e3o brasileira - Not\u00edcias de Todos - Models01\",\"isPartOf\":{\"@id\":\"https:\/\/markd.com.br\/models\/#website\"},\"primaryImageOfPage\":{\"@id\":\"https:\/\/markd.com.br\/models\/neymar-esquece-psg-em-post-e-foca-no-hexa-da-copa-pela-selecao-brasileira\/#primaryimage\"},\"image\":{\"@id\":\"https:\/\/markd.com.br\/models\/neymar-esquece-psg-em-post-e-foca-no-hexa-da-copa-pela-selecao-brasileira\/#primaryimage\"},\"thumbnailUrl\":\"https:\/\/markd.com.br\/models\/wp-content\/uploads\/2022\/07\/IMG_05072022_154217_640_x_360_pixel.jpg\",\"datePublished\":\"2022-07-05T21:06:12+00:00\",\"dateModified\":\"2022-07-05T21:06:16+00:00\",\"author\":{\"@id\":\"https:\/\/markd.com.br\/models\/#\/schema\/person\/c12a77ab487a7262d8bec3c47301ad37\"},\"breadcrumb\":{\"@id\":\"https:\/\/markd.com.br\/models\/neymar-esquece-psg-em-post-e-foca-no-hexa-da-copa-pela-selecao-brasileira\/#breadcrumb\"},\"inLanguage\":\"pt-BR\",\"potentialAction\":[{\"@type\":\"ReadAction\",\"target\":[\"https:\/\/markd.com.br\/models\/neymar-esquece-psg-em-post-e-foca-no-hexa-da-copa-pela-selecao-brasileira\/\"]}]},{\"@type\":\"ImageObject\",\"inLanguage\":\"pt-BR\",\"@id\":\"https:\/\/markd.com.br\/models\/neymar-esquece-psg-em-post-e-foca-no-hexa-da-copa-pela-selecao-brasileira\/#primaryimage\",\"url\":\"https:\/\/markd.com.br\/models\/wp-content\/uploads\/2022\/07\/IMG_05072022_154217_640_x_360_pixel.jpg\",\"contentUrl\":\"https:\/\/markd.com.br\/models\/wp-content\/uploads\/2022\/07\/IMG_05072022_154217_640_x_360_pixel.jpg\",\"width\":640,\"height\":360},{\"@type\":\"BreadcrumbList\",\"@id\":\"https:\/\/markd.com.br\/models\/neymar-esquece-psg-em-post-e-foca-no-hexa-da-copa-pela-selecao-brasileira\/#breadcrumb\",\"itemListElement\":[{\"@type\":\"ListItem\",\"position\":1,\"name\":\"In\u00edcio\",\"item\":\"https:\/\/markd.com.br\/models\/\"},{\"@type\":\"ListItem\",\"position\":2,\"name\":\"Neymar \u2018esquece\u2019 PSG em post e foca no hexa da Copa pela sele\u00e7\u00e3o brasileira\"}]},{\"@type\":\"WebSite\",\"@id\":\"https:\/\/markd.com.br\/models\/#website\",\"url\":\"https:\/\/markd.com.br\/models\/\",\"name\":\"Not\u00edcias de Todos - Models01\",\"description\":\"Tenha um Portal de Not\u00edcias Moderno, Din\u00e2mico, R\u00e1pido e Profissional. Entregamos seu Site de  Not\u00edcias Pronto, Instalado, Hospedado, com Manual Passo a Passo e Suporte 24 horas.\",\"potentialAction\":[{\"@type\":\"SearchAction\",\"target\":{\"@type\":\"EntryPoint\",\"urlTemplate\":\"https:\/\/markd.com.br\/models\/?s={search_term_string}\"},\"query-input\":{\"@type\":\"PropertyValueSpecification\",\"valueRequired\":true,\"valueName\":\"search_term_string\"}}],\"inLanguage\":\"pt-BR\"},{\"@type\":\"Person\",\"@id\":\"https:\/\/markd.com.br\/models\/#\/schema\/person\/c12a77ab487a7262d8bec3c47301ad37\",\"name\":\"Reda\u00e7\u00e3o Reda\u00e7\u00e3o\",\"image\":{\"@type\":\"ImageObject\",\"inLanguage\":\"pt-BR\",\"@id\":\"https:\/\/markd.com.br\/models\/#\/schema\/person\/image\/\",\"url\":\"https:\/\/secure.gravatar.com\/avatar\/9448f3599ce269febf169e183039b4a6?s=96&d=mm&r=g\",\"contentUrl\":\"https:\/\/secure.gravatar.com\/avatar\/9448f3599ce269febf169e183039b4a6?s=96&d=mm&r=g\",\"caption\":\"Reda\u00e7\u00e3o Reda\u00e7\u00e3o\"},\"sameAs\":[\"https:\/\/markd.com.br\/\"],\"url\":\"https:\/\/markd.com.br\/models\/author\/redacao\/\"}]}<\/script>\n<!-- \/ Yoast SEO plugin. -->","yoast_head_json":{"title":"Neymar \u2018esquece\u2019 PSG em post e foca no hexa da Copa pela sele\u00e7\u00e3o brasileira - Not\u00edcias de Todos - Models01","robots":{"index":"index","follow":"follow","max-snippet":"max-snippet:-1","max-image-preview":"max-image-preview:large","max-video-preview":"max-video-preview:-1"},"canonical":"https:\/\/markd.com.br\/models\/neymar-esquece-psg-em-post-e-foca-no-hexa-da-copa-pela-selecao-brasileira\/","og_locale":"pt_BR","og_type":"article","og_title":"Neymar \u2018esquece\u2019 PSG em post e foca no hexa da Copa pela sele\u00e7\u00e3o brasileira - Not\u00edcias de Todos - Models01","og_description":"Neymar encerrou nesta segunda-feira seu per\u00edodo de f\u00e9rias pelo Brasil. O craque da sele\u00e7\u00e3o brasileira...","og_url":"https:\/\/markd.com.br\/models\/neymar-esquece-psg-em-post-e-foca-no-hexa-da-copa-pela-selecao-brasileira\/","og_site_name":"Not\u00edcias de Todos - Models01","article_published_time":"2022-07-05T21:06:12+00:00","article_modified_time":"2022-07-05T21:06:16+00:00","og_image":[{"width":640,"height":360,"url":"https:\/\/markd.com.br\/models\/wp-content\/uploads\/2022\/07\/IMG_05072022_154217_640_x_360_pixel.jpg","type":"image\/jpeg"}],"author":"Reda\u00e7\u00e3o Reda\u00e7\u00e3o","twitter_card":"summary_large_image","twitter_misc":{"Escrito por":"Reda\u00e7\u00e3o Reda\u00e7\u00e3o","Est. tempo de leitura":"2 minutos"},"schema":{"@context":"https:\/\/schema.org","@graph":[{"@type":"WebPage","@id":"https:\/\/markd.com.br\/models\/neymar-esquece-psg-em-post-e-foca-no-hexa-da-copa-pela-selecao-brasileira\/","url":"https:\/\/markd.com.br\/models\/neymar-esquece-psg-em-post-e-foca-no-hexa-da-copa-pela-selecao-brasileira\/","name":"Neymar \u2018esquece\u2019 PSG em post e foca no hexa da Copa pela sele\u00e7\u00e3o brasileira - Not\u00edcias de Todos - Models01","isPartOf":{"@id":"https:\/\/markd.com.br\/models\/#website"},"primaryImageOfPage":{"@id":"https:\/\/markd.com.br\/models\/neymar-esquece-psg-em-post-e-foca-no-hexa-da-copa-pela-selecao-brasileira\/#primaryimage"},"image":{"@id":"https:\/\/markd.com.br\/models\/neymar-esquece-psg-em-post-e-foca-no-hexa-da-copa-pela-selecao-brasileira\/#primaryimage"},"thumbnailUrl":"https:\/\/markd.com.br\/models\/wp-content\/uploads\/2022\/07\/IMG_05072022_154217_640_x_360_pixel.jpg","datePublished":"2022-07-05T21:06:12+00:00","dateModified":"2022-07-05T21:06:16+00:00","author":{"@id":"https:\/\/markd.com.br\/models\/#\/schema\/person\/c12a77ab487a7262d8bec3c47301ad37"},"breadcrumb":{"@id":"https:\/\/markd.com.br\/models\/neymar-esquece-psg-em-post-e-foca-no-hexa-da-copa-pela-selecao-brasileira\/#breadcrumb"},"inLanguage":"pt-BR","potentialAction":[{"@type":"ReadAction","target":["https:\/\/markd.com.br\/models\/neymar-esquece-psg-em-post-e-foca-no-hexa-da-copa-pela-selecao-brasileira\/"]}]},{"@type":"ImageObject","inLanguage":"pt-BR","@id":"https:\/\/markd.com.br\/models\/neymar-esquece-psg-em-post-e-foca-no-hexa-da-copa-pela-selecao-brasileira\/#primaryimage","url":"https:\/\/markd.com.br\/models\/wp-content\/uploads\/2022\/07\/IMG_05072022_154217_640_x_360_pixel.jpg","contentUrl":"https:\/\/markd.com.br\/models\/wp-content\/uploads\/2022\/07\/IMG_05072022_154217_640_x_360_pixel.jpg","width":640,"height":360},{"@type":"BreadcrumbList","@id":"https:\/\/markd.com.br\/models\/neymar-esquece-psg-em-post-e-foca-no-hexa-da-copa-pela-selecao-brasileira\/#breadcrumb","itemListElement":[{"@type":"ListItem","position":1,"name":"In\u00edcio","item":"https:\/\/markd.com.br\/models\/"},{"@type":"ListItem","position":2,"name":"Neymar \u2018esquece\u2019 PSG em post e foca no hexa da Copa pela sele\u00e7\u00e3o brasileira"}]},{"@type":"WebSite","@id":"https:\/\/markd.com.br\/models\/#website","url":"https:\/\/markd.com.br\/models\/","name":"Not\u00edcias de Todos - Models01","description":"Tenha um Portal de Not\u00edcias Moderno, Din\u00e2mico, R\u00e1pido e Profissional. Entregamos seu Site de  Not\u00edcias Pronto, Instalado, Hospedado, com Manual Passo a Passo e Suporte 24 horas.","potentialAction":[{"@type":"SearchAction","target":{"@type":"EntryPoint","urlTemplate":"https:\/\/markd.com.br\/models\/?s={search_term_string}"},"query-input":{"@type":"PropertyValueSpecification","valueRequired":true,"valueName":"search_term_string"}}],"inLanguage":"pt-BR"},{"@type":"Person","@id":"https:\/\/markd.com.br\/models\/#\/schema\/person\/c12a77ab487a7262d8bec3c47301ad37","name":"Reda\u00e7\u00e3o Reda\u00e7\u00e3o","image":{"@type":"ImageObject","inLanguage":"pt-BR","@id":"https:\/\/markd.com.br\/models\/#\/schema\/person\/image\/","url":"https:\/\/secure.gravatar.com\/avatar\/9448f3599ce269febf169e183039b4a6?s=96&d=mm&r=g","contentUrl":"https:\/\/secure.gravatar.com\/avatar\/9448f3599ce269febf169e183039b4a6?s=96&d=mm&r=g","caption":"Reda\u00e7\u00e3o Reda\u00e7\u00e3o"},"sameAs":["https:\/\/markd.com.br\/"],"url":"https:\/\/markd.com.br\/models\/author\/redacao\/"}]}},"featured_image_urls":{"full":["https:\/\/markd.com.br\/models\/wp-content\/uploads\/2022\/07\/IMG_05072022_154217_640_x_360_pixel.jpg",640,360,false],"thumbnail":["https:\/\/markd.com.br\/models\/wp-content\/uploads\/2022\/07\/IMG_05072022_154217_640_x_360_pixel-150x150.jpg",150,150,true],"medium":["https:\/\/markd.com.br\/models\/wp-content\/uploads\/2022\/07\/IMG_05072022_154217_640_x_360_pixel-300x169.jpg",300,169,true],"medium_large":["https:\/\/markd.com.br\/models\/wp-content\/uploads\/2022\/07\/IMG_05072022_154217_640_x_360_pixel.jpg",640,360,false],"large":["https:\/\/markd.com.br\/models\/wp-content\/uploads\/2022\/07\/IMG_05072022_154217_640_x_360_pixel.jpg",640,360,false],"1536x1536":["https:\/\/markd.com.br\/models\/wp-content\/uploads\/2022\/07\/IMG_05072022_154217_640_x_360_pixel.jpg",640,360,false],"2048x2048":["https:\/\/markd.com.br\/models\/wp-content\/uploads\/2022\/07\/IMG_05072022_154217_640_x_360_pixel.jpg",640,360,false],"newsphere-slider-full":["https:\/\/markd.com.br\/models\/wp-content\/uploads\/2022\/07\/IMG_05072022_154217_640_x_360_pixel.jpg",640,360,false],"newsphere-featured":["https:\/\/markd.com.br\/models\/wp-content\/uploads\/2022\/07\/IMG_05072022_154217_640_x_360_pixel.jpg",640,360,false],"newsphere-medium":["https:\/\/markd.com.br\/models\/wp-content\/uploads\/2022\/07\/IMG_05072022_154217_640_x_360_pixel.jpg",640,360,false]},"author_info":{"display_name":"Reda\u00e7\u00e3o Reda\u00e7\u00e3o","author_link":"https:\/\/markd.com.br\/models\/author\/redacao\/"},"category_info":"<a href=\"https:\/\/markd.com.br\/models\/category\/esportes\/\" rel=\"category tag\">Esportes<\/a>","tag_info":"Esportes","comment_count":"0","jetpack_featured_media_url":"https:\/\/markd.com.br\/models\/wp-content\/uploads\/2022\/07\/IMG_05072022_154217_640_x_360_pixel.jpg","_links":{"self":[{"href":"https:\/\/markd.com.br\/models\/wp-json\/wp\/v2\/posts\/2383","targetHints":{"allow":["GET"]}}],"collection":[{"href":"https:\/\/markd.com.br\/models\/wp-json\/wp\/v2\/posts"}],"about":[{"href":"https:\/\/markd.com.br\/models\/wp-json\/wp\/v2\/types\/post"}],"author":[{"embeddable":true,"href":"https:\/\/markd.com.br\/models\/wp-json\/wp\/v2\/users\/5"}],"replies":[{"embeddable":true,"href":"https:\/\/markd.com.br\/models\/wp-json\/wp\/v2\/comments?post=2383"}],"version-history":[{"count":1,"href":"https:\/\/markd.com.br\/models\/wp-json\/wp\/v2\/posts\/2383\/revisions"}],"predecessor-version":[{"id":2385,"href":"https:\/\/markd.com.br\/models\/wp-json\/wp\/v2\/posts\/2383\/revisions\/2385"}],"wp:featuredmedia":[{"embeddable":true,"href":"https:\/\/markd.com.br\/models\/wp-json\/wp\/v2\/media\/2384"}],"wp:attachment":[{"href":"https:\/\/markd.com.br\/models\/wp-json\/wp\/v2\/media?parent=2383"}],"wp:term":[{"taxonomy":"category","embeddable":true,"href":"https:\/\/markd.com.br\/models\/wp-json\/wp\/v2\/categories?post=2383"},{"taxonomy":"post_tag","embeddable":true,"href":"https:\/\/markd.com.br\/models\/wp-json\/wp\/v2\/tags?post=2383"}],"curies":[{"name":"wp","href":"https:\/\/api.w.org\/{rel}","templated":true}]}}