{"id":2386,"date":"2022-07-05T18:14:48","date_gmt":"2022-07-05T21:14:48","guid":{"rendered":"https:\/\/portaldestaquenoticias.com.br\/?p=2386"},"modified":"2022-07-05T18:14:52","modified_gmt":"2022-07-05T21:14:52","slug":"prefeitura-informa-que-as-inscricoes-para-o-projovem-urbano-seguem-abertas-ate-o-fim-de-julho-2","status":"publish","type":"post","link":"https:\/\/markd.com.br\/models\/prefeitura-informa-que-as-inscricoes-para-o-projovem-urbano-seguem-abertas-ate-o-fim-de-julho-2\/","title":{"rendered":"Prefeitura informa que as inscri\u00e7\u00f5es para o Projovem Urbano seguem abertas at\u00e9 o fim de julho"},"content":{"rendered":"\n<p><\/p>\n\n\n\n<p>Com o tema do ano letivo 2022&nbsp; \u201cEscola e Sociedade \u2013 Constru\u00e7\u00e3o coletiva de uma educa\u00e7\u00e3o de excel\u00eancia para Manaus\u201d, mais de 250 mil alunos da rede municipal de ensino retornaram \u00e0s aulas nesta ter\u00e7a-feira, 5\/7, em 500 unidades da&nbsp;Prefeitura de Manaus, coordenadas pela Secretaria Municipal de Educa\u00e7\u00e3o (Semed). Os conte\u00fados dessa nova etapa foram elaborados de acordo com o curr\u00edculo escolar municipal, com a Base Nacional Comum Curricular (BNCC).<\/p>\n\n\n\n<p>O subsecret\u00e1rio de Gest\u00e3o Educacional (SSGE), professor J\u00fanior Mar, destacou a import\u00e2ncia que \u00e9 dedicada para a volta das aulas dentro da rede municipal, na qual \u00e9 planejado todo trabalho pedag\u00f3gico pelos profissionais da \u00e1rea.<\/p>\n\n\n\n<p>\u201cEm nome do nosso prefeito David Almeida, da nossa secret\u00e1ria Dulce Almeida, desejamos um \u00f3timo retorno a todos os nossos estudantes. A aula presencial \u00e9 insubstitu\u00edvel, ent\u00e3o \u00e9 imprescind\u00edvel que os nossos estudantes voltem \u00e0 escola, com muito foco, com os nossos professores em sala de aula e os alunos preparados para esse segundo semestre muito promissor\u201d, disse o subsecret\u00e1rio.<\/p>\n\n\n\n<p>Segundo a pedagoga Synara Freitas, da Escola Municipal Arist\u00f3phanes Bezerra de Castro, no bairro Cidade de Deus, zona Norte, todo o trabalho deste ano ser\u00e1 realizado dentro do tema da Semed, que busca ampliar a parceria entre a sociedade e a escola, a fim de levar um ensino de qualidade aos mil alunos do ensino fundamental nos tr\u00eas turnos.<\/p>\n\n\n\n<p>\u201cNossa expectativa \u00e9 a melhor poss\u00edvel, porque quando envolve a sociedade n\u00f3s sabemos que vamos ter um suporte. A expectativa em receber as crian\u00e7as \u00e9 enorme, pois muitos desafios quanto a alfabetiza\u00e7\u00e3o e rendimento escolar ficaram para essa segunda etapa do ano letivo. Recebemos as crian\u00e7as nesse retorno com muita alegria e carinho respeitando a realidade social de cada um\u201d, observou Synara Freitas.<\/p>\n\n\n\n<p>Para a aluna Eduarda Salgado, 10 anos, do 5\u00ba ano da Escola Municipal Rep\u00fablica do M\u00e9xico, a volta \u00e0s aulas oferece uma oportunidade \u00edmpar de aprendizado.<\/p>\n\n\n\n<p>\u201c\u00c9 importante o retorno \u00e0s aulas, porque a aprendizagem presencial \u00e9 muito melhor. Nossa professora se dedica e a gente se sente segura. \u00c9 importante tamb\u00e9m, porque vemos nossos amigos de novo\u201d, completa Eduarda.<\/p>\n\n\n\n<p>\u2014 \u2014 \u2014<\/p>\n\n\n\n<p><strong>Texto<\/strong>&nbsp;\u2013 Ricardo Ramos \/ Semed<\/p>\n\n\n\n<p><strong>Foto<\/strong>&nbsp;\u2013 Eliton Santos \/ Semed<\/p>\n","protected":false},"excerpt":{"rendered":"<p>Com o tema do ano letivo 2022&nbsp; \u201cEscola e Sociedade \u2013 Constru\u00e7\u00e3o coletiva de uma&#8230;<\/p>\n","protected":false},"author":5,"featured_media":2387,"comment_status":"open","ping_status":"open","sticky":false,"template":"","format":"standard","meta":{"footnotes":""},"categories":[35],"tags":[703,43,411],"class_list":["post-2386","post","type-post","status-publish","format-standard","has-post-thumbnail","hentry","category-prefeitura-de-manaus","tag-bncc","tag-prefeitura-de-manaus","tag-semed"],"yoast_head":"<!-- This site is optimized with the Yoast SEO plugin v24.4 - https:\/\/yoast.com\/wordpress\/plugins\/seo\/ -->\n<title>Prefeitura informa que as inscri\u00e7\u00f5es para o Projovem Urbano seguem abertas at\u00e9 o fim de julho - Not\u00edcias de Todos - Models01<\/title>\n<meta name=\"robots\" content=\"index, follow, max-snippet:-1, max-image-preview:large, max-video-preview:-1\" \/>\n<link rel=\"canonical\" href=\"https:\/\/markd.com.br\/models\/prefeitura-informa-que-as-inscricoes-para-o-projovem-urbano-seguem-abertas-ate-o-fim-de-julho-2\/\" \/>\n<meta property=\"og:locale\" content=\"pt_BR\" \/>\n<meta property=\"og:type\" content=\"article\" \/>\n<meta property=\"og:title\" content=\"Prefeitura informa que as inscri\u00e7\u00f5es para o Projovem Urbano seguem abertas at\u00e9 o fim de julho - Not\u00edcias de Todos - Models01\" \/>\n<meta property=\"og:description\" content=\"Com o tema do ano letivo 2022&nbsp; \u201cEscola e Sociedade \u2013 Constru\u00e7\u00e3o coletiva de uma...\" \/>\n<meta property=\"og:url\" content=\"https:\/\/markd.com.br\/models\/prefeitura-informa-que-as-inscricoes-para-o-projovem-urbano-seguem-abertas-ate-o-fim-de-julho-2\/\" \/>\n<meta property=\"og:site_name\" content=\"Not\u00edcias de Todos - Models01\" \/>\n<meta property=\"article:published_time\" content=\"2022-07-05T21:14:48+00:00\" \/>\n<meta property=\"article:modified_time\" content=\"2022-07-05T21:14:52+00:00\" \/>\n<meta property=\"og:image\" content=\"https:\/\/markd.com.br\/models\/wp-content\/uploads\/2022\/07\/51971668858_ab2f1beb34_c-799x445-1.jpg\" \/>\n\t<meta property=\"og:image:width\" content=\"799\" \/>\n\t<meta property=\"og:image:height\" content=\"445\" \/>\n\t<meta property=\"og:image:type\" content=\"image\/jpeg\" \/>\n<meta name=\"author\" content=\"Reda\u00e7\u00e3o Reda\u00e7\u00e3o\" \/>\n<meta name=\"twitter:card\" content=\"summary_large_image\" \/>\n<meta name=\"twitter:label1\" content=\"Escrito por\" \/>\n\t<meta name=\"twitter:data1\" content=\"Reda\u00e7\u00e3o Reda\u00e7\u00e3o\" \/>\n\t<meta name=\"twitter:label2\" content=\"Est. tempo de leitura\" \/>\n\t<meta name=\"twitter:data2\" content=\"2 minutos\" \/>\n<script type=\"application\/ld+json\" class=\"yoast-schema-graph\">{\"@context\":\"https:\/\/schema.org\",\"@graph\":[{\"@type\":\"WebPage\",\"@id\":\"https:\/\/markd.com.br\/models\/prefeitura-informa-que-as-inscricoes-para-o-projovem-urbano-seguem-abertas-ate-o-fim-de-julho-2\/\",\"url\":\"https:\/\/markd.com.br\/models\/prefeitura-informa-que-as-inscricoes-para-o-projovem-urbano-seguem-abertas-ate-o-fim-de-julho-2\/\",\"name\":\"Prefeitura informa que as inscri\u00e7\u00f5es para o Projovem Urbano seguem abertas at\u00e9 o fim de julho - Not\u00edcias de Todos - Models01\",\"isPartOf\":{\"@id\":\"https:\/\/markd.com.br\/models\/#website\"},\"primaryImageOfPage\":{\"@id\":\"https:\/\/markd.com.br\/models\/prefeitura-informa-que-as-inscricoes-para-o-projovem-urbano-seguem-abertas-ate-o-fim-de-julho-2\/#primaryimage\"},\"image\":{\"@id\":\"https:\/\/markd.com.br\/models\/prefeitura-informa-que-as-inscricoes-para-o-projovem-urbano-seguem-abertas-ate-o-fim-de-julho-2\/#primaryimage\"},\"thumbnailUrl\":\"https:\/\/markd.com.br\/models\/wp-content\/uploads\/2022\/07\/51971668858_ab2f1beb34_c-799x445-1.jpg\",\"datePublished\":\"2022-07-05T21:14:48+00:00\",\"dateModified\":\"2022-07-05T21:14:52+00:00\",\"author\":{\"@id\":\"https:\/\/markd.com.br\/models\/#\/schema\/person\/c12a77ab487a7262d8bec3c47301ad37\"},\"breadcrumb\":{\"@id\":\"https:\/\/markd.com.br\/models\/prefeitura-informa-que-as-inscricoes-para-o-projovem-urbano-seguem-abertas-ate-o-fim-de-julho-2\/#breadcrumb\"},\"inLanguage\":\"pt-BR\",\"potentialAction\":[{\"@type\":\"ReadAction\",\"target\":[\"https:\/\/markd.com.br\/models\/prefeitura-informa-que-as-inscricoes-para-o-projovem-urbano-seguem-abertas-ate-o-fim-de-julho-2\/\"]}]},{\"@type\":\"ImageObject\",\"inLanguage\":\"pt-BR\",\"@id\":\"https:\/\/markd.com.br\/models\/prefeitura-informa-que-as-inscricoes-para-o-projovem-urbano-seguem-abertas-ate-o-fim-de-julho-2\/#primaryimage\",\"url\":\"https:\/\/markd.com.br\/models\/wp-content\/uploads\/2022\/07\/51971668858_ab2f1beb34_c-799x445-1.jpg\",\"contentUrl\":\"https:\/\/markd.com.br\/models\/wp-content\/uploads\/2022\/07\/51971668858_ab2f1beb34_c-799x445-1.jpg\",\"width\":799,\"height\":445},{\"@type\":\"BreadcrumbList\",\"@id\":\"https:\/\/markd.com.br\/models\/prefeitura-informa-que-as-inscricoes-para-o-projovem-urbano-seguem-abertas-ate-o-fim-de-julho-2\/#breadcrumb\",\"itemListElement\":[{\"@type\":\"ListItem\",\"position\":1,\"name\":\"In\u00edcio\",\"item\":\"https:\/\/markd.com.br\/models\/\"},{\"@type\":\"ListItem\",\"position\":2,\"name\":\"Prefeitura informa que as inscri\u00e7\u00f5es para o Projovem Urbano seguem abertas at\u00e9 o fim de julho\"}]},{\"@type\":\"WebSite\",\"@id\":\"https:\/\/markd.com.br\/models\/#website\",\"url\":\"https:\/\/markd.com.br\/models\/\",\"name\":\"Not\u00edcias de Todos - Models01\",\"description\":\"Tenha um Portal de Not\u00edcias Moderno, Din\u00e2mico, R\u00e1pido e Profissional. Entregamos seu Site de  Not\u00edcias Pronto, Instalado, Hospedado, com Manual Passo a Passo e Suporte 24 horas.\",\"potentialAction\":[{\"@type\":\"SearchAction\",\"target\":{\"@type\":\"EntryPoint\",\"urlTemplate\":\"https:\/\/markd.com.br\/models\/?s={search_term_string}\"},\"query-input\":{\"@type\":\"PropertyValueSpecification\",\"valueRequired\":true,\"valueName\":\"search_term_string\"}}],\"inLanguage\":\"pt-BR\"},{\"@type\":\"Person\",\"@id\":\"https:\/\/markd.com.br\/models\/#\/schema\/person\/c12a77ab487a7262d8bec3c47301ad37\",\"name\":\"Reda\u00e7\u00e3o Reda\u00e7\u00e3o\",\"image\":{\"@type\":\"ImageObject\",\"inLanguage\":\"pt-BR\",\"@id\":\"https:\/\/markd.com.br\/models\/#\/schema\/person\/image\/\",\"url\":\"https:\/\/secure.gravatar.com\/avatar\/9448f3599ce269febf169e183039b4a6?s=96&d=mm&r=g\",\"contentUrl\":\"https:\/\/secure.gravatar.com\/avatar\/9448f3599ce269febf169e183039b4a6?s=96&d=mm&r=g\",\"caption\":\"Reda\u00e7\u00e3o Reda\u00e7\u00e3o\"},\"sameAs\":[\"https:\/\/markd.com.br\/\"],\"url\":\"https:\/\/markd.com.br\/models\/author\/redacao\/\"}]}<\/script>\n<!-- \/ Yoast SEO plugin. -->","yoast_head_json":{"title":"Prefeitura informa que as inscri\u00e7\u00f5es para o Projovem Urbano seguem abertas at\u00e9 o fim de julho - Not\u00edcias de Todos - Models01","robots":{"index":"index","follow":"follow","max-snippet":"max-snippet:-1","max-image-preview":"max-image-preview:large","max-video-preview":"max-video-preview:-1"},"canonical":"https:\/\/markd.com.br\/models\/prefeitura-informa-que-as-inscricoes-para-o-projovem-urbano-seguem-abertas-ate-o-fim-de-julho-2\/","og_locale":"pt_BR","og_type":"article","og_title":"Prefeitura informa que as inscri\u00e7\u00f5es para o Projovem Urbano seguem abertas at\u00e9 o fim de julho - Not\u00edcias de Todos - Models01","og_description":"Com o tema do ano letivo 2022&nbsp; \u201cEscola e Sociedade \u2013 Constru\u00e7\u00e3o coletiva de uma...","og_url":"https:\/\/markd.com.br\/models\/prefeitura-informa-que-as-inscricoes-para-o-projovem-urbano-seguem-abertas-ate-o-fim-de-julho-2\/","og_site_name":"Not\u00edcias de Todos - Models01","article_published_time":"2022-07-05T21:14:48+00:00","article_modified_time":"2022-07-05T21:14:52+00:00","og_image":[{"width":799,"height":445,"url":"https:\/\/markd.com.br\/models\/wp-content\/uploads\/2022\/07\/51971668858_ab2f1beb34_c-799x445-1.jpg","type":"image\/jpeg"}],"author":"Reda\u00e7\u00e3o Reda\u00e7\u00e3o","twitter_card":"summary_large_image","twitter_misc":{"Escrito por":"Reda\u00e7\u00e3o Reda\u00e7\u00e3o","Est. tempo de leitura":"2 minutos"},"schema":{"@context":"https:\/\/schema.org","@graph":[{"@type":"WebPage","@id":"https:\/\/markd.com.br\/models\/prefeitura-informa-que-as-inscricoes-para-o-projovem-urbano-seguem-abertas-ate-o-fim-de-julho-2\/","url":"https:\/\/markd.com.br\/models\/prefeitura-informa-que-as-inscricoes-para-o-projovem-urbano-seguem-abertas-ate-o-fim-de-julho-2\/","name":"Prefeitura informa que as inscri\u00e7\u00f5es para o Projovem Urbano seguem abertas at\u00e9 o fim de julho - Not\u00edcias de Todos - Models01","isPartOf":{"@id":"https:\/\/markd.com.br\/models\/#website"},"primaryImageOfPage":{"@id":"https:\/\/markd.com.br\/models\/prefeitura-informa-que-as-inscricoes-para-o-projovem-urbano-seguem-abertas-ate-o-fim-de-julho-2\/#primaryimage"},"image":{"@id":"https:\/\/markd.com.br\/models\/prefeitura-informa-que-as-inscricoes-para-o-projovem-urbano-seguem-abertas-ate-o-fim-de-julho-2\/#primaryimage"},"thumbnailUrl":"https:\/\/markd.com.br\/models\/wp-content\/uploads\/2022\/07\/51971668858_ab2f1beb34_c-799x445-1.jpg","datePublished":"2022-07-05T21:14:48+00:00","dateModified":"2022-07-05T21:14:52+00:00","author":{"@id":"https:\/\/markd.com.br\/models\/#\/schema\/person\/c12a77ab487a7262d8bec3c47301ad37"},"breadcrumb":{"@id":"https:\/\/markd.com.br\/models\/prefeitura-informa-que-as-inscricoes-para-o-projovem-urbano-seguem-abertas-ate-o-fim-de-julho-2\/#breadcrumb"},"inLanguage":"pt-BR","potentialAction":[{"@type":"ReadAction","target":["https:\/\/markd.com.br\/models\/prefeitura-informa-que-as-inscricoes-para-o-projovem-urbano-seguem-abertas-ate-o-fim-de-julho-2\/"]}]},{"@type":"ImageObject","inLanguage":"pt-BR","@id":"https:\/\/markd.com.br\/models\/prefeitura-informa-que-as-inscricoes-para-o-projovem-urbano-seguem-abertas-ate-o-fim-de-julho-2\/#primaryimage","url":"https:\/\/markd.com.br\/models\/wp-content\/uploads\/2022\/07\/51971668858_ab2f1beb34_c-799x445-1.jpg","contentUrl":"https:\/\/markd.com.br\/models\/wp-content\/uploads\/2022\/07\/51971668858_ab2f1beb34_c-799x445-1.jpg","width":799,"height":445},{"@type":"BreadcrumbList","@id":"https:\/\/markd.com.br\/models\/prefeitura-informa-que-as-inscricoes-para-o-projovem-urbano-seguem-abertas-ate-o-fim-de-julho-2\/#breadcrumb","itemListElement":[{"@type":"ListItem","position":1,"name":"In\u00edcio","item":"https:\/\/markd.com.br\/models\/"},{"@type":"ListItem","position":2,"name":"Prefeitura informa que as inscri\u00e7\u00f5es para o Projovem Urbano seguem abertas at\u00e9 o fim de julho"}]},{"@type":"WebSite","@id":"https:\/\/markd.com.br\/models\/#website","url":"https:\/\/markd.com.br\/models\/","name":"Not\u00edcias de Todos - Models01","description":"Tenha um Portal de Not\u00edcias Moderno, Din\u00e2mico, R\u00e1pido e Profissional. Entregamos seu Site de  Not\u00edcias Pronto, Instalado, Hospedado, com Manual Passo a Passo e Suporte 24 horas.","potentialAction":[{"@type":"SearchAction","target":{"@type":"EntryPoint","urlTemplate":"https:\/\/markd.com.br\/models\/?s={search_term_string}"},"query-input":{"@type":"PropertyValueSpecification","valueRequired":true,"valueName":"search_term_string"}}],"inLanguage":"pt-BR"},{"@type":"Person","@id":"https:\/\/markd.com.br\/models\/#\/schema\/person\/c12a77ab487a7262d8bec3c47301ad37","name":"Reda\u00e7\u00e3o Reda\u00e7\u00e3o","image":{"@type":"ImageObject","inLanguage":"pt-BR","@id":"https:\/\/markd.com.br\/models\/#\/schema\/person\/image\/","url":"https:\/\/secure.gravatar.com\/avatar\/9448f3599ce269febf169e183039b4a6?s=96&d=mm&r=g","contentUrl":"https:\/\/secure.gravatar.com\/avatar\/9448f3599ce269febf169e183039b4a6?s=96&d=mm&r=g","caption":"Reda\u00e7\u00e3o Reda\u00e7\u00e3o"},"sameAs":["https:\/\/markd.com.br\/"],"url":"https:\/\/markd.com.br\/models\/author\/redacao\/"}]}},"featured_image_urls":{"full":["https:\/\/markd.com.br\/models\/wp-content\/uploads\/2022\/07\/51971668858_ab2f1beb34_c-799x445-1.jpg",799,445,false],"thumbnail":["https:\/\/markd.com.br\/models\/wp-content\/uploads\/2022\/07\/51971668858_ab2f1beb34_c-799x445-1-150x150.jpg",150,150,true],"medium":["https:\/\/markd.com.br\/models\/wp-content\/uploads\/2022\/07\/51971668858_ab2f1beb34_c-799x445-1-300x167.jpg",300,167,true],"medium_large":["https:\/\/markd.com.br\/models\/wp-content\/uploads\/2022\/07\/51971668858_ab2f1beb34_c-799x445-1-768x428.jpg",640,357,true],"large":["https:\/\/markd.com.br\/models\/wp-content\/uploads\/2022\/07\/51971668858_ab2f1beb34_c-799x445-1.jpg",640,356,false],"1536x1536":["https:\/\/markd.com.br\/models\/wp-content\/uploads\/2022\/07\/51971668858_ab2f1beb34_c-799x445-1.jpg",799,445,false],"2048x2048":["https:\/\/markd.com.br\/models\/wp-content\/uploads\/2022\/07\/51971668858_ab2f1beb34_c-799x445-1.jpg",799,445,false],"newsphere-slider-full":["https:\/\/markd.com.br\/models\/wp-content\/uploads\/2022\/07\/51971668858_ab2f1beb34_c-799x445-1.jpg",799,445,false],"newsphere-featured":["https:\/\/markd.com.br\/models\/wp-content\/uploads\/2022\/07\/51971668858_ab2f1beb34_c-799x445-1.jpg",799,445,false],"newsphere-medium":["https:\/\/markd.com.br\/models\/wp-content\/uploads\/2022\/07\/51971668858_ab2f1beb34_c-799x445-1-720x380.jpg",720,380,true]},"author_info":{"display_name":"Reda\u00e7\u00e3o Reda\u00e7\u00e3o","author_link":"https:\/\/markd.com.br\/models\/author\/redacao\/"},"category_info":"<a href=\"https:\/\/markd.com.br\/models\/category\/prefeitura-de-manaus\/\" rel=\"category tag\">Prefeitura de Manaus<\/a>","tag_info":"Prefeitura de Manaus","comment_count":"0","jetpack_featured_media_url":"https:\/\/markd.com.br\/models\/wp-content\/uploads\/2022\/07\/51971668858_ab2f1beb34_c-799x445-1.jpg","_links":{"self":[{"href":"https:\/\/markd.com.br\/models\/wp-json\/wp\/v2\/posts\/2386","targetHints":{"allow":["GET"]}}],"collection":[{"href":"https:\/\/markd.com.br\/models\/wp-json\/wp\/v2\/posts"}],"about":[{"href":"https:\/\/markd.com.br\/models\/wp-json\/wp\/v2\/types\/post"}],"author":[{"embeddable":true,"href":"https:\/\/markd.com.br\/models\/wp-json\/wp\/v2\/users\/5"}],"replies":[{"embeddable":true,"href":"https:\/\/markd.com.br\/models\/wp-json\/wp\/v2\/comments?post=2386"}],"version-history":[{"count":1,"href":"https:\/\/markd.com.br\/models\/wp-json\/wp\/v2\/posts\/2386\/revisions"}],"predecessor-version":[{"id":2388,"href":"https:\/\/markd.com.br\/models\/wp-json\/wp\/v2\/posts\/2386\/revisions\/2388"}],"wp:featuredmedia":[{"embeddable":true,"href":"https:\/\/markd.com.br\/models\/wp-json\/wp\/v2\/media\/2387"}],"wp:attachment":[{"href":"https:\/\/markd.com.br\/models\/wp-json\/wp\/v2\/media?parent=2386"}],"wp:term":[{"taxonomy":"category","embeddable":true,"href":"https:\/\/markd.com.br\/models\/wp-json\/wp\/v2\/categories?post=2386"},{"taxonomy":"post_tag","embeddable":true,"href":"https:\/\/markd.com.br\/models\/wp-json\/wp\/v2\/tags?post=2386"}],"curies":[{"name":"wp","href":"https:\/\/api.w.org\/{rel}","templated":true}]}}