{"id":2389,"date":"2022-07-05T18:18:21","date_gmt":"2022-07-05T21:18:21","guid":{"rendered":"https:\/\/portaldestaquenoticias.com.br\/?p=2389"},"modified":"2022-07-05T18:18:25","modified_gmt":"2022-07-05T21:18:25","slug":"prefeito-david-almeida-apresenta-projeto-para-implantacao-de-passarela-em-frente-ao-tce","status":"publish","type":"post","link":"https:\/\/markd.com.br\/models\/prefeito-david-almeida-apresenta-projeto-para-implantacao-de-passarela-em-frente-ao-tce\/","title":{"rendered":"Prefeito David Almeida apresenta projeto para implanta\u00e7\u00e3o de passarela em frente ao TCE"},"content":{"rendered":"\n<p><\/p>\n\n\n\n<p>O prefeito de&nbsp;Manaus, David Almeida, apresentou, na manh\u00e3 desta ter\u00e7a-feira, 5\/7, o projeto de revitaliza\u00e7\u00e3o vi\u00e1ria da avenida Efig\u00eanio Salles, do trecho do viaduto M\u00e1rio Ypiranga Monteiro at\u00e9 a entrada da avenida Via L\u00e1ctea, na zona Centro-Sul da capital, ao presidente do Tribunal de Contas do Estado do Amazonas (TCE-AM), \u00c9rico Desterro.<\/p>\n\n\n\n<p>Com prazo de 12 meses para conclus\u00e3o, a a\u00e7\u00e3o visa alargar a via e implantar uma passarela, em frente ao \u00f3rg\u00e3o fiscalizador, para extinguir o sem\u00e1foro existente no local,&nbsp;que provoca reten\u00e7\u00e3o&nbsp;no tr\u00e2nsito. Ap\u00f3s a finaliza\u00e7\u00e3o da obra, o TCE-AM ir\u00e1 assumir a manuten\u00e7\u00e3o da passarela.<\/p>\n\n\n\n<p>Para o prefeito David Almeida, parcerias como essa ser\u00e3o fundamentais para a moderniza\u00e7\u00e3o e melhoria da mobilidade urbana de Manaus. \u201cN\u00f3s estamos trabalhando a quest\u00e3o da mobilidade urbana no tr\u00e2nsito. Uma a\u00e7\u00e3o como essa, elimina\u00e7\u00e3o de um sem\u00e1foro em uma via como a Efig\u00eanio Salles, que \u00e9 uma das mais importantes, vem nos ajudar. Estamos trabalhando na constru\u00e7\u00e3o de uma passarela e o alargamento desde a antiga Recife at\u00e9 a Via L\u00e1ctea, na Morada do Sol. \u00c9 uma obra complexa, que entre licita\u00e7\u00e3o e execu\u00e7\u00e3o do projeto, n\u00f3s temos uma estimativa de at\u00e9 12 meses, mas acredito que possamos diminuir esse prazo. Estamos exatamente aqui na frente do TCE, porque essa passarela beneficia tamb\u00e9m o \u00f3rg\u00e3o. \u00c9 uma parceria que estamos propondo ao presidente \u00c9rico (Desterro), que, ao construirmos essa obra, o pr\u00f3prio tribunal possa dar manuten\u00e7\u00e3o, cuidar, zelar por essa passarela, assim como outras a\u00e7\u00f5es que iremos fazer com outros poderes e outras institui\u00e7\u00f5es privadas\u201d, enfatizou Almeida.<\/p>\n\n\n\n<p>Durante a visita, o gestor municipal foi acompanhado pelo titular da Secretaria Municipal de Infraestrutura (Seminf), Renato J\u00fanior, pelo subsecret\u00e1rio de Obras P\u00fablicas, Madson Rodrigues, e pelo titular da Secretaria Municipal de Comunica\u00e7\u00e3o (Semcom), Israel Conte.<\/p>\n\n\n\n<p>De acordo com o presidente do TCE-AM, \u00c9rico Desterro, a iniciativa da atual administra\u00e7\u00e3o de Manaus deve servir de exemplo para os demais munic\u00edpios, pois \u00e9 inovadora e atende a uma demanda antiga da popula\u00e7\u00e3o. \u201cEu fico muito feliz, primeiro com a presen\u00e7a do prefeito de Manaus no Tribunal de Contas. H\u00e1 muito tempo, os prefeitos v\u00eam prometendo solucionar o problema da mobilidade aqui nesta via, sobretudo, em frente ao TCE. \u00c9 um motivo de queixa da popula\u00e7\u00e3o, de uma forma geral a esse sem\u00e1foro que interrompe uma via de muito tr\u00e2nsito. E eu comemoro isso. O prefeito revela que, ao fim da constru\u00e7\u00e3o, o tribunal assumir\u00e1, ao menos parcialmente a manuten\u00e7\u00e3o, e \u00e9 verdadeiro. Eu acredito que o futuro \u00e9 este, que as institui\u00e7\u00f5es p\u00fablicas e privadas fa\u00e7am parcerias com a prefeitura para manter pra\u00e7as, manter o aparelhamento da cidade comum para a sociedade. Se n\u00f3s pudermos, n\u00f3s iremos evidentemente levar isso adiante\u201d, afirmou Desterro.<\/p>\n\n\n\n<p>Segundo informa\u00e7\u00f5es da Seminf, o alargamento da via ir\u00e1 modificar o canteiro central e contar\u00e1 com desapropria\u00e7\u00f5es pontuais. A nova cal\u00e7ada ser\u00e1 de concreto e a constru\u00e7\u00e3o da passarela ser\u00e1 realizada em estrutura met\u00e1lica pr\u00e9-moldada, com a instala\u00e7\u00e3o de duas torres profundas com dois elevadores.<\/p>\n\n\n\n<p>Madson Rodrigues confirma que o servi\u00e7o deve ser realizado prioritariamente \u00e0 noite, para evitar preju\u00edzos no tr\u00e2nsito da cidade. \u201cA passarela vir\u00e1 transportada por um guindaste, ent\u00e3o provavelmente a passarela em si vai demorar, no m\u00e1ximo, seis meses. A obra toda ser\u00e1 conclu\u00edda em, no m\u00e1ximo, 12 meses. Fazendo ela pr\u00e9-moldada, a interrup\u00e7\u00e3o do tr\u00e2nsito ser\u00e1 m\u00ednima. Vamos trabalhar, sempre que poss\u00edvel, no per\u00edodo noturno\u201d, concluiu o subsecret\u00e1rio.<\/p>\n\n\n\n<p>\u2014 \u2014 \u2014<\/p>\n\n\n\n<p><strong>Texto<\/strong>&nbsp;\u2013 Thiago Fernando\/Semcom<\/p>\n\n\n\n<p><strong>Fotos<\/strong>&nbsp;\u2013 Dhyeizo Lemos\/Semcom<\/p>\n","protected":false},"excerpt":{"rendered":"<p>O prefeito de&nbsp;Manaus, David Almeida, apresentou, na manh\u00e3 desta ter\u00e7a-feira, 5\/7, o projeto de revitaliza\u00e7\u00e3o&#8230;<\/p>\n","protected":false},"author":5,"featured_media":2390,"comment_status":"open","ping_status":"open","sticky":false,"template":"","format":"standard","meta":{"footnotes":""},"categories":[35],"tags":[43,400,169],"class_list":["post-2389","post","type-post","status-publish","format-standard","has-post-thumbnail","hentry","category-prefeitura-de-manaus","tag-prefeitura-de-manaus","tag-seminf","tag-tce-am"],"yoast_head":"<!-- This site is optimized with the Yoast SEO plugin v24.4 - https:\/\/yoast.com\/wordpress\/plugins\/seo\/ -->\n<title>Prefeito David Almeida apresenta projeto para implanta\u00e7\u00e3o de passarela em frente ao TCE - Not\u00edcias de Todos - Models01<\/title>\n<meta name=\"robots\" content=\"index, follow, max-snippet:-1, max-image-preview:large, max-video-preview:-1\" \/>\n<link rel=\"canonical\" href=\"https:\/\/markd.com.br\/models\/prefeito-david-almeida-apresenta-projeto-para-implantacao-de-passarela-em-frente-ao-tce\/\" \/>\n<meta property=\"og:locale\" content=\"pt_BR\" \/>\n<meta property=\"og:type\" content=\"article\" \/>\n<meta property=\"og:title\" content=\"Prefeito David Almeida apresenta projeto para implanta\u00e7\u00e3o de passarela em frente ao TCE - Not\u00edcias de Todos - Models01\" \/>\n<meta property=\"og:description\" content=\"O prefeito de&nbsp;Manaus, David Almeida, apresentou, na manh\u00e3 desta ter\u00e7a-feira, 5\/7, o projeto de revitaliza\u00e7\u00e3o...\" \/>\n<meta property=\"og:url\" content=\"https:\/\/markd.com.br\/models\/prefeito-david-almeida-apresenta-projeto-para-implantacao-de-passarela-em-frente-ao-tce\/\" \/>\n<meta property=\"og:site_name\" content=\"Not\u00edcias de Todos - Models01\" \/>\n<meta property=\"article:published_time\" content=\"2022-07-05T21:18:21+00:00\" \/>\n<meta property=\"article:modified_time\" content=\"2022-07-05T21:18:25+00:00\" \/>\n<meta property=\"og:image\" content=\"https:\/\/markd.com.br\/models\/wp-content\/uploads\/2022\/07\/52195805823_ca050e98ef_c-799x445-1.jpg\" \/>\n\t<meta property=\"og:image:width\" content=\"799\" \/>\n\t<meta property=\"og:image:height\" content=\"445\" \/>\n\t<meta property=\"og:image:type\" content=\"image\/jpeg\" \/>\n<meta name=\"author\" content=\"Reda\u00e7\u00e3o Reda\u00e7\u00e3o\" \/>\n<meta name=\"twitter:card\" content=\"summary_large_image\" \/>\n<meta name=\"twitter:label1\" content=\"Escrito por\" \/>\n\t<meta name=\"twitter:data1\" content=\"Reda\u00e7\u00e3o Reda\u00e7\u00e3o\" \/>\n\t<meta name=\"twitter:label2\" content=\"Est. tempo de leitura\" \/>\n\t<meta name=\"twitter:data2\" content=\"4 minutos\" \/>\n<script type=\"application\/ld+json\" class=\"yoast-schema-graph\">{\"@context\":\"https:\/\/schema.org\",\"@graph\":[{\"@type\":\"WebPage\",\"@id\":\"https:\/\/markd.com.br\/models\/prefeito-david-almeida-apresenta-projeto-para-implantacao-de-passarela-em-frente-ao-tce\/\",\"url\":\"https:\/\/markd.com.br\/models\/prefeito-david-almeida-apresenta-projeto-para-implantacao-de-passarela-em-frente-ao-tce\/\",\"name\":\"Prefeito David Almeida apresenta projeto para implanta\u00e7\u00e3o de passarela em frente ao TCE - Not\u00edcias de Todos - Models01\",\"isPartOf\":{\"@id\":\"https:\/\/markd.com.br\/models\/#website\"},\"primaryImageOfPage\":{\"@id\":\"https:\/\/markd.com.br\/models\/prefeito-david-almeida-apresenta-projeto-para-implantacao-de-passarela-em-frente-ao-tce\/#primaryimage\"},\"image\":{\"@id\":\"https:\/\/markd.com.br\/models\/prefeito-david-almeida-apresenta-projeto-para-implantacao-de-passarela-em-frente-ao-tce\/#primaryimage\"},\"thumbnailUrl\":\"https:\/\/markd.com.br\/models\/wp-content\/uploads\/2022\/07\/52195805823_ca050e98ef_c-799x445-1.jpg\",\"datePublished\":\"2022-07-05T21:18:21+00:00\",\"dateModified\":\"2022-07-05T21:18:25+00:00\",\"author\":{\"@id\":\"https:\/\/markd.com.br\/models\/#\/schema\/person\/c12a77ab487a7262d8bec3c47301ad37\"},\"breadcrumb\":{\"@id\":\"https:\/\/markd.com.br\/models\/prefeito-david-almeida-apresenta-projeto-para-implantacao-de-passarela-em-frente-ao-tce\/#breadcrumb\"},\"inLanguage\":\"pt-BR\",\"potentialAction\":[{\"@type\":\"ReadAction\",\"target\":[\"https:\/\/markd.com.br\/models\/prefeito-david-almeida-apresenta-projeto-para-implantacao-de-passarela-em-frente-ao-tce\/\"]}]},{\"@type\":\"ImageObject\",\"inLanguage\":\"pt-BR\",\"@id\":\"https:\/\/markd.com.br\/models\/prefeito-david-almeida-apresenta-projeto-para-implantacao-de-passarela-em-frente-ao-tce\/#primaryimage\",\"url\":\"https:\/\/markd.com.br\/models\/wp-content\/uploads\/2022\/07\/52195805823_ca050e98ef_c-799x445-1.jpg\",\"contentUrl\":\"https:\/\/markd.com.br\/models\/wp-content\/uploads\/2022\/07\/52195805823_ca050e98ef_c-799x445-1.jpg\",\"width\":799,\"height\":445},{\"@type\":\"BreadcrumbList\",\"@id\":\"https:\/\/markd.com.br\/models\/prefeito-david-almeida-apresenta-projeto-para-implantacao-de-passarela-em-frente-ao-tce\/#breadcrumb\",\"itemListElement\":[{\"@type\":\"ListItem\",\"position\":1,\"name\":\"In\u00edcio\",\"item\":\"https:\/\/markd.com.br\/models\/\"},{\"@type\":\"ListItem\",\"position\":2,\"name\":\"Prefeito David Almeida apresenta projeto para implanta\u00e7\u00e3o de passarela em frente ao TCE\"}]},{\"@type\":\"WebSite\",\"@id\":\"https:\/\/markd.com.br\/models\/#website\",\"url\":\"https:\/\/markd.com.br\/models\/\",\"name\":\"Not\u00edcias de Todos - Models01\",\"description\":\"Tenha um Portal de Not\u00edcias Moderno, Din\u00e2mico, R\u00e1pido e Profissional. Entregamos seu Site de  Not\u00edcias Pronto, Instalado, Hospedado, com Manual Passo a Passo e Suporte 24 horas.\",\"potentialAction\":[{\"@type\":\"SearchAction\",\"target\":{\"@type\":\"EntryPoint\",\"urlTemplate\":\"https:\/\/markd.com.br\/models\/?s={search_term_string}\"},\"query-input\":{\"@type\":\"PropertyValueSpecification\",\"valueRequired\":true,\"valueName\":\"search_term_string\"}}],\"inLanguage\":\"pt-BR\"},{\"@type\":\"Person\",\"@id\":\"https:\/\/markd.com.br\/models\/#\/schema\/person\/c12a77ab487a7262d8bec3c47301ad37\",\"name\":\"Reda\u00e7\u00e3o Reda\u00e7\u00e3o\",\"image\":{\"@type\":\"ImageObject\",\"inLanguage\":\"pt-BR\",\"@id\":\"https:\/\/markd.com.br\/models\/#\/schema\/person\/image\/\",\"url\":\"https:\/\/secure.gravatar.com\/avatar\/9448f3599ce269febf169e183039b4a6?s=96&d=mm&r=g\",\"contentUrl\":\"https:\/\/secure.gravatar.com\/avatar\/9448f3599ce269febf169e183039b4a6?s=96&d=mm&r=g\",\"caption\":\"Reda\u00e7\u00e3o Reda\u00e7\u00e3o\"},\"sameAs\":[\"https:\/\/markd.com.br\/\"],\"url\":\"https:\/\/markd.com.br\/models\/author\/redacao\/\"}]}<\/script>\n<!-- \/ Yoast SEO plugin. -->","yoast_head_json":{"title":"Prefeito David Almeida apresenta projeto para implanta\u00e7\u00e3o de passarela em frente ao TCE - Not\u00edcias de Todos - Models01","robots":{"index":"index","follow":"follow","max-snippet":"max-snippet:-1","max-image-preview":"max-image-preview:large","max-video-preview":"max-video-preview:-1"},"canonical":"https:\/\/markd.com.br\/models\/prefeito-david-almeida-apresenta-projeto-para-implantacao-de-passarela-em-frente-ao-tce\/","og_locale":"pt_BR","og_type":"article","og_title":"Prefeito David Almeida apresenta projeto para implanta\u00e7\u00e3o de passarela em frente ao TCE - Not\u00edcias de Todos - Models01","og_description":"O prefeito de&nbsp;Manaus, David Almeida, apresentou, na manh\u00e3 desta ter\u00e7a-feira, 5\/7, o projeto de revitaliza\u00e7\u00e3o...","og_url":"https:\/\/markd.com.br\/models\/prefeito-david-almeida-apresenta-projeto-para-implantacao-de-passarela-em-frente-ao-tce\/","og_site_name":"Not\u00edcias de Todos - Models01","article_published_time":"2022-07-05T21:18:21+00:00","article_modified_time":"2022-07-05T21:18:25+00:00","og_image":[{"width":799,"height":445,"url":"https:\/\/markd.com.br\/models\/wp-content\/uploads\/2022\/07\/52195805823_ca050e98ef_c-799x445-1.jpg","type":"image\/jpeg"}],"author":"Reda\u00e7\u00e3o Reda\u00e7\u00e3o","twitter_card":"summary_large_image","twitter_misc":{"Escrito por":"Reda\u00e7\u00e3o Reda\u00e7\u00e3o","Est. tempo de leitura":"4 minutos"},"schema":{"@context":"https:\/\/schema.org","@graph":[{"@type":"WebPage","@id":"https:\/\/markd.com.br\/models\/prefeito-david-almeida-apresenta-projeto-para-implantacao-de-passarela-em-frente-ao-tce\/","url":"https:\/\/markd.com.br\/models\/prefeito-david-almeida-apresenta-projeto-para-implantacao-de-passarela-em-frente-ao-tce\/","name":"Prefeito David Almeida apresenta projeto para implanta\u00e7\u00e3o de passarela em frente ao TCE - Not\u00edcias de Todos - Models01","isPartOf":{"@id":"https:\/\/markd.com.br\/models\/#website"},"primaryImageOfPage":{"@id":"https:\/\/markd.com.br\/models\/prefeito-david-almeida-apresenta-projeto-para-implantacao-de-passarela-em-frente-ao-tce\/#primaryimage"},"image":{"@id":"https:\/\/markd.com.br\/models\/prefeito-david-almeida-apresenta-projeto-para-implantacao-de-passarela-em-frente-ao-tce\/#primaryimage"},"thumbnailUrl":"https:\/\/markd.com.br\/models\/wp-content\/uploads\/2022\/07\/52195805823_ca050e98ef_c-799x445-1.jpg","datePublished":"2022-07-05T21:18:21+00:00","dateModified":"2022-07-05T21:18:25+00:00","author":{"@id":"https:\/\/markd.com.br\/models\/#\/schema\/person\/c12a77ab487a7262d8bec3c47301ad37"},"breadcrumb":{"@id":"https:\/\/markd.com.br\/models\/prefeito-david-almeida-apresenta-projeto-para-implantacao-de-passarela-em-frente-ao-tce\/#breadcrumb"},"inLanguage":"pt-BR","potentialAction":[{"@type":"ReadAction","target":["https:\/\/markd.com.br\/models\/prefeito-david-almeida-apresenta-projeto-para-implantacao-de-passarela-em-frente-ao-tce\/"]}]},{"@type":"ImageObject","inLanguage":"pt-BR","@id":"https:\/\/markd.com.br\/models\/prefeito-david-almeida-apresenta-projeto-para-implantacao-de-passarela-em-frente-ao-tce\/#primaryimage","url":"https:\/\/markd.com.br\/models\/wp-content\/uploads\/2022\/07\/52195805823_ca050e98ef_c-799x445-1.jpg","contentUrl":"https:\/\/markd.com.br\/models\/wp-content\/uploads\/2022\/07\/52195805823_ca050e98ef_c-799x445-1.jpg","width":799,"height":445},{"@type":"BreadcrumbList","@id":"https:\/\/markd.com.br\/models\/prefeito-david-almeida-apresenta-projeto-para-implantacao-de-passarela-em-frente-ao-tce\/#breadcrumb","itemListElement":[{"@type":"ListItem","position":1,"name":"In\u00edcio","item":"https:\/\/markd.com.br\/models\/"},{"@type":"ListItem","position":2,"name":"Prefeito David Almeida apresenta projeto para implanta\u00e7\u00e3o de passarela em frente ao TCE"}]},{"@type":"WebSite","@id":"https:\/\/markd.com.br\/models\/#website","url":"https:\/\/markd.com.br\/models\/","name":"Not\u00edcias de Todos - Models01","description":"Tenha um Portal de Not\u00edcias Moderno, Din\u00e2mico, R\u00e1pido e Profissional. Entregamos seu Site de  Not\u00edcias Pronto, Instalado, Hospedado, com Manual Passo a Passo e Suporte 24 horas.","potentialAction":[{"@type":"SearchAction","target":{"@type":"EntryPoint","urlTemplate":"https:\/\/markd.com.br\/models\/?s={search_term_string}"},"query-input":{"@type":"PropertyValueSpecification","valueRequired":true,"valueName":"search_term_string"}}],"inLanguage":"pt-BR"},{"@type":"Person","@id":"https:\/\/markd.com.br\/models\/#\/schema\/person\/c12a77ab487a7262d8bec3c47301ad37","name":"Reda\u00e7\u00e3o Reda\u00e7\u00e3o","image":{"@type":"ImageObject","inLanguage":"pt-BR","@id":"https:\/\/markd.com.br\/models\/#\/schema\/person\/image\/","url":"https:\/\/secure.gravatar.com\/avatar\/9448f3599ce269febf169e183039b4a6?s=96&d=mm&r=g","contentUrl":"https:\/\/secure.gravatar.com\/avatar\/9448f3599ce269febf169e183039b4a6?s=96&d=mm&r=g","caption":"Reda\u00e7\u00e3o Reda\u00e7\u00e3o"},"sameAs":["https:\/\/markd.com.br\/"],"url":"https:\/\/markd.com.br\/models\/author\/redacao\/"}]}},"featured_image_urls":{"full":["https:\/\/markd.com.br\/models\/wp-content\/uploads\/2022\/07\/52195805823_ca050e98ef_c-799x445-1.jpg",799,445,false],"thumbnail":["https:\/\/markd.com.br\/models\/wp-content\/uploads\/2022\/07\/52195805823_ca050e98ef_c-799x445-1-150x150.jpg",150,150,true],"medium":["https:\/\/markd.com.br\/models\/wp-content\/uploads\/2022\/07\/52195805823_ca050e98ef_c-799x445-1-300x167.jpg",300,167,true],"medium_large":["https:\/\/markd.com.br\/models\/wp-content\/uploads\/2022\/07\/52195805823_ca050e98ef_c-799x445-1-768x428.jpg",640,357,true],"large":["https:\/\/markd.com.br\/models\/wp-content\/uploads\/2022\/07\/52195805823_ca050e98ef_c-799x445-1.jpg",640,356,false],"1536x1536":["https:\/\/markd.com.br\/models\/wp-content\/uploads\/2022\/07\/52195805823_ca050e98ef_c-799x445-1.jpg",799,445,false],"2048x2048":["https:\/\/markd.com.br\/models\/wp-content\/uploads\/2022\/07\/52195805823_ca050e98ef_c-799x445-1.jpg",799,445,false],"newsphere-slider-full":["https:\/\/markd.com.br\/models\/wp-content\/uploads\/2022\/07\/52195805823_ca050e98ef_c-799x445-1.jpg",799,445,false],"newsphere-featured":["https:\/\/markd.com.br\/models\/wp-content\/uploads\/2022\/07\/52195805823_ca050e98ef_c-799x445-1.jpg",799,445,false],"newsphere-medium":["https:\/\/markd.com.br\/models\/wp-content\/uploads\/2022\/07\/52195805823_ca050e98ef_c-799x445-1-720x380.jpg",720,380,true]},"author_info":{"display_name":"Reda\u00e7\u00e3o Reda\u00e7\u00e3o","author_link":"https:\/\/markd.com.br\/models\/author\/redacao\/"},"category_info":"<a href=\"https:\/\/markd.com.br\/models\/category\/prefeitura-de-manaus\/\" rel=\"category tag\">Prefeitura de Manaus<\/a>","tag_info":"Prefeitura de Manaus","comment_count":"0","jetpack_featured_media_url":"https:\/\/markd.com.br\/models\/wp-content\/uploads\/2022\/07\/52195805823_ca050e98ef_c-799x445-1.jpg","_links":{"self":[{"href":"https:\/\/markd.com.br\/models\/wp-json\/wp\/v2\/posts\/2389","targetHints":{"allow":["GET"]}}],"collection":[{"href":"https:\/\/markd.com.br\/models\/wp-json\/wp\/v2\/posts"}],"about":[{"href":"https:\/\/markd.com.br\/models\/wp-json\/wp\/v2\/types\/post"}],"author":[{"embeddable":true,"href":"https:\/\/markd.com.br\/models\/wp-json\/wp\/v2\/users\/5"}],"replies":[{"embeddable":true,"href":"https:\/\/markd.com.br\/models\/wp-json\/wp\/v2\/comments?post=2389"}],"version-history":[{"count":1,"href":"https:\/\/markd.com.br\/models\/wp-json\/wp\/v2\/posts\/2389\/revisions"}],"predecessor-version":[{"id":2391,"href":"https:\/\/markd.com.br\/models\/wp-json\/wp\/v2\/posts\/2389\/revisions\/2391"}],"wp:featuredmedia":[{"embeddable":true,"href":"https:\/\/markd.com.br\/models\/wp-json\/wp\/v2\/media\/2390"}],"wp:attachment":[{"href":"https:\/\/markd.com.br\/models\/wp-json\/wp\/v2\/media?parent=2389"}],"wp:term":[{"taxonomy":"category","embeddable":true,"href":"https:\/\/markd.com.br\/models\/wp-json\/wp\/v2\/categories?post=2389"},{"taxonomy":"post_tag","embeddable":true,"href":"https:\/\/markd.com.br\/models\/wp-json\/wp\/v2\/tags?post=2389"}],"curies":[{"name":"wp","href":"https:\/\/api.w.org\/{rel}","templated":true}]}}