{"id":2395,"date":"2022-07-05T18:28:29","date_gmt":"2022-07-05T21:28:29","guid":{"rendered":"https:\/\/portaldestaquenoticias.com.br\/?p=2395"},"modified":"2022-07-05T18:28:32","modified_gmt":"2022-07-05T21:28:32","slug":"caca-intercepta-voo-comercial-apos-ameaca-de-bomba-na-espanha","status":"publish","type":"post","link":"https:\/\/markd.com.br\/models\/caca-intercepta-voo-comercial-apos-ameaca-de-bomba-na-espanha\/","title":{"rendered":"Ca\u00e7a intercepta voo comercial ap\u00f3s amea\u00e7a de bomba na Espanha"},"content":{"rendered":"\n<p><\/p>\n\n\n\n<p>Um ca\u00e7a espanhol interceptou no domingo (3) um voo comercial por causa de uma amea\u00e7a de bomba em Minorca, na Espanha. A Guarda Civil confirmou que a torre de controle do aeroporto foi alertada para uma amea\u00e7a feita nas redes sociais por um brit\u00e2nico de 18 anos que estava a bordo, o que levou a uma opera\u00e7\u00e3o especial, segundo o jornal brit\u00e2nico The Guardian.<\/p>\n\n\n\n<p>Em v\u00eddeo publicado no Twitter, um passageiro filma pela janela um ca\u00e7a que fica parelho ao avi\u00e3o que levava os passageiros. A aeronave precisou pousar em Mahon, a capital da ilha, e ser levada para uma \u00e1rea separada do terminal principal, sendo submetida a especialistas em elimina\u00e7\u00e3o de bombas e c\u00e3es farejadores.<\/p>\n\n\n\n<p>A Guarda Civil concluiu que a amea\u00e7a era falsa e o jovem foi preso. \u201cA Guarda Civil prendeu um cidad\u00e3o brit\u00e2nico de 18 anos como suposto autor de um crime de desordem p\u00fablica. A torre de controle do aeroporto de Minorca foi alertada sobre uma amea\u00e7a de bomba em um avi\u00e3o que seguia de Londres para a capital da ilha, Mahon, que ainda estava no ar e se aproximando do aeroporto. A amea\u00e7a teria sido enviada em uma plataforma de m\u00eddia social\u201d, disse uma porta-voz.<\/p>\n\n\n\n<figure class=\"wp-block-embed is-type-rich is-provider-twitter wp-block-embed-twitter\"><div class=\"wp-block-embed__wrapper\">\nhttps:\/\/twitter.com\/iandrleslie\/status\/1543617401429921793?s=20&#038;t=ze6lX8-QciHK2QfMHGS4FA\n<\/div><\/figure>\n\n\n\n<p>O \u00f3rg\u00e3o detalhou os procedimentos para checar se a amea\u00e7a realmente era falsa. \u201cOs passageiros foram desembarcados e o protocolo foi estabelecido at\u00e9 que a pol\u00edcia pudesse confirmar que era uma falsa amea\u00e7a de bomba, e o respons\u00e1vel foi identificado nas redes sociais junto a outros cinco companheiros como testemunhas. Eles foram levados para uma delegacia para que os policiais pudessem esclarecer a situa\u00e7\u00e3o\u201d.<\/p>\n\n\n\n<p>A easyJet, companhia a\u00e9rea do voo, confirmou o incidente. \u201cA EasyJet pode confirmar que o voo EZY8303 de Londres para Minorca foi escoltado por aeronaves militares durante o pouso e teve atraso no desembarque devido \u00e0s verifica\u00e7\u00f5es de seguran\u00e7a preventivas\u201d, disse um porta-voz da empresa.<\/p>\n\n\n\n<p>Fonte Uol Noticias<\/p>\n","protected":false},"excerpt":{"rendered":"<p>Um ca\u00e7a espanhol interceptou no domingo (3) um voo comercial por causa de uma amea\u00e7a&#8230;<\/p>\n","protected":false},"author":5,"featured_media":2396,"comment_status":"open","ping_status":"open","sticky":false,"template":"","format":"standard","meta":{"footnotes":""},"categories":[18],"tags":[707,40],"class_list":["post-2395","post","type-post","status-publish","format-standard","has-post-thumbnail","hentry","category-mundo","tag-guarda-civil","tag-policia"],"yoast_head":"<!-- This site is optimized with the Yoast SEO plugin v24.4 - https:\/\/yoast.com\/wordpress\/plugins\/seo\/ -->\n<title>Ca\u00e7a intercepta voo comercial ap\u00f3s amea\u00e7a de bomba na Espanha - Not\u00edcias de Todos - Models01<\/title>\n<meta name=\"robots\" content=\"index, follow, max-snippet:-1, max-image-preview:large, max-video-preview:-1\" \/>\n<link rel=\"canonical\" href=\"https:\/\/markd.com.br\/models\/caca-intercepta-voo-comercial-apos-ameaca-de-bomba-na-espanha\/\" \/>\n<meta property=\"og:locale\" content=\"pt_BR\" \/>\n<meta property=\"og:type\" content=\"article\" \/>\n<meta property=\"og:title\" content=\"Ca\u00e7a intercepta voo comercial ap\u00f3s amea\u00e7a de bomba na Espanha - Not\u00edcias de Todos - Models01\" \/>\n<meta property=\"og:description\" content=\"Um ca\u00e7a espanhol interceptou no domingo (3) um voo comercial por causa de uma amea\u00e7a...\" \/>\n<meta property=\"og:url\" content=\"https:\/\/markd.com.br\/models\/caca-intercepta-voo-comercial-apos-ameaca-de-bomba-na-espanha\/\" \/>\n<meta property=\"og:site_name\" content=\"Not\u00edcias de Todos - Models01\" \/>\n<meta property=\"article:published_time\" content=\"2022-07-05T21:28:29+00:00\" \/>\n<meta property=\"article:modified_time\" content=\"2022-07-05T21:28:32+00:00\" \/>\n<meta property=\"og:image\" content=\"https:\/\/markd.com.br\/models\/wp-content\/uploads\/2022\/07\/jovem-de-18-anos-que-fez-a-ameaca-de-bomba-acabou-sendo-preso-1657043722096_v2_900x506.jpg-640x445-1.jpg\" \/>\n\t<meta property=\"og:image:width\" content=\"640\" \/>\n\t<meta property=\"og:image:height\" content=\"445\" \/>\n\t<meta property=\"og:image:type\" content=\"image\/jpeg\" \/>\n<meta name=\"author\" content=\"Reda\u00e7\u00e3o Reda\u00e7\u00e3o\" \/>\n<meta name=\"twitter:card\" content=\"summary_large_image\" \/>\n<meta name=\"twitter:label1\" content=\"Escrito por\" \/>\n\t<meta name=\"twitter:data1\" content=\"Reda\u00e7\u00e3o Reda\u00e7\u00e3o\" \/>\n\t<meta name=\"twitter:label2\" content=\"Est. tempo de leitura\" \/>\n\t<meta name=\"twitter:data2\" content=\"2 minutos\" \/>\n<script type=\"application\/ld+json\" class=\"yoast-schema-graph\">{\"@context\":\"https:\/\/schema.org\",\"@graph\":[{\"@type\":\"WebPage\",\"@id\":\"https:\/\/markd.com.br\/models\/caca-intercepta-voo-comercial-apos-ameaca-de-bomba-na-espanha\/\",\"url\":\"https:\/\/markd.com.br\/models\/caca-intercepta-voo-comercial-apos-ameaca-de-bomba-na-espanha\/\",\"name\":\"Ca\u00e7a intercepta voo comercial ap\u00f3s amea\u00e7a de bomba na Espanha - Not\u00edcias de Todos - Models01\",\"isPartOf\":{\"@id\":\"https:\/\/markd.com.br\/models\/#website\"},\"primaryImageOfPage\":{\"@id\":\"https:\/\/markd.com.br\/models\/caca-intercepta-voo-comercial-apos-ameaca-de-bomba-na-espanha\/#primaryimage\"},\"image\":{\"@id\":\"https:\/\/markd.com.br\/models\/caca-intercepta-voo-comercial-apos-ameaca-de-bomba-na-espanha\/#primaryimage\"},\"thumbnailUrl\":\"https:\/\/markd.com.br\/models\/wp-content\/uploads\/2022\/07\/jovem-de-18-anos-que-fez-a-ameaca-de-bomba-acabou-sendo-preso-1657043722096_v2_900x506.jpg-640x445-1.jpg\",\"datePublished\":\"2022-07-05T21:28:29+00:00\",\"dateModified\":\"2022-07-05T21:28:32+00:00\",\"author\":{\"@id\":\"https:\/\/markd.com.br\/models\/#\/schema\/person\/c12a77ab487a7262d8bec3c47301ad37\"},\"breadcrumb\":{\"@id\":\"https:\/\/markd.com.br\/models\/caca-intercepta-voo-comercial-apos-ameaca-de-bomba-na-espanha\/#breadcrumb\"},\"inLanguage\":\"pt-BR\",\"potentialAction\":[{\"@type\":\"ReadAction\",\"target\":[\"https:\/\/markd.com.br\/models\/caca-intercepta-voo-comercial-apos-ameaca-de-bomba-na-espanha\/\"]}]},{\"@type\":\"ImageObject\",\"inLanguage\":\"pt-BR\",\"@id\":\"https:\/\/markd.com.br\/models\/caca-intercepta-voo-comercial-apos-ameaca-de-bomba-na-espanha\/#primaryimage\",\"url\":\"https:\/\/markd.com.br\/models\/wp-content\/uploads\/2022\/07\/jovem-de-18-anos-que-fez-a-ameaca-de-bomba-acabou-sendo-preso-1657043722096_v2_900x506.jpg-640x445-1.jpg\",\"contentUrl\":\"https:\/\/markd.com.br\/models\/wp-content\/uploads\/2022\/07\/jovem-de-18-anos-que-fez-a-ameaca-de-bomba-acabou-sendo-preso-1657043722096_v2_900x506.jpg-640x445-1.jpg\",\"width\":640,\"height\":445},{\"@type\":\"BreadcrumbList\",\"@id\":\"https:\/\/markd.com.br\/models\/caca-intercepta-voo-comercial-apos-ameaca-de-bomba-na-espanha\/#breadcrumb\",\"itemListElement\":[{\"@type\":\"ListItem\",\"position\":1,\"name\":\"In\u00edcio\",\"item\":\"https:\/\/markd.com.br\/models\/\"},{\"@type\":\"ListItem\",\"position\":2,\"name\":\"Ca\u00e7a intercepta voo comercial ap\u00f3s amea\u00e7a de bomba na Espanha\"}]},{\"@type\":\"WebSite\",\"@id\":\"https:\/\/markd.com.br\/models\/#website\",\"url\":\"https:\/\/markd.com.br\/models\/\",\"name\":\"Not\u00edcias de Todos - Models01\",\"description\":\"Tenha um Portal de Not\u00edcias Moderno, Din\u00e2mico, R\u00e1pido e Profissional. Entregamos seu Site de  Not\u00edcias Pronto, Instalado, Hospedado, com Manual Passo a Passo e Suporte 24 horas.\",\"potentialAction\":[{\"@type\":\"SearchAction\",\"target\":{\"@type\":\"EntryPoint\",\"urlTemplate\":\"https:\/\/markd.com.br\/models\/?s={search_term_string}\"},\"query-input\":{\"@type\":\"PropertyValueSpecification\",\"valueRequired\":true,\"valueName\":\"search_term_string\"}}],\"inLanguage\":\"pt-BR\"},{\"@type\":\"Person\",\"@id\":\"https:\/\/markd.com.br\/models\/#\/schema\/person\/c12a77ab487a7262d8bec3c47301ad37\",\"name\":\"Reda\u00e7\u00e3o Reda\u00e7\u00e3o\",\"image\":{\"@type\":\"ImageObject\",\"inLanguage\":\"pt-BR\",\"@id\":\"https:\/\/markd.com.br\/models\/#\/schema\/person\/image\/\",\"url\":\"https:\/\/secure.gravatar.com\/avatar\/9448f3599ce269febf169e183039b4a6?s=96&d=mm&r=g\",\"contentUrl\":\"https:\/\/secure.gravatar.com\/avatar\/9448f3599ce269febf169e183039b4a6?s=96&d=mm&r=g\",\"caption\":\"Reda\u00e7\u00e3o Reda\u00e7\u00e3o\"},\"sameAs\":[\"https:\/\/markd.com.br\/\"],\"url\":\"https:\/\/markd.com.br\/models\/author\/redacao\/\"}]}<\/script>\n<!-- \/ Yoast SEO plugin. -->","yoast_head_json":{"title":"Ca\u00e7a intercepta voo comercial ap\u00f3s amea\u00e7a de bomba na Espanha - Not\u00edcias de Todos - Models01","robots":{"index":"index","follow":"follow","max-snippet":"max-snippet:-1","max-image-preview":"max-image-preview:large","max-video-preview":"max-video-preview:-1"},"canonical":"https:\/\/markd.com.br\/models\/caca-intercepta-voo-comercial-apos-ameaca-de-bomba-na-espanha\/","og_locale":"pt_BR","og_type":"article","og_title":"Ca\u00e7a intercepta voo comercial ap\u00f3s amea\u00e7a de bomba na Espanha - Not\u00edcias de Todos - Models01","og_description":"Um ca\u00e7a espanhol interceptou no domingo (3) um voo comercial por causa de uma amea\u00e7a...","og_url":"https:\/\/markd.com.br\/models\/caca-intercepta-voo-comercial-apos-ameaca-de-bomba-na-espanha\/","og_site_name":"Not\u00edcias de Todos - Models01","article_published_time":"2022-07-05T21:28:29+00:00","article_modified_time":"2022-07-05T21:28:32+00:00","og_image":[{"width":640,"height":445,"url":"https:\/\/markd.com.br\/models\/wp-content\/uploads\/2022\/07\/jovem-de-18-anos-que-fez-a-ameaca-de-bomba-acabou-sendo-preso-1657043722096_v2_900x506.jpg-640x445-1.jpg","type":"image\/jpeg"}],"author":"Reda\u00e7\u00e3o Reda\u00e7\u00e3o","twitter_card":"summary_large_image","twitter_misc":{"Escrito por":"Reda\u00e7\u00e3o Reda\u00e7\u00e3o","Est. tempo de leitura":"2 minutos"},"schema":{"@context":"https:\/\/schema.org","@graph":[{"@type":"WebPage","@id":"https:\/\/markd.com.br\/models\/caca-intercepta-voo-comercial-apos-ameaca-de-bomba-na-espanha\/","url":"https:\/\/markd.com.br\/models\/caca-intercepta-voo-comercial-apos-ameaca-de-bomba-na-espanha\/","name":"Ca\u00e7a intercepta voo comercial ap\u00f3s amea\u00e7a de bomba na Espanha - Not\u00edcias de Todos - Models01","isPartOf":{"@id":"https:\/\/markd.com.br\/models\/#website"},"primaryImageOfPage":{"@id":"https:\/\/markd.com.br\/models\/caca-intercepta-voo-comercial-apos-ameaca-de-bomba-na-espanha\/#primaryimage"},"image":{"@id":"https:\/\/markd.com.br\/models\/caca-intercepta-voo-comercial-apos-ameaca-de-bomba-na-espanha\/#primaryimage"},"thumbnailUrl":"https:\/\/markd.com.br\/models\/wp-content\/uploads\/2022\/07\/jovem-de-18-anos-que-fez-a-ameaca-de-bomba-acabou-sendo-preso-1657043722096_v2_900x506.jpg-640x445-1.jpg","datePublished":"2022-07-05T21:28:29+00:00","dateModified":"2022-07-05T21:28:32+00:00","author":{"@id":"https:\/\/markd.com.br\/models\/#\/schema\/person\/c12a77ab487a7262d8bec3c47301ad37"},"breadcrumb":{"@id":"https:\/\/markd.com.br\/models\/caca-intercepta-voo-comercial-apos-ameaca-de-bomba-na-espanha\/#breadcrumb"},"inLanguage":"pt-BR","potentialAction":[{"@type":"ReadAction","target":["https:\/\/markd.com.br\/models\/caca-intercepta-voo-comercial-apos-ameaca-de-bomba-na-espanha\/"]}]},{"@type":"ImageObject","inLanguage":"pt-BR","@id":"https:\/\/markd.com.br\/models\/caca-intercepta-voo-comercial-apos-ameaca-de-bomba-na-espanha\/#primaryimage","url":"https:\/\/markd.com.br\/models\/wp-content\/uploads\/2022\/07\/jovem-de-18-anos-que-fez-a-ameaca-de-bomba-acabou-sendo-preso-1657043722096_v2_900x506.jpg-640x445-1.jpg","contentUrl":"https:\/\/markd.com.br\/models\/wp-content\/uploads\/2022\/07\/jovem-de-18-anos-que-fez-a-ameaca-de-bomba-acabou-sendo-preso-1657043722096_v2_900x506.jpg-640x445-1.jpg","width":640,"height":445},{"@type":"BreadcrumbList","@id":"https:\/\/markd.com.br\/models\/caca-intercepta-voo-comercial-apos-ameaca-de-bomba-na-espanha\/#breadcrumb","itemListElement":[{"@type":"ListItem","position":1,"name":"In\u00edcio","item":"https:\/\/markd.com.br\/models\/"},{"@type":"ListItem","position":2,"name":"Ca\u00e7a intercepta voo comercial ap\u00f3s amea\u00e7a de bomba na Espanha"}]},{"@type":"WebSite","@id":"https:\/\/markd.com.br\/models\/#website","url":"https:\/\/markd.com.br\/models\/","name":"Not\u00edcias de Todos - Models01","description":"Tenha um Portal de Not\u00edcias Moderno, Din\u00e2mico, R\u00e1pido e Profissional. Entregamos seu Site de  Not\u00edcias Pronto, Instalado, Hospedado, com Manual Passo a Passo e Suporte 24 horas.","potentialAction":[{"@type":"SearchAction","target":{"@type":"EntryPoint","urlTemplate":"https:\/\/markd.com.br\/models\/?s={search_term_string}"},"query-input":{"@type":"PropertyValueSpecification","valueRequired":true,"valueName":"search_term_string"}}],"inLanguage":"pt-BR"},{"@type":"Person","@id":"https:\/\/markd.com.br\/models\/#\/schema\/person\/c12a77ab487a7262d8bec3c47301ad37","name":"Reda\u00e7\u00e3o Reda\u00e7\u00e3o","image":{"@type":"ImageObject","inLanguage":"pt-BR","@id":"https:\/\/markd.com.br\/models\/#\/schema\/person\/image\/","url":"https:\/\/secure.gravatar.com\/avatar\/9448f3599ce269febf169e183039b4a6?s=96&d=mm&r=g","contentUrl":"https:\/\/secure.gravatar.com\/avatar\/9448f3599ce269febf169e183039b4a6?s=96&d=mm&r=g","caption":"Reda\u00e7\u00e3o Reda\u00e7\u00e3o"},"sameAs":["https:\/\/markd.com.br\/"],"url":"https:\/\/markd.com.br\/models\/author\/redacao\/"}]}},"featured_image_urls":{"full":["https:\/\/markd.com.br\/models\/wp-content\/uploads\/2022\/07\/jovem-de-18-anos-que-fez-a-ameaca-de-bomba-acabou-sendo-preso-1657043722096_v2_900x506.jpg-640x445-1.jpg",640,445,false],"thumbnail":["https:\/\/markd.com.br\/models\/wp-content\/uploads\/2022\/07\/jovem-de-18-anos-que-fez-a-ameaca-de-bomba-acabou-sendo-preso-1657043722096_v2_900x506.jpg-640x445-1-150x150.jpg",150,150,true],"medium":["https:\/\/markd.com.br\/models\/wp-content\/uploads\/2022\/07\/jovem-de-18-anos-que-fez-a-ameaca-de-bomba-acabou-sendo-preso-1657043722096_v2_900x506.jpg-640x445-1-300x209.jpg",300,209,true],"medium_large":["https:\/\/markd.com.br\/models\/wp-content\/uploads\/2022\/07\/jovem-de-18-anos-que-fez-a-ameaca-de-bomba-acabou-sendo-preso-1657043722096_v2_900x506.jpg-640x445-1.jpg",640,445,false],"large":["https:\/\/markd.com.br\/models\/wp-content\/uploads\/2022\/07\/jovem-de-18-anos-que-fez-a-ameaca-de-bomba-acabou-sendo-preso-1657043722096_v2_900x506.jpg-640x445-1.jpg",640,445,false],"1536x1536":["https:\/\/markd.com.br\/models\/wp-content\/uploads\/2022\/07\/jovem-de-18-anos-que-fez-a-ameaca-de-bomba-acabou-sendo-preso-1657043722096_v2_900x506.jpg-640x445-1.jpg",640,445,false],"2048x2048":["https:\/\/markd.com.br\/models\/wp-content\/uploads\/2022\/07\/jovem-de-18-anos-que-fez-a-ameaca-de-bomba-acabou-sendo-preso-1657043722096_v2_900x506.jpg-640x445-1.jpg",640,445,false],"newsphere-slider-full":["https:\/\/markd.com.br\/models\/wp-content\/uploads\/2022\/07\/jovem-de-18-anos-que-fez-a-ameaca-de-bomba-acabou-sendo-preso-1657043722096_v2_900x506.jpg-640x445-1.jpg",640,445,false],"newsphere-featured":["https:\/\/markd.com.br\/models\/wp-content\/uploads\/2022\/07\/jovem-de-18-anos-que-fez-a-ameaca-de-bomba-acabou-sendo-preso-1657043722096_v2_900x506.jpg-640x445-1.jpg",640,445,false],"newsphere-medium":["https:\/\/markd.com.br\/models\/wp-content\/uploads\/2022\/07\/jovem-de-18-anos-que-fez-a-ameaca-de-bomba-acabou-sendo-preso-1657043722096_v2_900x506.jpg-640x445-1-640x380.jpg",640,380,true]},"author_info":{"display_name":"Reda\u00e7\u00e3o Reda\u00e7\u00e3o","author_link":"https:\/\/markd.com.br\/models\/author\/redacao\/"},"category_info":"<a href=\"https:\/\/markd.com.br\/models\/category\/mundo\/\" rel=\"category tag\">Mundo<\/a>","tag_info":"Mundo","comment_count":"0","jetpack_featured_media_url":"https:\/\/markd.com.br\/models\/wp-content\/uploads\/2022\/07\/jovem-de-18-anos-que-fez-a-ameaca-de-bomba-acabou-sendo-preso-1657043722096_v2_900x506.jpg-640x445-1.jpg","_links":{"self":[{"href":"https:\/\/markd.com.br\/models\/wp-json\/wp\/v2\/posts\/2395","targetHints":{"allow":["GET"]}}],"collection":[{"href":"https:\/\/markd.com.br\/models\/wp-json\/wp\/v2\/posts"}],"about":[{"href":"https:\/\/markd.com.br\/models\/wp-json\/wp\/v2\/types\/post"}],"author":[{"embeddable":true,"href":"https:\/\/markd.com.br\/models\/wp-json\/wp\/v2\/users\/5"}],"replies":[{"embeddable":true,"href":"https:\/\/markd.com.br\/models\/wp-json\/wp\/v2\/comments?post=2395"}],"version-history":[{"count":1,"href":"https:\/\/markd.com.br\/models\/wp-json\/wp\/v2\/posts\/2395\/revisions"}],"predecessor-version":[{"id":2397,"href":"https:\/\/markd.com.br\/models\/wp-json\/wp\/v2\/posts\/2395\/revisions\/2397"}],"wp:featuredmedia":[{"embeddable":true,"href":"https:\/\/markd.com.br\/models\/wp-json\/wp\/v2\/media\/2396"}],"wp:attachment":[{"href":"https:\/\/markd.com.br\/models\/wp-json\/wp\/v2\/media?parent=2395"}],"wp:term":[{"taxonomy":"category","embeddable":true,"href":"https:\/\/markd.com.br\/models\/wp-json\/wp\/v2\/categories?post=2395"},{"taxonomy":"post_tag","embeddable":true,"href":"https:\/\/markd.com.br\/models\/wp-json\/wp\/v2\/tags?post=2395"}],"curies":[{"name":"wp","href":"https:\/\/api.w.org\/{rel}","templated":true}]}}