{"id":2405,"date":"2022-07-05T18:38:48","date_gmt":"2022-07-05T21:38:48","guid":{"rendered":"https:\/\/portaldestaquenoticias.com.br\/?p=2405"},"modified":"2022-07-05T18:38:52","modified_gmt":"2022-07-05T21:38:52","slug":"sine-manaus-oferta-155-vagas-de-emprego-nesta-quarta-feira-6-7","status":"publish","type":"post","link":"https:\/\/markd.com.br\/models\/sine-manaus-oferta-155-vagas-de-emprego-nesta-quarta-feira-6-7\/","title":{"rendered":"Sine Manaus oferta 155 vagas de emprego nesta quarta-feira, 6\/7"},"content":{"rendered":"\n<p><\/p>\n\n\n\n<p>A&nbsp;Prefeitura de Manaus, por meio do Sine Manaus,&nbsp;oferta 155 vagas&nbsp;de emprego em v\u00e1rias \u00e1reas de atua\u00e7\u00e3o, nesta quarta-feira, 6\/7, das 8h \u00e0s 17h. O candidato precisa validar a Carteira Digital e Previd\u00eancia Social (CTPS) no aplicativo \u201cCarteira de Trabalho Digital\u201d ou acessar o site&nbsp;<a href=\"http:\/\/gov.br\/trabalho\" target=\"_blank\" rel=\"noreferrer noopener\">http:\/\/gov.br\/trabalho<\/a>&nbsp;e, para concorrer \u00e0s vagas, deve acessar o site&nbsp;<a href=\"http:\/\/empregabrasil.mte.gov.br\/\" target=\"_blank\" rel=\"noreferrer noopener\">http:\/\/empregabrasil.mte.gov.br<\/a>&nbsp;para fazer a solicita\u00e7\u00e3o de cadastro.<\/p>\n\n\n\n<p>Para participar da pr\u00e9-sele\u00e7\u00e3o e concorrer a uma das vagas dispon\u00edveis ou receber orienta\u00e7\u00e3o de Cadastro, Carteira de Trabalho Digital e Seguro-Desemprego, os candidatos devem comparecer a um dos postos do Sine Manaus, localizados na avenida Constantino Nery, 1.272, no bairro S\u00e3o Geraldo, zona Centro-Sul, e no shopping Phelippe Daou, bairro Cidade de Deus, zona Norte.<\/p>\n\n\n\n<p>Os interessados devem&nbsp;estar munidos do comprovante de vacina\u00e7\u00e3o (Covid-19), curr\u00edculo e documentos pessoais (RG, CPF, PIS, CTPS, comprovante de escolaridade e resid\u00eancia). N\u00e3o \u00e9 necess\u00e1rio apresentar c\u00f3pias, somente os documentos originais.<\/p>\n\n\n\n<p><strong>Vagas ofertadas para esta quarta-feira:<\/strong><\/p>\n\n\n\n<p><strong>Vagas Novas \u2013&nbsp;35<\/strong><\/p>\n\n\n\n<p><strong>15 vagas \u2013 Vendedor Externo<\/strong><\/p>\n\n\n\n<p><strong>Escolaridade \u2013<\/strong>&nbsp;ensino m\u00e9dio completo;<\/p>\n\n\n\n<p><strong>Experi\u00eancia \u2013<\/strong>&nbsp;seis meses na Carteira de Trabalho;<\/p>\n\n\n\n<p><strong>Atividades \u2013<\/strong>&nbsp;realizar vendas externas, fornecer produtos, acompanhar entrega dos produtos e cadastrar clientes;<\/p>\n\n\n\n<p><strong>Requisitos obrigat\u00f3rios \u2013&nbsp;<\/strong>candidatos que desejarem concorrer a essa vaga devem comparecer no posto Sine Manaus shopping Phelippe Daou.<\/p>\n\n\n\n<p><strong>Vaga dispon\u00edvel at\u00e9 6\/7\/2022 ou at\u00e9 encerramento da vaga.<\/strong><\/p>\n\n\n\n<p><strong>10 vagas \u2013 Auxiliar de Produ\u00e7\u00e3o \u2013&nbsp;vagas exclusivas para pessoa com defici\u00eancia (PcD)<\/strong><\/p>\n\n\n\n<p><strong>Escolaridade<\/strong>\u2013 ensino m\u00e9dio completo;<\/p>\n\n\n\n<p><strong>Experi\u00eancia<\/strong>&nbsp;\u2013 n\u00e3o \u00e9 necess\u00e1rio;<\/p>\n\n\n\n<p><strong>Requisitos obrigat\u00f3rios \u2013<\/strong>&nbsp;ter os cursos seguintes: TBO e NR 12.&nbsp;Vaga exclusiva para o posto Sine Manaus avenida Constantino Nery;<\/p>\n\n\n\n<p><strong>Atividades<\/strong>&nbsp;\u2013 Atuar no setor de produ\u00e7\u00e3o da empresa: separa\u00e7\u00e3o de produtos e materiais, em processos de linha de produ\u00e7\u00e3o, controle de qualidade.<\/p>\n\n\n\n<p><strong>Vaga dispon\u00edvel at\u00e9 7\/7\/2022 ou at\u00e9 o encerramento da vaga.<\/strong><\/p>\n\n\n\n<p><strong>2 vagas \u2013 Servente de Obras<\/strong><\/p>\n\n\n\n<p><strong>Escolaridade<\/strong>\u2013 ensino fundamental completo;<\/p>\n\n\n\n<p><strong>Experi\u00eancia<\/strong>&nbsp;\u2013 seis meses na carteira de trabalho;<\/p>\n\n\n\n<p><strong>Requisitos obrigat\u00f3rios<\/strong>&nbsp;\u2013 vaga exclusiva para o posto Sine Manaus avenida Constantino Nery;<\/p>\n\n\n\n<p><strong>Atividades<\/strong>&nbsp;\u2013 Auxiliar o oficial ou encarregado, em conjunto ou sozinho, para levar a bom termo a execu\u00e7\u00e3o de suas tarefas. Zelar pela conserva\u00e7\u00e3o dos locais onde est\u00e3o sendo realizados os servi\u00e7os.<\/p>\n\n\n\n<p><strong>Vaga dispon\u00edvel at\u00e9 7\/7\/2022 ou at\u00e9 o encerramento da vaga.<\/strong><\/p>\n\n\n\n<p><strong>2 vagas \u2013 Pedreiro<\/strong><\/p>\n\n\n\n<p><strong>Escolaridade<\/strong>\u2013 ensino fundamental completo;<\/p>\n\n\n\n<p><strong>Experi\u00eancia<\/strong>&nbsp;\u2013 seis meses na carteira de trabalho;<\/p>\n\n\n\n<p><strong>Requisitos obrigat\u00f3rios<\/strong>&nbsp;\u2013 vaga exclusiva para o posto Sine Manaus avenida Constantino Nery;<\/p>\n\n\n\n<p><strong>Atividades<\/strong>&nbsp;\u2013 Assentar tijolos, ladrilhos, alvenarias e materiais afins. Construir alicerces, levantar paredes, muros e constru\u00e7\u00f5es similares. Rebocar estruturas constru\u00eddas. Realizar trabalhos de manuten\u00e7\u00e3o corretiva de pr\u00e9dios, cal\u00e7adas e estruturas semelhantes.<\/p>\n\n\n\n<p><strong>Vaga dispon\u00edvel at\u00e9 7\/7\/2022 ou at\u00e9 o encerramento da vaga.<\/strong><\/p>\n\n\n\n<p><strong>2 vagas \u2013 Carpinteiro<\/strong><\/p>\n\n\n\n<p><strong>Escolaridade<\/strong>\u2013 ensino fundamental completo;<\/p>\n\n\n\n<p><strong>Experi\u00eancia<\/strong>&nbsp;\u2013 seis meses na carteira de trabalho;<\/p>\n\n\n\n<p><strong>Requisitos obrigat\u00f3rios<\/strong>&nbsp;\u2013 vaga exclusiva para o posto Sine Manaus avenida Constantino Nery;<\/p>\n\n\n\n<p><strong>Atividades<\/strong>&nbsp;\u2013 Instalar e ajustar esquadrias de madeira e outras pe\u00e7as tais como: janelas, portas, escadas, rodap\u00e9s, divis\u00f3rias e forros. Construir formas de madeira para concretagem. Reparar elementos de madeira, substituir total ou parcialmente, pe\u00e7as desajustadas ou deterioradas ou fixando partes soltas.<\/p>\n\n\n\n<p><strong>Vaga dispon\u00edvel at\u00e9 7\/7\/2022 ou at\u00e9 o encerramento da vaga.<\/strong><\/p>\n\n\n\n<p><strong>1 vaga \u2013 Vendedor Interno<\/strong><\/p>\n\n\n\n<p><strong>Escolaridade<\/strong>\u2013 ensino m\u00e9dio completo;<\/p>\n\n\n\n<p><strong>Experi\u00eancia<\/strong>&nbsp;\u2013 seis meses na carteira de trabalho;<\/p>\n\n\n\n<p><strong>Requisitos obrigat\u00f3rios<\/strong>&nbsp;\u2013 vaga exclusiva para o posto Sine Manaus avenida Constantino Nery;<\/p>\n\n\n\n<p><strong>Atividades<\/strong>&nbsp;\u2013 Realizar vendas no balc\u00e3o e vendas por meio dos canais telef\u00f4nicos e de mensagem, acompanhar os pedidos de vendas at\u00e9 a sua sa\u00edda.<\/p>\n\n\n\n<p><strong>Vaga dispon\u00edvel at\u00e9 7\/7\/2022 ou at\u00e9 o encerramento da vaga.<\/strong><\/p>\n\n\n\n<p><strong>1 vaga \u2013 Fiscal de Loja \u2013&nbsp;vagas exclusivas para Pessoa com Defici\u00eancia (PcD)<\/strong><\/p>\n\n\n\n<p><strong>Escolaridade<\/strong>\u2013 ensino m\u00e9dio completo;<\/p>\n\n\n\n<p><strong>Experi\u00eancia<\/strong>&nbsp;\u2013 seis meses na carteira de trabalho;<\/p>\n\n\n\n<p><strong>Requisitos obrigat\u00f3rios<\/strong>&nbsp;\u2013 vaga exclusiva para o posto Sine Manaus avenida Constantino Nery;<\/p>\n\n\n\n<p><strong>Atividades<\/strong>&nbsp;\u2013 Atuar na preven\u00e7\u00e3o de perdas e danos no interior da loja, fiscalizar a entrada e a sa\u00edda de funcion\u00e1rios e prestar atendimento ao cliente.<\/p>\n\n\n\n<p><strong>Vaga dispon\u00edvel at\u00e9 7\/7\/2022 ou at\u00e9 o encerramento da vaga.<\/strong><\/p>\n\n\n\n<p><strong>1 vaga \u2013 Operador de Caixa \u2013&nbsp;vagas exclusivas para Pessoa com Defici\u00eancia (PcD)<\/strong><\/p>\n\n\n\n<p><strong>Escolaridade<\/strong>&nbsp;\u2013 ensino m\u00e9dio completo;<\/p>\n\n\n\n<p><strong>Experi\u00eancia<\/strong>&nbsp;\u2013 n\u00e3o \u00e9 necess\u00e1rio;<\/p>\n\n\n\n<p><strong>Requisitos obrigat\u00f3rios<\/strong>&nbsp;\u2013 vaga exclusiva para o posto Sine Manaus avenida Constantino Nery;<\/p>\n\n\n\n<p><strong>Atividades<\/strong>&nbsp;\u2013 Respons\u00e1vel por fazer a abertura e o fechamento de caixa, processar e receber o pagamento e emitir notas fiscais.<\/p>\n\n\n\n<p><strong>Vaga dispon\u00edvel at\u00e9 7\/7\/2022 ou at\u00e9 o encerramento da vaga.<\/strong><\/p>\n\n\n\n<p><strong>1 vaga \u2013 Auxiliar Jur\u00eddico&nbsp;\u2013&nbsp;vagas exclusivas para pessoa com defici\u00eancia (PcD)<\/strong><\/p>\n\n\n\n<p><strong>Escolaridade<\/strong>\u2013 ensino superior cursando direito;<\/p>\n\n\n\n<p><strong>Experi\u00eancia<\/strong>&nbsp;\u2013 n\u00e3o \u00e9 necess\u00e1rio;<\/p>\n\n\n\n<p><strong>Requisitos<\/strong>&nbsp;\u2013&nbsp;Diferencial: ter Conhecimentos b\u00e1sicos em processo civil e experi\u00eancia com Legal One.&nbsp;Vaga exclusiva para o posto Sine Manaus avenida Constantino Nery;<\/p>\n\n\n\n<p><strong>Atividades<\/strong>&nbsp;\u2013 organizar e arquivar documentos do setor; cadastrar processos, contratos, prazos e informa\u00e7\u00f5es no sistema; elaborar relat\u00f3rios; emitir guias e solicitar pagamentos.<\/p>\n\n\n\n<p><strong>Vaga dispon\u00edvel at\u00e9 6\/7\/2022 ou at\u00e9 o encerramento da vaga<\/strong><\/p>\n\n\n\n<p><strong>Vagas em Andamento \u2013&nbsp;120<\/strong><\/p>\n\n\n\n<p><strong>3 vagas \u2013 Auxiliar de A\u00e7ougue&nbsp;<\/strong><\/p>\n\n\n\n<p><strong>Escolaridade<\/strong>&nbsp;\u2013&nbsp;ensino fundamental completo;<\/p>\n\n\n\n<p><strong>Experi\u00eancia<\/strong>&nbsp;\u2013 seis meses na Carteira de Trabalho;<\/p>\n\n\n\n<p><strong>Atividades \u2013<\/strong>&nbsp;realizar atendimento no balc\u00e3o, examinar as pe\u00e7as de carnes recebidas, verificando se est\u00e1 de acordo com a aquisi\u00e7\u00e3o para comprovar a qualidade e a quantidade, armazenar a carne, dispondo-a em frigor\u00edfico para evitar sua deteriora\u00e7\u00e3o;<\/p>\n\n\n\n<p><strong>Requisitos obrigat\u00f3rios \u2013<\/strong>&nbsp;candidatos que desejarem concorrer a essa vaga devem comparecer no posto Sine Manaus shopping Phelippe Daou.<\/p>\n\n\n\n<p><strong>Vaga dispon\u00edvel at\u00e9 6\/7\/2022 ou at\u00e9 encerramento da vaga.<\/strong><\/p>\n\n\n\n<p><strong>1 vaga \u2013 Fresador<\/strong><\/p>\n\n\n\n<p><strong>Escolaridade \u2013&nbsp;<\/strong>ensino m\u00e9dio completo;<\/p>\n\n\n\n<p><strong>Experi\u00eancia \u2013&nbsp;<\/strong>seis meses na Carteira Trabalho;<\/p>\n\n\n\n<p><strong>Atividades \u2013<\/strong>&nbsp;realizar fresa convencional, fabrica\u00e7\u00e3o de pe\u00e7as de precis\u00e3o;<\/p>\n\n\n\n<p><strong>Requisitos obrigat\u00f3rios \u2013<\/strong>&nbsp;experi\u00eancia com retifica plana, metrologia, leitura e interpreta\u00e7\u00e3o de desenho t\u00e9cnico; candidatos que desejarem concorrer a essa vaga devem comparecer no posto Sine Manaus shopping Phelippe Daou.<\/p>\n\n\n\n<p><strong>Vaga dispon\u00edvel at\u00e9 6\/7\/2022 ou at\u00e9 encerramento da vaga.<\/strong><\/p>\n\n\n\n<p><strong>10 vagas \u2013 Serralheiro<\/strong><\/p>\n\n\n\n<p><strong>Escolaridade \u2013&nbsp;<\/strong>ensino m\u00e9dio completo;<\/p>\n\n\n\n<p><strong>Experi\u00eancia \u2013&nbsp;<\/strong>seis meses na Carteira de Trabalho;<\/p>\n\n\n\n<p><strong>Atividades \u2013<\/strong>&nbsp;confeccionar, reparar e instalar pe\u00e7as e elementos diversos em chapas de metal como a\u00e7o, ferro galvanizado, cobre, estanho, lat\u00e3o, alum\u00ednio e zinco, recortar e modelar barras perfiladas de materiais ferrosos e n\u00e3o ferrosos para fabricar esquadrias, portas, grades e pe\u00e7as similares;<\/p>\n\n\n\n<p><strong>Requisitos obrigat\u00f3rios \u2013<\/strong>&nbsp;candidatos que desejarem concorrer a essa vaga devem comparecer no posto SINE Manaus Shopping Phelippe Daou.<\/p>\n\n\n\n<p><strong>Vaga dispon\u00edvel at\u00e9 6\/7\/2022 ou at\u00e9 encerramento da vaga<\/strong><\/p>\n\n\n\n<p><strong>1 vaga \u2013 T\u00e9cnico em Seguran\u00e7a do Trabalho<\/strong><\/p>\n\n\n\n<p><strong>Escolaridade \u2013&nbsp;<\/strong>ensino t\u00e9cnico em Seguran\u00e7a do Trabalho completo;<\/p>\n\n\n\n<p><strong>Experi\u00eancia \u2013<\/strong>&nbsp;seis meses na Carteira de Trabalho;<\/p>\n\n\n\n<p><strong>Atividades \u2013<\/strong>&nbsp;realizar atividades para evitar acidentes e proteger os profissionais, analisar os processos realizados pelos colaboradores para identificar problemas e eliminar os riscos, fazer treinamentos com os profissionais e fiscalizar as atividades para garantir que elas sejam realizadas com seguran\u00e7a;<\/p>\n\n\n\n<p><strong>Requisitos obrigat\u00f3rios \u2013&nbsp;<\/strong>candidatos devem possuir Carteira Nacional de Habilita\u00e7\u00e3o categoria \u201cB\u201d dentro do prazo de validade, Excel Avan\u00e7ado e experi\u00eancia com o \u2018ESocial\u2019;&nbsp;candidatos que desejarem concorrer a essa vaga devem comparecer no posto Sine Manaus shopping Phelippe Daou.<\/p>\n\n\n\n<p><strong>Vaga dispon\u00edvel at\u00e9 6\/7\/2022 ou at\u00e9 encerramento da vaga.<\/strong><\/p>\n\n\n\n<p><strong>1 vaga \u2013 Operador de Caixa \u2013 Vagas Exclusivas para Pessoas com Defici\u00eancia (PcD)<\/strong><\/p>\n\n\n\n<p><strong>Escolaridade \u2013&nbsp;<\/strong>ensino m\u00e9dio completo;<\/p>\n\n\n\n<p><strong>Experi\u00eancia \u2013<\/strong>&nbsp;seis meses na Carteira de Trabalho;<\/p>\n\n\n\n<p><strong>Atividades \u2013<\/strong>&nbsp;realizar atendimento ao p\u00fablico interno e externo, presencial e telef\u00f4nico. Abertura de protocolo via sistema interno; recebimento, confer\u00eancia e controle de documentos para arquivo;<\/p>\n\n\n\n<p><strong>Requisitos obrigat\u00f3rios \u2013<\/strong>&nbsp;candidatos precisam ter dom\u00ednio no Pacote Office;&nbsp;candidatos que desejarem concorrer a essa vaga devem comparecer no posto Sine Manaus shopping Phelippe Daou.<\/p>\n\n\n\n<p><strong>Vaga dispon\u00edvel at\u00e9 6\/7\/2022 ou at\u00e9 encerramento da vaga.<\/strong><\/p>\n\n\n\n<p><strong>1 vaga \u2013 Operador de Caldeira&nbsp;<\/strong><\/p>\n\n\n\n<p><strong>Escolaridade \u2013&nbsp;<\/strong>ensino m\u00e9dio completo;<\/p>\n\n\n\n<p><strong>Experi\u00eancia \u2013<\/strong>&nbsp;seis meses na Carteira de Trabalho;<\/p>\n\n\n\n<p><strong>Atividades \u2013<\/strong>&nbsp;monitorar a opera\u00e7\u00e3o de caldeiras, realizando inspe\u00e7\u00f5es peri\u00f3dicas nos componentes da mesma como m\u00e1quinas e equipamentos, controlar a distribui\u00e7\u00e3o de g\u00e1s, troca de \u00f3leos e efetuar pequenos reparos quando necess\u00e1rio;<\/p>\n\n\n\n<p><strong>Requisitos obrigat\u00f3rios \u2013<\/strong>&nbsp;candidatos que desejarem concorrer a essa vaga devem comparecer no posto Sine Manaus shopping Phelippe Daou.<\/p>\n\n\n\n<p><strong>Vaga dispon\u00edvel at\u00e9 6\/7\/2022 ou at\u00e9 encerramento da vaga.<\/strong><\/p>\n\n\n\n<p><strong>1 vaga \u2013 Vendedor&nbsp;<\/strong><\/p>\n\n\n\n<p><strong>Escolaridade \u2013&nbsp;<\/strong>ensino m\u00e9dio completo;<\/p>\n\n\n\n<p><strong>Experi\u00eancia \u2013<\/strong>&nbsp;seis meses na Carteira de Trabalho;<\/p>\n\n\n\n<p><strong>Atividades \u2013<\/strong>&nbsp;atender clientes presencialmente e via telefone; processa e gerencia pedidos de clientes; cadastra clientes; promove os servi\u00e7os da empresa; participa da an\u00e1lise de relat\u00f3rios; acompanhar as vendas realizadas in\u00edcio e fim;<\/p>\n\n\n\n<p><strong>Requisitos obrigat\u00f3rios \u2013<\/strong>&nbsp;necess\u00e1rio ter experi\u00eancia com materiais de constru\u00e7\u00e3o;&nbsp;candidatos que desejarem concorrer a essa vaga devem comparecer no posto Sine Manaus shopping Phelippe Daou.<\/p>\n\n\n\n<p><strong>Vaga dispon\u00edvel at\u00e9 6\/7\/2022 ou at\u00e9 encerramento da vaga.<\/strong><\/p>\n\n\n\n<p><strong>3 vagas \u2013 Operador de M\u00e1quina Sacoleira (Extrusora)<\/strong><\/p>\n\n\n\n<p><strong>Escolaridade \u2013<\/strong>&nbsp;ensino m\u00e9dio completo;<\/p>\n\n\n\n<p><strong>Experi\u00eancia \u2013<\/strong>&nbsp;seis meses na Carteira de Trabalho;<\/p>\n\n\n\n<p><strong>Atividades \u2013<\/strong>&nbsp;prepara, regula e opera a m\u00e1quina sacoleira na fabrica\u00e7\u00e3o de sacos e sacolas, registrar a produ\u00e7\u00e3o, documentar as atividades na ordem de produ\u00e7\u00e3o;<\/p>\n\n\n\n<p><strong>Requisitos obrigat\u00f3rios<\/strong>&nbsp;\u2013&nbsp;candidatos que desejarem concorrer a essa vaga devem comparecer no posto Sine Manaus shopping Phelippe Daou.<\/p>\n\n\n\n<p><strong>Vaga dispon\u00edvel at\u00e9 6\/7\/2022 ou at\u00e9 encerramento da vaga.<\/strong><\/p>\n\n\n\n<p><strong>2 vagas \u2013 Mec\u00e2nico de Refrigera\u00e7\u00e3o<\/strong><\/p>\n\n\n\n<p><strong>Escolaridade \u2013<\/strong>&nbsp;ensino t\u00e9cnico em Mec\u00e2nico de Refrigera\u00e7\u00e3o completo;<\/p>\n\n\n\n<p><strong>Experi\u00eancia \u2013<\/strong>&nbsp;seis meses na Carteira de Trabalho;<\/p>\n\n\n\n<p><strong>Atividades \u2013<\/strong>&nbsp;realizar manuten\u00e7\u00e3o de m\u00e1quinas de refrigera\u00e7\u00e3o, cassete, Split, fancoil e central de \u00e1gua gelada;<\/p>\n\n\n\n<p><strong>Requisitos obrigat\u00f3rios \u2013<\/strong>&nbsp;candidatos que desejarem concorrer a essa vaga devem comparecer no posto Sine Manaus shopping Phellipe Daou.<\/p>\n\n\n\n<p><strong>Vaga dispon\u00edvel at\u00e9 6\/7\/2022 ou at\u00e9 encerramento da vaga.<\/strong><\/p>\n\n\n\n<p><strong>1 vaga \u2013 Ajudante de Borracharia<\/strong><\/p>\n\n\n\n<p><strong>Escolaridade \u2013<\/strong>&nbsp;ensino fundamental completo;<\/p>\n\n\n\n<p><strong>Experi\u00eancia \u2013<\/strong>&nbsp;seis meses na Carteira de Trabalho;<\/p>\n\n\n\n<p><strong>Atividades \u2013<\/strong>&nbsp;realizar montagem, desmontagem, conserto e controle de pneus, principalmente de frotas (carretas);<\/p>\n\n\n\n<p><strong>Requisitos obrigat\u00f3rios \u2013<\/strong>&nbsp;candidatos que desejarem concorrer a essa vaga devem comparecer no posto Sine Manaus shopping Phelippe Daou.<\/p>\n\n\n\n<p><strong>Vaga dispon\u00edvel at\u00e9 6\/7\/2022 ou at\u00e9 encerramento da vaga.<\/strong><\/p>\n\n\n\n<p><strong>1 vaga \u2013 Funileiro de Ve\u00edculos<\/strong><\/p>\n\n\n\n<p><strong>Escolaridade \u2013<\/strong>&nbsp;ensino fundamental completo;<\/p>\n\n\n\n<p><strong>Experi\u00eancia \u2013<\/strong>&nbsp;seis meses na Carteira de Trabalho;<\/p>\n\n\n\n<p><strong>Atividades \u2013<\/strong>&nbsp;realizar manuten\u00e7\u00e3o de maquinas de refrigera\u00e7\u00e3o,&nbsp;<em>cassete, Split, fancoil<\/em>&nbsp;e central de \u00e1gua gelada;<\/p>\n\n\n\n<p><strong>Requisitos obrigat\u00f3rios \u2013<\/strong>&nbsp;candidatos que desejarem concorrer a essa vaga devem comparecer no posto Sine Manaus shopping Phelippe Daou.<\/p>\n\n\n\n<p><strong>Vaga dispon\u00edvel at\u00e9 6\/7\/2022 ou at\u00e9 encerramento da vaga.<\/strong><\/p>\n\n\n\n<p><strong>1 vaga \u2013 Funileiro Industrial<\/strong><\/p>\n\n\n\n<p><strong>Escolaridade \u2013<\/strong>&nbsp;ensino m\u00e9dio completo;<\/p>\n\n\n\n<p><strong>Experi\u00eancia \u2013<\/strong>&nbsp;seis meses na Carteira de Trabalho;<\/p>\n\n\n\n<p><strong>Atividades \u2013<\/strong>&nbsp;realiza a fabrica\u00e7\u00e3o das conforma\u00e7\u00f5es detalhadas. Efetua cortes e curva de chapa para modelagem de pe\u00e7as. Fazer a leitura do projeto para identificar a dimens\u00e3o das pe\u00e7as e fazer a planifica\u00e7\u00e3o e conforma\u00e7\u00e3o das pe\u00e7as em alum\u00ednio e dutos galvanizados; efetuar o recapeamento em tubula\u00e7\u00f5es hidr\u00e1ulicas, aplicando t\u00e9cnicas em planifica\u00e7\u00e3o; executar a medi\u00e7\u00e3o de dutos de ar-condicionado para a realiza\u00e7\u00e3o da fabrica\u00e7\u00e3o e montagem correta;<\/p>\n\n\n\n<p><strong>Requisitos obrigat\u00f3rios \u2013<\/strong>&nbsp;candidatos que desejarem concorrer a essa vaga devem comparecer no posto Sine Manaus shopping Phelippe Daou.<\/p>\n\n\n\n<p><strong>Vaga dispon\u00edvel at\u00e9 6\/7\/2022 ou at\u00e9 encerramento da vaga.<\/strong><\/p>\n\n\n\n<p><strong>3 vagas \u2013 Operador de Caixa \u2013 Vagas Exclusivas para Pessoas com Defici\u00eancia (PcD)<\/strong><\/p>\n\n\n\n<p><strong>Escolaridade \u2013&nbsp;<\/strong>ensino m\u00e9dio completo;<\/p>\n\n\n\n<p><strong>Experi\u00eancia \u2013<\/strong>&nbsp;seis meses na Carteira de Trabalho;<\/p>\n\n\n\n<p><strong>Atividades \u2013<\/strong>&nbsp;realizar atendimento ao cliente, opera\u00e7\u00e3o de caixa e manter ambiente organizado;<\/p>\n\n\n\n<p><strong>Requisitos obrigat\u00f3rios \u2013<\/strong>&nbsp;candidatos que desejarem concorrer a essa vaga devem comparecer no posto Sine Manaus shopping Phelippe Daou.<\/p>\n\n\n\n<p><strong>Vaga dispon\u00edvel at\u00e9 6\/7\/2022 ou at\u00e9 encerramento da vaga.<\/strong><\/p>\n\n\n\n<p><strong>1 vaga \u2013 Mec\u00e2nico de Caminh\u00e3o&nbsp;<\/strong><\/p>\n\n\n\n<p><strong>Escolaridade \u2013<\/strong>&nbsp;ensino m\u00e9dio completo;&nbsp;&nbsp;&nbsp;&nbsp;&nbsp;&nbsp;<\/p>\n\n\n\n<p><strong>Experi\u00eancia \u2013<\/strong>&nbsp;seis meses na Carteira de Trabalho;<\/p>\n\n\n\n<p><strong>Atividades \u2013<\/strong>&nbsp;montagem, troca de pe\u00e7as, lubrificar e regular motores;<\/p>\n\n\n\n<p><strong>Requisitos obrigat\u00f3rios \u2013&nbsp;<\/strong>candidato deve possuir curso de Inform\u00e1tica B\u00e1sica e experi\u00eancia com linha pesada;&nbsp;candidatos que desejarem concorrer a essa vaga devem comparecer no posto Sine Manaus shopping Phelippe Daou.<\/p>\n\n\n\n<p><strong>Vaga dispon\u00edvel at\u00e9 6\/7\/2022 ou at\u00e9 encerramento da vaga.<\/strong><\/p>\n\n\n\n<p><strong>5 vagas \u2013 Aplicador de Inseticida<\/strong><\/p>\n\n\n\n<p><strong>Escolaridade \u2013<\/strong>&nbsp;ensino m\u00e9dio completo;<\/p>\n\n\n\n<p><strong>Experi\u00eancia \u2013<\/strong>&nbsp;seis meses na Carteira de Trabalho;<\/p>\n\n\n\n<p><strong>Atividades \u2013<\/strong>&nbsp;realizar servi\u00e7os de controle de pragas urbanas, visando o bem-estar dos nossos clientes e do meio ambiente;<\/p>\n\n\n\n<p><strong>Requisitos obrigat\u00f3rios \u2013&nbsp;<\/strong>candidatos precisam ter Carteira Nacional de Habilita\u00e7\u00e3o categoria \u201cA\u201d dentro do prazo de validade;&nbsp;candidatos que desejarem concorrer a essa vaga devem comparecer no posto Sine Manaus shopping Phelippe Daou.<\/p>\n\n\n\n<p><strong>Vaga dispon\u00edvel at\u00e9 6\/7\/2022 ou at\u00e9 encerramento da vaga.<\/strong><\/p>\n\n\n\n<p><strong>2 vagas \u2013 Ajudante Industrial \u2013 Vagas Exclusivas para Pessoas com Defici\u00eancia (PcD)<\/strong><\/p>\n\n\n\n<p><strong>Escolaridade \u2013&nbsp;<\/strong>ensino m\u00e9dio completo;<\/p>\n\n\n\n<p><strong>Experi\u00eancia \u2013<\/strong>&nbsp;seis meses na Carteira de Trabalho;<\/p>\n\n\n\n<p><strong>Atividades \u2013<\/strong>&nbsp;auxiliar nos servi\u00e7os de mec\u00e2nica ou el\u00e9trica;<\/p>\n\n\n\n<p><strong>Requisitos obrigat\u00f3rios \u2013<\/strong>&nbsp;candidatos que desejarem concorrer a essa vaga devem comparecer no posto Sine Manaus shopping Phelippe Daou.<\/p>\n\n\n\n<p><strong>Vaga dispon\u00edvel at\u00e9 6\/7\/2022 ou at\u00e9 encerramento da vaga.<\/strong><\/p>\n\n\n\n<p><strong>3 vagas \u2013 Jardineiro<\/strong><\/p>\n\n\n\n<p><strong>Escolaridade \u2013<\/strong>&nbsp;ensino m\u00e9dio completo;<\/p>\n\n\n\n<p><strong>Experi\u00eancia \u2013<\/strong>&nbsp;seis meses na Carteira de Trabalho;<\/p>\n\n\n\n<p><strong>Atividades \u2013<\/strong>&nbsp;respons\u00e1vel por selecionar adubos e preparar substrato; realizam manuten\u00e7\u00e3o pertinente aos jardins;<\/p>\n\n\n\n<p><strong>Requisitos obrigat\u00f3rios \u2013&nbsp;<\/strong>candidatos precisam ter experi\u00eancia com ro\u00e7adeira;&nbsp;candidatos que desejarem concorrer a essa vaga devem comparecer no posto Sine Manaus shopping Phelippe Daou.<\/p>\n\n\n\n<p><strong>Vaga dispon\u00edvel at\u00e9 6\/7\/2022 ou at\u00e9 encerramento da vaga.<\/strong><\/p>\n\n\n\n<p><strong>3 vagas \u2013 Eletricista Predial<\/strong><\/p>\n\n\n\n<p><strong>Escolaridade \u2013&nbsp;<\/strong>ensino m\u00e9dio completo;<\/p>\n\n\n\n<p><strong>Experi\u00eancia \u2013&nbsp;<\/strong>seis meses na Carteira de Trabalho;<\/p>\n\n\n\n<p><strong>Requisitos obrigat\u00f3rios \u2013&nbsp;<\/strong>ter os cursos de NR-35, de NR-10, de Instala\u00e7\u00e3o El\u00e9tricas com Montagem de Quadros El\u00e9tricos de Grande Porte.<\/p>\n\n\n\n<p><strong>Atividades \u2013&nbsp;<\/strong>realizar revis\u00e3o e manuten\u00e7\u00e3o predial, entre outras atividades inerentes \u00e0 fun\u00e7\u00e3o.<\/p>\n\n\n\n<p><strong>Requisitos obrigat\u00f3rios \u2013&nbsp;<\/strong>candidatos devem possuir os cursos NR35, NR 10, Instala\u00e7\u00e3o El\u00e9tricas com Montagem de Quadros El\u00e9tricos de Grande Porte;&nbsp;candidatos que desejarem concorrer a essa vaga devem comparecer no posto Sine Manaus shopping Phelippe Daou.<\/p>\n\n\n\n<p><strong>Vaga dispon\u00edvel at\u00e9 6\/7\/2022 ou at\u00e9 encerramento da vaga.<\/strong><\/p>\n\n\n\n<p><strong>4 vagas \u2013Operador de Empilhadeira&nbsp;<\/strong><\/p>\n\n\n\n<p><strong>Escolaridade \u2013<\/strong>&nbsp;ensino m\u00e9dio completo;<\/p>\n\n\n\n<p><strong>Experi\u00eancia \u2013<\/strong>&nbsp;seis meses na Carteira de Trabalho;<\/p>\n\n\n\n<p><strong>Atividades \u2013<\/strong>&nbsp;realizar diariamente a armazenagem de pallets e caixas operando empilhadeira el\u00e9trica;<\/p>\n\n\n\n<p><strong>Requisitos obrigat\u00f3rios \u2013&nbsp;<\/strong>candidatos devem ter o curso de operador de empilhadeira atualizado e Carteira Nacional de Habilita\u00e7\u00e3o categoria \u201cB\u201d dentro do prazo de validade;&nbsp;candidatos que desejarem concorrer a essa vaga devem comparecer no posto Sine Manaus shopping Phelippe Daou.<\/p>\n\n\n\n<p><strong>Vaga dispon\u00edvel at\u00e9 7\/7\/2022 ou at\u00e9 encerramento da vaga.<\/strong><\/p>\n\n\n\n<p><strong>1 vaga \u2013 Soldador&nbsp;&nbsp;<\/strong><\/p>\n\n\n\n<p><strong>Escolaridade \u2013<\/strong>&nbsp;ensino m\u00e9dio completo;<\/p>\n\n\n\n<p><strong>Experi\u00eancia \u2013<\/strong>&nbsp;seis meses na Carteira de Trabalho;<\/p>\n\n\n\n<p><strong>Atividades \u2013<\/strong>&nbsp;dominar todos os tipos de solda e auxiliar na revis\u00e3o da solda;<\/p>\n\n\n\n<p><strong>Requisitos obrigat\u00f3rios \u2013&nbsp;<\/strong>candidatos precisam ter cursos pertinentes \u00e0 fun\u00e7\u00e3o;&nbsp;candidatos que desejarem concorrer a essa vaga devem comparecer no posto Sine Manaus shopping Phelippe Daou.<\/p>\n\n\n\n<p><strong>Vaga dispon\u00edvel at\u00e9 6\/7\/2022 ou at\u00e9 encerramento da vaga.<\/strong><\/p>\n\n\n\n<p><strong>2 vagas \u2013 Vendedor Interno<\/strong><\/p>\n\n\n\n<p><strong>Escolaridade \u2013<\/strong>&nbsp;ensino m\u00e9dio completo;<\/p>\n\n\n\n<p><strong>Experi\u00eancia \u2013<\/strong>&nbsp;seis meses na Carteira de Trabalho;<\/p>\n\n\n\n<p><strong>Atividades \u2013<\/strong>&nbsp;efetuar vendas e apresenta\u00e7\u00e3o de produtos, prospec\u00e7\u00e3o de clientes e p\u00f3s-venda;<\/p>\n\n\n\n<p><strong>Requisitos obrigat\u00f3rios \u2013<\/strong>&nbsp;candidatos que desejarem concorrer a essa vaga devem comparecer no posto Sine Manaus shopping Phelippe Daou.<\/p>\n\n\n\n<p><strong>Vaga dispon\u00edvel at\u00e9 6\/7\/2022 ou at\u00e9 encerramento da vaga.<\/strong><\/p>\n\n\n\n<p><strong>10 vagas \u2013&nbsp;Auxiliar de Limpeza \u2013 vagas exclusivas para Pessoa com Defici\u00eancia (PcD)<\/strong><\/p>\n\n\n\n<p><strong>Escolaridade<\/strong>&nbsp;\u2013 ensino m\u00e9dio completo;<\/p>\n\n\n\n<p><strong>Experi\u00eancia<\/strong>&nbsp;\u2013 seis meses na carteira de trabalho;<\/p>\n\n\n\n<p><strong>Requisitos obrigat\u00f3rios<\/strong>&nbsp;\u2013 vaga exclusiva para o posto Sine Manaus avenida Constantino Nery;<\/p>\n\n\n\n<p><strong>Atividades<\/strong>&nbsp;\u2013 Realizar a limpeza e manuten\u00e7\u00e3o das \u00e1reas internas e externas.<\/p>\n\n\n\n<p><a><\/a><strong>Vaga dispon\u00edvel at\u00e9 6\/7\/2022 ou at\u00e9 o encerramento da vaga.<\/strong><\/p>\n\n\n\n<p><strong>1 vaga \u2013 Auxiliar de Recursos humanos \u2013&nbsp;vagas exclusivas para Pessoa com Defici\u00eancia (PcD)<\/strong><\/p>\n\n\n\n<p><strong>Escolaridade<\/strong>&nbsp;\u2013 ensino m\u00e9dio completo;<\/p>\n\n\n\n<p><strong>Experi\u00eancia<\/strong>&nbsp;\u2013 seis meses na carteira de trabalho;<\/p>\n\n\n\n<p><strong>Requisitos obrigat\u00f3rios<\/strong>&nbsp;\u2013 Desej\u00e1vel: Viv\u00eancia em empresa certificada ISO 9001\/14001, Auditorias Internas. Vaga exclusiva para o posto Sine Manaus avenida Constantino Nery;<\/p>\n\n\n\n<p><strong>Atividades<\/strong>&nbsp;\u2013&nbsp;Auxiliar nos sub processos de treinamento e desenvolvimento, recrutamento e sele\u00e7\u00e3o e departamento pessoal.<\/p>\n\n\n\n<p><strong>Vaga dispon\u00edvel at\u00e9 6\/7\/2022 ou at\u00e9 o encerramento da vaga<\/strong><\/p>\n\n\n\n<p><strong>1 vaga \u2013 Mec\u00e2nico Mar\u00edtimo<\/strong><\/p>\n\n\n\n<p><strong>Escolaridade<\/strong>&nbsp;\u2013 ensino fundamental completo;<\/p>\n\n\n\n<p><strong>Experi\u00eancia<\/strong>&nbsp;\u2013 um ano na carteira de trabalho;<\/p>\n\n\n\n<p><strong>Requisitos obrigat\u00f3rios<\/strong>&nbsp;\u2013&nbsp;ter experi\u00eancia com motor de popa.&nbsp;Vaga exclusiva para o Sine Manaus avenida Constantino Nery;<\/p>\n\n\n\n<p><strong>Atividades<\/strong>&nbsp;\u2013 Proteger componentes, testar motores, turbo alimentadores e componentes, demonstrar compet\u00eancias pessoais, montar motores e turbo alimentadores.<\/p>\n\n\n\n<p><a><\/a><strong>Vaga dispon\u00edvel at\u00e9 6\/7\/2022 ou at\u00e9 o encerramento da vaga.<\/strong><\/p>\n\n\n\n<p><a><\/a><strong>1 vaga \u2013<\/strong>&nbsp;Mec\u00e2nico de ar-condicionado Automotivo<\/p>\n\n\n\n<p><strong>Escolaridade<\/strong>&nbsp;\u2013 ensino fundamental completo;<\/p>\n\n\n\n<p><a><\/a><strong>Experi\u00eancia<\/strong>&nbsp;\u2013 registrado na carteira de trabalho;<\/p>\n\n\n\n<p><strong>Requisitos obrigat\u00f3rios<\/strong>&nbsp;\u2013 vaga exclusiva para o posto Sine Manaus avenida Constantino Nery;<\/p>\n\n\n\n<p><strong>Atividades<\/strong>&nbsp;\u2013 Atuar com reparo e manuseio de equipamentos de ar-condicionado, troca de pe\u00e7as e testes, realizar manuten\u00e7\u00e3o preventiva e corretiva nos equipamentos e componentes.<\/p>\n\n\n\n<p><strong>Vaga dispon\u00edvel at\u00e9 6\/7\/2022 ou at\u00e9 o encerramento da vaga.<\/strong><\/p>\n\n\n\n<p><a><\/a><strong>1 vaga<\/strong>&nbsp;\u2013 Analista Cont\u00e1bil<\/p>\n\n\n\n<p>Escolaridade \u2013&nbsp;ensino m\u00e9dio ou superior completo;<\/p>\n\n\n\n<p><strong>Experi\u00eancia<\/strong>&nbsp;\u2013 seis meses na carteira de trabalho;<\/p>\n\n\n\n<p><strong>Requisitos obrigat\u00f3rios<\/strong>&nbsp;\u2013 vaga exclusiva para o posto Sine Manaus avenida Constantino Nery;<\/p>\n\n\n\n<p><strong>Atividades<\/strong>&nbsp;\u2013 Coordenar e orientar as atividades cont\u00e1beis; desenvolver estudos, elaborar, publicar e converter as Demonstra\u00e7\u00f5es Cont\u00e1beis; Atender as auditorias e fiscaliza\u00e7\u00f5es internas e externas; analisar e interpretar a legisla\u00e7\u00e3o; Elaborar e analisar Informa\u00e7\u00f5es Trimestrais \u2013 ITR e Demonstra\u00e7\u00f5es Financeiras Padronizada.<\/p>\n\n\n\n<p><strong>Vaga dispon\u00edvel at\u00e9 6\/7\/2022 ou at\u00e9 o encerramento da vaga.<\/strong><\/p>\n\n\n\n<p><a><\/a><strong>1 vaga \u2013 Analista Fiscal<\/strong><\/p>\n\n\n\n<p><strong>Escolaridade<\/strong>&nbsp;\u2013&nbsp;ensino m\u00e9dio completo ou superior cursando;<\/p>\n\n\n\n<p><strong>Experi\u00eancia<\/strong>&nbsp;\u2013 seis meses na carteira de trabalho;<\/p>\n\n\n\n<p><strong>Requisitos obrigat\u00f3rios<\/strong>&nbsp;\u2013 vaga exclusiva para o posto Sine Manaus avenida Constantino Nery;<\/p>\n\n\n\n<p><strong>Atividades<\/strong>&nbsp;\u2013 atuar ou auxiliar na apura\u00e7\u00e3o e na declara\u00e7\u00e3o de impostos diretos e indiretos de uma empresa. Al\u00e9m disso, esse profissional realiza escritura\u00e7\u00e3o fiscal, atende fiscaliza\u00e7\u00f5es e participa na an\u00e1lise dos procedimentos fiscais.<\/p>\n\n\n\n<p><strong>Vaga dispon\u00edvel at\u00e9 6\/7\/2022 ou at\u00e9 o encerramento da vaga.<\/strong><\/p>\n\n\n\n<p><strong>1 vaga- Montador de M\u00f3veis Planejados<\/strong><\/p>\n\n\n\n<p><strong>Escolaridade<\/strong>\u2013 ensino m\u00e9dio ou superior completo;<\/p>\n\n\n\n<p><strong>Experi\u00eancia<\/strong>&nbsp;\u2013 seis meses na carteira de trabalho;<\/p>\n\n\n\n<p><strong>Requisitos obrigat\u00f3rios<\/strong>&nbsp;\u2013&nbsp;ter experi\u00eancia com montagem de m\u00f3veis projetados.&nbsp;Vaga exclusiva para o posto Sine Manaus avenida Constantino Nery;<\/p>\n\n\n\n<p><strong>Atividades<\/strong>&nbsp;\u2013 Montagem de modulados de acordo com projeto \/ m\u00f3veis projetados.<\/p>\n\n\n\n<p><strong>Vaga dispon\u00edvel at\u00e9 6\/7\/2022 ou at\u00e9 o encerramento da vaga.<\/strong><\/p>\n\n\n\n<p><strong>1 vaga \u2013 Mec\u00e2nico Industrial<\/strong><\/p>\n\n\n\n<p><strong>Escolaridade<\/strong>\u2013&nbsp;ensino t\u00e9cnico em mec\u00e2nica completo;<\/p>\n\n\n\n<p><strong>Experi\u00eancia<\/strong>&nbsp;\u2013 registrada na carteira de trabalho;<\/p>\n\n\n\n<p><strong>Requisitos obrigat\u00f3rios-<\/strong>&nbsp;ter forma\u00e7\u00e3o em Engenharia Mec\u00e2nica e possuir Habilita\u00e7\u00e3o categoria \u201cB\u201d.&nbsp;Vaga exclusiva para o posto Sine Manaus avenida Constantino Nery;<\/p>\n\n\n\n<p><strong>Atividades<\/strong>&nbsp;\u2013 Executar corre\u00e7\u00e3o de vazamento de \u00f3leo em m\u00e1quinas do processo fabril, executar corre\u00e7\u00e3o de vazamento de ar comprimido em m\u00e1quinas de processo fabril, substituir componentes mec\u00e2nicos avariados, substituir mangueiras, realizar avalia\u00e7\u00e3o da geometria da m\u00e1quina, limpeza no interior do equipamento, lubrifica\u00e7\u00e3o de componentes, substitui\u00e7\u00e3o de motores, eclodes, corrigir veda\u00e7\u00e3o de pain\u00e9is eletr\u00f4nicos.<\/p>\n\n\n\n<p><strong>Vaga dispon\u00edvel at\u00e9 6\/7\/2022 ou at\u00e9 o encerramento da vaga.<\/strong><\/p>\n\n\n\n<p><strong>2 vagas \u2013 Auxiliar Administrativo Fiscal<\/strong><\/p>\n\n\n\n<p><strong>Escolaridade<\/strong>\u2013 ensino superior completo ou cursando contabilidade, administra\u00e7\u00e3o ou \u00e1reas afins;<\/p>\n\n\n\n<p><strong>Experi\u00eancia<\/strong>&nbsp;\u2013 seis meses na carteira de trabalho;<\/p>\n\n\n\n<p><strong>Requisitos obrigat\u00f3rios<\/strong>&nbsp;\u2013&nbsp;ter experi\u00eancia em entrada de nota fiscal em produtos aliment\u00edcios, bazar, eletr\u00f4nicos)<\/p>\n\n\n\n<p>Pacote Office intermedi\u00e1rio; desej\u00e1vel conhecimento no winthor (TOTVS).&nbsp;Vaga exclusiva para o posto Sine Manaus avenida Constantino Nery;<\/p>\n\n\n\n<p><strong>Atividades<\/strong>&nbsp;\u2013&nbsp;atender fornecedores e clientes; controlar estoque; tratar de documentos variados; Apoio a \u00e1rea de Recursos Humanos e Administrativo.<\/p>\n\n\n\n<p><strong>Vaga dispon\u00edvel at\u00e9 6\/7\/2022 ou at\u00e9 o encerramento da vaga.<\/strong><\/p>\n\n\n\n<p><strong>2 vagas \u2013 Vendedor Interno<\/strong><\/p>\n\n\n\n<p><strong>Escolaridade<\/strong>\u2013 ensino m\u00e9dio completo;<\/p>\n\n\n\n<p><strong>Experi\u00eancia<\/strong>&nbsp;\u2013 seis meses na carteira de trabalho;<\/p>\n\n\n\n<p><strong>Requisitos obrigat\u00f3rios<\/strong>&nbsp;\u2013&nbsp;ter experi\u00eancia com vendas em Eletroeletr\u00f4nico, Eletroport\u00e1teis, Linha Branca.&nbsp;Vaga exclusiva para o posto Sine Manaus avenida Constantino Nery;<\/p>\n\n\n\n<p><strong>Atividades<\/strong>&nbsp;\u2013&nbsp;Entender em n\u00edvel detalhado, todas as etapas da jornada do cliente e do funil de vendas; manter contato direto com o time de marketing para ter insights sobre abordagens; conhecer com profundidade a persona da empresa.<\/p>\n\n\n\n<p><strong>Vaga dispon\u00edvel at\u00e9 6\/7\/2022 ou at\u00e9 o encerramento da vaga.<\/strong><\/p>\n\n\n\n<p><strong>1 Vaga- Pizzaiolo<\/strong><\/p>\n\n\n\n<p><strong>Escolaridade<\/strong>\u2013 ensino m\u00e9dio completo;<\/p>\n\n\n\n<p><strong>Experi\u00eancia<\/strong>&nbsp;\u2013 seis meses na carteira de trabalho;<\/p>\n\n\n\n<p><strong>Requisitos obrigat\u00f3rios<\/strong>&nbsp;\u2013 vaga exclusiva para o posto Sine Manaus avenida Constantino Nery;<\/p>\n\n\n\n<p><strong>Atividades<\/strong>&nbsp;\u2013&nbsp;Preparar pizzas do card\u00e1pio e baseadas nos pedidos personalizados. Assar uma ampla variedade de massas de pizza, incluindo massa fina, massa grossa e com recheio de queijo. Fazer molhos de tomate fresco, preto e branco.<\/p>\n\n\n\n<p><strong>Vaga dispon\u00edvel at\u00e9 08\/7\/2022 ou at\u00e9 o encerramento da vaga.<\/strong><\/p>\n\n\n\n<p><strong>30 Vagas \u2013 Vendedor Porta a Porta<\/strong><\/p>\n\n\n\n<p><strong>Escolaridade<\/strong>\u2013 ensino fundamental incompleto;<\/p>\n\n\n\n<p><strong>Experi\u00eancia<\/strong>&nbsp;\u2013 primeiro emprego;<\/p>\n\n\n\n<p><strong>Requisitos obrigat\u00f3rios<\/strong>&nbsp;\u2013 vaga exclusiva para o posto Sine Manaus avenida Constantino Nery;<\/p>\n\n\n\n<p><strong>Atividades<\/strong>&nbsp;\u2013 efetuar visitas aos poss\u00edveis compradores objetivando a oferta de produto ou servi\u00e7o. Esta sistem\u00e1tica de vendas est\u00e1 intimamente ligada a alguns produtos, como cons\u00f3rcio, planos de sa\u00fade, seja f\u00edsico ou bucal, como tamb\u00e9m a outros dentro do segmento de vendas externas.<\/p>\n\n\n\n<p><strong>Vaga dispon\u00edvel at\u00e9 6\/7\/2022 ou at\u00e9 o encerramento da vaga&nbsp;&nbsp;&nbsp;&nbsp;<\/strong><\/p>\n\n\n\n<p><strong>1 vaga \u2013 Analista de Laborat\u00f3rio<\/strong><\/p>\n\n\n\n<p><strong>Escolaridade<\/strong>\u2013 ensino m\u00e9dio completo;<\/p>\n\n\n\n<p><strong>Experi\u00eancia<\/strong>&nbsp;\u2013 seis meses na carteira de trabalho;<\/p>\n\n\n\n<p><strong>Requisitos obrigat\u00f3rios<\/strong>&nbsp;\u2013 vaga exclusiva para o posto Sine Manaus avenida Constantino Nery;<\/p>\n\n\n\n<p><strong>Atividades<\/strong>&nbsp;\u2013&nbsp;Qu\u00edmicos de produtos fabricados, elaborar certificados e laudos de an\u00e1lise de produtos, registrar os resultados das an\u00e1lises.&nbsp;&nbsp;&nbsp;&nbsp;<\/p>\n\n\n\n<p><strong>Vaga dispon\u00edvel at\u00e9 6\/7\/2022 ou at\u00e9 o encerramento da vaga<\/strong><\/p>\n\n\n\n<p><strong>3 vagas \u2013 Assistente de Contabilidade<\/strong><\/p>\n\n\n\n<p><strong>Escolaridade<\/strong>\u2013 ensino superior cursando contabilidade;<\/p>\n\n\n\n<p><strong>Experi\u00eancia<\/strong>&nbsp;\u2013 seis meses na carteira de trabalho;<\/p>\n\n\n\n<p><strong>Requisitos obrigat\u00f3rios<\/strong>&nbsp;\u2013&nbsp;ter experi\u00eancia com sistema Protheus (TOTVS), E carteira nacional de habilita\u00e7\u00e3o \u201cB\u201d.&nbsp;Vaga exclusiva para o posto SINE Manaus avenida Constantino Nery;<\/p>\n\n\n\n<p><strong>Atividades<\/strong>&nbsp;\u2013&nbsp;organizar documentos e fazer sua classifica\u00e7\u00e3o cont\u00e1bil. Auxiliar\u00e1 na apura\u00e7\u00e3o dos impostos, conciliar contas e preenchimento de guias de recolhimento e de solicita\u00e7\u00f5es.<\/p>\n\n\n\n<p><strong>Vaga dispon\u00edvel at\u00e9 6\/7\/2022 ou at\u00e9 o encerramento da vaga<\/strong><\/p>\n\n\n\n<p><strong>2 vagas \u2013 Gerente de Vendas<\/strong><\/p>\n\n\n\n<p><strong>Escolaridade<\/strong>\u2013 ensino m\u00e9dio completo;<\/p>\n\n\n\n<p><strong>Experi\u00eancia<\/strong>&nbsp;\u2013 seis meses na carteira de trabalho;<\/p>\n\n\n\n<p><strong>Requisitos obrigat\u00f3rios<\/strong>&nbsp;\u2013 vaga exclusiva para o posto Sine Manaus avenida Constantino Nery;<\/p>\n\n\n\n<p><strong>Atividades<\/strong>&nbsp;\u2013 respons\u00e1vel por motivar, treinar e dirigir a equipe de vendas, avaliando quais pontos devem ser melhorados e, continuamente, buscar resultados mais expressivos.<\/p>\n\n\n\n<p><strong>Vaga dispon\u00edvel at\u00e9 6\/7\/2022 ou at\u00e9 o encerramento da vaga<\/strong><\/p>\n\n\n\n<p><strong>8 Vagas \u2013 Vendedor Porta a Porta<\/strong><\/p>\n\n\n\n<p><strong>Escolaridade<\/strong>\u2013 ensino fundamental incompleto;<\/p>\n\n\n\n<p><strong>Experi\u00eancia<\/strong>&nbsp;\u2013 primeiro emprego;<\/p>\n\n\n\n<p><strong>Requisitos obrigat\u00f3rios<\/strong>&nbsp;\u2013 vaga exclusiva para o posto Sine Manaus avenida Constantino Nery;<\/p>\n\n\n\n<p><strong>Atividades<\/strong>&nbsp;\u2013 efetuar visitas aos poss\u00edveis compradores objetivando a oferta de produto ou servi\u00e7o. Esta sistem\u00e1tica de vendas est\u00e1 intimamente ligada a alguns produtos, como cons\u00f3rcio, planos de sa\u00fade, seja f\u00edsico ou bucal, como tamb\u00e9m a outros dentro do segmento de vendas externas.<\/p>\n\n\n\n<p><strong>Vaga dispon\u00edvel at\u00e9 7\/7\/2022 ou at\u00e9 o encerramento da vaga&nbsp;&nbsp;&nbsp;&nbsp;<\/strong><\/p>\n\n\n\n<p><strong>1 vaga \u2013 Churrasqueiro<\/strong><\/p>\n\n\n\n<p><strong>Escolaridade<\/strong>\u2013 ensino m\u00e9dio completo;<\/p>\n\n\n\n<p><strong>Experi\u00eancia<\/strong>&nbsp;\u2013 seis meses na carteira de trabalho;<\/p>\n\n\n\n<p><strong>Requisitos obrigat\u00f3rios<\/strong>&nbsp;\u2013&nbsp;ter disponibilidade de hor\u00e1rio, e residir pr\u00f3ximo ao bairro ponta negra.&nbsp;Vaga exclusiva para o posto Sine Manaus avenida Constantino Nery;<\/p>\n\n\n\n<p>Atividades \u2013 Preparar, cortar e assar carnes bovinas e su\u00ednas, realiza manuten\u00e7\u00e3o da churrasqueira e organiza o local de trabalho.<\/p>\n\n\n\n<p><strong>Vaga dispon\u00edvel at\u00e9 7\/7\/2022 ou at\u00e9 o encerramento da vaga<\/strong><\/p>\n\n\n\n<p><strong>3 vagas \u2013 Auxiliar de Limpeza<\/strong><\/p>\n\n\n\n<p><strong>Escolaridade<\/strong>\u2013 ensino m\u00e9dio completo;<\/p>\n\n\n\n<p><strong>Experi\u00eancia<\/strong>&nbsp;\u2013 seis meses na carteira de trabalho;<\/p>\n\n\n\n<p><strong>Requisitos obrigat\u00f3rios<\/strong>&nbsp;\u2013&nbsp;ter conhecimento em opera\u00e7\u00e3o de m\u00e1quina lavadora e tratamento de piso.&nbsp;vaga exclusiva para o posto Sine Manaus avenida Constantino Nery;<\/p>\n\n\n\n<p><strong>Atividades<\/strong>&nbsp;\u2013 Respons\u00e1vel por executar trabalhos de limpeza e conserva\u00e7\u00e3o em geral nas depend\u00eancias internas e externas da empresa, bem como servi\u00e7os de coleta de res\u00edduos.<\/p>\n\n\n\n<p><strong>Vaga dispon\u00edvel at\u00e9 7\/7\/2022 ou at\u00e9 o encerramento da vaga<\/strong><\/p>\n\n\n\n<p><strong>\u2014 \u2014 \u2014<\/strong><\/p>\n\n\n\n<p><strong>Texto \u2013&nbsp;<\/strong>Divulga\u00e7\u00e3o\/Semtepi<\/p>\n","protected":false},"excerpt":{"rendered":"<p>A&nbsp;Prefeitura de Manaus, por meio do Sine Manaus,&nbsp;oferta 155 vagas&nbsp;de emprego em v\u00e1rias \u00e1reas de&#8230;<\/p>\n","protected":false},"author":5,"featured_media":2406,"comment_status":"open","ping_status":"open","sticky":false,"template":"","format":"standard","meta":{"footnotes":""},"categories":[35],"tags":[43,392,391],"class_list":["post-2405","post","type-post","status-publish","format-standard","has-post-thumbnail","hentry","category-prefeitura-de-manaus","tag-prefeitura-de-manaus","tag-sine-manaus","tag-vagas-de-emprego"],"yoast_head":"<!-- This site is optimized with the Yoast SEO plugin v24.4 - https:\/\/yoast.com\/wordpress\/plugins\/seo\/ -->\n<title>Sine Manaus oferta 155 vagas de emprego nesta quarta-feira, 6\/7 - Not\u00edcias de Todos - Models01<\/title>\n<meta name=\"robots\" content=\"index, follow, max-snippet:-1, max-image-preview:large, max-video-preview:-1\" \/>\n<link rel=\"canonical\" href=\"https:\/\/markd.com.br\/models\/sine-manaus-oferta-155-vagas-de-emprego-nesta-quarta-feira-6-7\/\" \/>\n<meta property=\"og:locale\" content=\"pt_BR\" \/>\n<meta property=\"og:type\" content=\"article\" \/>\n<meta property=\"og:title\" content=\"Sine Manaus oferta 155 vagas de emprego nesta quarta-feira, 6\/7 - Not\u00edcias de Todos - Models01\" \/>\n<meta property=\"og:description\" content=\"A&nbsp;Prefeitura de Manaus, por meio do Sine Manaus,&nbsp;oferta 155 vagas&nbsp;de emprego em v\u00e1rias \u00e1reas de...\" \/>\n<meta property=\"og:url\" content=\"https:\/\/markd.com.br\/models\/sine-manaus-oferta-155-vagas-de-emprego-nesta-quarta-feira-6-7\/\" \/>\n<meta property=\"og:site_name\" content=\"Not\u00edcias de Todos - Models01\" \/>\n<meta property=\"article:published_time\" content=\"2022-07-05T21:38:48+00:00\" \/>\n<meta property=\"article:modified_time\" content=\"2022-07-05T21:38:52+00:00\" \/>\n<meta property=\"og:image\" content=\"https:\/\/markd.com.br\/models\/wp-content\/uploads\/2022\/07\/Noticias-720x407-1.png\" \/>\n\t<meta property=\"og:image:width\" content=\"720\" \/>\n\t<meta property=\"og:image:height\" content=\"407\" \/>\n\t<meta property=\"og:image:type\" content=\"image\/png\" \/>\n<meta name=\"author\" content=\"Reda\u00e7\u00e3o Reda\u00e7\u00e3o\" \/>\n<meta name=\"twitter:card\" content=\"summary_large_image\" \/>\n<meta name=\"twitter:label1\" content=\"Escrito por\" \/>\n\t<meta name=\"twitter:data1\" content=\"Reda\u00e7\u00e3o Reda\u00e7\u00e3o\" \/>\n\t<meta name=\"twitter:label2\" content=\"Est. tempo de leitura\" \/>\n\t<meta name=\"twitter:data2\" content=\"21 minutos\" \/>\n<script type=\"application\/ld+json\" class=\"yoast-schema-graph\">{\"@context\":\"https:\/\/schema.org\",\"@graph\":[{\"@type\":\"WebPage\",\"@id\":\"https:\/\/markd.com.br\/models\/sine-manaus-oferta-155-vagas-de-emprego-nesta-quarta-feira-6-7\/\",\"url\":\"https:\/\/markd.com.br\/models\/sine-manaus-oferta-155-vagas-de-emprego-nesta-quarta-feira-6-7\/\",\"name\":\"Sine Manaus oferta 155 vagas de emprego nesta quarta-feira, 6\/7 - Not\u00edcias de Todos - Models01\",\"isPartOf\":{\"@id\":\"https:\/\/markd.com.br\/models\/#website\"},\"primaryImageOfPage\":{\"@id\":\"https:\/\/markd.com.br\/models\/sine-manaus-oferta-155-vagas-de-emprego-nesta-quarta-feira-6-7\/#primaryimage\"},\"image\":{\"@id\":\"https:\/\/markd.com.br\/models\/sine-manaus-oferta-155-vagas-de-emprego-nesta-quarta-feira-6-7\/#primaryimage\"},\"thumbnailUrl\":\"https:\/\/markd.com.br\/models\/wp-content\/uploads\/2022\/07\/Noticias-720x407-1.png\",\"datePublished\":\"2022-07-05T21:38:48+00:00\",\"dateModified\":\"2022-07-05T21:38:52+00:00\",\"author\":{\"@id\":\"https:\/\/markd.com.br\/models\/#\/schema\/person\/c12a77ab487a7262d8bec3c47301ad37\"},\"breadcrumb\":{\"@id\":\"https:\/\/markd.com.br\/models\/sine-manaus-oferta-155-vagas-de-emprego-nesta-quarta-feira-6-7\/#breadcrumb\"},\"inLanguage\":\"pt-BR\",\"potentialAction\":[{\"@type\":\"ReadAction\",\"target\":[\"https:\/\/markd.com.br\/models\/sine-manaus-oferta-155-vagas-de-emprego-nesta-quarta-feira-6-7\/\"]}]},{\"@type\":\"ImageObject\",\"inLanguage\":\"pt-BR\",\"@id\":\"https:\/\/markd.com.br\/models\/sine-manaus-oferta-155-vagas-de-emprego-nesta-quarta-feira-6-7\/#primaryimage\",\"url\":\"https:\/\/markd.com.br\/models\/wp-content\/uploads\/2022\/07\/Noticias-720x407-1.png\",\"contentUrl\":\"https:\/\/markd.com.br\/models\/wp-content\/uploads\/2022\/07\/Noticias-720x407-1.png\",\"width\":720,\"height\":407},{\"@type\":\"BreadcrumbList\",\"@id\":\"https:\/\/markd.com.br\/models\/sine-manaus-oferta-155-vagas-de-emprego-nesta-quarta-feira-6-7\/#breadcrumb\",\"itemListElement\":[{\"@type\":\"ListItem\",\"position\":1,\"name\":\"In\u00edcio\",\"item\":\"https:\/\/markd.com.br\/models\/\"},{\"@type\":\"ListItem\",\"position\":2,\"name\":\"Sine Manaus oferta 155 vagas de emprego nesta quarta-feira, 6\/7\"}]},{\"@type\":\"WebSite\",\"@id\":\"https:\/\/markd.com.br\/models\/#website\",\"url\":\"https:\/\/markd.com.br\/models\/\",\"name\":\"Not\u00edcias de Todos - Models01\",\"description\":\"Tenha um Portal de Not\u00edcias Moderno, Din\u00e2mico, R\u00e1pido e Profissional. Entregamos seu Site de  Not\u00edcias Pronto, Instalado, Hospedado, com Manual Passo a Passo e Suporte 24 horas.\",\"potentialAction\":[{\"@type\":\"SearchAction\",\"target\":{\"@type\":\"EntryPoint\",\"urlTemplate\":\"https:\/\/markd.com.br\/models\/?s={search_term_string}\"},\"query-input\":{\"@type\":\"PropertyValueSpecification\",\"valueRequired\":true,\"valueName\":\"search_term_string\"}}],\"inLanguage\":\"pt-BR\"},{\"@type\":\"Person\",\"@id\":\"https:\/\/markd.com.br\/models\/#\/schema\/person\/c12a77ab487a7262d8bec3c47301ad37\",\"name\":\"Reda\u00e7\u00e3o Reda\u00e7\u00e3o\",\"image\":{\"@type\":\"ImageObject\",\"inLanguage\":\"pt-BR\",\"@id\":\"https:\/\/markd.com.br\/models\/#\/schema\/person\/image\/\",\"url\":\"https:\/\/secure.gravatar.com\/avatar\/9448f3599ce269febf169e183039b4a6?s=96&d=mm&r=g\",\"contentUrl\":\"https:\/\/secure.gravatar.com\/avatar\/9448f3599ce269febf169e183039b4a6?s=96&d=mm&r=g\",\"caption\":\"Reda\u00e7\u00e3o Reda\u00e7\u00e3o\"},\"sameAs\":[\"https:\/\/markd.com.br\/\"],\"url\":\"https:\/\/markd.com.br\/models\/author\/redacao\/\"}]}<\/script>\n<!-- \/ Yoast SEO plugin. -->","yoast_head_json":{"title":"Sine Manaus oferta 155 vagas de emprego nesta quarta-feira, 6\/7 - Not\u00edcias de Todos - Models01","robots":{"index":"index","follow":"follow","max-snippet":"max-snippet:-1","max-image-preview":"max-image-preview:large","max-video-preview":"max-video-preview:-1"},"canonical":"https:\/\/markd.com.br\/models\/sine-manaus-oferta-155-vagas-de-emprego-nesta-quarta-feira-6-7\/","og_locale":"pt_BR","og_type":"article","og_title":"Sine Manaus oferta 155 vagas de emprego nesta quarta-feira, 6\/7 - Not\u00edcias de Todos - Models01","og_description":"A&nbsp;Prefeitura de Manaus, por meio do Sine Manaus,&nbsp;oferta 155 vagas&nbsp;de emprego em v\u00e1rias \u00e1reas de...","og_url":"https:\/\/markd.com.br\/models\/sine-manaus-oferta-155-vagas-de-emprego-nesta-quarta-feira-6-7\/","og_site_name":"Not\u00edcias de Todos - Models01","article_published_time":"2022-07-05T21:38:48+00:00","article_modified_time":"2022-07-05T21:38:52+00:00","og_image":[{"width":720,"height":407,"url":"https:\/\/markd.com.br\/models\/wp-content\/uploads\/2022\/07\/Noticias-720x407-1.png","type":"image\/png"}],"author":"Reda\u00e7\u00e3o Reda\u00e7\u00e3o","twitter_card":"summary_large_image","twitter_misc":{"Escrito por":"Reda\u00e7\u00e3o Reda\u00e7\u00e3o","Est. tempo de leitura":"21 minutos"},"schema":{"@context":"https:\/\/schema.org","@graph":[{"@type":"WebPage","@id":"https:\/\/markd.com.br\/models\/sine-manaus-oferta-155-vagas-de-emprego-nesta-quarta-feira-6-7\/","url":"https:\/\/markd.com.br\/models\/sine-manaus-oferta-155-vagas-de-emprego-nesta-quarta-feira-6-7\/","name":"Sine Manaus oferta 155 vagas de emprego nesta quarta-feira, 6\/7 - Not\u00edcias de Todos - Models01","isPartOf":{"@id":"https:\/\/markd.com.br\/models\/#website"},"primaryImageOfPage":{"@id":"https:\/\/markd.com.br\/models\/sine-manaus-oferta-155-vagas-de-emprego-nesta-quarta-feira-6-7\/#primaryimage"},"image":{"@id":"https:\/\/markd.com.br\/models\/sine-manaus-oferta-155-vagas-de-emprego-nesta-quarta-feira-6-7\/#primaryimage"},"thumbnailUrl":"https:\/\/markd.com.br\/models\/wp-content\/uploads\/2022\/07\/Noticias-720x407-1.png","datePublished":"2022-07-05T21:38:48+00:00","dateModified":"2022-07-05T21:38:52+00:00","author":{"@id":"https:\/\/markd.com.br\/models\/#\/schema\/person\/c12a77ab487a7262d8bec3c47301ad37"},"breadcrumb":{"@id":"https:\/\/markd.com.br\/models\/sine-manaus-oferta-155-vagas-de-emprego-nesta-quarta-feira-6-7\/#breadcrumb"},"inLanguage":"pt-BR","potentialAction":[{"@type":"ReadAction","target":["https:\/\/markd.com.br\/models\/sine-manaus-oferta-155-vagas-de-emprego-nesta-quarta-feira-6-7\/"]}]},{"@type":"ImageObject","inLanguage":"pt-BR","@id":"https:\/\/markd.com.br\/models\/sine-manaus-oferta-155-vagas-de-emprego-nesta-quarta-feira-6-7\/#primaryimage","url":"https:\/\/markd.com.br\/models\/wp-content\/uploads\/2022\/07\/Noticias-720x407-1.png","contentUrl":"https:\/\/markd.com.br\/models\/wp-content\/uploads\/2022\/07\/Noticias-720x407-1.png","width":720,"height":407},{"@type":"BreadcrumbList","@id":"https:\/\/markd.com.br\/models\/sine-manaus-oferta-155-vagas-de-emprego-nesta-quarta-feira-6-7\/#breadcrumb","itemListElement":[{"@type":"ListItem","position":1,"name":"In\u00edcio","item":"https:\/\/markd.com.br\/models\/"},{"@type":"ListItem","position":2,"name":"Sine Manaus oferta 155 vagas de emprego nesta quarta-feira, 6\/7"}]},{"@type":"WebSite","@id":"https:\/\/markd.com.br\/models\/#website","url":"https:\/\/markd.com.br\/models\/","name":"Not\u00edcias de Todos - Models01","description":"Tenha um Portal de Not\u00edcias Moderno, Din\u00e2mico, R\u00e1pido e Profissional. Entregamos seu Site de  Not\u00edcias Pronto, Instalado, Hospedado, com Manual Passo a Passo e Suporte 24 horas.","potentialAction":[{"@type":"SearchAction","target":{"@type":"EntryPoint","urlTemplate":"https:\/\/markd.com.br\/models\/?s={search_term_string}"},"query-input":{"@type":"PropertyValueSpecification","valueRequired":true,"valueName":"search_term_string"}}],"inLanguage":"pt-BR"},{"@type":"Person","@id":"https:\/\/markd.com.br\/models\/#\/schema\/person\/c12a77ab487a7262d8bec3c47301ad37","name":"Reda\u00e7\u00e3o Reda\u00e7\u00e3o","image":{"@type":"ImageObject","inLanguage":"pt-BR","@id":"https:\/\/markd.com.br\/models\/#\/schema\/person\/image\/","url":"https:\/\/secure.gravatar.com\/avatar\/9448f3599ce269febf169e183039b4a6?s=96&d=mm&r=g","contentUrl":"https:\/\/secure.gravatar.com\/avatar\/9448f3599ce269febf169e183039b4a6?s=96&d=mm&r=g","caption":"Reda\u00e7\u00e3o Reda\u00e7\u00e3o"},"sameAs":["https:\/\/markd.com.br\/"],"url":"https:\/\/markd.com.br\/models\/author\/redacao\/"}]}},"featured_image_urls":{"full":["https:\/\/markd.com.br\/models\/wp-content\/uploads\/2022\/07\/Noticias-720x407-1.png",720,407,false],"thumbnail":["https:\/\/markd.com.br\/models\/wp-content\/uploads\/2022\/07\/Noticias-720x407-1-150x150.png",150,150,true],"medium":["https:\/\/markd.com.br\/models\/wp-content\/uploads\/2022\/07\/Noticias-720x407-1-300x170.png",300,170,true],"medium_large":["https:\/\/markd.com.br\/models\/wp-content\/uploads\/2022\/07\/Noticias-720x407-1.png",640,362,false],"large":["https:\/\/markd.com.br\/models\/wp-content\/uploads\/2022\/07\/Noticias-720x407-1.png",640,362,false],"1536x1536":["https:\/\/markd.com.br\/models\/wp-content\/uploads\/2022\/07\/Noticias-720x407-1.png",720,407,false],"2048x2048":["https:\/\/markd.com.br\/models\/wp-content\/uploads\/2022\/07\/Noticias-720x407-1.png",720,407,false],"newsphere-slider-full":["https:\/\/markd.com.br\/models\/wp-content\/uploads\/2022\/07\/Noticias-720x407-1.png",720,407,false],"newsphere-featured":["https:\/\/markd.com.br\/models\/wp-content\/uploads\/2022\/07\/Noticias-720x407-1.png",720,407,false],"newsphere-medium":["https:\/\/markd.com.br\/models\/wp-content\/uploads\/2022\/07\/Noticias-720x407-1-720x380.png",720,380,true]},"author_info":{"display_name":"Reda\u00e7\u00e3o Reda\u00e7\u00e3o","author_link":"https:\/\/markd.com.br\/models\/author\/redacao\/"},"category_info":"<a href=\"https:\/\/markd.com.br\/models\/category\/prefeitura-de-manaus\/\" rel=\"category tag\">Prefeitura de Manaus<\/a>","tag_info":"Prefeitura de Manaus","comment_count":"0","jetpack_featured_media_url":"https:\/\/markd.com.br\/models\/wp-content\/uploads\/2022\/07\/Noticias-720x407-1.png","_links":{"self":[{"href":"https:\/\/markd.com.br\/models\/wp-json\/wp\/v2\/posts\/2405","targetHints":{"allow":["GET"]}}],"collection":[{"href":"https:\/\/markd.com.br\/models\/wp-json\/wp\/v2\/posts"}],"about":[{"href":"https:\/\/markd.com.br\/models\/wp-json\/wp\/v2\/types\/post"}],"author":[{"embeddable":true,"href":"https:\/\/markd.com.br\/models\/wp-json\/wp\/v2\/users\/5"}],"replies":[{"embeddable":true,"href":"https:\/\/markd.com.br\/models\/wp-json\/wp\/v2\/comments?post=2405"}],"version-history":[{"count":1,"href":"https:\/\/markd.com.br\/models\/wp-json\/wp\/v2\/posts\/2405\/revisions"}],"predecessor-version":[{"id":2407,"href":"https:\/\/markd.com.br\/models\/wp-json\/wp\/v2\/posts\/2405\/revisions\/2407"}],"wp:featuredmedia":[{"embeddable":true,"href":"https:\/\/markd.com.br\/models\/wp-json\/wp\/v2\/media\/2406"}],"wp:attachment":[{"href":"https:\/\/markd.com.br\/models\/wp-json\/wp\/v2\/media?parent=2405"}],"wp:term":[{"taxonomy":"category","embeddable":true,"href":"https:\/\/markd.com.br\/models\/wp-json\/wp\/v2\/categories?post=2405"},{"taxonomy":"post_tag","embeddable":true,"href":"https:\/\/markd.com.br\/models\/wp-json\/wp\/v2\/tags?post=2405"}],"curies":[{"name":"wp","href":"https:\/\/api.w.org\/{rel}","templated":true}]}}