{"id":2408,"date":"2022-07-05T18:42:09","date_gmt":"2022-07-05T21:42:09","guid":{"rendered":"https:\/\/portaldestaquenoticias.com.br\/?p=2408"},"modified":"2022-07-05T18:42:13","modified_gmt":"2022-07-05T21:42:13","slug":"prefeitura-realiza-treinamento-com-dispositivo-eletrico-para-guardas-municipais","status":"publish","type":"post","link":"https:\/\/markd.com.br\/models\/prefeitura-realiza-treinamento-com-dispositivo-eletrico-para-guardas-municipais\/","title":{"rendered":"Prefeitura realiza treinamento com dispositivo el\u00e9trico para guardas municipais"},"content":{"rendered":"\n<p><\/p>\n\n\n\n<p>A&nbsp;Prefeitura de Manaus, por meio da Secretaria Municipal de Seguran\u00e7a P\u00fablica e Defesa Social (Semseg), realizou mais um curso te\u00f3rico e pr\u00e1tico sobre o uso de dispositivo el\u00e9trico incapacitante para a Guarda Municipal. Essa segunda turma deve formar mais 37 agentes.<\/p>\n\n\n\n<p>Os dispositivos el\u00e9tricos incapacitantes s\u00e3o Spark e Taser, e atuar\u00e3o como mais uma ferramenta de promo\u00e7\u00e3o \u00e0 seguran\u00e7a. O secret\u00e1rio da Semseg, S\u00e9rgio Fontes, explica que o objetivo \u00e9 capacitar toda a Guarda Municipal.<\/p>\n\n\n\n<p>\u201cN\u00f3s vamos formando turmas com pouco mais de 30 guardas, para que eles possam realmente absorver o conhecimento passado pelos nossos instrutores, atuando posteriormente nas unidades de maior necessidade dessa ferramenta\u201d, disse Fontes.<\/p>\n\n\n\n<p>Os dois instrutores, que s\u00e3o guardas municipais capacitados pela Pol\u00edcia Federal, realizaram a aula te\u00f3rica, explicando sobre o uso do equipamento, a aplicabilidade, situa\u00e7\u00f5es, al\u00e9m da apresenta\u00e7\u00e3o de material audiovisual representativo do campo pr\u00e1tico, e tamb\u00e9m a parte pr\u00e1tica, com tiros em humanoides e tamb\u00e9m entre os profissionais no tatame.<\/p>\n\n\n\n<p>A experi\u00eancia proporcionada aos 37 guardas municipais deixou clara a import\u00e2ncia de se entender a respeito do uso progressivo da for\u00e7a, iniciando com bast\u00f5es de m\u00e3o, spray de pimenta, e somente em caso de necessidade, havendo risco de morte ou ferimento grave, a utiliza\u00e7\u00e3o adequada do equipamento el\u00e9trico.<\/p>\n\n\n\n<p>\u2014 \u2014 \u2014<\/p>\n\n\n\n<p><strong>Texto<\/strong>&nbsp;\u2013 Divulga\u00e7\u00e3o \/ Semseg<\/p>\n\n\n\n<p><strong>Fotos<\/strong>&nbsp;\u2013 Jo\u00e3o Viana \/ Semcom<\/p>\n","protected":false},"excerpt":{"rendered":"<p>A&nbsp;Prefeitura de Manaus, por meio da Secretaria Municipal de Seguran\u00e7a P\u00fablica e Defesa Social (Semseg),&#8230;<\/p>\n","protected":false},"author":5,"featured_media":2409,"comment_status":"open","ping_status":"open","sticky":false,"template":"","format":"standard","meta":{"footnotes":""},"categories":[35],"tags":[43,708],"class_list":["post-2408","post","type-post","status-publish","format-standard","has-post-thumbnail","hentry","category-prefeitura-de-manaus","tag-prefeitura-de-manaus","tag-semseg"],"yoast_head":"<!-- This site is optimized with the Yoast SEO plugin v24.4 - https:\/\/yoast.com\/wordpress\/plugins\/seo\/ -->\n<title>Prefeitura realiza treinamento com dispositivo el\u00e9trico para guardas municipais - Not\u00edcias de Todos - Models01<\/title>\n<meta name=\"robots\" content=\"index, follow, max-snippet:-1, max-image-preview:large, max-video-preview:-1\" \/>\n<link rel=\"canonical\" href=\"https:\/\/markd.com.br\/models\/prefeitura-realiza-treinamento-com-dispositivo-eletrico-para-guardas-municipais\/\" \/>\n<meta property=\"og:locale\" content=\"pt_BR\" \/>\n<meta property=\"og:type\" content=\"article\" \/>\n<meta property=\"og:title\" content=\"Prefeitura realiza treinamento com dispositivo el\u00e9trico para guardas municipais - Not\u00edcias de Todos - Models01\" \/>\n<meta property=\"og:description\" content=\"A&nbsp;Prefeitura de Manaus, por meio da Secretaria Municipal de Seguran\u00e7a P\u00fablica e Defesa Social (Semseg),...\" \/>\n<meta property=\"og:url\" content=\"https:\/\/markd.com.br\/models\/prefeitura-realiza-treinamento-com-dispositivo-eletrico-para-guardas-municipais\/\" \/>\n<meta property=\"og:site_name\" content=\"Not\u00edcias de Todos - Models01\" \/>\n<meta property=\"article:published_time\" content=\"2022-07-05T21:42:09+00:00\" \/>\n<meta property=\"article:modified_time\" content=\"2022-07-05T21:42:13+00:00\" \/>\n<meta property=\"og:image\" content=\"https:\/\/markd.com.br\/models\/wp-content\/uploads\/2022\/07\/52193072842_8cf0e001ea_c-799x445-1.jpg\" \/>\n\t<meta property=\"og:image:width\" content=\"799\" \/>\n\t<meta property=\"og:image:height\" content=\"445\" \/>\n\t<meta property=\"og:image:type\" content=\"image\/jpeg\" \/>\n<meta name=\"author\" content=\"Reda\u00e7\u00e3o Reda\u00e7\u00e3o\" \/>\n<meta name=\"twitter:card\" content=\"summary_large_image\" \/>\n<meta name=\"twitter:label1\" content=\"Escrito por\" \/>\n\t<meta name=\"twitter:data1\" content=\"Reda\u00e7\u00e3o Reda\u00e7\u00e3o\" \/>\n\t<meta name=\"twitter:label2\" content=\"Est. tempo de leitura\" \/>\n\t<meta name=\"twitter:data2\" content=\"2 minutos\" \/>\n<script type=\"application\/ld+json\" class=\"yoast-schema-graph\">{\"@context\":\"https:\/\/schema.org\",\"@graph\":[{\"@type\":\"WebPage\",\"@id\":\"https:\/\/markd.com.br\/models\/prefeitura-realiza-treinamento-com-dispositivo-eletrico-para-guardas-municipais\/\",\"url\":\"https:\/\/markd.com.br\/models\/prefeitura-realiza-treinamento-com-dispositivo-eletrico-para-guardas-municipais\/\",\"name\":\"Prefeitura realiza treinamento com dispositivo el\u00e9trico para guardas municipais - Not\u00edcias de Todos - Models01\",\"isPartOf\":{\"@id\":\"https:\/\/markd.com.br\/models\/#website\"},\"primaryImageOfPage\":{\"@id\":\"https:\/\/markd.com.br\/models\/prefeitura-realiza-treinamento-com-dispositivo-eletrico-para-guardas-municipais\/#primaryimage\"},\"image\":{\"@id\":\"https:\/\/markd.com.br\/models\/prefeitura-realiza-treinamento-com-dispositivo-eletrico-para-guardas-municipais\/#primaryimage\"},\"thumbnailUrl\":\"https:\/\/markd.com.br\/models\/wp-content\/uploads\/2022\/07\/52193072842_8cf0e001ea_c-799x445-1.jpg\",\"datePublished\":\"2022-07-05T21:42:09+00:00\",\"dateModified\":\"2022-07-05T21:42:13+00:00\",\"author\":{\"@id\":\"https:\/\/markd.com.br\/models\/#\/schema\/person\/c12a77ab487a7262d8bec3c47301ad37\"},\"breadcrumb\":{\"@id\":\"https:\/\/markd.com.br\/models\/prefeitura-realiza-treinamento-com-dispositivo-eletrico-para-guardas-municipais\/#breadcrumb\"},\"inLanguage\":\"pt-BR\",\"potentialAction\":[{\"@type\":\"ReadAction\",\"target\":[\"https:\/\/markd.com.br\/models\/prefeitura-realiza-treinamento-com-dispositivo-eletrico-para-guardas-municipais\/\"]}]},{\"@type\":\"ImageObject\",\"inLanguage\":\"pt-BR\",\"@id\":\"https:\/\/markd.com.br\/models\/prefeitura-realiza-treinamento-com-dispositivo-eletrico-para-guardas-municipais\/#primaryimage\",\"url\":\"https:\/\/markd.com.br\/models\/wp-content\/uploads\/2022\/07\/52193072842_8cf0e001ea_c-799x445-1.jpg\",\"contentUrl\":\"https:\/\/markd.com.br\/models\/wp-content\/uploads\/2022\/07\/52193072842_8cf0e001ea_c-799x445-1.jpg\",\"width\":799,\"height\":445},{\"@type\":\"BreadcrumbList\",\"@id\":\"https:\/\/markd.com.br\/models\/prefeitura-realiza-treinamento-com-dispositivo-eletrico-para-guardas-municipais\/#breadcrumb\",\"itemListElement\":[{\"@type\":\"ListItem\",\"position\":1,\"name\":\"In\u00edcio\",\"item\":\"https:\/\/markd.com.br\/models\/\"},{\"@type\":\"ListItem\",\"position\":2,\"name\":\"Prefeitura realiza treinamento com dispositivo el\u00e9trico para guardas municipais\"}]},{\"@type\":\"WebSite\",\"@id\":\"https:\/\/markd.com.br\/models\/#website\",\"url\":\"https:\/\/markd.com.br\/models\/\",\"name\":\"Not\u00edcias de Todos - Models01\",\"description\":\"Tenha um Portal de Not\u00edcias Moderno, Din\u00e2mico, R\u00e1pido e Profissional. Entregamos seu Site de  Not\u00edcias Pronto, Instalado, Hospedado, com Manual Passo a Passo e Suporte 24 horas.\",\"potentialAction\":[{\"@type\":\"SearchAction\",\"target\":{\"@type\":\"EntryPoint\",\"urlTemplate\":\"https:\/\/markd.com.br\/models\/?s={search_term_string}\"},\"query-input\":{\"@type\":\"PropertyValueSpecification\",\"valueRequired\":true,\"valueName\":\"search_term_string\"}}],\"inLanguage\":\"pt-BR\"},{\"@type\":\"Person\",\"@id\":\"https:\/\/markd.com.br\/models\/#\/schema\/person\/c12a77ab487a7262d8bec3c47301ad37\",\"name\":\"Reda\u00e7\u00e3o Reda\u00e7\u00e3o\",\"image\":{\"@type\":\"ImageObject\",\"inLanguage\":\"pt-BR\",\"@id\":\"https:\/\/markd.com.br\/models\/#\/schema\/person\/image\/\",\"url\":\"https:\/\/secure.gravatar.com\/avatar\/9448f3599ce269febf169e183039b4a6?s=96&d=mm&r=g\",\"contentUrl\":\"https:\/\/secure.gravatar.com\/avatar\/9448f3599ce269febf169e183039b4a6?s=96&d=mm&r=g\",\"caption\":\"Reda\u00e7\u00e3o Reda\u00e7\u00e3o\"},\"sameAs\":[\"https:\/\/markd.com.br\/\"],\"url\":\"https:\/\/markd.com.br\/models\/author\/redacao\/\"}]}<\/script>\n<!-- \/ Yoast SEO plugin. -->","yoast_head_json":{"title":"Prefeitura realiza treinamento com dispositivo el\u00e9trico para guardas municipais - Not\u00edcias de Todos - Models01","robots":{"index":"index","follow":"follow","max-snippet":"max-snippet:-1","max-image-preview":"max-image-preview:large","max-video-preview":"max-video-preview:-1"},"canonical":"https:\/\/markd.com.br\/models\/prefeitura-realiza-treinamento-com-dispositivo-eletrico-para-guardas-municipais\/","og_locale":"pt_BR","og_type":"article","og_title":"Prefeitura realiza treinamento com dispositivo el\u00e9trico para guardas municipais - Not\u00edcias de Todos - Models01","og_description":"A&nbsp;Prefeitura de Manaus, por meio da Secretaria Municipal de Seguran\u00e7a P\u00fablica e Defesa Social (Semseg),...","og_url":"https:\/\/markd.com.br\/models\/prefeitura-realiza-treinamento-com-dispositivo-eletrico-para-guardas-municipais\/","og_site_name":"Not\u00edcias de Todos - Models01","article_published_time":"2022-07-05T21:42:09+00:00","article_modified_time":"2022-07-05T21:42:13+00:00","og_image":[{"width":799,"height":445,"url":"https:\/\/markd.com.br\/models\/wp-content\/uploads\/2022\/07\/52193072842_8cf0e001ea_c-799x445-1.jpg","type":"image\/jpeg"}],"author":"Reda\u00e7\u00e3o Reda\u00e7\u00e3o","twitter_card":"summary_large_image","twitter_misc":{"Escrito por":"Reda\u00e7\u00e3o Reda\u00e7\u00e3o","Est. tempo de leitura":"2 minutos"},"schema":{"@context":"https:\/\/schema.org","@graph":[{"@type":"WebPage","@id":"https:\/\/markd.com.br\/models\/prefeitura-realiza-treinamento-com-dispositivo-eletrico-para-guardas-municipais\/","url":"https:\/\/markd.com.br\/models\/prefeitura-realiza-treinamento-com-dispositivo-eletrico-para-guardas-municipais\/","name":"Prefeitura realiza treinamento com dispositivo el\u00e9trico para guardas municipais - Not\u00edcias de Todos - Models01","isPartOf":{"@id":"https:\/\/markd.com.br\/models\/#website"},"primaryImageOfPage":{"@id":"https:\/\/markd.com.br\/models\/prefeitura-realiza-treinamento-com-dispositivo-eletrico-para-guardas-municipais\/#primaryimage"},"image":{"@id":"https:\/\/markd.com.br\/models\/prefeitura-realiza-treinamento-com-dispositivo-eletrico-para-guardas-municipais\/#primaryimage"},"thumbnailUrl":"https:\/\/markd.com.br\/models\/wp-content\/uploads\/2022\/07\/52193072842_8cf0e001ea_c-799x445-1.jpg","datePublished":"2022-07-05T21:42:09+00:00","dateModified":"2022-07-05T21:42:13+00:00","author":{"@id":"https:\/\/markd.com.br\/models\/#\/schema\/person\/c12a77ab487a7262d8bec3c47301ad37"},"breadcrumb":{"@id":"https:\/\/markd.com.br\/models\/prefeitura-realiza-treinamento-com-dispositivo-eletrico-para-guardas-municipais\/#breadcrumb"},"inLanguage":"pt-BR","potentialAction":[{"@type":"ReadAction","target":["https:\/\/markd.com.br\/models\/prefeitura-realiza-treinamento-com-dispositivo-eletrico-para-guardas-municipais\/"]}]},{"@type":"ImageObject","inLanguage":"pt-BR","@id":"https:\/\/markd.com.br\/models\/prefeitura-realiza-treinamento-com-dispositivo-eletrico-para-guardas-municipais\/#primaryimage","url":"https:\/\/markd.com.br\/models\/wp-content\/uploads\/2022\/07\/52193072842_8cf0e001ea_c-799x445-1.jpg","contentUrl":"https:\/\/markd.com.br\/models\/wp-content\/uploads\/2022\/07\/52193072842_8cf0e001ea_c-799x445-1.jpg","width":799,"height":445},{"@type":"BreadcrumbList","@id":"https:\/\/markd.com.br\/models\/prefeitura-realiza-treinamento-com-dispositivo-eletrico-para-guardas-municipais\/#breadcrumb","itemListElement":[{"@type":"ListItem","position":1,"name":"In\u00edcio","item":"https:\/\/markd.com.br\/models\/"},{"@type":"ListItem","position":2,"name":"Prefeitura realiza treinamento com dispositivo el\u00e9trico para guardas municipais"}]},{"@type":"WebSite","@id":"https:\/\/markd.com.br\/models\/#website","url":"https:\/\/markd.com.br\/models\/","name":"Not\u00edcias de Todos - Models01","description":"Tenha um Portal de Not\u00edcias Moderno, Din\u00e2mico, R\u00e1pido e Profissional. Entregamos seu Site de  Not\u00edcias Pronto, Instalado, Hospedado, com Manual Passo a Passo e Suporte 24 horas.","potentialAction":[{"@type":"SearchAction","target":{"@type":"EntryPoint","urlTemplate":"https:\/\/markd.com.br\/models\/?s={search_term_string}"},"query-input":{"@type":"PropertyValueSpecification","valueRequired":true,"valueName":"search_term_string"}}],"inLanguage":"pt-BR"},{"@type":"Person","@id":"https:\/\/markd.com.br\/models\/#\/schema\/person\/c12a77ab487a7262d8bec3c47301ad37","name":"Reda\u00e7\u00e3o Reda\u00e7\u00e3o","image":{"@type":"ImageObject","inLanguage":"pt-BR","@id":"https:\/\/markd.com.br\/models\/#\/schema\/person\/image\/","url":"https:\/\/secure.gravatar.com\/avatar\/9448f3599ce269febf169e183039b4a6?s=96&d=mm&r=g","contentUrl":"https:\/\/secure.gravatar.com\/avatar\/9448f3599ce269febf169e183039b4a6?s=96&d=mm&r=g","caption":"Reda\u00e7\u00e3o Reda\u00e7\u00e3o"},"sameAs":["https:\/\/markd.com.br\/"],"url":"https:\/\/markd.com.br\/models\/author\/redacao\/"}]}},"featured_image_urls":{"full":["https:\/\/markd.com.br\/models\/wp-content\/uploads\/2022\/07\/52193072842_8cf0e001ea_c-799x445-1.jpg",799,445,false],"thumbnail":["https:\/\/markd.com.br\/models\/wp-content\/uploads\/2022\/07\/52193072842_8cf0e001ea_c-799x445-1-150x150.jpg",150,150,true],"medium":["https:\/\/markd.com.br\/models\/wp-content\/uploads\/2022\/07\/52193072842_8cf0e001ea_c-799x445-1-300x167.jpg",300,167,true],"medium_large":["https:\/\/markd.com.br\/models\/wp-content\/uploads\/2022\/07\/52193072842_8cf0e001ea_c-799x445-1-768x428.jpg",640,357,true],"large":["https:\/\/markd.com.br\/models\/wp-content\/uploads\/2022\/07\/52193072842_8cf0e001ea_c-799x445-1.jpg",640,356,false],"1536x1536":["https:\/\/markd.com.br\/models\/wp-content\/uploads\/2022\/07\/52193072842_8cf0e001ea_c-799x445-1.jpg",799,445,false],"2048x2048":["https:\/\/markd.com.br\/models\/wp-content\/uploads\/2022\/07\/52193072842_8cf0e001ea_c-799x445-1.jpg",799,445,false],"newsphere-slider-full":["https:\/\/markd.com.br\/models\/wp-content\/uploads\/2022\/07\/52193072842_8cf0e001ea_c-799x445-1.jpg",799,445,false],"newsphere-featured":["https:\/\/markd.com.br\/models\/wp-content\/uploads\/2022\/07\/52193072842_8cf0e001ea_c-799x445-1.jpg",799,445,false],"newsphere-medium":["https:\/\/markd.com.br\/models\/wp-content\/uploads\/2022\/07\/52193072842_8cf0e001ea_c-799x445-1-720x380.jpg",720,380,true]},"author_info":{"display_name":"Reda\u00e7\u00e3o Reda\u00e7\u00e3o","author_link":"https:\/\/markd.com.br\/models\/author\/redacao\/"},"category_info":"<a href=\"https:\/\/markd.com.br\/models\/category\/prefeitura-de-manaus\/\" rel=\"category tag\">Prefeitura de Manaus<\/a>","tag_info":"Prefeitura de Manaus","comment_count":"0","jetpack_featured_media_url":"https:\/\/markd.com.br\/models\/wp-content\/uploads\/2022\/07\/52193072842_8cf0e001ea_c-799x445-1.jpg","_links":{"self":[{"href":"https:\/\/markd.com.br\/models\/wp-json\/wp\/v2\/posts\/2408","targetHints":{"allow":["GET"]}}],"collection":[{"href":"https:\/\/markd.com.br\/models\/wp-json\/wp\/v2\/posts"}],"about":[{"href":"https:\/\/markd.com.br\/models\/wp-json\/wp\/v2\/types\/post"}],"author":[{"embeddable":true,"href":"https:\/\/markd.com.br\/models\/wp-json\/wp\/v2\/users\/5"}],"replies":[{"embeddable":true,"href":"https:\/\/markd.com.br\/models\/wp-json\/wp\/v2\/comments?post=2408"}],"version-history":[{"count":1,"href":"https:\/\/markd.com.br\/models\/wp-json\/wp\/v2\/posts\/2408\/revisions"}],"predecessor-version":[{"id":2410,"href":"https:\/\/markd.com.br\/models\/wp-json\/wp\/v2\/posts\/2408\/revisions\/2410"}],"wp:featuredmedia":[{"embeddable":true,"href":"https:\/\/markd.com.br\/models\/wp-json\/wp\/v2\/media\/2409"}],"wp:attachment":[{"href":"https:\/\/markd.com.br\/models\/wp-json\/wp\/v2\/media?parent=2408"}],"wp:term":[{"taxonomy":"category","embeddable":true,"href":"https:\/\/markd.com.br\/models\/wp-json\/wp\/v2\/categories?post=2408"},{"taxonomy":"post_tag","embeddable":true,"href":"https:\/\/markd.com.br\/models\/wp-json\/wp\/v2\/tags?post=2408"}],"curies":[{"name":"wp","href":"https:\/\/api.w.org\/{rel}","templated":true}]}}