{"id":2411,"date":"2022-07-05T18:44:57","date_gmt":"2022-07-05T21:44:57","guid":{"rendered":"https:\/\/portaldestaquenoticias.com.br\/?p=2411"},"modified":"2022-07-05T18:45:01","modified_gmt":"2022-07-05T21:45:01","slug":"professores-filmam-diretora-de-creche-para-provar-maus-tratos-a-criancas","status":"publish","type":"post","link":"https:\/\/markd.com.br\/models\/professores-filmam-diretora-de-creche-para-provar-maus-tratos-a-criancas\/","title":{"rendered":"Professores filmam diretora de creche para provar maus-tratos a crian\u00e7as"},"content":{"rendered":"\n<p><\/p>\n\n\n\n<p>Mais de dez fam\u00edlias j\u00e1 denunciaram \u00e0 pol\u00edcia uma s\u00e9rie de maus-tratos contra crian\u00e7as de 11 meses a 5 anos em uma creche particular de Florian\u00f3polis, em Santa Catarina. Os relatos v\u00e3o da chantagem ao uso de cobertor para abafar o choro dos beb\u00eas. A situa\u00e7\u00e3o veio a p\u00fablico depois que v\u00eddeos das cenas passaram a circular nas redes sociais. Professores decidiram gravar imagens para comprovar as den\u00fancias atribu\u00eddas \u00e0 diretora da unidade, Twuisa Alexandre Marcelino. A escola alega que as acusa\u00e7\u00f5es s\u00e3o \u201cfake news\u201d.<\/p>\n\n\n\n<p>Segundo os docentes, as crian\u00e7as passavam fome no local, eram humilhadas e trancadas em banheiros. Em um dos casos gravados por uma professora, Twuisa Alexandre aparece colocando um pano e apertando a cabe\u00e7a de um beb\u00ea porque a crian\u00e7a chorava. Nesta segunda-feira (4\/07), a unidade suspendeu as atividades por tempo indeterminado.<\/p>\n\n\n\n<p>Por iniciativa dos pr\u00f3prios professores, que ficaram revoltados com a atitude da diretora e dona do local, um grupo de WhatsApp com os pais das crian\u00e7as foi criado com o objetivo de reunir elementos para incriminar a diretora. Nele, os profissionais denunciaram o ocorrido, e os respons\u00e1veis, que costumavam relatar problemas de comportamento dos filhos sem saber a raz\u00e3o, registraram boletins de ocorr\u00eancia na 6\u00aa Delegacia de Pol\u00edcia de Florian\u00f3polis \u2013 Delegacia de Prote\u00e7\u00e3o \u00e0 Crian\u00e7a, Adolescente, Mulher e Idoso (DPCAMI).<\/p>\n\n\n\n<p>\u2013 A crian\u00e7a respondia (e recebia um) tapa na boca. Pegava um brinquedo, (e a diretora) dava tapas na cabe\u00e7a da crian\u00e7a \u2013 disse ao G1 uma funcion\u00e1ria que n\u00e3o quis ser identificada. Segundo ela, as agress\u00f5es eram constantes, e os castigos inclu\u00edam deixar os alunos sentados sozinhos por 15 minutos e os trancar em uma sala.<\/p>\n\n\n\n<p>Crian\u00e7as passavam fome<\/p>\n\n\n\n<p>Outra den\u00fancia \u00e9 relacionada \u00e0 comida dada \u00e0s crian\u00e7as. Ainda que a despesa estivesse dentro dos gastos da mensalidade, os alunos recebiam quantidades reduzidas de alimentos, que, segundo os funcion\u00e1rios, eram sempre macarr\u00e3o, arroz, sopa ou tr\u00eas rodelas de banana como lanche. De acordo com os pais, era comum que os filhos chegassem em casa com fome depois de um dia na creche.<\/p>\n\n\n\n<p>Creche diz que den\u00fancias s\u00e3o \u2018fake-news\u2019<\/p>\n\n\n\n<p>A unidade divulgou um comunicado em que diz que as den\u00fancias s\u00e3o \u201cfake News\u201d. Ap\u00f3s acionar os advogados, a escola diz n\u00e3o reconhecer \u201ca validade das imagens divulgadas\u201d, e declara que est\u00e1 \u201c\u00e0 disposi\u00e7\u00e3o para prestar eventuais esclarecimentos\u201d.<\/p>\n\n\n\n<p>Fonte Yahoo Noticias<\/p>\n","protected":false},"excerpt":{"rendered":"<p>Mais de dez fam\u00edlias j\u00e1 denunciaram \u00e0 pol\u00edcia uma s\u00e9rie de maus-tratos contra crian\u00e7as de&#8230;<\/p>\n","protected":false},"author":5,"featured_media":2412,"comment_status":"open","ping_status":"open","sticky":false,"template":"","format":"standard","meta":{"footnotes":""},"categories":[34],"tags":[710,709,40],"class_list":["post-2411","post","type-post","status-publish","format-standard","has-post-thumbnail","hentry","category-musica","tag-dpcami","tag-maus-tratos","tag-policia"],"yoast_head":"<!-- This site is optimized with the Yoast SEO plugin v24.4 - https:\/\/yoast.com\/wordpress\/plugins\/seo\/ -->\n<title>Professores filmam diretora de creche para provar maus-tratos a crian\u00e7as - Not\u00edcias de Todos - Models01<\/title>\n<meta name=\"robots\" content=\"index, follow, max-snippet:-1, max-image-preview:large, max-video-preview:-1\" \/>\n<link rel=\"canonical\" href=\"https:\/\/markd.com.br\/models\/professores-filmam-diretora-de-creche-para-provar-maus-tratos-a-criancas\/\" \/>\n<meta property=\"og:locale\" content=\"pt_BR\" \/>\n<meta property=\"og:type\" content=\"article\" \/>\n<meta property=\"og:title\" content=\"Professores filmam diretora de creche para provar maus-tratos a crian\u00e7as - Not\u00edcias de Todos - Models01\" \/>\n<meta property=\"og:description\" content=\"Mais de dez fam\u00edlias j\u00e1 denunciaram \u00e0 pol\u00edcia uma s\u00e9rie de maus-tratos contra crian\u00e7as de...\" \/>\n<meta property=\"og:url\" content=\"https:\/\/markd.com.br\/models\/professores-filmam-diretora-de-creche-para-provar-maus-tratos-a-criancas\/\" \/>\n<meta property=\"og:site_name\" content=\"Not\u00edcias de Todos - Models01\" \/>\n<meta property=\"article:published_time\" content=\"2022-07-05T21:44:57+00:00\" \/>\n<meta property=\"article:modified_time\" content=\"2022-07-05T21:45:01+00:00\" \/>\n<meta property=\"og:image\" content=\"https:\/\/markd.com.br\/models\/wp-content\/uploads\/2022\/07\/7a81d3fd87bd0bf32c37be14967ee94a-640x445-1.jpg\" \/>\n\t<meta property=\"og:image:width\" content=\"640\" \/>\n\t<meta property=\"og:image:height\" content=\"445\" \/>\n\t<meta property=\"og:image:type\" content=\"image\/jpeg\" \/>\n<meta name=\"author\" content=\"Reda\u00e7\u00e3o Reda\u00e7\u00e3o\" \/>\n<meta name=\"twitter:card\" content=\"summary_large_image\" \/>\n<meta name=\"twitter:label1\" content=\"Escrito por\" \/>\n\t<meta name=\"twitter:data1\" content=\"Reda\u00e7\u00e3o Reda\u00e7\u00e3o\" \/>\n\t<meta name=\"twitter:label2\" content=\"Est. tempo de leitura\" \/>\n\t<meta name=\"twitter:data2\" content=\"3 minutos\" \/>\n<script type=\"application\/ld+json\" class=\"yoast-schema-graph\">{\"@context\":\"https:\/\/schema.org\",\"@graph\":[{\"@type\":\"WebPage\",\"@id\":\"https:\/\/markd.com.br\/models\/professores-filmam-diretora-de-creche-para-provar-maus-tratos-a-criancas\/\",\"url\":\"https:\/\/markd.com.br\/models\/professores-filmam-diretora-de-creche-para-provar-maus-tratos-a-criancas\/\",\"name\":\"Professores filmam diretora de creche para provar maus-tratos a crian\u00e7as - Not\u00edcias de Todos - Models01\",\"isPartOf\":{\"@id\":\"https:\/\/markd.com.br\/models\/#website\"},\"primaryImageOfPage\":{\"@id\":\"https:\/\/markd.com.br\/models\/professores-filmam-diretora-de-creche-para-provar-maus-tratos-a-criancas\/#primaryimage\"},\"image\":{\"@id\":\"https:\/\/markd.com.br\/models\/professores-filmam-diretora-de-creche-para-provar-maus-tratos-a-criancas\/#primaryimage\"},\"thumbnailUrl\":\"https:\/\/markd.com.br\/models\/wp-content\/uploads\/2022\/07\/7a81d3fd87bd0bf32c37be14967ee94a-640x445-1.jpg\",\"datePublished\":\"2022-07-05T21:44:57+00:00\",\"dateModified\":\"2022-07-05T21:45:01+00:00\",\"author\":{\"@id\":\"https:\/\/markd.com.br\/models\/#\/schema\/person\/c12a77ab487a7262d8bec3c47301ad37\"},\"breadcrumb\":{\"@id\":\"https:\/\/markd.com.br\/models\/professores-filmam-diretora-de-creche-para-provar-maus-tratos-a-criancas\/#breadcrumb\"},\"inLanguage\":\"pt-BR\",\"potentialAction\":[{\"@type\":\"ReadAction\",\"target\":[\"https:\/\/markd.com.br\/models\/professores-filmam-diretora-de-creche-para-provar-maus-tratos-a-criancas\/\"]}]},{\"@type\":\"ImageObject\",\"inLanguage\":\"pt-BR\",\"@id\":\"https:\/\/markd.com.br\/models\/professores-filmam-diretora-de-creche-para-provar-maus-tratos-a-criancas\/#primaryimage\",\"url\":\"https:\/\/markd.com.br\/models\/wp-content\/uploads\/2022\/07\/7a81d3fd87bd0bf32c37be14967ee94a-640x445-1.jpg\",\"contentUrl\":\"https:\/\/markd.com.br\/models\/wp-content\/uploads\/2022\/07\/7a81d3fd87bd0bf32c37be14967ee94a-640x445-1.jpg\",\"width\":640,\"height\":445},{\"@type\":\"BreadcrumbList\",\"@id\":\"https:\/\/markd.com.br\/models\/professores-filmam-diretora-de-creche-para-provar-maus-tratos-a-criancas\/#breadcrumb\",\"itemListElement\":[{\"@type\":\"ListItem\",\"position\":1,\"name\":\"In\u00edcio\",\"item\":\"https:\/\/markd.com.br\/models\/\"},{\"@type\":\"ListItem\",\"position\":2,\"name\":\"Professores filmam diretora de creche para provar maus-tratos a crian\u00e7as\"}]},{\"@type\":\"WebSite\",\"@id\":\"https:\/\/markd.com.br\/models\/#website\",\"url\":\"https:\/\/markd.com.br\/models\/\",\"name\":\"Not\u00edcias de Todos - Models01\",\"description\":\"Tenha um Portal de Not\u00edcias Moderno, Din\u00e2mico, R\u00e1pido e Profissional. Entregamos seu Site de  Not\u00edcias Pronto, Instalado, Hospedado, com Manual Passo a Passo e Suporte 24 horas.\",\"potentialAction\":[{\"@type\":\"SearchAction\",\"target\":{\"@type\":\"EntryPoint\",\"urlTemplate\":\"https:\/\/markd.com.br\/models\/?s={search_term_string}\"},\"query-input\":{\"@type\":\"PropertyValueSpecification\",\"valueRequired\":true,\"valueName\":\"search_term_string\"}}],\"inLanguage\":\"pt-BR\"},{\"@type\":\"Person\",\"@id\":\"https:\/\/markd.com.br\/models\/#\/schema\/person\/c12a77ab487a7262d8bec3c47301ad37\",\"name\":\"Reda\u00e7\u00e3o Reda\u00e7\u00e3o\",\"image\":{\"@type\":\"ImageObject\",\"inLanguage\":\"pt-BR\",\"@id\":\"https:\/\/markd.com.br\/models\/#\/schema\/person\/image\/\",\"url\":\"https:\/\/secure.gravatar.com\/avatar\/9448f3599ce269febf169e183039b4a6?s=96&d=mm&r=g\",\"contentUrl\":\"https:\/\/secure.gravatar.com\/avatar\/9448f3599ce269febf169e183039b4a6?s=96&d=mm&r=g\",\"caption\":\"Reda\u00e7\u00e3o Reda\u00e7\u00e3o\"},\"sameAs\":[\"https:\/\/markd.com.br\/\"],\"url\":\"https:\/\/markd.com.br\/models\/author\/redacao\/\"}]}<\/script>\n<!-- \/ Yoast SEO plugin. -->","yoast_head_json":{"title":"Professores filmam diretora de creche para provar maus-tratos a crian\u00e7as - Not\u00edcias de Todos - Models01","robots":{"index":"index","follow":"follow","max-snippet":"max-snippet:-1","max-image-preview":"max-image-preview:large","max-video-preview":"max-video-preview:-1"},"canonical":"https:\/\/markd.com.br\/models\/professores-filmam-diretora-de-creche-para-provar-maus-tratos-a-criancas\/","og_locale":"pt_BR","og_type":"article","og_title":"Professores filmam diretora de creche para provar maus-tratos a crian\u00e7as - Not\u00edcias de Todos - Models01","og_description":"Mais de dez fam\u00edlias j\u00e1 denunciaram \u00e0 pol\u00edcia uma s\u00e9rie de maus-tratos contra crian\u00e7as de...","og_url":"https:\/\/markd.com.br\/models\/professores-filmam-diretora-de-creche-para-provar-maus-tratos-a-criancas\/","og_site_name":"Not\u00edcias de Todos - Models01","article_published_time":"2022-07-05T21:44:57+00:00","article_modified_time":"2022-07-05T21:45:01+00:00","og_image":[{"width":640,"height":445,"url":"https:\/\/markd.com.br\/models\/wp-content\/uploads\/2022\/07\/7a81d3fd87bd0bf32c37be14967ee94a-640x445-1.jpg","type":"image\/jpeg"}],"author":"Reda\u00e7\u00e3o Reda\u00e7\u00e3o","twitter_card":"summary_large_image","twitter_misc":{"Escrito por":"Reda\u00e7\u00e3o Reda\u00e7\u00e3o","Est. tempo de leitura":"3 minutos"},"schema":{"@context":"https:\/\/schema.org","@graph":[{"@type":"WebPage","@id":"https:\/\/markd.com.br\/models\/professores-filmam-diretora-de-creche-para-provar-maus-tratos-a-criancas\/","url":"https:\/\/markd.com.br\/models\/professores-filmam-diretora-de-creche-para-provar-maus-tratos-a-criancas\/","name":"Professores filmam diretora de creche para provar maus-tratos a crian\u00e7as - Not\u00edcias de Todos - Models01","isPartOf":{"@id":"https:\/\/markd.com.br\/models\/#website"},"primaryImageOfPage":{"@id":"https:\/\/markd.com.br\/models\/professores-filmam-diretora-de-creche-para-provar-maus-tratos-a-criancas\/#primaryimage"},"image":{"@id":"https:\/\/markd.com.br\/models\/professores-filmam-diretora-de-creche-para-provar-maus-tratos-a-criancas\/#primaryimage"},"thumbnailUrl":"https:\/\/markd.com.br\/models\/wp-content\/uploads\/2022\/07\/7a81d3fd87bd0bf32c37be14967ee94a-640x445-1.jpg","datePublished":"2022-07-05T21:44:57+00:00","dateModified":"2022-07-05T21:45:01+00:00","author":{"@id":"https:\/\/markd.com.br\/models\/#\/schema\/person\/c12a77ab487a7262d8bec3c47301ad37"},"breadcrumb":{"@id":"https:\/\/markd.com.br\/models\/professores-filmam-diretora-de-creche-para-provar-maus-tratos-a-criancas\/#breadcrumb"},"inLanguage":"pt-BR","potentialAction":[{"@type":"ReadAction","target":["https:\/\/markd.com.br\/models\/professores-filmam-diretora-de-creche-para-provar-maus-tratos-a-criancas\/"]}]},{"@type":"ImageObject","inLanguage":"pt-BR","@id":"https:\/\/markd.com.br\/models\/professores-filmam-diretora-de-creche-para-provar-maus-tratos-a-criancas\/#primaryimage","url":"https:\/\/markd.com.br\/models\/wp-content\/uploads\/2022\/07\/7a81d3fd87bd0bf32c37be14967ee94a-640x445-1.jpg","contentUrl":"https:\/\/markd.com.br\/models\/wp-content\/uploads\/2022\/07\/7a81d3fd87bd0bf32c37be14967ee94a-640x445-1.jpg","width":640,"height":445},{"@type":"BreadcrumbList","@id":"https:\/\/markd.com.br\/models\/professores-filmam-diretora-de-creche-para-provar-maus-tratos-a-criancas\/#breadcrumb","itemListElement":[{"@type":"ListItem","position":1,"name":"In\u00edcio","item":"https:\/\/markd.com.br\/models\/"},{"@type":"ListItem","position":2,"name":"Professores filmam diretora de creche para provar maus-tratos a crian\u00e7as"}]},{"@type":"WebSite","@id":"https:\/\/markd.com.br\/models\/#website","url":"https:\/\/markd.com.br\/models\/","name":"Not\u00edcias de Todos - Models01","description":"Tenha um Portal de Not\u00edcias Moderno, Din\u00e2mico, R\u00e1pido e Profissional. Entregamos seu Site de  Not\u00edcias Pronto, Instalado, Hospedado, com Manual Passo a Passo e Suporte 24 horas.","potentialAction":[{"@type":"SearchAction","target":{"@type":"EntryPoint","urlTemplate":"https:\/\/markd.com.br\/models\/?s={search_term_string}"},"query-input":{"@type":"PropertyValueSpecification","valueRequired":true,"valueName":"search_term_string"}}],"inLanguage":"pt-BR"},{"@type":"Person","@id":"https:\/\/markd.com.br\/models\/#\/schema\/person\/c12a77ab487a7262d8bec3c47301ad37","name":"Reda\u00e7\u00e3o Reda\u00e7\u00e3o","image":{"@type":"ImageObject","inLanguage":"pt-BR","@id":"https:\/\/markd.com.br\/models\/#\/schema\/person\/image\/","url":"https:\/\/secure.gravatar.com\/avatar\/9448f3599ce269febf169e183039b4a6?s=96&d=mm&r=g","contentUrl":"https:\/\/secure.gravatar.com\/avatar\/9448f3599ce269febf169e183039b4a6?s=96&d=mm&r=g","caption":"Reda\u00e7\u00e3o Reda\u00e7\u00e3o"},"sameAs":["https:\/\/markd.com.br\/"],"url":"https:\/\/markd.com.br\/models\/author\/redacao\/"}]}},"featured_image_urls":{"full":["https:\/\/markd.com.br\/models\/wp-content\/uploads\/2022\/07\/7a81d3fd87bd0bf32c37be14967ee94a-640x445-1.jpg",640,445,false],"thumbnail":["https:\/\/markd.com.br\/models\/wp-content\/uploads\/2022\/07\/7a81d3fd87bd0bf32c37be14967ee94a-640x445-1-150x150.jpg",150,150,true],"medium":["https:\/\/markd.com.br\/models\/wp-content\/uploads\/2022\/07\/7a81d3fd87bd0bf32c37be14967ee94a-640x445-1-300x209.jpg",300,209,true],"medium_large":["https:\/\/markd.com.br\/models\/wp-content\/uploads\/2022\/07\/7a81d3fd87bd0bf32c37be14967ee94a-640x445-1.jpg",640,445,false],"large":["https:\/\/markd.com.br\/models\/wp-content\/uploads\/2022\/07\/7a81d3fd87bd0bf32c37be14967ee94a-640x445-1.jpg",640,445,false],"1536x1536":["https:\/\/markd.com.br\/models\/wp-content\/uploads\/2022\/07\/7a81d3fd87bd0bf32c37be14967ee94a-640x445-1.jpg",640,445,false],"2048x2048":["https:\/\/markd.com.br\/models\/wp-content\/uploads\/2022\/07\/7a81d3fd87bd0bf32c37be14967ee94a-640x445-1.jpg",640,445,false],"newsphere-slider-full":["https:\/\/markd.com.br\/models\/wp-content\/uploads\/2022\/07\/7a81d3fd87bd0bf32c37be14967ee94a-640x445-1.jpg",640,445,false],"newsphere-featured":["https:\/\/markd.com.br\/models\/wp-content\/uploads\/2022\/07\/7a81d3fd87bd0bf32c37be14967ee94a-640x445-1.jpg",640,445,false],"newsphere-medium":["https:\/\/markd.com.br\/models\/wp-content\/uploads\/2022\/07\/7a81d3fd87bd0bf32c37be14967ee94a-640x445-1-640x380.jpg",640,380,true]},"author_info":{"display_name":"Reda\u00e7\u00e3o Reda\u00e7\u00e3o","author_link":"https:\/\/markd.com.br\/models\/author\/redacao\/"},"category_info":"<a href=\"https:\/\/markd.com.br\/models\/category\/musica\/\" rel=\"category tag\">Pol\u00edcia<\/a>","tag_info":"Pol\u00edcia","comment_count":"0","jetpack_featured_media_url":"https:\/\/markd.com.br\/models\/wp-content\/uploads\/2022\/07\/7a81d3fd87bd0bf32c37be14967ee94a-640x445-1.jpg","_links":{"self":[{"href":"https:\/\/markd.com.br\/models\/wp-json\/wp\/v2\/posts\/2411","targetHints":{"allow":["GET"]}}],"collection":[{"href":"https:\/\/markd.com.br\/models\/wp-json\/wp\/v2\/posts"}],"about":[{"href":"https:\/\/markd.com.br\/models\/wp-json\/wp\/v2\/types\/post"}],"author":[{"embeddable":true,"href":"https:\/\/markd.com.br\/models\/wp-json\/wp\/v2\/users\/5"}],"replies":[{"embeddable":true,"href":"https:\/\/markd.com.br\/models\/wp-json\/wp\/v2\/comments?post=2411"}],"version-history":[{"count":1,"href":"https:\/\/markd.com.br\/models\/wp-json\/wp\/v2\/posts\/2411\/revisions"}],"predecessor-version":[{"id":2413,"href":"https:\/\/markd.com.br\/models\/wp-json\/wp\/v2\/posts\/2411\/revisions\/2413"}],"wp:featuredmedia":[{"embeddable":true,"href":"https:\/\/markd.com.br\/models\/wp-json\/wp\/v2\/media\/2412"}],"wp:attachment":[{"href":"https:\/\/markd.com.br\/models\/wp-json\/wp\/v2\/media?parent=2411"}],"wp:term":[{"taxonomy":"category","embeddable":true,"href":"https:\/\/markd.com.br\/models\/wp-json\/wp\/v2\/categories?post=2411"},{"taxonomy":"post_tag","embeddable":true,"href":"https:\/\/markd.com.br\/models\/wp-json\/wp\/v2\/tags?post=2411"}],"curies":[{"name":"wp","href":"https:\/\/api.w.org\/{rel}","templated":true}]}}