{"id":2420,"date":"2022-07-06T12:55:35","date_gmt":"2022-07-06T15:55:35","guid":{"rendered":"https:\/\/portaldestaquenoticias.com.br\/?p=2420"},"modified":"2022-07-06T12:55:39","modified_gmt":"2022-07-06T15:55:39","slug":"um-encontro-com-a-forca-e-a-esperanca-da-juventude-define-arthur-em-reuniao-com-jovens-das-zonas-norte-e-leste","status":"publish","type":"post","link":"https:\/\/markd.com.br\/models\/um-encontro-com-a-forca-e-a-esperanca-da-juventude-define-arthur-em-reuniao-com-jovens-das-zonas-norte-e-leste\/","title":{"rendered":"\u2018Um encontro com a for\u00e7a e a esperan\u00e7a da juventude\u2019, define Arthur em reuni\u00e3o com jovens das zonas Norte e Leste"},"content":{"rendered":"\n<p><\/p>\n\n\n\n<p>O pr\u00e9-candidato ao Senado pelo PSDB Amazonas, Arthur Virg\u00edlio Neto, teve um encontro carregado de energia na noite de segunda-feira (4.7) com a juventude tucana e outros jovens representantes de v\u00e1rios segmentos da cultura, entretenimento e da economia criativa, principalmente das zonas Norte e Leste de Manaus. Foi um momento de troca de experi\u00eancias, onde a juventude colocou suas principais preocupa\u00e7\u00f5es com o futuro e demonstrou o grande respeito e a confian\u00e7a na lideran\u00e7a tucana do Amazonas.<\/p>\n\n\n\n<p>\u201cFoi um encontro com a for\u00e7a e a esperan\u00e7a da juventude. Depois de visitar o interior, ter esse encontro com a nossa juventude aqui em Manaus e ver tantas pessoas amigas e queridas me emociona e me d\u00e1 mais energia ainda, porque por onde passo recebo o carinho dos meus irm\u00e3os amazonenses por quem tenho um grande amor\u201d, afirmou Arthur Neto.<\/p>\n\n\n\n<p>Tamb\u00e9m estiveram presentes na reuni\u00e3o a pr\u00e9-candidata a suplente, Maria do Carmo Seffair; o secret\u00e1rio-geral do partido e pr\u00e9-candidato a deputado estadual, M\u00e1rio Barros; a presidente do PSDB Mulher-AM, Elisabeth Ribeiro; o vereador Raulzinho e outras lideran\u00e7as pol\u00edticas.<\/p>\n\n\n\n<p>Jackson Sena, l\u00edder comunit\u00e1rio e um dos organizadores da agenda com a juventude, disse que n\u00e3o h\u00e1 nome melhor que o de Arthur Neto para representar o Amazonas. \u201cMuito me honra ter reunido as lideran\u00e7as das zonas Norte e Leste e a juventude que est\u00e1 aqui marcando presen\u00e7a para que possamos dizer isso ao Arthur, que ele \u00e9 um grande representante do Amazonas\u201d, comentou.<\/p>\n\n\n\n<p>Jo\u00e3o Patrono, que tamb\u00e9m \u00e9 l\u00edder comunit\u00e1rio, avaliou o encontro como muito importante, principalmente pela presen\u00e7a maci\u00e7a de jovens. \u201cEle sempre lutou muito pela juventude, n\u00e3o s\u00f3 do Amazonas, como do pa\u00eds. Como prefeito, entregou v\u00e1rios parques da juventude. \u00c9 por tudo isso que hoje estamos aqui\u201d, avaliou.<\/p>\n\n\n\n<p>Educa\u00e7\u00e3o pol\u00edtica<\/p>\n\n\n\n<p>Empres\u00e1ria e entusiasta da educa\u00e7\u00e3o como principal ferramenta transformadora da sociedade, a pr\u00e9-candidata a primeira suplente Maria do Carmo Seffair revelou sua felicidade em ver um grupo t\u00e3o grande de jovens engajados. \u201cIsso nos d\u00e1 esperan\u00e7a de estarmos construindo novos valores na pol\u00edtica. \u00c9 sempre uma \u00f3tima oportunidade de dividirmos a palavra com eles para que desde cedo eles despertem para uma cidadania completa e para descobrir o que eles precisam para crescer na vida\u201d, defendeu.<\/p>\n\n\n\n<p>Para a presidente do PSDB Mulher-AM, Elisabeth Ribeiro, \u00e9 preciso esclarecer aos jovens sobre a necessidade de se tornarem cidad\u00e3os participativos, com senso cr\u00edtico para fazer suas escolhas de forma consciente e para que possam aspirar pol\u00edticas mais justas para todos. \u201cAmo essa energia dos jovens, mas nessa idade, muitas vezes, eles n\u00e3o est\u00e3o ligados na pol\u00edtica, em partidos, e \u00e9 exatamente a\u00ed que eles t\u00eam que se ligar\u201d, chamou a aten\u00e7\u00e3o.<\/p>\n\n\n\n<p>J\u00e1 para M\u00e1rio Barros, secret\u00e1rio-geral do PSDB, a juventude mostrou seus ideais e sua vontade de mudan\u00e7a. \u201cFoi uma reuni\u00e3o muito bonita e a juventude trouxe proposta para a cultura, para a empregabilidade, para a qualifica\u00e7\u00e3o, tudo o que defendemos\u201d, finalizou.<\/p>\n\n\n\n<hr class=\"wp-block-separator\"\/>\n\n\n\n<p>Assessoria AVN<br>Alita Falc\u00e3o \u2013 (92) 99152-0446<br>R\u00f4mulo Ara\u00fajo \u2013 (92) 99175-2557<\/p>\n\n\n\n<hr class=\"wp-block-separator\"\/>\n\n\n\n<p>Assessoria PSDB-AM<br>Jacira Oliveira \u2013 (92) 98416-0029<br>Institucional \u2013 (92) 98226-0744<br>psdbcomunicacao@gmail.com<\/p>\n\n\n\n<figure class=\"wp-block-image\"><img decoding=\"async\" src=\"https:\/\/sp-ao.shortpixel.ai\/client\/to_auto,q_glossy,ret_img,w_640,h_480\/https:\/\/portalmancheteam.com.br\/wp-content\/uploads\/2022\/07\/WhatsApp-Image-2022-07-05-at-16.26.07-1.jpeg\" alt=\"\" class=\"wp-image-101197\"\/><\/figure>\n\n\n\n<figure class=\"wp-block-image\"><img decoding=\"async\" src=\"https:\/\/sp-ao.shortpixel.ai\/client\/to_auto,q_glossy,ret_img,w_640,h_427\/https:\/\/portalmancheteam.com.br\/wp-content\/uploads\/2022\/07\/WhatsApp-Image-2022-07-05-at-16.26.08.jpeg\" alt=\"\" class=\"wp-image-101198\"\/><\/figure>\n\n\n\n<figure class=\"wp-block-image\"><img decoding=\"async\" src=\"https:\/\/sp-ao.shortpixel.ai\/client\/to_auto,q_glossy,ret_img,w_764,h_519\/https:\/\/portalmancheteam.com.br\/wp-content\/uploads\/2022\/07\/WhatsApp-Image-2022-07-05-at-16.26.07.jpg\" alt=\"\" class=\"wp-image-101199\"\/><\/figure>\n","protected":false},"excerpt":{"rendered":"<p>O pr\u00e9-candidato ao Senado pelo PSDB Amazonas, Arthur Virg\u00edlio Neto, teve um encontro carregado de&#8230;<\/p>\n","protected":false},"author":5,"featured_media":2421,"comment_status":"open","ping_status":"open","sticky":false,"template":"","format":"standard","meta":{"footnotes":""},"categories":[539],"tags":[56,678],"class_list":["post-2420","post","type-post","status-publish","format-standard","has-post-thumbnail","hentry","category-arthur-neto","tag-arthur-neto","tag-psdb"],"yoast_head":"<!-- This site is optimized with the Yoast SEO plugin v24.4 - https:\/\/yoast.com\/wordpress\/plugins\/seo\/ -->\n<title>\u2018Um encontro com a for\u00e7a e a esperan\u00e7a da juventude\u2019, define Arthur em reuni\u00e3o com jovens das zonas Norte e Leste - Not\u00edcias de Todos - Models01<\/title>\n<meta name=\"robots\" content=\"index, follow, max-snippet:-1, max-image-preview:large, max-video-preview:-1\" \/>\n<link rel=\"canonical\" href=\"https:\/\/markd.com.br\/models\/um-encontro-com-a-forca-e-a-esperanca-da-juventude-define-arthur-em-reuniao-com-jovens-das-zonas-norte-e-leste\/\" \/>\n<meta property=\"og:locale\" content=\"pt_BR\" \/>\n<meta property=\"og:type\" content=\"article\" \/>\n<meta property=\"og:title\" content=\"\u2018Um encontro com a for\u00e7a e a esperan\u00e7a da juventude\u2019, define Arthur em reuni\u00e3o com jovens das zonas Norte e Leste - Not\u00edcias de Todos - Models01\" \/>\n<meta property=\"og:description\" content=\"O pr\u00e9-candidato ao Senado pelo PSDB Amazonas, Arthur Virg\u00edlio Neto, teve um encontro carregado de...\" \/>\n<meta property=\"og:url\" content=\"https:\/\/markd.com.br\/models\/um-encontro-com-a-forca-e-a-esperanca-da-juventude-define-arthur-em-reuniao-com-jovens-das-zonas-norte-e-leste\/\" \/>\n<meta property=\"og:site_name\" content=\"Not\u00edcias de Todos - Models01\" \/>\n<meta property=\"article:published_time\" content=\"2022-07-06T15:55:35+00:00\" \/>\n<meta property=\"article:modified_time\" content=\"2022-07-06T15:55:39+00:00\" \/>\n<meta property=\"og:image\" content=\"https:\/\/markd.com.br\/models\/wp-content\/uploads\/2022\/07\/WhatsApp-Image-2022-07-05-at-16.26.07-1-764x445-1.jpg\" \/>\n\t<meta property=\"og:image:width\" content=\"764\" \/>\n\t<meta property=\"og:image:height\" content=\"445\" \/>\n\t<meta property=\"og:image:type\" content=\"image\/jpeg\" \/>\n<meta name=\"author\" content=\"Reda\u00e7\u00e3o Reda\u00e7\u00e3o\" \/>\n<meta name=\"twitter:card\" content=\"summary_large_image\" \/>\n<meta name=\"twitter:label1\" content=\"Escrito por\" \/>\n\t<meta name=\"twitter:data1\" content=\"Reda\u00e7\u00e3o Reda\u00e7\u00e3o\" \/>\n\t<meta name=\"twitter:label2\" content=\"Est. tempo de leitura\" \/>\n\t<meta name=\"twitter:data2\" content=\"4 minutos\" \/>\n<script type=\"application\/ld+json\" class=\"yoast-schema-graph\">{\"@context\":\"https:\/\/schema.org\",\"@graph\":[{\"@type\":\"WebPage\",\"@id\":\"https:\/\/markd.com.br\/models\/um-encontro-com-a-forca-e-a-esperanca-da-juventude-define-arthur-em-reuniao-com-jovens-das-zonas-norte-e-leste\/\",\"url\":\"https:\/\/markd.com.br\/models\/um-encontro-com-a-forca-e-a-esperanca-da-juventude-define-arthur-em-reuniao-com-jovens-das-zonas-norte-e-leste\/\",\"name\":\"\u2018Um encontro com a for\u00e7a e a esperan\u00e7a da juventude\u2019, define Arthur em reuni\u00e3o com jovens das zonas Norte e Leste - Not\u00edcias de Todos - Models01\",\"isPartOf\":{\"@id\":\"https:\/\/markd.com.br\/models\/#website\"},\"primaryImageOfPage\":{\"@id\":\"https:\/\/markd.com.br\/models\/um-encontro-com-a-forca-e-a-esperanca-da-juventude-define-arthur-em-reuniao-com-jovens-das-zonas-norte-e-leste\/#primaryimage\"},\"image\":{\"@id\":\"https:\/\/markd.com.br\/models\/um-encontro-com-a-forca-e-a-esperanca-da-juventude-define-arthur-em-reuniao-com-jovens-das-zonas-norte-e-leste\/#primaryimage\"},\"thumbnailUrl\":\"https:\/\/markd.com.br\/models\/wp-content\/uploads\/2022\/07\/WhatsApp-Image-2022-07-05-at-16.26.07-1-764x445-1.jpg\",\"datePublished\":\"2022-07-06T15:55:35+00:00\",\"dateModified\":\"2022-07-06T15:55:39+00:00\",\"author\":{\"@id\":\"https:\/\/markd.com.br\/models\/#\/schema\/person\/c12a77ab487a7262d8bec3c47301ad37\"},\"breadcrumb\":{\"@id\":\"https:\/\/markd.com.br\/models\/um-encontro-com-a-forca-e-a-esperanca-da-juventude-define-arthur-em-reuniao-com-jovens-das-zonas-norte-e-leste\/#breadcrumb\"},\"inLanguage\":\"pt-BR\",\"potentialAction\":[{\"@type\":\"ReadAction\",\"target\":[\"https:\/\/markd.com.br\/models\/um-encontro-com-a-forca-e-a-esperanca-da-juventude-define-arthur-em-reuniao-com-jovens-das-zonas-norte-e-leste\/\"]}]},{\"@type\":\"ImageObject\",\"inLanguage\":\"pt-BR\",\"@id\":\"https:\/\/markd.com.br\/models\/um-encontro-com-a-forca-e-a-esperanca-da-juventude-define-arthur-em-reuniao-com-jovens-das-zonas-norte-e-leste\/#primaryimage\",\"url\":\"https:\/\/markd.com.br\/models\/wp-content\/uploads\/2022\/07\/WhatsApp-Image-2022-07-05-at-16.26.07-1-764x445-1.jpg\",\"contentUrl\":\"https:\/\/markd.com.br\/models\/wp-content\/uploads\/2022\/07\/WhatsApp-Image-2022-07-05-at-16.26.07-1-764x445-1.jpg\",\"width\":764,\"height\":445},{\"@type\":\"BreadcrumbList\",\"@id\":\"https:\/\/markd.com.br\/models\/um-encontro-com-a-forca-e-a-esperanca-da-juventude-define-arthur-em-reuniao-com-jovens-das-zonas-norte-e-leste\/#breadcrumb\",\"itemListElement\":[{\"@type\":\"ListItem\",\"position\":1,\"name\":\"In\u00edcio\",\"item\":\"https:\/\/markd.com.br\/models\/\"},{\"@type\":\"ListItem\",\"position\":2,\"name\":\"\u2018Um encontro com a for\u00e7a e a esperan\u00e7a da juventude\u2019, define Arthur em reuni\u00e3o com jovens das zonas Norte e Leste\"}]},{\"@type\":\"WebSite\",\"@id\":\"https:\/\/markd.com.br\/models\/#website\",\"url\":\"https:\/\/markd.com.br\/models\/\",\"name\":\"Not\u00edcias de Todos - Models01\",\"description\":\"Tenha um Portal de Not\u00edcias Moderno, Din\u00e2mico, R\u00e1pido e Profissional. Entregamos seu Site de  Not\u00edcias Pronto, Instalado, Hospedado, com Manual Passo a Passo e Suporte 24 horas.\",\"potentialAction\":[{\"@type\":\"SearchAction\",\"target\":{\"@type\":\"EntryPoint\",\"urlTemplate\":\"https:\/\/markd.com.br\/models\/?s={search_term_string}\"},\"query-input\":{\"@type\":\"PropertyValueSpecification\",\"valueRequired\":true,\"valueName\":\"search_term_string\"}}],\"inLanguage\":\"pt-BR\"},{\"@type\":\"Person\",\"@id\":\"https:\/\/markd.com.br\/models\/#\/schema\/person\/c12a77ab487a7262d8bec3c47301ad37\",\"name\":\"Reda\u00e7\u00e3o Reda\u00e7\u00e3o\",\"image\":{\"@type\":\"ImageObject\",\"inLanguage\":\"pt-BR\",\"@id\":\"https:\/\/markd.com.br\/models\/#\/schema\/person\/image\/\",\"url\":\"https:\/\/secure.gravatar.com\/avatar\/9448f3599ce269febf169e183039b4a6?s=96&d=mm&r=g\",\"contentUrl\":\"https:\/\/secure.gravatar.com\/avatar\/9448f3599ce269febf169e183039b4a6?s=96&d=mm&r=g\",\"caption\":\"Reda\u00e7\u00e3o Reda\u00e7\u00e3o\"},\"sameAs\":[\"https:\/\/markd.com.br\/\"],\"url\":\"https:\/\/markd.com.br\/models\/author\/redacao\/\"}]}<\/script>\n<!-- \/ Yoast SEO plugin. -->","yoast_head_json":{"title":"\u2018Um encontro com a for\u00e7a e a esperan\u00e7a da juventude\u2019, define Arthur em reuni\u00e3o com jovens das zonas Norte e Leste - Not\u00edcias de Todos - Models01","robots":{"index":"index","follow":"follow","max-snippet":"max-snippet:-1","max-image-preview":"max-image-preview:large","max-video-preview":"max-video-preview:-1"},"canonical":"https:\/\/markd.com.br\/models\/um-encontro-com-a-forca-e-a-esperanca-da-juventude-define-arthur-em-reuniao-com-jovens-das-zonas-norte-e-leste\/","og_locale":"pt_BR","og_type":"article","og_title":"\u2018Um encontro com a for\u00e7a e a esperan\u00e7a da juventude\u2019, define Arthur em reuni\u00e3o com jovens das zonas Norte e Leste - Not\u00edcias de Todos - Models01","og_description":"O pr\u00e9-candidato ao Senado pelo PSDB Amazonas, Arthur Virg\u00edlio Neto, teve um encontro carregado de...","og_url":"https:\/\/markd.com.br\/models\/um-encontro-com-a-forca-e-a-esperanca-da-juventude-define-arthur-em-reuniao-com-jovens-das-zonas-norte-e-leste\/","og_site_name":"Not\u00edcias de Todos - Models01","article_published_time":"2022-07-06T15:55:35+00:00","article_modified_time":"2022-07-06T15:55:39+00:00","og_image":[{"width":764,"height":445,"url":"https:\/\/markd.com.br\/models\/wp-content\/uploads\/2022\/07\/WhatsApp-Image-2022-07-05-at-16.26.07-1-764x445-1.jpg","type":"image\/jpeg"}],"author":"Reda\u00e7\u00e3o Reda\u00e7\u00e3o","twitter_card":"summary_large_image","twitter_misc":{"Escrito por":"Reda\u00e7\u00e3o Reda\u00e7\u00e3o","Est. tempo de leitura":"4 minutos"},"schema":{"@context":"https:\/\/schema.org","@graph":[{"@type":"WebPage","@id":"https:\/\/markd.com.br\/models\/um-encontro-com-a-forca-e-a-esperanca-da-juventude-define-arthur-em-reuniao-com-jovens-das-zonas-norte-e-leste\/","url":"https:\/\/markd.com.br\/models\/um-encontro-com-a-forca-e-a-esperanca-da-juventude-define-arthur-em-reuniao-com-jovens-das-zonas-norte-e-leste\/","name":"\u2018Um encontro com a for\u00e7a e a esperan\u00e7a da juventude\u2019, define Arthur em reuni\u00e3o com jovens das zonas Norte e Leste - Not\u00edcias de Todos - Models01","isPartOf":{"@id":"https:\/\/markd.com.br\/models\/#website"},"primaryImageOfPage":{"@id":"https:\/\/markd.com.br\/models\/um-encontro-com-a-forca-e-a-esperanca-da-juventude-define-arthur-em-reuniao-com-jovens-das-zonas-norte-e-leste\/#primaryimage"},"image":{"@id":"https:\/\/markd.com.br\/models\/um-encontro-com-a-forca-e-a-esperanca-da-juventude-define-arthur-em-reuniao-com-jovens-das-zonas-norte-e-leste\/#primaryimage"},"thumbnailUrl":"https:\/\/markd.com.br\/models\/wp-content\/uploads\/2022\/07\/WhatsApp-Image-2022-07-05-at-16.26.07-1-764x445-1.jpg","datePublished":"2022-07-06T15:55:35+00:00","dateModified":"2022-07-06T15:55:39+00:00","author":{"@id":"https:\/\/markd.com.br\/models\/#\/schema\/person\/c12a77ab487a7262d8bec3c47301ad37"},"breadcrumb":{"@id":"https:\/\/markd.com.br\/models\/um-encontro-com-a-forca-e-a-esperanca-da-juventude-define-arthur-em-reuniao-com-jovens-das-zonas-norte-e-leste\/#breadcrumb"},"inLanguage":"pt-BR","potentialAction":[{"@type":"ReadAction","target":["https:\/\/markd.com.br\/models\/um-encontro-com-a-forca-e-a-esperanca-da-juventude-define-arthur-em-reuniao-com-jovens-das-zonas-norte-e-leste\/"]}]},{"@type":"ImageObject","inLanguage":"pt-BR","@id":"https:\/\/markd.com.br\/models\/um-encontro-com-a-forca-e-a-esperanca-da-juventude-define-arthur-em-reuniao-com-jovens-das-zonas-norte-e-leste\/#primaryimage","url":"https:\/\/markd.com.br\/models\/wp-content\/uploads\/2022\/07\/WhatsApp-Image-2022-07-05-at-16.26.07-1-764x445-1.jpg","contentUrl":"https:\/\/markd.com.br\/models\/wp-content\/uploads\/2022\/07\/WhatsApp-Image-2022-07-05-at-16.26.07-1-764x445-1.jpg","width":764,"height":445},{"@type":"BreadcrumbList","@id":"https:\/\/markd.com.br\/models\/um-encontro-com-a-forca-e-a-esperanca-da-juventude-define-arthur-em-reuniao-com-jovens-das-zonas-norte-e-leste\/#breadcrumb","itemListElement":[{"@type":"ListItem","position":1,"name":"In\u00edcio","item":"https:\/\/markd.com.br\/models\/"},{"@type":"ListItem","position":2,"name":"\u2018Um encontro com a for\u00e7a e a esperan\u00e7a da juventude\u2019, define Arthur em reuni\u00e3o com jovens das zonas Norte e Leste"}]},{"@type":"WebSite","@id":"https:\/\/markd.com.br\/models\/#website","url":"https:\/\/markd.com.br\/models\/","name":"Not\u00edcias de Todos - Models01","description":"Tenha um Portal de Not\u00edcias Moderno, Din\u00e2mico, R\u00e1pido e Profissional. Entregamos seu Site de  Not\u00edcias Pronto, Instalado, Hospedado, com Manual Passo a Passo e Suporte 24 horas.","potentialAction":[{"@type":"SearchAction","target":{"@type":"EntryPoint","urlTemplate":"https:\/\/markd.com.br\/models\/?s={search_term_string}"},"query-input":{"@type":"PropertyValueSpecification","valueRequired":true,"valueName":"search_term_string"}}],"inLanguage":"pt-BR"},{"@type":"Person","@id":"https:\/\/markd.com.br\/models\/#\/schema\/person\/c12a77ab487a7262d8bec3c47301ad37","name":"Reda\u00e7\u00e3o Reda\u00e7\u00e3o","image":{"@type":"ImageObject","inLanguage":"pt-BR","@id":"https:\/\/markd.com.br\/models\/#\/schema\/person\/image\/","url":"https:\/\/secure.gravatar.com\/avatar\/9448f3599ce269febf169e183039b4a6?s=96&d=mm&r=g","contentUrl":"https:\/\/secure.gravatar.com\/avatar\/9448f3599ce269febf169e183039b4a6?s=96&d=mm&r=g","caption":"Reda\u00e7\u00e3o Reda\u00e7\u00e3o"},"sameAs":["https:\/\/markd.com.br\/"],"url":"https:\/\/markd.com.br\/models\/author\/redacao\/"}]}},"featured_image_urls":{"full":["https:\/\/markd.com.br\/models\/wp-content\/uploads\/2022\/07\/WhatsApp-Image-2022-07-05-at-16.26.07-1-764x445-1.jpg",764,445,false],"thumbnail":["https:\/\/markd.com.br\/models\/wp-content\/uploads\/2022\/07\/WhatsApp-Image-2022-07-05-at-16.26.07-1-764x445-1-150x150.jpg",150,150,true],"medium":["https:\/\/markd.com.br\/models\/wp-content\/uploads\/2022\/07\/WhatsApp-Image-2022-07-05-at-16.26.07-1-764x445-1-300x175.jpg",300,175,true],"medium_large":["https:\/\/markd.com.br\/models\/wp-content\/uploads\/2022\/07\/WhatsApp-Image-2022-07-05-at-16.26.07-1-764x445-1.jpg",640,373,false],"large":["https:\/\/markd.com.br\/models\/wp-content\/uploads\/2022\/07\/WhatsApp-Image-2022-07-05-at-16.26.07-1-764x445-1.jpg",640,373,false],"1536x1536":["https:\/\/markd.com.br\/models\/wp-content\/uploads\/2022\/07\/WhatsApp-Image-2022-07-05-at-16.26.07-1-764x445-1.jpg",764,445,false],"2048x2048":["https:\/\/markd.com.br\/models\/wp-content\/uploads\/2022\/07\/WhatsApp-Image-2022-07-05-at-16.26.07-1-764x445-1.jpg",764,445,false],"newsphere-slider-full":["https:\/\/markd.com.br\/models\/wp-content\/uploads\/2022\/07\/WhatsApp-Image-2022-07-05-at-16.26.07-1-764x445-1.jpg",764,445,false],"newsphere-featured":["https:\/\/markd.com.br\/models\/wp-content\/uploads\/2022\/07\/WhatsApp-Image-2022-07-05-at-16.26.07-1-764x445-1.jpg",764,445,false],"newsphere-medium":["https:\/\/markd.com.br\/models\/wp-content\/uploads\/2022\/07\/WhatsApp-Image-2022-07-05-at-16.26.07-1-764x445-1-720x380.jpg",720,380,true]},"author_info":{"display_name":"Reda\u00e7\u00e3o Reda\u00e7\u00e3o","author_link":"https:\/\/markd.com.br\/models\/author\/redacao\/"},"category_info":"<a href=\"https:\/\/markd.com.br\/models\/category\/arthur-neto\/\" rel=\"category tag\">arthur neto<\/a>","tag_info":"arthur neto","comment_count":"0","jetpack_featured_media_url":"https:\/\/markd.com.br\/models\/wp-content\/uploads\/2022\/07\/WhatsApp-Image-2022-07-05-at-16.26.07-1-764x445-1.jpg","_links":{"self":[{"href":"https:\/\/markd.com.br\/models\/wp-json\/wp\/v2\/posts\/2420","targetHints":{"allow":["GET"]}}],"collection":[{"href":"https:\/\/markd.com.br\/models\/wp-json\/wp\/v2\/posts"}],"about":[{"href":"https:\/\/markd.com.br\/models\/wp-json\/wp\/v2\/types\/post"}],"author":[{"embeddable":true,"href":"https:\/\/markd.com.br\/models\/wp-json\/wp\/v2\/users\/5"}],"replies":[{"embeddable":true,"href":"https:\/\/markd.com.br\/models\/wp-json\/wp\/v2\/comments?post=2420"}],"version-history":[{"count":1,"href":"https:\/\/markd.com.br\/models\/wp-json\/wp\/v2\/posts\/2420\/revisions"}],"predecessor-version":[{"id":2422,"href":"https:\/\/markd.com.br\/models\/wp-json\/wp\/v2\/posts\/2420\/revisions\/2422"}],"wp:featuredmedia":[{"embeddable":true,"href":"https:\/\/markd.com.br\/models\/wp-json\/wp\/v2\/media\/2421"}],"wp:attachment":[{"href":"https:\/\/markd.com.br\/models\/wp-json\/wp\/v2\/media?parent=2420"}],"wp:term":[{"taxonomy":"category","embeddable":true,"href":"https:\/\/markd.com.br\/models\/wp-json\/wp\/v2\/categories?post=2420"},{"taxonomy":"post_tag","embeddable":true,"href":"https:\/\/markd.com.br\/models\/wp-json\/wp\/v2\/tags?post=2420"}],"curies":[{"name":"wp","href":"https:\/\/api.w.org\/{rel}","templated":true}]}}