{"id":2465,"date":"2022-07-06T14:09:20","date_gmt":"2022-07-06T17:09:20","guid":{"rendered":"https:\/\/portaldestaquenoticias.com.br\/?p=2465"},"modified":"2022-07-06T14:09:24","modified_gmt":"2022-07-06T17:09:24","slug":"mulher-denuncia-que-perdeu-parte-do-nariz-e-ficou-com-sequela-apos-cirurgia-estetica-com-dentista-destruiu-minha-autoestima","status":"publish","type":"post","link":"https:\/\/markd.com.br\/models\/mulher-denuncia-que-perdeu-parte-do-nariz-e-ficou-com-sequela-apos-cirurgia-estetica-com-dentista-destruiu-minha-autoestima\/","title":{"rendered":"Mulher denuncia que perdeu parte do nariz e ficou com sequela ap\u00f3s cirurgia est\u00e9tica com dentista: \u2018Destruiu minha autoestima\u2019"},"content":{"rendered":"\n<p><\/p>\n\n\n\n<p>Uma mulher de 37 anos denuncia que teve parte do nariz necrosado e ficou com sequelas ap\u00f3s um procedimento est\u00e9tico em junho de 2020. Elielma Carvalho Braga fez uma alectomia, procedimento para afinar o nariz, com um dentista de&nbsp;Aparecida de Goi\u00e2nia, Regi\u00e3o Metropolitana da capital. Ela conta que, ap\u00f3s perder parte da pele, precisou fazer mais de dez cirurgias e ficou com cicatrizes, abalando sua autoestima.<\/p>\n\n\n\n<blockquote class=\"wp-block-quote is-layout-flow wp-block-quote-is-layout-flow\"><p>\u201cEu tenho vergonha, porque a gente faz uma coisa para melhorar um pouco e a pessoa faz isso. Ele destruiu minha autoestima. Eu choro, n\u00e3o \u00e9 f\u00e1cil o que eu vivo hoje\u201d, disse.<\/p><\/blockquote>\n\n\n\n<p>Qualquer profissional que n\u00e3o seja m\u00e9dico \u00e9 proibido de realizar cirurgias no nariz. Dentistas podem fazer algumas cirurgias na face, mas o Conselho Federal de Odontologia proibiu expressamente a realiza\u00e7\u00e3o de alectomias por dentistas<em>&nbsp;(leia mais sobre isso ao fim da reportagem).<\/em><\/p>\n\n\n\n<p>O dentista Igor Leonardo disse que o problema da paciente n\u00e3o foi decorrente da cirurgia, e sim uma s\u00edndrome desenvolvida ap\u00f3s uso de medicamentos, o que causou a necrose. Ele afirmou ainda que deu todo atendimento \u00e0 paciente.<\/p>\n\n\n\n<p>Elielma conta que pesquisou sobre a alectomia, que \u00e9 a redu\u00e7\u00e3o das narinas, na internet e viu que o dentista Igor Leonardo Soares Nascimento fazia v\u00e1rios procedimentos est\u00e9ticos. Ela contratou um pacote para fazer algumas cirurgias est\u00e9ticas com ele.<\/p>\n\n\n\n<p>Inicialmente, ela acreditou que o procedimento tinha dado certo. Por\u00e9m, nos dias seguintes, ela come\u00e7ou a sentir fortes dores e altera\u00e7\u00f5es no rosto. Elielma manteve contato com o dentista, pedindo e recebendo orienta\u00e7\u00f5es.<\/p>\n\n\n\n<p>Quando a situa\u00e7\u00e3o ficou muito grave, ela foi at\u00e9 o consult\u00f3rio do dentista e os dois foram at\u00e9 uma unidade de sa\u00fade para que ela recebesse o atendimento necess\u00e1rio.<\/p>\n\n\n\n<blockquote class=\"wp-block-quote is-layout-flow wp-block-quote-is-layout-flow\"><p>\u201cMeu rosto come\u00e7ou a queimar. No outro dia ficou cheio de bolha, como se fosse queimadura\u201d, disse Elielma.<\/p><\/blockquote>\n\n\n\n<figure class=\"wp-block-image\"><img decoding=\"async\" src=\"https:\/\/s2.glbimg.com\/dDaTnI9f3MRgwhRw6GVJCGakWQk=\/0x0:1700x1065\/984x0\/smart\/filters:strip_icc()\/i.s3.glbimg.com\/v1\/AUTH_59edd422c0c84a879bd37670ae4f538a\/internal_photos\/bs\/2022\/I\/E\/igmRwKTG6E5mkEDJtpsg\/elielma3.jpg\" alt=\"Antes e depois da cirurgia no nariz de Elielma Carvalho \u2014 Foto: Elielma Carvalho\/Arquivo Pessoal\"\/><\/figure>\n\n\n\n<p>Sem plano de sa\u00fade, tentou diversos atendimentos na rede p\u00fablica at\u00e9 achar um cirurgi\u00e3o pl\u00e1stico que conseguisse fazer o tratamento necess\u00e1rio e de maneira volunt\u00e1ria. Desde ent\u00e3o, foram 14 cirurgias de repara\u00e7\u00e3o, incluindo enxerto de pele e gordura, al\u00e9m de reconstru\u00e7\u00e3o de uma das narinas.<\/p>\n\n\n\n<p>Atualmente, Elielma precisa usar um alargador nas narinas para conseguir respirar. Sem eles, uma das narinas se fecha. Ainda ser\u00e3o necess\u00e1rias mais cirurgias para melhorar as les\u00f5es existentes.<\/p>\n\n\n\n<blockquote class=\"wp-block-quote is-layout-flow wp-block-quote-is-layout-flow\"><p>\u201c\u00c9 tanta agulhada que eu tenho at\u00e9 trauma. Em uma cirurgia [de repara\u00e7\u00e3o], tinha que dilatar meu nariz. N\u00e3o pegou anestesia e eu gritava de dor\u201d, disse a paciente.<\/p><\/blockquote>\n\n\n\n<p>Diante de tanto sofrimento e com as sequelas, se afastou das pessoas, usa m\u00e1scara constantemente e n\u00e3o contou a quase ningu\u00e9m sobre o que vem sofrendo nos \u00faltimos anos. Formada recentemente como esteticista, tamb\u00e9m desistiu de trabalhar na \u00e1rea.<\/p>\n\n\n\n<blockquote class=\"wp-block-quote is-layout-flow wp-block-quote-is-layout-flow\"><p>\u201cFique com medo de fazer algo errado e causar um dano, assim como eu sofri\u201d, desabafou.<\/p><\/blockquote>\n\n\n\n<h2 class=\"wp-block-heading\">Processo<\/h2>\n\n\n\n<p>Elielma resolveu processar o dentista. Na a\u00e7\u00e3o, ela pede danos morais, materiais e est\u00e9ticos, totalizando R$ 42 mil.<\/p>\n\n\n\n<p>A defesa do dentista diz que n\u00e3o houve imper\u00edcia ou imprud\u00eancia por parte do profissional durante a cirurgia, tendo sido tomados todos os cuidados, e que houve neglig\u00eancia da paciente ap\u00f3s o procedimento est\u00e9tico.<\/p>\n\n\n\n<p>Ao&nbsp;<a href=\"https:\/\/g1.globo.com\/go\/goias\/\"><strong>g1<\/strong><\/a>, o dentista Igor Leonardo disse que \u201cn\u00e3o foi a alectomia que gerou o problema\u201d. Igor disse ainda que a paciente desenvolveu a S\u00edndrome de Nicolau, \u201cuma rara complica\u00e7\u00e3o caracterizada por necrose tecidual que ocorre ap\u00f3s a inje\u00e7\u00e3o de medicamentos\u201d.<\/p>\n\n\n\n<p>Igor disse que deu total suporte e apoio nos tratamentos seguintes feitos por Elielma depois da alectomia.<\/p>\n\n\n\n<p>\u201cMe sensibilizei bastante com o problema dela. Custeei os medicamentos e tratamentos posteriores com outros colegas. Nunca a deixei desamparada em termos financeiros e acompanhei de perto seu tratamento posterior ao ocorrido. Infelizmente, n\u00f3s, profissionais da \u00e1rea, estamos sujeitos a intercorr\u00eancias que n\u00e3o s\u00e3o da nossa vontade\u201d, disse.<\/p>\n\n\n\n<p>Fonte: G1<\/p>\n","protected":false},"excerpt":{"rendered":"<p>Uma mulher de 37 anos denuncia que teve parte do nariz necrosado e ficou com&#8230;<\/p>\n","protected":false},"author":5,"featured_media":2466,"comment_status":"open","ping_status":"open","sticky":false,"template":"","format":"standard","meta":{"footnotes":""},"categories":[488],"tags":[456,735,460],"class_list":["post-2465","post","type-post","status-publish","format-standard","has-post-thumbnail","hentry","category-destaque","tag-cirurgia","tag-denuncia-2","tag-mulher"],"yoast_head":"<!-- This site is optimized with the Yoast SEO plugin v24.4 - https:\/\/yoast.com\/wordpress\/plugins\/seo\/ -->\n<title>Mulher denuncia que perdeu parte do nariz e ficou com sequela ap\u00f3s cirurgia est\u00e9tica com dentista: \u2018Destruiu minha autoestima\u2019 - Not\u00edcias de Todos - Models01<\/title>\n<meta name=\"robots\" content=\"index, follow, max-snippet:-1, max-image-preview:large, max-video-preview:-1\" \/>\n<link rel=\"canonical\" href=\"https:\/\/markd.com.br\/models\/mulher-denuncia-que-perdeu-parte-do-nariz-e-ficou-com-sequela-apos-cirurgia-estetica-com-dentista-destruiu-minha-autoestima\/\" \/>\n<meta property=\"og:locale\" content=\"pt_BR\" \/>\n<meta property=\"og:type\" content=\"article\" \/>\n<meta property=\"og:title\" content=\"Mulher denuncia que perdeu parte do nariz e ficou com sequela ap\u00f3s cirurgia est\u00e9tica com dentista: \u2018Destruiu minha autoestima\u2019 - Not\u00edcias de Todos - Models01\" \/>\n<meta property=\"og:description\" content=\"Uma mulher de 37 anos denuncia que teve parte do nariz necrosado e ficou com...\" \/>\n<meta property=\"og:url\" content=\"https:\/\/markd.com.br\/models\/mulher-denuncia-que-perdeu-parte-do-nariz-e-ficou-com-sequela-apos-cirurgia-estetica-com-dentista-destruiu-minha-autoestima\/\" \/>\n<meta property=\"og:site_name\" content=\"Not\u00edcias de Todos - Models01\" \/>\n<meta property=\"article:published_time\" content=\"2022-07-06T17:09:20+00:00\" \/>\n<meta property=\"article:modified_time\" content=\"2022-07-06T17:09:24+00:00\" \/>\n<meta property=\"og:image\" content=\"https:\/\/markd.com.br\/models\/wp-content\/uploads\/2022\/07\/elielma2-800x445-1.webp\" \/>\n\t<meta property=\"og:image:width\" content=\"800\" \/>\n\t<meta property=\"og:image:height\" content=\"445\" \/>\n\t<meta property=\"og:image:type\" content=\"image\/webp\" \/>\n<meta name=\"author\" content=\"Reda\u00e7\u00e3o Reda\u00e7\u00e3o\" \/>\n<meta name=\"twitter:card\" content=\"summary_large_image\" \/>\n<meta name=\"twitter:label1\" content=\"Escrito por\" \/>\n\t<meta name=\"twitter:data1\" content=\"Reda\u00e7\u00e3o Reda\u00e7\u00e3o\" \/>\n\t<meta name=\"twitter:label2\" content=\"Est. tempo de leitura\" \/>\n\t<meta name=\"twitter:data2\" content=\"4 minutos\" \/>\n<script type=\"application\/ld+json\" class=\"yoast-schema-graph\">{\"@context\":\"https:\/\/schema.org\",\"@graph\":[{\"@type\":\"WebPage\",\"@id\":\"https:\/\/markd.com.br\/models\/mulher-denuncia-que-perdeu-parte-do-nariz-e-ficou-com-sequela-apos-cirurgia-estetica-com-dentista-destruiu-minha-autoestima\/\",\"url\":\"https:\/\/markd.com.br\/models\/mulher-denuncia-que-perdeu-parte-do-nariz-e-ficou-com-sequela-apos-cirurgia-estetica-com-dentista-destruiu-minha-autoestima\/\",\"name\":\"Mulher denuncia que perdeu parte do nariz e ficou com sequela ap\u00f3s cirurgia est\u00e9tica com dentista: \u2018Destruiu minha autoestima\u2019 - Not\u00edcias de Todos - Models01\",\"isPartOf\":{\"@id\":\"https:\/\/markd.com.br\/models\/#website\"},\"primaryImageOfPage\":{\"@id\":\"https:\/\/markd.com.br\/models\/mulher-denuncia-que-perdeu-parte-do-nariz-e-ficou-com-sequela-apos-cirurgia-estetica-com-dentista-destruiu-minha-autoestima\/#primaryimage\"},\"image\":{\"@id\":\"https:\/\/markd.com.br\/models\/mulher-denuncia-que-perdeu-parte-do-nariz-e-ficou-com-sequela-apos-cirurgia-estetica-com-dentista-destruiu-minha-autoestima\/#primaryimage\"},\"thumbnailUrl\":\"https:\/\/markd.com.br\/models\/wp-content\/uploads\/2022\/07\/elielma2-800x445-1.webp\",\"datePublished\":\"2022-07-06T17:09:20+00:00\",\"dateModified\":\"2022-07-06T17:09:24+00:00\",\"author\":{\"@id\":\"https:\/\/markd.com.br\/models\/#\/schema\/person\/c12a77ab487a7262d8bec3c47301ad37\"},\"breadcrumb\":{\"@id\":\"https:\/\/markd.com.br\/models\/mulher-denuncia-que-perdeu-parte-do-nariz-e-ficou-com-sequela-apos-cirurgia-estetica-com-dentista-destruiu-minha-autoestima\/#breadcrumb\"},\"inLanguage\":\"pt-BR\",\"potentialAction\":[{\"@type\":\"ReadAction\",\"target\":[\"https:\/\/markd.com.br\/models\/mulher-denuncia-que-perdeu-parte-do-nariz-e-ficou-com-sequela-apos-cirurgia-estetica-com-dentista-destruiu-minha-autoestima\/\"]}]},{\"@type\":\"ImageObject\",\"inLanguage\":\"pt-BR\",\"@id\":\"https:\/\/markd.com.br\/models\/mulher-denuncia-que-perdeu-parte-do-nariz-e-ficou-com-sequela-apos-cirurgia-estetica-com-dentista-destruiu-minha-autoestima\/#primaryimage\",\"url\":\"https:\/\/markd.com.br\/models\/wp-content\/uploads\/2022\/07\/elielma2-800x445-1.webp\",\"contentUrl\":\"https:\/\/markd.com.br\/models\/wp-content\/uploads\/2022\/07\/elielma2-800x445-1.webp\",\"width\":800,\"height\":445},{\"@type\":\"BreadcrumbList\",\"@id\":\"https:\/\/markd.com.br\/models\/mulher-denuncia-que-perdeu-parte-do-nariz-e-ficou-com-sequela-apos-cirurgia-estetica-com-dentista-destruiu-minha-autoestima\/#breadcrumb\",\"itemListElement\":[{\"@type\":\"ListItem\",\"position\":1,\"name\":\"In\u00edcio\",\"item\":\"https:\/\/markd.com.br\/models\/\"},{\"@type\":\"ListItem\",\"position\":2,\"name\":\"Mulher denuncia que perdeu parte do nariz e ficou com sequela ap\u00f3s cirurgia est\u00e9tica com dentista: \u2018Destruiu minha autoestima\u2019\"}]},{\"@type\":\"WebSite\",\"@id\":\"https:\/\/markd.com.br\/models\/#website\",\"url\":\"https:\/\/markd.com.br\/models\/\",\"name\":\"Not\u00edcias de Todos - Models01\",\"description\":\"Tenha um Portal de Not\u00edcias Moderno, Din\u00e2mico, R\u00e1pido e Profissional. Entregamos seu Site de  Not\u00edcias Pronto, Instalado, Hospedado, com Manual Passo a Passo e Suporte 24 horas.\",\"potentialAction\":[{\"@type\":\"SearchAction\",\"target\":{\"@type\":\"EntryPoint\",\"urlTemplate\":\"https:\/\/markd.com.br\/models\/?s={search_term_string}\"},\"query-input\":{\"@type\":\"PropertyValueSpecification\",\"valueRequired\":true,\"valueName\":\"search_term_string\"}}],\"inLanguage\":\"pt-BR\"},{\"@type\":\"Person\",\"@id\":\"https:\/\/markd.com.br\/models\/#\/schema\/person\/c12a77ab487a7262d8bec3c47301ad37\",\"name\":\"Reda\u00e7\u00e3o Reda\u00e7\u00e3o\",\"image\":{\"@type\":\"ImageObject\",\"inLanguage\":\"pt-BR\",\"@id\":\"https:\/\/markd.com.br\/models\/#\/schema\/person\/image\/\",\"url\":\"https:\/\/secure.gravatar.com\/avatar\/9448f3599ce269febf169e183039b4a6?s=96&d=mm&r=g\",\"contentUrl\":\"https:\/\/secure.gravatar.com\/avatar\/9448f3599ce269febf169e183039b4a6?s=96&d=mm&r=g\",\"caption\":\"Reda\u00e7\u00e3o Reda\u00e7\u00e3o\"},\"sameAs\":[\"https:\/\/markd.com.br\/\"],\"url\":\"https:\/\/markd.com.br\/models\/author\/redacao\/\"}]}<\/script>\n<!-- \/ Yoast SEO plugin. -->","yoast_head_json":{"title":"Mulher denuncia que perdeu parte do nariz e ficou com sequela ap\u00f3s cirurgia est\u00e9tica com dentista: \u2018Destruiu minha autoestima\u2019 - Not\u00edcias de Todos - Models01","robots":{"index":"index","follow":"follow","max-snippet":"max-snippet:-1","max-image-preview":"max-image-preview:large","max-video-preview":"max-video-preview:-1"},"canonical":"https:\/\/markd.com.br\/models\/mulher-denuncia-que-perdeu-parte-do-nariz-e-ficou-com-sequela-apos-cirurgia-estetica-com-dentista-destruiu-minha-autoestima\/","og_locale":"pt_BR","og_type":"article","og_title":"Mulher denuncia que perdeu parte do nariz e ficou com sequela ap\u00f3s cirurgia est\u00e9tica com dentista: \u2018Destruiu minha autoestima\u2019 - Not\u00edcias de Todos - Models01","og_description":"Uma mulher de 37 anos denuncia que teve parte do nariz necrosado e ficou com...","og_url":"https:\/\/markd.com.br\/models\/mulher-denuncia-que-perdeu-parte-do-nariz-e-ficou-com-sequela-apos-cirurgia-estetica-com-dentista-destruiu-minha-autoestima\/","og_site_name":"Not\u00edcias de Todos - Models01","article_published_time":"2022-07-06T17:09:20+00:00","article_modified_time":"2022-07-06T17:09:24+00:00","og_image":[{"width":800,"height":445,"url":"https:\/\/markd.com.br\/models\/wp-content\/uploads\/2022\/07\/elielma2-800x445-1.webp","type":"image\/webp"}],"author":"Reda\u00e7\u00e3o Reda\u00e7\u00e3o","twitter_card":"summary_large_image","twitter_misc":{"Escrito por":"Reda\u00e7\u00e3o Reda\u00e7\u00e3o","Est. tempo de leitura":"4 minutos"},"schema":{"@context":"https:\/\/schema.org","@graph":[{"@type":"WebPage","@id":"https:\/\/markd.com.br\/models\/mulher-denuncia-que-perdeu-parte-do-nariz-e-ficou-com-sequela-apos-cirurgia-estetica-com-dentista-destruiu-minha-autoestima\/","url":"https:\/\/markd.com.br\/models\/mulher-denuncia-que-perdeu-parte-do-nariz-e-ficou-com-sequela-apos-cirurgia-estetica-com-dentista-destruiu-minha-autoestima\/","name":"Mulher denuncia que perdeu parte do nariz e ficou com sequela ap\u00f3s cirurgia est\u00e9tica com dentista: \u2018Destruiu minha autoestima\u2019 - Not\u00edcias de Todos - Models01","isPartOf":{"@id":"https:\/\/markd.com.br\/models\/#website"},"primaryImageOfPage":{"@id":"https:\/\/markd.com.br\/models\/mulher-denuncia-que-perdeu-parte-do-nariz-e-ficou-com-sequela-apos-cirurgia-estetica-com-dentista-destruiu-minha-autoestima\/#primaryimage"},"image":{"@id":"https:\/\/markd.com.br\/models\/mulher-denuncia-que-perdeu-parte-do-nariz-e-ficou-com-sequela-apos-cirurgia-estetica-com-dentista-destruiu-minha-autoestima\/#primaryimage"},"thumbnailUrl":"https:\/\/markd.com.br\/models\/wp-content\/uploads\/2022\/07\/elielma2-800x445-1.webp","datePublished":"2022-07-06T17:09:20+00:00","dateModified":"2022-07-06T17:09:24+00:00","author":{"@id":"https:\/\/markd.com.br\/models\/#\/schema\/person\/c12a77ab487a7262d8bec3c47301ad37"},"breadcrumb":{"@id":"https:\/\/markd.com.br\/models\/mulher-denuncia-que-perdeu-parte-do-nariz-e-ficou-com-sequela-apos-cirurgia-estetica-com-dentista-destruiu-minha-autoestima\/#breadcrumb"},"inLanguage":"pt-BR","potentialAction":[{"@type":"ReadAction","target":["https:\/\/markd.com.br\/models\/mulher-denuncia-que-perdeu-parte-do-nariz-e-ficou-com-sequela-apos-cirurgia-estetica-com-dentista-destruiu-minha-autoestima\/"]}]},{"@type":"ImageObject","inLanguage":"pt-BR","@id":"https:\/\/markd.com.br\/models\/mulher-denuncia-que-perdeu-parte-do-nariz-e-ficou-com-sequela-apos-cirurgia-estetica-com-dentista-destruiu-minha-autoestima\/#primaryimage","url":"https:\/\/markd.com.br\/models\/wp-content\/uploads\/2022\/07\/elielma2-800x445-1.webp","contentUrl":"https:\/\/markd.com.br\/models\/wp-content\/uploads\/2022\/07\/elielma2-800x445-1.webp","width":800,"height":445},{"@type":"BreadcrumbList","@id":"https:\/\/markd.com.br\/models\/mulher-denuncia-que-perdeu-parte-do-nariz-e-ficou-com-sequela-apos-cirurgia-estetica-com-dentista-destruiu-minha-autoestima\/#breadcrumb","itemListElement":[{"@type":"ListItem","position":1,"name":"In\u00edcio","item":"https:\/\/markd.com.br\/models\/"},{"@type":"ListItem","position":2,"name":"Mulher denuncia que perdeu parte do nariz e ficou com sequela ap\u00f3s cirurgia est\u00e9tica com dentista: \u2018Destruiu minha autoestima\u2019"}]},{"@type":"WebSite","@id":"https:\/\/markd.com.br\/models\/#website","url":"https:\/\/markd.com.br\/models\/","name":"Not\u00edcias de Todos - Models01","description":"Tenha um Portal de Not\u00edcias Moderno, Din\u00e2mico, R\u00e1pido e Profissional. Entregamos seu Site de  Not\u00edcias Pronto, Instalado, Hospedado, com Manual Passo a Passo e Suporte 24 horas.","potentialAction":[{"@type":"SearchAction","target":{"@type":"EntryPoint","urlTemplate":"https:\/\/markd.com.br\/models\/?s={search_term_string}"},"query-input":{"@type":"PropertyValueSpecification","valueRequired":true,"valueName":"search_term_string"}}],"inLanguage":"pt-BR"},{"@type":"Person","@id":"https:\/\/markd.com.br\/models\/#\/schema\/person\/c12a77ab487a7262d8bec3c47301ad37","name":"Reda\u00e7\u00e3o Reda\u00e7\u00e3o","image":{"@type":"ImageObject","inLanguage":"pt-BR","@id":"https:\/\/markd.com.br\/models\/#\/schema\/person\/image\/","url":"https:\/\/secure.gravatar.com\/avatar\/9448f3599ce269febf169e183039b4a6?s=96&d=mm&r=g","contentUrl":"https:\/\/secure.gravatar.com\/avatar\/9448f3599ce269febf169e183039b4a6?s=96&d=mm&r=g","caption":"Reda\u00e7\u00e3o Reda\u00e7\u00e3o"},"sameAs":["https:\/\/markd.com.br\/"],"url":"https:\/\/markd.com.br\/models\/author\/redacao\/"}]}},"featured_image_urls":{"full":["https:\/\/markd.com.br\/models\/wp-content\/uploads\/2022\/07\/elielma2-800x445-1.webp",800,445,false],"thumbnail":["https:\/\/markd.com.br\/models\/wp-content\/uploads\/2022\/07\/elielma2-800x445-1-150x150.webp",150,150,true],"medium":["https:\/\/markd.com.br\/models\/wp-content\/uploads\/2022\/07\/elielma2-800x445-1-300x167.webp",300,167,true],"medium_large":["https:\/\/markd.com.br\/models\/wp-content\/uploads\/2022\/07\/elielma2-800x445-1-768x427.webp",640,356,true],"large":["https:\/\/markd.com.br\/models\/wp-content\/uploads\/2022\/07\/elielma2-800x445-1.webp",640,356,false],"1536x1536":["https:\/\/markd.com.br\/models\/wp-content\/uploads\/2022\/07\/elielma2-800x445-1.webp",800,445,false],"2048x2048":["https:\/\/markd.com.br\/models\/wp-content\/uploads\/2022\/07\/elielma2-800x445-1.webp",800,445,false],"newsphere-slider-full":["https:\/\/markd.com.br\/models\/wp-content\/uploads\/2022\/07\/elielma2-800x445-1.webp",800,445,false],"newsphere-featured":["https:\/\/markd.com.br\/models\/wp-content\/uploads\/2022\/07\/elielma2-800x445-1.webp",800,445,false],"newsphere-medium":["https:\/\/markd.com.br\/models\/wp-content\/uploads\/2022\/07\/elielma2-800x445-1-720x380.webp",720,380,true]},"author_info":{"display_name":"Reda\u00e7\u00e3o Reda\u00e7\u00e3o","author_link":"https:\/\/markd.com.br\/models\/author\/redacao\/"},"category_info":"<a href=\"https:\/\/markd.com.br\/models\/category\/destaque\/\" rel=\"category tag\">Destaque<\/a>","tag_info":"Destaque","comment_count":"0","jetpack_featured_media_url":"https:\/\/markd.com.br\/models\/wp-content\/uploads\/2022\/07\/elielma2-800x445-1.webp","_links":{"self":[{"href":"https:\/\/markd.com.br\/models\/wp-json\/wp\/v2\/posts\/2465","targetHints":{"allow":["GET"]}}],"collection":[{"href":"https:\/\/markd.com.br\/models\/wp-json\/wp\/v2\/posts"}],"about":[{"href":"https:\/\/markd.com.br\/models\/wp-json\/wp\/v2\/types\/post"}],"author":[{"embeddable":true,"href":"https:\/\/markd.com.br\/models\/wp-json\/wp\/v2\/users\/5"}],"replies":[{"embeddable":true,"href":"https:\/\/markd.com.br\/models\/wp-json\/wp\/v2\/comments?post=2465"}],"version-history":[{"count":1,"href":"https:\/\/markd.com.br\/models\/wp-json\/wp\/v2\/posts\/2465\/revisions"}],"predecessor-version":[{"id":2467,"href":"https:\/\/markd.com.br\/models\/wp-json\/wp\/v2\/posts\/2465\/revisions\/2467"}],"wp:featuredmedia":[{"embeddable":true,"href":"https:\/\/markd.com.br\/models\/wp-json\/wp\/v2\/media\/2466"}],"wp:attachment":[{"href":"https:\/\/markd.com.br\/models\/wp-json\/wp\/v2\/media?parent=2465"}],"wp:term":[{"taxonomy":"category","embeddable":true,"href":"https:\/\/markd.com.br\/models\/wp-json\/wp\/v2\/categories?post=2465"},{"taxonomy":"post_tag","embeddable":true,"href":"https:\/\/markd.com.br\/models\/wp-json\/wp\/v2\/tags?post=2465"}],"curies":[{"name":"wp","href":"https:\/\/api.w.org\/{rel}","templated":true}]}}