{"id":2505,"date":"2022-07-07T12:12:25","date_gmt":"2022-07-07T15:12:25","guid":{"rendered":"https:\/\/portaldestaquenoticias.com.br\/?p=2505"},"modified":"2022-07-07T12:12:28","modified_gmt":"2022-07-07T15:12:28","slug":"adail-filho-fala-suas-ideias-no-programa-debate-politico","status":"publish","type":"post","link":"https:\/\/markd.com.br\/models\/adail-filho-fala-suas-ideias-no-programa-debate-politico\/","title":{"rendered":"Adail Filho fala suas ideias no programa Debate Pol\u00edtico"},"content":{"rendered":"\n<p><\/p>\n\n\n\n<p>O pr\u00e9-candidato Adail Filho (REPUBLICANOS) deu entrevista ao portal convergente para o programa Debate Pol\u00edtico. O ex-prefeito de Coari \u00e9 pr\u00e9-candidato a Deputado Federal e conversou com Erica Lima sobre suas ideias e sua perspectiva para as elei\u00e7\u00f5es deste ano.<br>Entre os assuntos abordados, a apresentadora perguntou sobre os projetos atuais de Adail. \u201cAcredito que cumpri minha miss\u00e3o como prefeito de Coari e agora quero levar minha experi\u00eancia para o Congresso Nacional\u201d, disse.<br>Perguntado por Erica Lima sobre sua popularidade, principalmente nas redes sociais, o pr\u00e9-candidato disse: \u201cEssa intera\u00e7\u00e3o com o p\u00fablico \u00e9 muito natural pra mim e eu quero que as pessoas acompanhem o que fizemos em Coari e o que queremos fazer com todo o Amazonas\u201d, afirmou o pr\u00e9-candidato que j\u00e1 visitou 40% das cidades do interior do Amazonas nos \u00faltimos dois meses.<br>Para Adail, um dos pontos chave para a gest\u00e3o do Amazonas \u00e9 a depend\u00eancia dos munic\u00edpios ao governo do estado e ao governo federal. A gente precisa de \u201cum novo polo de desenvolvimento socioecon\u00f4mico para as pessoas adquirirem a autossufici\u00eancia, principalmente no setor prim\u00e1rio e at\u00e9 mesmo com outras matrizes. S\u00f3 precisamos de algu\u00e9m que fa\u00e7a acontecer e leve os benef\u00edcios para impulsionar as pessoas\u201d, disse o pr\u00e9-candidato reiterando ainda que parte de seu compromisso para efetivar esse projeto \u00e9 a continuidade da BR-319.<br>Para o ex-prefeito, as demandas do povo do interior precisam ser ouvidas e resolvidas. Adail disse sofrer de indigna\u00e7\u00e3o, pois tem muita gente passando fome no Amazonas e isso \u00e9 inadmiss\u00edvel. \u201cEu at\u00e9 ganhei fama de brig\u00e3o, mas de brigar pelo povo. Quando eu peguei Coari, ela era terra sem lei. Eu quero hoje brigar por todo o Estado do Amazonas, conversando e ouvindo as pessoas, porque isso pra mim \u00e9 gratificante e \u00e9 isso que eu tenho feito sempre\u201d, disse o pr\u00e9-candidato.<br>Com cerca de uma de dura\u00e7\u00e3o, Adail finalizou a conversa agradecendo a recep\u00e7\u00e3o das pessoas por onda anda, principalmente nos interiores. Disse tamb\u00e9m estar muito feliz pelo apoio de seus familiares, da equipe e do grupo pol\u00edtico al\u00e9m da equipe do portal O Convergente que o convidou para essa conversa.<\/p>\n\n\n\n<figure class=\"wp-block-image\"><img decoding=\"async\" src=\"https:\/\/sp-ao.shortpixel.ai\/client\/to_auto,q_glossy,ret_img,w_640,h_426\/https:\/\/portalmancheteam.com.br\/wp-content\/uploads\/2022\/07\/WhatsApp-Image-2022-07-06-at-13.12.33.jpeg\" alt=\"\" class=\"wp-image-101473\"\/><\/figure>\n\n\n\n<figure class=\"wp-block-image\"><img decoding=\"async\" src=\"https:\/\/sp-ao.shortpixel.ai\/client\/to_auto,q_glossy,ret_img,w_640,h_426\/https:\/\/portalmancheteam.com.br\/wp-content\/uploads\/2022\/07\/WhatsApp-Image-2022-07-06-at-13.12.34.jpeg\" alt=\"\" class=\"wp-image-101474\"\/><\/figure>\n","protected":false},"excerpt":{"rendered":"<p>O pr\u00e9-candidato Adail Filho (REPUBLICANOS) deu entrevista ao portal convergente para o programa Debate Pol\u00edtico&#8230;.<\/p>\n","protected":false},"author":5,"featured_media":2506,"comment_status":"open","ping_status":"open","sticky":false,"template":"","format":"standard","meta":{"footnotes":""},"categories":[7],"tags":[150,753],"class_list":["post-2505","post","type-post","status-publish","format-standard","has-post-thumbnail","hentry","category-politica","tag-adail-filho","tag-debate-politico"],"yoast_head":"<!-- This site is optimized with the Yoast SEO plugin v24.4 - https:\/\/yoast.com\/wordpress\/plugins\/seo\/ -->\n<title>Adail Filho fala suas ideias no programa Debate Pol\u00edtico - Not\u00edcias de Todos - Models01<\/title>\n<meta name=\"robots\" content=\"index, follow, max-snippet:-1, max-image-preview:large, max-video-preview:-1\" \/>\n<link rel=\"canonical\" href=\"https:\/\/markd.com.br\/models\/adail-filho-fala-suas-ideias-no-programa-debate-politico\/\" \/>\n<meta property=\"og:locale\" content=\"pt_BR\" \/>\n<meta property=\"og:type\" content=\"article\" \/>\n<meta property=\"og:title\" content=\"Adail Filho fala suas ideias no programa Debate Pol\u00edtico - Not\u00edcias de Todos - Models01\" \/>\n<meta property=\"og:description\" content=\"O pr\u00e9-candidato Adail Filho (REPUBLICANOS) deu entrevista ao portal convergente para o programa Debate Pol\u00edtico....\" \/>\n<meta property=\"og:url\" content=\"https:\/\/markd.com.br\/models\/adail-filho-fala-suas-ideias-no-programa-debate-politico\/\" \/>\n<meta property=\"og:site_name\" content=\"Not\u00edcias de Todos - Models01\" \/>\n<meta property=\"article:published_time\" content=\"2022-07-07T15:12:25+00:00\" \/>\n<meta property=\"article:modified_time\" content=\"2022-07-07T15:12:28+00:00\" \/>\n<meta property=\"og:image\" content=\"https:\/\/markd.com.br\/models\/wp-content\/uploads\/2022\/07\/WhatsApp-Image-2022-07-06-at-13.12.33-1.jpeg\" \/>\n\t<meta property=\"og:image:width\" content=\"640\" \/>\n\t<meta property=\"og:image:height\" content=\"426\" \/>\n\t<meta property=\"og:image:type\" content=\"image\/jpeg\" \/>\n<meta name=\"author\" content=\"Reda\u00e7\u00e3o Reda\u00e7\u00e3o\" \/>\n<meta name=\"twitter:card\" content=\"summary_large_image\" \/>\n<meta name=\"twitter:label1\" content=\"Escrito por\" \/>\n\t<meta name=\"twitter:data1\" content=\"Reda\u00e7\u00e3o Reda\u00e7\u00e3o\" \/>\n\t<meta name=\"twitter:label2\" content=\"Est. tempo de leitura\" \/>\n\t<meta name=\"twitter:data2\" content=\"3 minutos\" \/>\n<script type=\"application\/ld+json\" class=\"yoast-schema-graph\">{\"@context\":\"https:\/\/schema.org\",\"@graph\":[{\"@type\":\"WebPage\",\"@id\":\"https:\/\/markd.com.br\/models\/adail-filho-fala-suas-ideias-no-programa-debate-politico\/\",\"url\":\"https:\/\/markd.com.br\/models\/adail-filho-fala-suas-ideias-no-programa-debate-politico\/\",\"name\":\"Adail Filho fala suas ideias no programa Debate Pol\u00edtico - Not\u00edcias de Todos - Models01\",\"isPartOf\":{\"@id\":\"https:\/\/markd.com.br\/models\/#website\"},\"primaryImageOfPage\":{\"@id\":\"https:\/\/markd.com.br\/models\/adail-filho-fala-suas-ideias-no-programa-debate-politico\/#primaryimage\"},\"image\":{\"@id\":\"https:\/\/markd.com.br\/models\/adail-filho-fala-suas-ideias-no-programa-debate-politico\/#primaryimage\"},\"thumbnailUrl\":\"https:\/\/markd.com.br\/models\/wp-content\/uploads\/2022\/07\/WhatsApp-Image-2022-07-06-at-13.12.33-1.jpeg\",\"datePublished\":\"2022-07-07T15:12:25+00:00\",\"dateModified\":\"2022-07-07T15:12:28+00:00\",\"author\":{\"@id\":\"https:\/\/markd.com.br\/models\/#\/schema\/person\/c12a77ab487a7262d8bec3c47301ad37\"},\"breadcrumb\":{\"@id\":\"https:\/\/markd.com.br\/models\/adail-filho-fala-suas-ideias-no-programa-debate-politico\/#breadcrumb\"},\"inLanguage\":\"pt-BR\",\"potentialAction\":[{\"@type\":\"ReadAction\",\"target\":[\"https:\/\/markd.com.br\/models\/adail-filho-fala-suas-ideias-no-programa-debate-politico\/\"]}]},{\"@type\":\"ImageObject\",\"inLanguage\":\"pt-BR\",\"@id\":\"https:\/\/markd.com.br\/models\/adail-filho-fala-suas-ideias-no-programa-debate-politico\/#primaryimage\",\"url\":\"https:\/\/markd.com.br\/models\/wp-content\/uploads\/2022\/07\/WhatsApp-Image-2022-07-06-at-13.12.33-1.jpeg\",\"contentUrl\":\"https:\/\/markd.com.br\/models\/wp-content\/uploads\/2022\/07\/WhatsApp-Image-2022-07-06-at-13.12.33-1.jpeg\",\"width\":640,\"height\":426},{\"@type\":\"BreadcrumbList\",\"@id\":\"https:\/\/markd.com.br\/models\/adail-filho-fala-suas-ideias-no-programa-debate-politico\/#breadcrumb\",\"itemListElement\":[{\"@type\":\"ListItem\",\"position\":1,\"name\":\"In\u00edcio\",\"item\":\"https:\/\/markd.com.br\/models\/\"},{\"@type\":\"ListItem\",\"position\":2,\"name\":\"Adail Filho fala suas ideias no programa Debate Pol\u00edtico\"}]},{\"@type\":\"WebSite\",\"@id\":\"https:\/\/markd.com.br\/models\/#website\",\"url\":\"https:\/\/markd.com.br\/models\/\",\"name\":\"Not\u00edcias de Todos - Models01\",\"description\":\"Tenha um Portal de Not\u00edcias Moderno, Din\u00e2mico, R\u00e1pido e Profissional. Entregamos seu Site de  Not\u00edcias Pronto, Instalado, Hospedado, com Manual Passo a Passo e Suporte 24 horas.\",\"potentialAction\":[{\"@type\":\"SearchAction\",\"target\":{\"@type\":\"EntryPoint\",\"urlTemplate\":\"https:\/\/markd.com.br\/models\/?s={search_term_string}\"},\"query-input\":{\"@type\":\"PropertyValueSpecification\",\"valueRequired\":true,\"valueName\":\"search_term_string\"}}],\"inLanguage\":\"pt-BR\"},{\"@type\":\"Person\",\"@id\":\"https:\/\/markd.com.br\/models\/#\/schema\/person\/c12a77ab487a7262d8bec3c47301ad37\",\"name\":\"Reda\u00e7\u00e3o Reda\u00e7\u00e3o\",\"image\":{\"@type\":\"ImageObject\",\"inLanguage\":\"pt-BR\",\"@id\":\"https:\/\/markd.com.br\/models\/#\/schema\/person\/image\/\",\"url\":\"https:\/\/secure.gravatar.com\/avatar\/9448f3599ce269febf169e183039b4a6?s=96&d=mm&r=g\",\"contentUrl\":\"https:\/\/secure.gravatar.com\/avatar\/9448f3599ce269febf169e183039b4a6?s=96&d=mm&r=g\",\"caption\":\"Reda\u00e7\u00e3o Reda\u00e7\u00e3o\"},\"sameAs\":[\"https:\/\/markd.com.br\/\"],\"url\":\"https:\/\/markd.com.br\/models\/author\/redacao\/\"}]}<\/script>\n<!-- \/ Yoast SEO plugin. -->","yoast_head_json":{"title":"Adail Filho fala suas ideias no programa Debate Pol\u00edtico - Not\u00edcias de Todos - Models01","robots":{"index":"index","follow":"follow","max-snippet":"max-snippet:-1","max-image-preview":"max-image-preview:large","max-video-preview":"max-video-preview:-1"},"canonical":"https:\/\/markd.com.br\/models\/adail-filho-fala-suas-ideias-no-programa-debate-politico\/","og_locale":"pt_BR","og_type":"article","og_title":"Adail Filho fala suas ideias no programa Debate Pol\u00edtico - Not\u00edcias de Todos - Models01","og_description":"O pr\u00e9-candidato Adail Filho (REPUBLICANOS) deu entrevista ao portal convergente para o programa Debate Pol\u00edtico....","og_url":"https:\/\/markd.com.br\/models\/adail-filho-fala-suas-ideias-no-programa-debate-politico\/","og_site_name":"Not\u00edcias de Todos - Models01","article_published_time":"2022-07-07T15:12:25+00:00","article_modified_time":"2022-07-07T15:12:28+00:00","og_image":[{"width":640,"height":426,"url":"https:\/\/markd.com.br\/models\/wp-content\/uploads\/2022\/07\/WhatsApp-Image-2022-07-06-at-13.12.33-1.jpeg","type":"image\/jpeg"}],"author":"Reda\u00e7\u00e3o Reda\u00e7\u00e3o","twitter_card":"summary_large_image","twitter_misc":{"Escrito por":"Reda\u00e7\u00e3o Reda\u00e7\u00e3o","Est. tempo de leitura":"3 minutos"},"schema":{"@context":"https:\/\/schema.org","@graph":[{"@type":"WebPage","@id":"https:\/\/markd.com.br\/models\/adail-filho-fala-suas-ideias-no-programa-debate-politico\/","url":"https:\/\/markd.com.br\/models\/adail-filho-fala-suas-ideias-no-programa-debate-politico\/","name":"Adail Filho fala suas ideias no programa Debate Pol\u00edtico - Not\u00edcias de Todos - Models01","isPartOf":{"@id":"https:\/\/markd.com.br\/models\/#website"},"primaryImageOfPage":{"@id":"https:\/\/markd.com.br\/models\/adail-filho-fala-suas-ideias-no-programa-debate-politico\/#primaryimage"},"image":{"@id":"https:\/\/markd.com.br\/models\/adail-filho-fala-suas-ideias-no-programa-debate-politico\/#primaryimage"},"thumbnailUrl":"https:\/\/markd.com.br\/models\/wp-content\/uploads\/2022\/07\/WhatsApp-Image-2022-07-06-at-13.12.33-1.jpeg","datePublished":"2022-07-07T15:12:25+00:00","dateModified":"2022-07-07T15:12:28+00:00","author":{"@id":"https:\/\/markd.com.br\/models\/#\/schema\/person\/c12a77ab487a7262d8bec3c47301ad37"},"breadcrumb":{"@id":"https:\/\/markd.com.br\/models\/adail-filho-fala-suas-ideias-no-programa-debate-politico\/#breadcrumb"},"inLanguage":"pt-BR","potentialAction":[{"@type":"ReadAction","target":["https:\/\/markd.com.br\/models\/adail-filho-fala-suas-ideias-no-programa-debate-politico\/"]}]},{"@type":"ImageObject","inLanguage":"pt-BR","@id":"https:\/\/markd.com.br\/models\/adail-filho-fala-suas-ideias-no-programa-debate-politico\/#primaryimage","url":"https:\/\/markd.com.br\/models\/wp-content\/uploads\/2022\/07\/WhatsApp-Image-2022-07-06-at-13.12.33-1.jpeg","contentUrl":"https:\/\/markd.com.br\/models\/wp-content\/uploads\/2022\/07\/WhatsApp-Image-2022-07-06-at-13.12.33-1.jpeg","width":640,"height":426},{"@type":"BreadcrumbList","@id":"https:\/\/markd.com.br\/models\/adail-filho-fala-suas-ideias-no-programa-debate-politico\/#breadcrumb","itemListElement":[{"@type":"ListItem","position":1,"name":"In\u00edcio","item":"https:\/\/markd.com.br\/models\/"},{"@type":"ListItem","position":2,"name":"Adail Filho fala suas ideias no programa Debate Pol\u00edtico"}]},{"@type":"WebSite","@id":"https:\/\/markd.com.br\/models\/#website","url":"https:\/\/markd.com.br\/models\/","name":"Not\u00edcias de Todos - Models01","description":"Tenha um Portal de Not\u00edcias Moderno, Din\u00e2mico, R\u00e1pido e Profissional. Entregamos seu Site de  Not\u00edcias Pronto, Instalado, Hospedado, com Manual Passo a Passo e Suporte 24 horas.","potentialAction":[{"@type":"SearchAction","target":{"@type":"EntryPoint","urlTemplate":"https:\/\/markd.com.br\/models\/?s={search_term_string}"},"query-input":{"@type":"PropertyValueSpecification","valueRequired":true,"valueName":"search_term_string"}}],"inLanguage":"pt-BR"},{"@type":"Person","@id":"https:\/\/markd.com.br\/models\/#\/schema\/person\/c12a77ab487a7262d8bec3c47301ad37","name":"Reda\u00e7\u00e3o Reda\u00e7\u00e3o","image":{"@type":"ImageObject","inLanguage":"pt-BR","@id":"https:\/\/markd.com.br\/models\/#\/schema\/person\/image\/","url":"https:\/\/secure.gravatar.com\/avatar\/9448f3599ce269febf169e183039b4a6?s=96&d=mm&r=g","contentUrl":"https:\/\/secure.gravatar.com\/avatar\/9448f3599ce269febf169e183039b4a6?s=96&d=mm&r=g","caption":"Reda\u00e7\u00e3o Reda\u00e7\u00e3o"},"sameAs":["https:\/\/markd.com.br\/"],"url":"https:\/\/markd.com.br\/models\/author\/redacao\/"}]}},"featured_image_urls":{"full":["https:\/\/markd.com.br\/models\/wp-content\/uploads\/2022\/07\/WhatsApp-Image-2022-07-06-at-13.12.33-1.jpeg",640,426,false],"thumbnail":["https:\/\/markd.com.br\/models\/wp-content\/uploads\/2022\/07\/WhatsApp-Image-2022-07-06-at-13.12.33-1-150x150.jpeg",150,150,true],"medium":["https:\/\/markd.com.br\/models\/wp-content\/uploads\/2022\/07\/WhatsApp-Image-2022-07-06-at-13.12.33-1-300x200.jpeg",300,200,true],"medium_large":["https:\/\/markd.com.br\/models\/wp-content\/uploads\/2022\/07\/WhatsApp-Image-2022-07-06-at-13.12.33-1.jpeg",640,426,false],"large":["https:\/\/markd.com.br\/models\/wp-content\/uploads\/2022\/07\/WhatsApp-Image-2022-07-06-at-13.12.33-1.jpeg",640,426,false],"1536x1536":["https:\/\/markd.com.br\/models\/wp-content\/uploads\/2022\/07\/WhatsApp-Image-2022-07-06-at-13.12.33-1.jpeg",640,426,false],"2048x2048":["https:\/\/markd.com.br\/models\/wp-content\/uploads\/2022\/07\/WhatsApp-Image-2022-07-06-at-13.12.33-1.jpeg",640,426,false],"newsphere-slider-full":["https:\/\/markd.com.br\/models\/wp-content\/uploads\/2022\/07\/WhatsApp-Image-2022-07-06-at-13.12.33-1.jpeg",640,426,false],"newsphere-featured":["https:\/\/markd.com.br\/models\/wp-content\/uploads\/2022\/07\/WhatsApp-Image-2022-07-06-at-13.12.33-1.jpeg",640,426,false],"newsphere-medium":["https:\/\/markd.com.br\/models\/wp-content\/uploads\/2022\/07\/WhatsApp-Image-2022-07-06-at-13.12.33-1-640x380.jpeg",640,380,true]},"author_info":{"display_name":"Reda\u00e7\u00e3o Reda\u00e7\u00e3o","author_link":"https:\/\/markd.com.br\/models\/author\/redacao\/"},"category_info":"<a href=\"https:\/\/markd.com.br\/models\/category\/politica\/\" rel=\"category tag\">Pol\u00edtica<\/a>","tag_info":"Pol\u00edtica","comment_count":"0","jetpack_featured_media_url":"https:\/\/markd.com.br\/models\/wp-content\/uploads\/2022\/07\/WhatsApp-Image-2022-07-06-at-13.12.33-1.jpeg","_links":{"self":[{"href":"https:\/\/markd.com.br\/models\/wp-json\/wp\/v2\/posts\/2505","targetHints":{"allow":["GET"]}}],"collection":[{"href":"https:\/\/markd.com.br\/models\/wp-json\/wp\/v2\/posts"}],"about":[{"href":"https:\/\/markd.com.br\/models\/wp-json\/wp\/v2\/types\/post"}],"author":[{"embeddable":true,"href":"https:\/\/markd.com.br\/models\/wp-json\/wp\/v2\/users\/5"}],"replies":[{"embeddable":true,"href":"https:\/\/markd.com.br\/models\/wp-json\/wp\/v2\/comments?post=2505"}],"version-history":[{"count":1,"href":"https:\/\/markd.com.br\/models\/wp-json\/wp\/v2\/posts\/2505\/revisions"}],"predecessor-version":[{"id":2507,"href":"https:\/\/markd.com.br\/models\/wp-json\/wp\/v2\/posts\/2505\/revisions\/2507"}],"wp:featuredmedia":[{"embeddable":true,"href":"https:\/\/markd.com.br\/models\/wp-json\/wp\/v2\/media\/2506"}],"wp:attachment":[{"href":"https:\/\/markd.com.br\/models\/wp-json\/wp\/v2\/media?parent=2505"}],"wp:term":[{"taxonomy":"category","embeddable":true,"href":"https:\/\/markd.com.br\/models\/wp-json\/wp\/v2\/categories?post=2505"},{"taxonomy":"post_tag","embeddable":true,"href":"https:\/\/markd.com.br\/models\/wp-json\/wp\/v2\/tags?post=2505"}],"curies":[{"name":"wp","href":"https:\/\/api.w.org\/{rel}","templated":true}]}}