{"id":2523,"date":"2022-07-07T14:09:22","date_gmt":"2022-07-07T17:09:22","guid":{"rendered":"https:\/\/portaldestaquenoticias.com.br\/?p=2523"},"modified":"2022-07-07T14:09:26","modified_gmt":"2022-07-07T17:09:26","slug":"comi-muito-alcool-revela-menina-aos-pais-apos-ficar-tonta-e-vomitar-em-escola","status":"publish","type":"post","link":"https:\/\/markd.com.br\/models\/comi-muito-alcool-revela-menina-aos-pais-apos-ficar-tonta-e-vomitar-em-escola\/","title":{"rendered":"\u2018Comi muito \u00e1lcool\u2019, revela menina aos pais ap\u00f3s ficar tonta e vomitar em escola"},"content":{"rendered":"\n<p><\/p>\n\n\n\n<p>A menina de 5 anos, que ficou internada em um hospital de S\u00e3o Paulo ap\u00f3s passar mal, disse aos pais que ingeriu \u201cmuito \u00e1lcool em gel\u201d na escola municipal onde estuda. A menina chegou em casa com tontura e vomitando, sendo preciso lev\u00e1-la \u00e0s pressas para fazer uma lavagem estomacal para eliminar o produto qu\u00edmico. Ela deu entrada em coma alco\u00f3lico e, ap\u00f3s o procedimento, recebeu alta no mesmo dia.<\/p>\n\n\n\n<p>A crian\u00e7a falou ainda que o \u00e1lcool estava dentro de um arm\u00e1rio da sala de aula da Escola Municipal de Ensino Infantil (EMEI) Professora Neusa Concei\u00e7\u00e3o Stinchi, na Vila Matilde, zona leste de S\u00e3o Paulo.<\/p>\n\n\n\n<p>A Pol\u00edcia Civil investiga os respons\u00e1veis pela EMEI por suspeita les\u00e3o corporal, neglig\u00eancia e omiss\u00e3o no caso envolvendo a crian\u00e7a. A investiga\u00e7\u00e3o ser\u00e1 feita pelo 21\u00ba Distrito Policial (DP), Vila Matilde. A Pol\u00edcia T\u00e9cnico-Cient\u00edfica vai periciar se o que a crian\u00e7a ingeriu foi mesmo \u00e1lcool em gel. J\u00e1 a Secretaria Municipal de Educa\u00e7\u00e3o (SME) informou que a Diretoria Regional de Educa\u00e7\u00e3o (DRE) abriu apura\u00e7\u00e3o preliminar diante da gravidade das informa\u00e7\u00f5es e est\u00e1 \u00e0 disposi\u00e7\u00e3o dos pais da crian\u00e7a.<\/p>\n\n\n\n<p><strong><em>Com informa\u00e7\u00f5es do G1<\/em><\/strong><\/p>\n","protected":false},"excerpt":{"rendered":"<p>A menina de 5 anos, que ficou internada em um hospital de S\u00e3o Paulo ap\u00f3s&#8230;<\/p>\n","protected":false},"author":5,"featured_media":2524,"comment_status":"open","ping_status":"open","sticky":false,"template":"","format":"standard","meta":{"footnotes":""},"categories":[34],"tags":[758,128],"class_list":["post-2523","post","type-post","status-publish","format-standard","has-post-thumbnail","hentry","category-musica","tag-emei","tag-policia-civil-2"],"yoast_head":"<!-- This site is optimized with the Yoast SEO plugin v24.4 - https:\/\/yoast.com\/wordpress\/plugins\/seo\/ -->\n<title>\u2018Comi muito \u00e1lcool\u2019, revela menina aos pais ap\u00f3s ficar tonta e vomitar em escola - Not\u00edcias de Todos - Models01<\/title>\n<meta name=\"robots\" content=\"index, follow, max-snippet:-1, max-image-preview:large, max-video-preview:-1\" \/>\n<link rel=\"canonical\" href=\"https:\/\/markd.com.br\/models\/comi-muito-alcool-revela-menina-aos-pais-apos-ficar-tonta-e-vomitar-em-escola\/\" \/>\n<meta property=\"og:locale\" content=\"pt_BR\" \/>\n<meta property=\"og:type\" content=\"article\" \/>\n<meta property=\"og:title\" content=\"\u2018Comi muito \u00e1lcool\u2019, revela menina aos pais ap\u00f3s ficar tonta e vomitar em escola - Not\u00edcias de Todos - Models01\" \/>\n<meta property=\"og:description\" content=\"A menina de 5 anos, que ficou internada em um hospital de S\u00e3o Paulo ap\u00f3s...\" \/>\n<meta property=\"og:url\" content=\"https:\/\/markd.com.br\/models\/comi-muito-alcool-revela-menina-aos-pais-apos-ficar-tonta-e-vomitar-em-escola\/\" \/>\n<meta property=\"og:site_name\" content=\"Not\u00edcias de Todos - Models01\" \/>\n<meta property=\"article:published_time\" content=\"2022-07-07T17:09:22+00:00\" \/>\n<meta property=\"article:modified_time\" content=\"2022-07-07T17:09:26+00:00\" \/>\n<meta property=\"og:image\" content=\"https:\/\/markd.com.br\/models\/wp-content\/uploads\/2022\/07\/Captura-de-tela-2022-07-07-081159-235x445-1.jpg\" \/>\n\t<meta property=\"og:image:width\" content=\"235\" \/>\n\t<meta property=\"og:image:height\" content=\"445\" \/>\n\t<meta property=\"og:image:type\" content=\"image\/jpeg\" \/>\n<meta name=\"author\" content=\"Reda\u00e7\u00e3o Reda\u00e7\u00e3o\" \/>\n<meta name=\"twitter:card\" content=\"summary_large_image\" \/>\n<meta name=\"twitter:label1\" content=\"Escrito por\" \/>\n\t<meta name=\"twitter:data1\" content=\"Reda\u00e7\u00e3o Reda\u00e7\u00e3o\" \/>\n\t<meta name=\"twitter:label2\" content=\"Est. tempo de leitura\" \/>\n\t<meta name=\"twitter:data2\" content=\"2 minutos\" \/>\n<script type=\"application\/ld+json\" class=\"yoast-schema-graph\">{\"@context\":\"https:\/\/schema.org\",\"@graph\":[{\"@type\":\"WebPage\",\"@id\":\"https:\/\/markd.com.br\/models\/comi-muito-alcool-revela-menina-aos-pais-apos-ficar-tonta-e-vomitar-em-escola\/\",\"url\":\"https:\/\/markd.com.br\/models\/comi-muito-alcool-revela-menina-aos-pais-apos-ficar-tonta-e-vomitar-em-escola\/\",\"name\":\"\u2018Comi muito \u00e1lcool\u2019, revela menina aos pais ap\u00f3s ficar tonta e vomitar em escola - Not\u00edcias de Todos - Models01\",\"isPartOf\":{\"@id\":\"https:\/\/markd.com.br\/models\/#website\"},\"primaryImageOfPage\":{\"@id\":\"https:\/\/markd.com.br\/models\/comi-muito-alcool-revela-menina-aos-pais-apos-ficar-tonta-e-vomitar-em-escola\/#primaryimage\"},\"image\":{\"@id\":\"https:\/\/markd.com.br\/models\/comi-muito-alcool-revela-menina-aos-pais-apos-ficar-tonta-e-vomitar-em-escola\/#primaryimage\"},\"thumbnailUrl\":\"https:\/\/markd.com.br\/models\/wp-content\/uploads\/2022\/07\/Captura-de-tela-2022-07-07-081159-235x445-1.jpg\",\"datePublished\":\"2022-07-07T17:09:22+00:00\",\"dateModified\":\"2022-07-07T17:09:26+00:00\",\"author\":{\"@id\":\"https:\/\/markd.com.br\/models\/#\/schema\/person\/c12a77ab487a7262d8bec3c47301ad37\"},\"breadcrumb\":{\"@id\":\"https:\/\/markd.com.br\/models\/comi-muito-alcool-revela-menina-aos-pais-apos-ficar-tonta-e-vomitar-em-escola\/#breadcrumb\"},\"inLanguage\":\"pt-BR\",\"potentialAction\":[{\"@type\":\"ReadAction\",\"target\":[\"https:\/\/markd.com.br\/models\/comi-muito-alcool-revela-menina-aos-pais-apos-ficar-tonta-e-vomitar-em-escola\/\"]}]},{\"@type\":\"ImageObject\",\"inLanguage\":\"pt-BR\",\"@id\":\"https:\/\/markd.com.br\/models\/comi-muito-alcool-revela-menina-aos-pais-apos-ficar-tonta-e-vomitar-em-escola\/#primaryimage\",\"url\":\"https:\/\/markd.com.br\/models\/wp-content\/uploads\/2022\/07\/Captura-de-tela-2022-07-07-081159-235x445-1.jpg\",\"contentUrl\":\"https:\/\/markd.com.br\/models\/wp-content\/uploads\/2022\/07\/Captura-de-tela-2022-07-07-081159-235x445-1.jpg\",\"width\":235,\"height\":445},{\"@type\":\"BreadcrumbList\",\"@id\":\"https:\/\/markd.com.br\/models\/comi-muito-alcool-revela-menina-aos-pais-apos-ficar-tonta-e-vomitar-em-escola\/#breadcrumb\",\"itemListElement\":[{\"@type\":\"ListItem\",\"position\":1,\"name\":\"In\u00edcio\",\"item\":\"https:\/\/markd.com.br\/models\/\"},{\"@type\":\"ListItem\",\"position\":2,\"name\":\"\u2018Comi muito \u00e1lcool\u2019, revela menina aos pais ap\u00f3s ficar tonta e vomitar em escola\"}]},{\"@type\":\"WebSite\",\"@id\":\"https:\/\/markd.com.br\/models\/#website\",\"url\":\"https:\/\/markd.com.br\/models\/\",\"name\":\"Not\u00edcias de Todos - Models01\",\"description\":\"Tenha um Portal de Not\u00edcias Moderno, Din\u00e2mico, R\u00e1pido e Profissional. Entregamos seu Site de  Not\u00edcias Pronto, Instalado, Hospedado, com Manual Passo a Passo e Suporte 24 horas.\",\"potentialAction\":[{\"@type\":\"SearchAction\",\"target\":{\"@type\":\"EntryPoint\",\"urlTemplate\":\"https:\/\/markd.com.br\/models\/?s={search_term_string}\"},\"query-input\":{\"@type\":\"PropertyValueSpecification\",\"valueRequired\":true,\"valueName\":\"search_term_string\"}}],\"inLanguage\":\"pt-BR\"},{\"@type\":\"Person\",\"@id\":\"https:\/\/markd.com.br\/models\/#\/schema\/person\/c12a77ab487a7262d8bec3c47301ad37\",\"name\":\"Reda\u00e7\u00e3o Reda\u00e7\u00e3o\",\"image\":{\"@type\":\"ImageObject\",\"inLanguage\":\"pt-BR\",\"@id\":\"https:\/\/markd.com.br\/models\/#\/schema\/person\/image\/\",\"url\":\"https:\/\/secure.gravatar.com\/avatar\/9448f3599ce269febf169e183039b4a6?s=96&d=mm&r=g\",\"contentUrl\":\"https:\/\/secure.gravatar.com\/avatar\/9448f3599ce269febf169e183039b4a6?s=96&d=mm&r=g\",\"caption\":\"Reda\u00e7\u00e3o Reda\u00e7\u00e3o\"},\"sameAs\":[\"https:\/\/markd.com.br\/\"],\"url\":\"https:\/\/markd.com.br\/models\/author\/redacao\/\"}]}<\/script>\n<!-- \/ Yoast SEO plugin. -->","yoast_head_json":{"title":"\u2018Comi muito \u00e1lcool\u2019, revela menina aos pais ap\u00f3s ficar tonta e vomitar em escola - Not\u00edcias de Todos - Models01","robots":{"index":"index","follow":"follow","max-snippet":"max-snippet:-1","max-image-preview":"max-image-preview:large","max-video-preview":"max-video-preview:-1"},"canonical":"https:\/\/markd.com.br\/models\/comi-muito-alcool-revela-menina-aos-pais-apos-ficar-tonta-e-vomitar-em-escola\/","og_locale":"pt_BR","og_type":"article","og_title":"\u2018Comi muito \u00e1lcool\u2019, revela menina aos pais ap\u00f3s ficar tonta e vomitar em escola - Not\u00edcias de Todos - Models01","og_description":"A menina de 5 anos, que ficou internada em um hospital de S\u00e3o Paulo ap\u00f3s...","og_url":"https:\/\/markd.com.br\/models\/comi-muito-alcool-revela-menina-aos-pais-apos-ficar-tonta-e-vomitar-em-escola\/","og_site_name":"Not\u00edcias de Todos - Models01","article_published_time":"2022-07-07T17:09:22+00:00","article_modified_time":"2022-07-07T17:09:26+00:00","og_image":[{"width":235,"height":445,"url":"https:\/\/markd.com.br\/models\/wp-content\/uploads\/2022\/07\/Captura-de-tela-2022-07-07-081159-235x445-1.jpg","type":"image\/jpeg"}],"author":"Reda\u00e7\u00e3o Reda\u00e7\u00e3o","twitter_card":"summary_large_image","twitter_misc":{"Escrito por":"Reda\u00e7\u00e3o Reda\u00e7\u00e3o","Est. tempo de leitura":"2 minutos"},"schema":{"@context":"https:\/\/schema.org","@graph":[{"@type":"WebPage","@id":"https:\/\/markd.com.br\/models\/comi-muito-alcool-revela-menina-aos-pais-apos-ficar-tonta-e-vomitar-em-escola\/","url":"https:\/\/markd.com.br\/models\/comi-muito-alcool-revela-menina-aos-pais-apos-ficar-tonta-e-vomitar-em-escola\/","name":"\u2018Comi muito \u00e1lcool\u2019, revela menina aos pais ap\u00f3s ficar tonta e vomitar em escola - Not\u00edcias de Todos - Models01","isPartOf":{"@id":"https:\/\/markd.com.br\/models\/#website"},"primaryImageOfPage":{"@id":"https:\/\/markd.com.br\/models\/comi-muito-alcool-revela-menina-aos-pais-apos-ficar-tonta-e-vomitar-em-escola\/#primaryimage"},"image":{"@id":"https:\/\/markd.com.br\/models\/comi-muito-alcool-revela-menina-aos-pais-apos-ficar-tonta-e-vomitar-em-escola\/#primaryimage"},"thumbnailUrl":"https:\/\/markd.com.br\/models\/wp-content\/uploads\/2022\/07\/Captura-de-tela-2022-07-07-081159-235x445-1.jpg","datePublished":"2022-07-07T17:09:22+00:00","dateModified":"2022-07-07T17:09:26+00:00","author":{"@id":"https:\/\/markd.com.br\/models\/#\/schema\/person\/c12a77ab487a7262d8bec3c47301ad37"},"breadcrumb":{"@id":"https:\/\/markd.com.br\/models\/comi-muito-alcool-revela-menina-aos-pais-apos-ficar-tonta-e-vomitar-em-escola\/#breadcrumb"},"inLanguage":"pt-BR","potentialAction":[{"@type":"ReadAction","target":["https:\/\/markd.com.br\/models\/comi-muito-alcool-revela-menina-aos-pais-apos-ficar-tonta-e-vomitar-em-escola\/"]}]},{"@type":"ImageObject","inLanguage":"pt-BR","@id":"https:\/\/markd.com.br\/models\/comi-muito-alcool-revela-menina-aos-pais-apos-ficar-tonta-e-vomitar-em-escola\/#primaryimage","url":"https:\/\/markd.com.br\/models\/wp-content\/uploads\/2022\/07\/Captura-de-tela-2022-07-07-081159-235x445-1.jpg","contentUrl":"https:\/\/markd.com.br\/models\/wp-content\/uploads\/2022\/07\/Captura-de-tela-2022-07-07-081159-235x445-1.jpg","width":235,"height":445},{"@type":"BreadcrumbList","@id":"https:\/\/markd.com.br\/models\/comi-muito-alcool-revela-menina-aos-pais-apos-ficar-tonta-e-vomitar-em-escola\/#breadcrumb","itemListElement":[{"@type":"ListItem","position":1,"name":"In\u00edcio","item":"https:\/\/markd.com.br\/models\/"},{"@type":"ListItem","position":2,"name":"\u2018Comi muito \u00e1lcool\u2019, revela menina aos pais ap\u00f3s ficar tonta e vomitar em escola"}]},{"@type":"WebSite","@id":"https:\/\/markd.com.br\/models\/#website","url":"https:\/\/markd.com.br\/models\/","name":"Not\u00edcias de Todos - Models01","description":"Tenha um Portal de Not\u00edcias Moderno, Din\u00e2mico, R\u00e1pido e Profissional. Entregamos seu Site de  Not\u00edcias Pronto, Instalado, Hospedado, com Manual Passo a Passo e Suporte 24 horas.","potentialAction":[{"@type":"SearchAction","target":{"@type":"EntryPoint","urlTemplate":"https:\/\/markd.com.br\/models\/?s={search_term_string}"},"query-input":{"@type":"PropertyValueSpecification","valueRequired":true,"valueName":"search_term_string"}}],"inLanguage":"pt-BR"},{"@type":"Person","@id":"https:\/\/markd.com.br\/models\/#\/schema\/person\/c12a77ab487a7262d8bec3c47301ad37","name":"Reda\u00e7\u00e3o Reda\u00e7\u00e3o","image":{"@type":"ImageObject","inLanguage":"pt-BR","@id":"https:\/\/markd.com.br\/models\/#\/schema\/person\/image\/","url":"https:\/\/secure.gravatar.com\/avatar\/9448f3599ce269febf169e183039b4a6?s=96&d=mm&r=g","contentUrl":"https:\/\/secure.gravatar.com\/avatar\/9448f3599ce269febf169e183039b4a6?s=96&d=mm&r=g","caption":"Reda\u00e7\u00e3o Reda\u00e7\u00e3o"},"sameAs":["https:\/\/markd.com.br\/"],"url":"https:\/\/markd.com.br\/models\/author\/redacao\/"}]}},"featured_image_urls":{"full":["https:\/\/markd.com.br\/models\/wp-content\/uploads\/2022\/07\/Captura-de-tela-2022-07-07-081159-235x445-1.jpg",235,445,false],"thumbnail":["https:\/\/markd.com.br\/models\/wp-content\/uploads\/2022\/07\/Captura-de-tela-2022-07-07-081159-235x445-1-150x150.jpg",150,150,true],"medium":["https:\/\/markd.com.br\/models\/wp-content\/uploads\/2022\/07\/Captura-de-tela-2022-07-07-081159-235x445-1-158x300.jpg",158,300,true],"medium_large":["https:\/\/markd.com.br\/models\/wp-content\/uploads\/2022\/07\/Captura-de-tela-2022-07-07-081159-235x445-1.jpg",235,445,false],"large":["https:\/\/markd.com.br\/models\/wp-content\/uploads\/2022\/07\/Captura-de-tela-2022-07-07-081159-235x445-1.jpg",235,445,false],"1536x1536":["https:\/\/markd.com.br\/models\/wp-content\/uploads\/2022\/07\/Captura-de-tela-2022-07-07-081159-235x445-1.jpg",235,445,false],"2048x2048":["https:\/\/markd.com.br\/models\/wp-content\/uploads\/2022\/07\/Captura-de-tela-2022-07-07-081159-235x445-1.jpg",235,445,false],"newsphere-slider-full":["https:\/\/markd.com.br\/models\/wp-content\/uploads\/2022\/07\/Captura-de-tela-2022-07-07-081159-235x445-1.jpg",235,445,false],"newsphere-featured":["https:\/\/markd.com.br\/models\/wp-content\/uploads\/2022\/07\/Captura-de-tela-2022-07-07-081159-235x445-1.jpg",235,445,false],"newsphere-medium":["https:\/\/markd.com.br\/models\/wp-content\/uploads\/2022\/07\/Captura-de-tela-2022-07-07-081159-235x445-1-235x380.jpg",235,380,true]},"author_info":{"display_name":"Reda\u00e7\u00e3o Reda\u00e7\u00e3o","author_link":"https:\/\/markd.com.br\/models\/author\/redacao\/"},"category_info":"<a href=\"https:\/\/markd.com.br\/models\/category\/musica\/\" rel=\"category tag\">Pol\u00edcia<\/a>","tag_info":"Pol\u00edcia","comment_count":"0","jetpack_featured_media_url":"https:\/\/markd.com.br\/models\/wp-content\/uploads\/2022\/07\/Captura-de-tela-2022-07-07-081159-235x445-1.jpg","_links":{"self":[{"href":"https:\/\/markd.com.br\/models\/wp-json\/wp\/v2\/posts\/2523","targetHints":{"allow":["GET"]}}],"collection":[{"href":"https:\/\/markd.com.br\/models\/wp-json\/wp\/v2\/posts"}],"about":[{"href":"https:\/\/markd.com.br\/models\/wp-json\/wp\/v2\/types\/post"}],"author":[{"embeddable":true,"href":"https:\/\/markd.com.br\/models\/wp-json\/wp\/v2\/users\/5"}],"replies":[{"embeddable":true,"href":"https:\/\/markd.com.br\/models\/wp-json\/wp\/v2\/comments?post=2523"}],"version-history":[{"count":1,"href":"https:\/\/markd.com.br\/models\/wp-json\/wp\/v2\/posts\/2523\/revisions"}],"predecessor-version":[{"id":2525,"href":"https:\/\/markd.com.br\/models\/wp-json\/wp\/v2\/posts\/2523\/revisions\/2525"}],"wp:featuredmedia":[{"embeddable":true,"href":"https:\/\/markd.com.br\/models\/wp-json\/wp\/v2\/media\/2524"}],"wp:attachment":[{"href":"https:\/\/markd.com.br\/models\/wp-json\/wp\/v2\/media?parent=2523"}],"wp:term":[{"taxonomy":"category","embeddable":true,"href":"https:\/\/markd.com.br\/models\/wp-json\/wp\/v2\/categories?post=2523"},{"taxonomy":"post_tag","embeddable":true,"href":"https:\/\/markd.com.br\/models\/wp-json\/wp\/v2\/tags?post=2523"}],"curies":[{"name":"wp","href":"https:\/\/api.w.org\/{rel}","templated":true}]}}