{"id":2538,"date":"2022-07-07T14:43:50","date_gmt":"2022-07-07T17:43:50","guid":{"rendered":"https:\/\/portaldestaquenoticias.com.br\/?p=2538"},"modified":"2022-07-07T14:43:54","modified_gmt":"2022-07-07T17:43:54","slug":"prefeitura-prepara-workshop-internacional-e-visita-de-italianos-na-capital-apos-forum-urbano-mundial","status":"publish","type":"post","link":"https:\/\/markd.com.br\/models\/prefeitura-prepara-workshop-internacional-e-visita-de-italianos-na-capital-apos-forum-urbano-mundial\/","title":{"rendered":"Prefeitura prepara workshop internacional e visita de italianos na capital ap\u00f3s F\u00f3rum Urbano Mundial"},"content":{"rendered":"\n<p><\/p>\n\n\n\n<p>Ap\u00f3s participa\u00e7\u00e3o no 11\u00ba F\u00f3rum Urbano Mundial (FUM), realizado pela Organiza\u00e7\u00e3o das Na\u00e7\u00f5es Unidas para Assentamentos Humanos (UM-Habitat) na Pol\u00f4nia, e da visita t\u00e9cnica internacional a N\u00e1poles, na It\u00e1lia, a&nbsp;Prefeitura de Manaus&nbsp;segue com o calend\u00e1rio de coopera\u00e7\u00e3o dentro do Programa Internacional de Coopera\u00e7\u00e3o Urbana (Iurc).<\/p>\n\n\n\n<p>No final de julho, os grupos de Manaus, do Instituto Municipal de Planejamento Urbano (Implurb), e da cidade que faz parceria, N\u00e1poles, v\u00e3o realizar novas rodadas de encontros virtuais para tratar da troca de experi\u00eancia em regenera\u00e7\u00e3o urbana, sustentabilidade urban\u00edstica e perspectivas, incluindo a organiza\u00e7\u00e3o de um&nbsp;<em>workshop<\/em>&nbsp;virtual.<\/p>\n\n\n\n<p>Tamb\u00e9m estar\u00e1 na pauta o planejamento para a Prefeitura de Manaus receber os italianos, que vir\u00e3o conhecer a capital amazonense e suas pr\u00e1ticas urbanas entre outubro e novembro. Coordenador de projetos no Implurb, o arquiteto e urbanista Leonardo Normando citou que todo o&nbsp;<em>networking<\/em>&nbsp;e experi\u00eancias trocadas no f\u00f3rum v\u00e3o ajudar na replica\u00e7\u00e3o de&nbsp;<em>cases<\/em>&nbsp;de sucesso em outros pa\u00edses.<\/p>\n\n\n\n<p>\u201cDurante a viagem ampliamos a rede de network e de pr\u00e1ticas urbanas sustent\u00e1veis e verdes, com os parceiros do Iurc da Am\u00e9rica Latina e Am\u00e9rica do Norte. Importante ter conferido, com diversos pa\u00edses participantes do F\u00f3rum Mundial, que as boas pr\u00e1ticas n\u00e3o est\u00e3o dissociadas de tend\u00eancias e exemplos globais, sendo indicativos de que Manaus pode ter muitas a\u00e7\u00f5es replicadas conforme sua realidade, ap\u00f3s adapta\u00e7\u00e3o\u201d, afirmou.<\/p>\n\n\n\n<p>Com as facilidades de conex\u00e3o e tecnologia, al\u00e9m de tend\u00eancias e refer\u00eancias urban\u00edsticas e arquitet\u00f4nicas, \u00e9 preciso pensar Manaus em uma escala coordenada com&nbsp;<em>cases<\/em>&nbsp;de sucesso mundiais. \u201cO urbanismo \u00e9 constru\u00eddo com constantes trocas de experi\u00eancias. Costumamos tomar como refer\u00eancias cidades latino-americanas que est\u00e3o mais adequadas em mobilidade, transporte, moradia e espa\u00e7os verdes. Mas h\u00e1 outras refer\u00eancias e reabilita\u00e7\u00f5es que podem ser ajustadas \u00e0 nossa realidade. Pensar a cidade n\u00e3o pode ser dissociado da troca de experi\u00eancia mundial\u201d, destacou Normando.<\/p>\n\n\n\n<p>Locais verdes, acess\u00edveis, inclusivos, produtivos, incluindo cidades compactas, como experi\u00eancia global em 2022, est\u00e3o na pauta da agenda urbana.&nbsp;\u201c\u00c9 importante fortalecer a capacidade dos governos e gest\u00e3o locais para projetar, desenvolver e implantar planos e projetos que promovam o ambiente sustent\u00e1vel e inclusivo no planejamento. A sustentabilidade segue em alta e as a\u00e7\u00f5es de governo com foco nas pessoas \u00e9 uma tend\u00eancia para que a comunidade possa usufruir das cidades com qualidade de vida e organiza\u00e7\u00e3o\u201d, completou o vice-presidente do Implurb, arquiteto e urbanista Claudemir Andrade.<\/p>\n\n\n\n<figure class=\"wp-block-image\"><img decoding=\"async\" src=\"https:\/\/sp-ao.shortpixel.ai\/client\/to_auto,q_glossy,ret_img,w_640,h_427\/https:\/\/portalmancheteam.com.br\/wp-content\/uploads\/2022\/07\/Iurc_2022-2.jpeg\" alt=\"\" class=\"wp-image-101510\"\/><\/figure>\n\n\n\n<figure class=\"wp-block-image\"><img decoding=\"async\" src=\"https:\/\/sp-ao.shortpixel.ai\/client\/to_auto,q_glossy,ret_img,w_640,h_427\/https:\/\/portalmancheteam.com.br\/wp-content\/uploads\/2022\/07\/Iurc_2022-3.jpeg\" alt=\"\" class=\"wp-image-101511\"\/><\/figure>\n","protected":false},"excerpt":{"rendered":"<p>Ap\u00f3s participa\u00e7\u00e3o no 11\u00ba F\u00f3rum Urbano Mundial (FUM), realizado pela Organiza\u00e7\u00e3o das Na\u00e7\u00f5es Unidas para&#8230;<\/p>\n","protected":false},"author":5,"featured_media":2539,"comment_status":"open","ping_status":"open","sticky":false,"template":"","format":"standard","meta":{"footnotes":""},"categories":[35],"tags":[759,760,43],"class_list":["post-2538","post","type-post","status-publish","format-standard","has-post-thumbnail","hentry","category-prefeitura-de-manaus","tag-fum","tag-implurb","tag-prefeitura-de-manaus"],"yoast_head":"<!-- This site is optimized with the Yoast SEO plugin v24.4 - https:\/\/yoast.com\/wordpress\/plugins\/seo\/ -->\n<title>Prefeitura prepara workshop internacional e visita de italianos na capital ap\u00f3s F\u00f3rum Urbano Mundial - Not\u00edcias de Todos - Models01<\/title>\n<meta name=\"robots\" content=\"index, follow, max-snippet:-1, max-image-preview:large, max-video-preview:-1\" \/>\n<link rel=\"canonical\" href=\"https:\/\/markd.com.br\/models\/prefeitura-prepara-workshop-internacional-e-visita-de-italianos-na-capital-apos-forum-urbano-mundial\/\" \/>\n<meta property=\"og:locale\" content=\"pt_BR\" \/>\n<meta property=\"og:type\" content=\"article\" \/>\n<meta property=\"og:title\" content=\"Prefeitura prepara workshop internacional e visita de italianos na capital ap\u00f3s F\u00f3rum Urbano Mundial - Not\u00edcias de Todos - Models01\" \/>\n<meta property=\"og:description\" content=\"Ap\u00f3s participa\u00e7\u00e3o no 11\u00ba F\u00f3rum Urbano Mundial (FUM), realizado pela Organiza\u00e7\u00e3o das Na\u00e7\u00f5es Unidas para...\" \/>\n<meta property=\"og:url\" content=\"https:\/\/markd.com.br\/models\/prefeitura-prepara-workshop-internacional-e-visita-de-italianos-na-capital-apos-forum-urbano-mundial\/\" \/>\n<meta property=\"og:site_name\" content=\"Not\u00edcias de Todos - Models01\" \/>\n<meta property=\"article:published_time\" content=\"2022-07-07T17:43:50+00:00\" \/>\n<meta property=\"article:modified_time\" content=\"2022-07-07T17:43:54+00:00\" \/>\n<meta property=\"og:image\" content=\"https:\/\/markd.com.br\/models\/wp-content\/uploads\/2022\/07\/Iurc_2022-2-1.jpeg\" \/>\n\t<meta property=\"og:image:width\" content=\"640\" \/>\n\t<meta property=\"og:image:height\" content=\"427\" \/>\n\t<meta property=\"og:image:type\" content=\"image\/jpeg\" \/>\n<meta name=\"author\" content=\"Reda\u00e7\u00e3o Reda\u00e7\u00e3o\" \/>\n<meta name=\"twitter:card\" content=\"summary_large_image\" \/>\n<meta name=\"twitter:label1\" content=\"Escrito por\" \/>\n\t<meta name=\"twitter:data1\" content=\"Reda\u00e7\u00e3o Reda\u00e7\u00e3o\" \/>\n\t<meta name=\"twitter:label2\" content=\"Est. tempo de leitura\" \/>\n\t<meta name=\"twitter:data2\" content=\"3 minutos\" \/>\n<script type=\"application\/ld+json\" class=\"yoast-schema-graph\">{\"@context\":\"https:\/\/schema.org\",\"@graph\":[{\"@type\":\"WebPage\",\"@id\":\"https:\/\/markd.com.br\/models\/prefeitura-prepara-workshop-internacional-e-visita-de-italianos-na-capital-apos-forum-urbano-mundial\/\",\"url\":\"https:\/\/markd.com.br\/models\/prefeitura-prepara-workshop-internacional-e-visita-de-italianos-na-capital-apos-forum-urbano-mundial\/\",\"name\":\"Prefeitura prepara workshop internacional e visita de italianos na capital ap\u00f3s F\u00f3rum Urbano Mundial - Not\u00edcias de Todos - Models01\",\"isPartOf\":{\"@id\":\"https:\/\/markd.com.br\/models\/#website\"},\"primaryImageOfPage\":{\"@id\":\"https:\/\/markd.com.br\/models\/prefeitura-prepara-workshop-internacional-e-visita-de-italianos-na-capital-apos-forum-urbano-mundial\/#primaryimage\"},\"image\":{\"@id\":\"https:\/\/markd.com.br\/models\/prefeitura-prepara-workshop-internacional-e-visita-de-italianos-na-capital-apos-forum-urbano-mundial\/#primaryimage\"},\"thumbnailUrl\":\"https:\/\/markd.com.br\/models\/wp-content\/uploads\/2022\/07\/Iurc_2022-2-1.jpeg\",\"datePublished\":\"2022-07-07T17:43:50+00:00\",\"dateModified\":\"2022-07-07T17:43:54+00:00\",\"author\":{\"@id\":\"https:\/\/markd.com.br\/models\/#\/schema\/person\/c12a77ab487a7262d8bec3c47301ad37\"},\"breadcrumb\":{\"@id\":\"https:\/\/markd.com.br\/models\/prefeitura-prepara-workshop-internacional-e-visita-de-italianos-na-capital-apos-forum-urbano-mundial\/#breadcrumb\"},\"inLanguage\":\"pt-BR\",\"potentialAction\":[{\"@type\":\"ReadAction\",\"target\":[\"https:\/\/markd.com.br\/models\/prefeitura-prepara-workshop-internacional-e-visita-de-italianos-na-capital-apos-forum-urbano-mundial\/\"]}]},{\"@type\":\"ImageObject\",\"inLanguage\":\"pt-BR\",\"@id\":\"https:\/\/markd.com.br\/models\/prefeitura-prepara-workshop-internacional-e-visita-de-italianos-na-capital-apos-forum-urbano-mundial\/#primaryimage\",\"url\":\"https:\/\/markd.com.br\/models\/wp-content\/uploads\/2022\/07\/Iurc_2022-2-1.jpeg\",\"contentUrl\":\"https:\/\/markd.com.br\/models\/wp-content\/uploads\/2022\/07\/Iurc_2022-2-1.jpeg\",\"width\":640,\"height\":427},{\"@type\":\"BreadcrumbList\",\"@id\":\"https:\/\/markd.com.br\/models\/prefeitura-prepara-workshop-internacional-e-visita-de-italianos-na-capital-apos-forum-urbano-mundial\/#breadcrumb\",\"itemListElement\":[{\"@type\":\"ListItem\",\"position\":1,\"name\":\"In\u00edcio\",\"item\":\"https:\/\/markd.com.br\/models\/\"},{\"@type\":\"ListItem\",\"position\":2,\"name\":\"Prefeitura prepara workshop internacional e visita de italianos na capital ap\u00f3s F\u00f3rum Urbano Mundial\"}]},{\"@type\":\"WebSite\",\"@id\":\"https:\/\/markd.com.br\/models\/#website\",\"url\":\"https:\/\/markd.com.br\/models\/\",\"name\":\"Not\u00edcias de Todos - Models01\",\"description\":\"Tenha um Portal de Not\u00edcias Moderno, Din\u00e2mico, R\u00e1pido e Profissional. Entregamos seu Site de  Not\u00edcias Pronto, Instalado, Hospedado, com Manual Passo a Passo e Suporte 24 horas.\",\"potentialAction\":[{\"@type\":\"SearchAction\",\"target\":{\"@type\":\"EntryPoint\",\"urlTemplate\":\"https:\/\/markd.com.br\/models\/?s={search_term_string}\"},\"query-input\":{\"@type\":\"PropertyValueSpecification\",\"valueRequired\":true,\"valueName\":\"search_term_string\"}}],\"inLanguage\":\"pt-BR\"},{\"@type\":\"Person\",\"@id\":\"https:\/\/markd.com.br\/models\/#\/schema\/person\/c12a77ab487a7262d8bec3c47301ad37\",\"name\":\"Reda\u00e7\u00e3o Reda\u00e7\u00e3o\",\"image\":{\"@type\":\"ImageObject\",\"inLanguage\":\"pt-BR\",\"@id\":\"https:\/\/markd.com.br\/models\/#\/schema\/person\/image\/\",\"url\":\"https:\/\/secure.gravatar.com\/avatar\/9448f3599ce269febf169e183039b4a6?s=96&d=mm&r=g\",\"contentUrl\":\"https:\/\/secure.gravatar.com\/avatar\/9448f3599ce269febf169e183039b4a6?s=96&d=mm&r=g\",\"caption\":\"Reda\u00e7\u00e3o Reda\u00e7\u00e3o\"},\"sameAs\":[\"https:\/\/markd.com.br\/\"],\"url\":\"https:\/\/markd.com.br\/models\/author\/redacao\/\"}]}<\/script>\n<!-- \/ Yoast SEO plugin. -->","yoast_head_json":{"title":"Prefeitura prepara workshop internacional e visita de italianos na capital ap\u00f3s F\u00f3rum Urbano Mundial - Not\u00edcias de Todos - Models01","robots":{"index":"index","follow":"follow","max-snippet":"max-snippet:-1","max-image-preview":"max-image-preview:large","max-video-preview":"max-video-preview:-1"},"canonical":"https:\/\/markd.com.br\/models\/prefeitura-prepara-workshop-internacional-e-visita-de-italianos-na-capital-apos-forum-urbano-mundial\/","og_locale":"pt_BR","og_type":"article","og_title":"Prefeitura prepara workshop internacional e visita de italianos na capital ap\u00f3s F\u00f3rum Urbano Mundial - Not\u00edcias de Todos - Models01","og_description":"Ap\u00f3s participa\u00e7\u00e3o no 11\u00ba F\u00f3rum Urbano Mundial (FUM), realizado pela Organiza\u00e7\u00e3o das Na\u00e7\u00f5es Unidas para...","og_url":"https:\/\/markd.com.br\/models\/prefeitura-prepara-workshop-internacional-e-visita-de-italianos-na-capital-apos-forum-urbano-mundial\/","og_site_name":"Not\u00edcias de Todos - Models01","article_published_time":"2022-07-07T17:43:50+00:00","article_modified_time":"2022-07-07T17:43:54+00:00","og_image":[{"width":640,"height":427,"url":"https:\/\/markd.com.br\/models\/wp-content\/uploads\/2022\/07\/Iurc_2022-2-1.jpeg","type":"image\/jpeg"}],"author":"Reda\u00e7\u00e3o Reda\u00e7\u00e3o","twitter_card":"summary_large_image","twitter_misc":{"Escrito por":"Reda\u00e7\u00e3o Reda\u00e7\u00e3o","Est. tempo de leitura":"3 minutos"},"schema":{"@context":"https:\/\/schema.org","@graph":[{"@type":"WebPage","@id":"https:\/\/markd.com.br\/models\/prefeitura-prepara-workshop-internacional-e-visita-de-italianos-na-capital-apos-forum-urbano-mundial\/","url":"https:\/\/markd.com.br\/models\/prefeitura-prepara-workshop-internacional-e-visita-de-italianos-na-capital-apos-forum-urbano-mundial\/","name":"Prefeitura prepara workshop internacional e visita de italianos na capital ap\u00f3s F\u00f3rum Urbano Mundial - Not\u00edcias de Todos - Models01","isPartOf":{"@id":"https:\/\/markd.com.br\/models\/#website"},"primaryImageOfPage":{"@id":"https:\/\/markd.com.br\/models\/prefeitura-prepara-workshop-internacional-e-visita-de-italianos-na-capital-apos-forum-urbano-mundial\/#primaryimage"},"image":{"@id":"https:\/\/markd.com.br\/models\/prefeitura-prepara-workshop-internacional-e-visita-de-italianos-na-capital-apos-forum-urbano-mundial\/#primaryimage"},"thumbnailUrl":"https:\/\/markd.com.br\/models\/wp-content\/uploads\/2022\/07\/Iurc_2022-2-1.jpeg","datePublished":"2022-07-07T17:43:50+00:00","dateModified":"2022-07-07T17:43:54+00:00","author":{"@id":"https:\/\/markd.com.br\/models\/#\/schema\/person\/c12a77ab487a7262d8bec3c47301ad37"},"breadcrumb":{"@id":"https:\/\/markd.com.br\/models\/prefeitura-prepara-workshop-internacional-e-visita-de-italianos-na-capital-apos-forum-urbano-mundial\/#breadcrumb"},"inLanguage":"pt-BR","potentialAction":[{"@type":"ReadAction","target":["https:\/\/markd.com.br\/models\/prefeitura-prepara-workshop-internacional-e-visita-de-italianos-na-capital-apos-forum-urbano-mundial\/"]}]},{"@type":"ImageObject","inLanguage":"pt-BR","@id":"https:\/\/markd.com.br\/models\/prefeitura-prepara-workshop-internacional-e-visita-de-italianos-na-capital-apos-forum-urbano-mundial\/#primaryimage","url":"https:\/\/markd.com.br\/models\/wp-content\/uploads\/2022\/07\/Iurc_2022-2-1.jpeg","contentUrl":"https:\/\/markd.com.br\/models\/wp-content\/uploads\/2022\/07\/Iurc_2022-2-1.jpeg","width":640,"height":427},{"@type":"BreadcrumbList","@id":"https:\/\/markd.com.br\/models\/prefeitura-prepara-workshop-internacional-e-visita-de-italianos-na-capital-apos-forum-urbano-mundial\/#breadcrumb","itemListElement":[{"@type":"ListItem","position":1,"name":"In\u00edcio","item":"https:\/\/markd.com.br\/models\/"},{"@type":"ListItem","position":2,"name":"Prefeitura prepara workshop internacional e visita de italianos na capital ap\u00f3s F\u00f3rum Urbano Mundial"}]},{"@type":"WebSite","@id":"https:\/\/markd.com.br\/models\/#website","url":"https:\/\/markd.com.br\/models\/","name":"Not\u00edcias de Todos - Models01","description":"Tenha um Portal de Not\u00edcias Moderno, Din\u00e2mico, R\u00e1pido e Profissional. Entregamos seu Site de  Not\u00edcias Pronto, Instalado, Hospedado, com Manual Passo a Passo e Suporte 24 horas.","potentialAction":[{"@type":"SearchAction","target":{"@type":"EntryPoint","urlTemplate":"https:\/\/markd.com.br\/models\/?s={search_term_string}"},"query-input":{"@type":"PropertyValueSpecification","valueRequired":true,"valueName":"search_term_string"}}],"inLanguage":"pt-BR"},{"@type":"Person","@id":"https:\/\/markd.com.br\/models\/#\/schema\/person\/c12a77ab487a7262d8bec3c47301ad37","name":"Reda\u00e7\u00e3o Reda\u00e7\u00e3o","image":{"@type":"ImageObject","inLanguage":"pt-BR","@id":"https:\/\/markd.com.br\/models\/#\/schema\/person\/image\/","url":"https:\/\/secure.gravatar.com\/avatar\/9448f3599ce269febf169e183039b4a6?s=96&d=mm&r=g","contentUrl":"https:\/\/secure.gravatar.com\/avatar\/9448f3599ce269febf169e183039b4a6?s=96&d=mm&r=g","caption":"Reda\u00e7\u00e3o Reda\u00e7\u00e3o"},"sameAs":["https:\/\/markd.com.br\/"],"url":"https:\/\/markd.com.br\/models\/author\/redacao\/"}]}},"featured_image_urls":{"full":["https:\/\/markd.com.br\/models\/wp-content\/uploads\/2022\/07\/Iurc_2022-2-1.jpeg",640,427,false],"thumbnail":["https:\/\/markd.com.br\/models\/wp-content\/uploads\/2022\/07\/Iurc_2022-2-1-150x150.jpeg",150,150,true],"medium":["https:\/\/markd.com.br\/models\/wp-content\/uploads\/2022\/07\/Iurc_2022-2-1-300x200.jpeg",300,200,true],"medium_large":["https:\/\/markd.com.br\/models\/wp-content\/uploads\/2022\/07\/Iurc_2022-2-1.jpeg",640,427,false],"large":["https:\/\/markd.com.br\/models\/wp-content\/uploads\/2022\/07\/Iurc_2022-2-1.jpeg",640,427,false],"1536x1536":["https:\/\/markd.com.br\/models\/wp-content\/uploads\/2022\/07\/Iurc_2022-2-1.jpeg",640,427,false],"2048x2048":["https:\/\/markd.com.br\/models\/wp-content\/uploads\/2022\/07\/Iurc_2022-2-1.jpeg",640,427,false],"newsphere-slider-full":["https:\/\/markd.com.br\/models\/wp-content\/uploads\/2022\/07\/Iurc_2022-2-1.jpeg",640,427,false],"newsphere-featured":["https:\/\/markd.com.br\/models\/wp-content\/uploads\/2022\/07\/Iurc_2022-2-1.jpeg",640,427,false],"newsphere-medium":["https:\/\/markd.com.br\/models\/wp-content\/uploads\/2022\/07\/Iurc_2022-2-1-640x380.jpeg",640,380,true]},"author_info":{"display_name":"Reda\u00e7\u00e3o Reda\u00e7\u00e3o","author_link":"https:\/\/markd.com.br\/models\/author\/redacao\/"},"category_info":"<a href=\"https:\/\/markd.com.br\/models\/category\/prefeitura-de-manaus\/\" rel=\"category tag\">Prefeitura de Manaus<\/a>","tag_info":"Prefeitura de Manaus","comment_count":"0","jetpack_featured_media_url":"https:\/\/markd.com.br\/models\/wp-content\/uploads\/2022\/07\/Iurc_2022-2-1.jpeg","_links":{"self":[{"href":"https:\/\/markd.com.br\/models\/wp-json\/wp\/v2\/posts\/2538","targetHints":{"allow":["GET"]}}],"collection":[{"href":"https:\/\/markd.com.br\/models\/wp-json\/wp\/v2\/posts"}],"about":[{"href":"https:\/\/markd.com.br\/models\/wp-json\/wp\/v2\/types\/post"}],"author":[{"embeddable":true,"href":"https:\/\/markd.com.br\/models\/wp-json\/wp\/v2\/users\/5"}],"replies":[{"embeddable":true,"href":"https:\/\/markd.com.br\/models\/wp-json\/wp\/v2\/comments?post=2538"}],"version-history":[{"count":1,"href":"https:\/\/markd.com.br\/models\/wp-json\/wp\/v2\/posts\/2538\/revisions"}],"predecessor-version":[{"id":2540,"href":"https:\/\/markd.com.br\/models\/wp-json\/wp\/v2\/posts\/2538\/revisions\/2540"}],"wp:featuredmedia":[{"embeddable":true,"href":"https:\/\/markd.com.br\/models\/wp-json\/wp\/v2\/media\/2539"}],"wp:attachment":[{"href":"https:\/\/markd.com.br\/models\/wp-json\/wp\/v2\/media?parent=2538"}],"wp:term":[{"taxonomy":"category","embeddable":true,"href":"https:\/\/markd.com.br\/models\/wp-json\/wp\/v2\/categories?post=2538"},{"taxonomy":"post_tag","embeddable":true,"href":"https:\/\/markd.com.br\/models\/wp-json\/wp\/v2\/tags?post=2538"}],"curies":[{"name":"wp","href":"https:\/\/api.w.org\/{rel}","templated":true}]}}