{"id":2545,"date":"2022-07-08T10:59:34","date_gmt":"2022-07-08T13:59:34","guid":{"rendered":"https:\/\/portaldestaquenoticias.com.br\/?p=2545"},"modified":"2022-07-08T10:59:38","modified_gmt":"2022-07-08T13:59:38","slug":"corpo-e-achado-na-praia-com-pedra-amarrada-no-penis-em-sc","status":"publish","type":"post","link":"https:\/\/markd.com.br\/models\/corpo-e-achado-na-praia-com-pedra-amarrada-no-penis-em-sc\/","title":{"rendered":"Corpo \u00e9 achado na praia com pedra amarrada no p\u00eanis em SC"},"content":{"rendered":"\n<p><\/p>\n\n\n\n<p>No in\u00edcio da tarde desta ter\u00e7a-feira (5), a Pol\u00edcia Militar foi acionada ap\u00f3s um grupo de banhistas encontrarem um corpo boiando na Praia Brava. Como o local onde o cad\u00e1ver estava \u00e9 de dif\u00edcil acesso, uma equipe do Corpo de Bombeiros foi acionada e utilizaram um drone para visualizar o local e constatar que o achado era realmente um corpo.<\/p>\n\n\n\n<p>Um Jet Ski foi utilizado para auxiliar na retirada do corpo do mar e logo em seguida a Pol\u00edcia Civil de Santa Catarina e o Instituto Geral de Per\u00edcias foram acionados.<\/p>\n\n\n\n<p>De acordo com as autoridades, a v\u00edtima foi identificada como Jos\u00e9 Edilson da Silva, de 29 anos, ele foi encontrado com uma pedra presa \u00e0 sua genit\u00e1lia e um corte profundo na cabe\u00e7a. Segundo a fam\u00edlia, o jovem era surdo-mudo e estava desaparecido desde 30 de junho, quando saiu para ir \u00e0 academia em Balne\u00e1rio Cambori\u00fa (SC) e n\u00e3o foi mais visto.<\/p>\n\n\n\n<p>N\u00e3o h\u00e1 informa\u00e7\u00f5es o que teria motivado o crime, j\u00e1 que o rapaz n\u00e3o tinha envolvimento com o mundo do crime. O cad\u00e1ver foi reconhecido por familiares no Instituto M\u00e9dico Legal (IML). Um inqu\u00e9rito policial foi aberto para investigar a morte do jovem. At\u00e9 o momento nenhum suspeito foi preso.<\/p>\n","protected":false},"excerpt":{"rendered":"<p>No in\u00edcio da tarde desta ter\u00e7a-feira (5), a Pol\u00edcia Militar foi acionada ap\u00f3s um grupo&#8230;<\/p>\n","protected":false},"author":5,"featured_media":2546,"comment_status":"open","ping_status":"open","sticky":false,"template":"","format":"standard","meta":{"footnotes":""},"categories":[621],"tags":[763,126,434],"class_list":["post-2545","post","type-post","status-publish","format-standard","has-post-thumbnail","hentry","category-plantao-policial","tag-corpo-achado","tag-iml","tag-policia-militar-2"],"yoast_head":"<!-- This site is optimized with the Yoast SEO plugin v24.4 - https:\/\/yoast.com\/wordpress\/plugins\/seo\/ -->\n<title>Corpo \u00e9 achado na praia com pedra amarrada no p\u00eanis em SC - Not\u00edcias de Todos - Models01<\/title>\n<meta name=\"robots\" content=\"index, follow, max-snippet:-1, max-image-preview:large, max-video-preview:-1\" \/>\n<link rel=\"canonical\" href=\"https:\/\/markd.com.br\/models\/corpo-e-achado-na-praia-com-pedra-amarrada-no-penis-em-sc\/\" \/>\n<meta property=\"og:locale\" content=\"pt_BR\" \/>\n<meta property=\"og:type\" content=\"article\" \/>\n<meta property=\"og:title\" content=\"Corpo \u00e9 achado na praia com pedra amarrada no p\u00eanis em SC - Not\u00edcias de Todos - Models01\" \/>\n<meta property=\"og:description\" content=\"No in\u00edcio da tarde desta ter\u00e7a-feira (5), a Pol\u00edcia Militar foi acionada ap\u00f3s um grupo...\" \/>\n<meta property=\"og:url\" content=\"https:\/\/markd.com.br\/models\/corpo-e-achado-na-praia-com-pedra-amarrada-no-penis-em-sc\/\" \/>\n<meta property=\"og:site_name\" content=\"Not\u00edcias de Todos - Models01\" \/>\n<meta property=\"article:published_time\" content=\"2022-07-08T13:59:34+00:00\" \/>\n<meta property=\"article:modified_time\" content=\"2022-07-08T13:59:38+00:00\" \/>\n<meta property=\"og:image\" content=\"https:\/\/markd.com.br\/models\/wp-content\/uploads\/2022\/07\/2_00730730_0_.jpg\" \/>\n\t<meta property=\"og:image:width\" content=\"650\" \/>\n\t<meta property=\"og:image:height\" content=\"365\" \/>\n\t<meta property=\"og:image:type\" content=\"image\/jpeg\" \/>\n<meta name=\"author\" content=\"Reda\u00e7\u00e3o Reda\u00e7\u00e3o\" \/>\n<meta name=\"twitter:card\" content=\"summary_large_image\" \/>\n<meta name=\"twitter:label1\" content=\"Escrito por\" \/>\n\t<meta name=\"twitter:data1\" content=\"Reda\u00e7\u00e3o Reda\u00e7\u00e3o\" \/>\n\t<meta name=\"twitter:label2\" content=\"Est. tempo de leitura\" \/>\n\t<meta name=\"twitter:data2\" content=\"2 minutos\" \/>\n<script type=\"application\/ld+json\" class=\"yoast-schema-graph\">{\"@context\":\"https:\/\/schema.org\",\"@graph\":[{\"@type\":\"WebPage\",\"@id\":\"https:\/\/markd.com.br\/models\/corpo-e-achado-na-praia-com-pedra-amarrada-no-penis-em-sc\/\",\"url\":\"https:\/\/markd.com.br\/models\/corpo-e-achado-na-praia-com-pedra-amarrada-no-penis-em-sc\/\",\"name\":\"Corpo \u00e9 achado na praia com pedra amarrada no p\u00eanis em SC - Not\u00edcias de Todos - Models01\",\"isPartOf\":{\"@id\":\"https:\/\/markd.com.br\/models\/#website\"},\"primaryImageOfPage\":{\"@id\":\"https:\/\/markd.com.br\/models\/corpo-e-achado-na-praia-com-pedra-amarrada-no-penis-em-sc\/#primaryimage\"},\"image\":{\"@id\":\"https:\/\/markd.com.br\/models\/corpo-e-achado-na-praia-com-pedra-amarrada-no-penis-em-sc\/#primaryimage\"},\"thumbnailUrl\":\"https:\/\/markd.com.br\/models\/wp-content\/uploads\/2022\/07\/2_00730730_0_.jpg\",\"datePublished\":\"2022-07-08T13:59:34+00:00\",\"dateModified\":\"2022-07-08T13:59:38+00:00\",\"author\":{\"@id\":\"https:\/\/markd.com.br\/models\/#\/schema\/person\/c12a77ab487a7262d8bec3c47301ad37\"},\"breadcrumb\":{\"@id\":\"https:\/\/markd.com.br\/models\/corpo-e-achado-na-praia-com-pedra-amarrada-no-penis-em-sc\/#breadcrumb\"},\"inLanguage\":\"pt-BR\",\"potentialAction\":[{\"@type\":\"ReadAction\",\"target\":[\"https:\/\/markd.com.br\/models\/corpo-e-achado-na-praia-com-pedra-amarrada-no-penis-em-sc\/\"]}]},{\"@type\":\"ImageObject\",\"inLanguage\":\"pt-BR\",\"@id\":\"https:\/\/markd.com.br\/models\/corpo-e-achado-na-praia-com-pedra-amarrada-no-penis-em-sc\/#primaryimage\",\"url\":\"https:\/\/markd.com.br\/models\/wp-content\/uploads\/2022\/07\/2_00730730_0_.jpg\",\"contentUrl\":\"https:\/\/markd.com.br\/models\/wp-content\/uploads\/2022\/07\/2_00730730_0_.jpg\",\"width\":650,\"height\":365},{\"@type\":\"BreadcrumbList\",\"@id\":\"https:\/\/markd.com.br\/models\/corpo-e-achado-na-praia-com-pedra-amarrada-no-penis-em-sc\/#breadcrumb\",\"itemListElement\":[{\"@type\":\"ListItem\",\"position\":1,\"name\":\"In\u00edcio\",\"item\":\"https:\/\/markd.com.br\/models\/\"},{\"@type\":\"ListItem\",\"position\":2,\"name\":\"Corpo \u00e9 achado na praia com pedra amarrada no p\u00eanis em SC\"}]},{\"@type\":\"WebSite\",\"@id\":\"https:\/\/markd.com.br\/models\/#website\",\"url\":\"https:\/\/markd.com.br\/models\/\",\"name\":\"Not\u00edcias de Todos - Models01\",\"description\":\"Tenha um Portal de Not\u00edcias Moderno, Din\u00e2mico, R\u00e1pido e Profissional. Entregamos seu Site de  Not\u00edcias Pronto, Instalado, Hospedado, com Manual Passo a Passo e Suporte 24 horas.\",\"potentialAction\":[{\"@type\":\"SearchAction\",\"target\":{\"@type\":\"EntryPoint\",\"urlTemplate\":\"https:\/\/markd.com.br\/models\/?s={search_term_string}\"},\"query-input\":{\"@type\":\"PropertyValueSpecification\",\"valueRequired\":true,\"valueName\":\"search_term_string\"}}],\"inLanguage\":\"pt-BR\"},{\"@type\":\"Person\",\"@id\":\"https:\/\/markd.com.br\/models\/#\/schema\/person\/c12a77ab487a7262d8bec3c47301ad37\",\"name\":\"Reda\u00e7\u00e3o Reda\u00e7\u00e3o\",\"image\":{\"@type\":\"ImageObject\",\"inLanguage\":\"pt-BR\",\"@id\":\"https:\/\/markd.com.br\/models\/#\/schema\/person\/image\/\",\"url\":\"https:\/\/secure.gravatar.com\/avatar\/9448f3599ce269febf169e183039b4a6?s=96&d=mm&r=g\",\"contentUrl\":\"https:\/\/secure.gravatar.com\/avatar\/9448f3599ce269febf169e183039b4a6?s=96&d=mm&r=g\",\"caption\":\"Reda\u00e7\u00e3o Reda\u00e7\u00e3o\"},\"sameAs\":[\"https:\/\/markd.com.br\/\"],\"url\":\"https:\/\/markd.com.br\/models\/author\/redacao\/\"}]}<\/script>\n<!-- \/ Yoast SEO plugin. -->","yoast_head_json":{"title":"Corpo \u00e9 achado na praia com pedra amarrada no p\u00eanis em SC - Not\u00edcias de Todos - Models01","robots":{"index":"index","follow":"follow","max-snippet":"max-snippet:-1","max-image-preview":"max-image-preview:large","max-video-preview":"max-video-preview:-1"},"canonical":"https:\/\/markd.com.br\/models\/corpo-e-achado-na-praia-com-pedra-amarrada-no-penis-em-sc\/","og_locale":"pt_BR","og_type":"article","og_title":"Corpo \u00e9 achado na praia com pedra amarrada no p\u00eanis em SC - Not\u00edcias de Todos - Models01","og_description":"No in\u00edcio da tarde desta ter\u00e7a-feira (5), a Pol\u00edcia Militar foi acionada ap\u00f3s um grupo...","og_url":"https:\/\/markd.com.br\/models\/corpo-e-achado-na-praia-com-pedra-amarrada-no-penis-em-sc\/","og_site_name":"Not\u00edcias de Todos - Models01","article_published_time":"2022-07-08T13:59:34+00:00","article_modified_time":"2022-07-08T13:59:38+00:00","og_image":[{"width":650,"height":365,"url":"https:\/\/markd.com.br\/models\/wp-content\/uploads\/2022\/07\/2_00730730_0_.jpg","type":"image\/jpeg"}],"author":"Reda\u00e7\u00e3o Reda\u00e7\u00e3o","twitter_card":"summary_large_image","twitter_misc":{"Escrito por":"Reda\u00e7\u00e3o Reda\u00e7\u00e3o","Est. tempo de leitura":"2 minutos"},"schema":{"@context":"https:\/\/schema.org","@graph":[{"@type":"WebPage","@id":"https:\/\/markd.com.br\/models\/corpo-e-achado-na-praia-com-pedra-amarrada-no-penis-em-sc\/","url":"https:\/\/markd.com.br\/models\/corpo-e-achado-na-praia-com-pedra-amarrada-no-penis-em-sc\/","name":"Corpo \u00e9 achado na praia com pedra amarrada no p\u00eanis em SC - Not\u00edcias de Todos - Models01","isPartOf":{"@id":"https:\/\/markd.com.br\/models\/#website"},"primaryImageOfPage":{"@id":"https:\/\/markd.com.br\/models\/corpo-e-achado-na-praia-com-pedra-amarrada-no-penis-em-sc\/#primaryimage"},"image":{"@id":"https:\/\/markd.com.br\/models\/corpo-e-achado-na-praia-com-pedra-amarrada-no-penis-em-sc\/#primaryimage"},"thumbnailUrl":"https:\/\/markd.com.br\/models\/wp-content\/uploads\/2022\/07\/2_00730730_0_.jpg","datePublished":"2022-07-08T13:59:34+00:00","dateModified":"2022-07-08T13:59:38+00:00","author":{"@id":"https:\/\/markd.com.br\/models\/#\/schema\/person\/c12a77ab487a7262d8bec3c47301ad37"},"breadcrumb":{"@id":"https:\/\/markd.com.br\/models\/corpo-e-achado-na-praia-com-pedra-amarrada-no-penis-em-sc\/#breadcrumb"},"inLanguage":"pt-BR","potentialAction":[{"@type":"ReadAction","target":["https:\/\/markd.com.br\/models\/corpo-e-achado-na-praia-com-pedra-amarrada-no-penis-em-sc\/"]}]},{"@type":"ImageObject","inLanguage":"pt-BR","@id":"https:\/\/markd.com.br\/models\/corpo-e-achado-na-praia-com-pedra-amarrada-no-penis-em-sc\/#primaryimage","url":"https:\/\/markd.com.br\/models\/wp-content\/uploads\/2022\/07\/2_00730730_0_.jpg","contentUrl":"https:\/\/markd.com.br\/models\/wp-content\/uploads\/2022\/07\/2_00730730_0_.jpg","width":650,"height":365},{"@type":"BreadcrumbList","@id":"https:\/\/markd.com.br\/models\/corpo-e-achado-na-praia-com-pedra-amarrada-no-penis-em-sc\/#breadcrumb","itemListElement":[{"@type":"ListItem","position":1,"name":"In\u00edcio","item":"https:\/\/markd.com.br\/models\/"},{"@type":"ListItem","position":2,"name":"Corpo \u00e9 achado na praia com pedra amarrada no p\u00eanis em SC"}]},{"@type":"WebSite","@id":"https:\/\/markd.com.br\/models\/#website","url":"https:\/\/markd.com.br\/models\/","name":"Not\u00edcias de Todos - Models01","description":"Tenha um Portal de Not\u00edcias Moderno, Din\u00e2mico, R\u00e1pido e Profissional. Entregamos seu Site de  Not\u00edcias Pronto, Instalado, Hospedado, com Manual Passo a Passo e Suporte 24 horas.","potentialAction":[{"@type":"SearchAction","target":{"@type":"EntryPoint","urlTemplate":"https:\/\/markd.com.br\/models\/?s={search_term_string}"},"query-input":{"@type":"PropertyValueSpecification","valueRequired":true,"valueName":"search_term_string"}}],"inLanguage":"pt-BR"},{"@type":"Person","@id":"https:\/\/markd.com.br\/models\/#\/schema\/person\/c12a77ab487a7262d8bec3c47301ad37","name":"Reda\u00e7\u00e3o Reda\u00e7\u00e3o","image":{"@type":"ImageObject","inLanguage":"pt-BR","@id":"https:\/\/markd.com.br\/models\/#\/schema\/person\/image\/","url":"https:\/\/secure.gravatar.com\/avatar\/9448f3599ce269febf169e183039b4a6?s=96&d=mm&r=g","contentUrl":"https:\/\/secure.gravatar.com\/avatar\/9448f3599ce269febf169e183039b4a6?s=96&d=mm&r=g","caption":"Reda\u00e7\u00e3o Reda\u00e7\u00e3o"},"sameAs":["https:\/\/markd.com.br\/"],"url":"https:\/\/markd.com.br\/models\/author\/redacao\/"}]}},"featured_image_urls":{"full":["https:\/\/markd.com.br\/models\/wp-content\/uploads\/2022\/07\/2_00730730_0_.jpg",650,365,false],"thumbnail":["https:\/\/markd.com.br\/models\/wp-content\/uploads\/2022\/07\/2_00730730_0_-150x150.jpg",150,150,true],"medium":["https:\/\/markd.com.br\/models\/wp-content\/uploads\/2022\/07\/2_00730730_0_-300x168.jpg",300,168,true],"medium_large":["https:\/\/markd.com.br\/models\/wp-content\/uploads\/2022\/07\/2_00730730_0_.jpg",640,359,false],"large":["https:\/\/markd.com.br\/models\/wp-content\/uploads\/2022\/07\/2_00730730_0_.jpg",640,359,false],"1536x1536":["https:\/\/markd.com.br\/models\/wp-content\/uploads\/2022\/07\/2_00730730_0_.jpg",650,365,false],"2048x2048":["https:\/\/markd.com.br\/models\/wp-content\/uploads\/2022\/07\/2_00730730_0_.jpg",650,365,false],"newsphere-slider-full":["https:\/\/markd.com.br\/models\/wp-content\/uploads\/2022\/07\/2_00730730_0_.jpg",650,365,false],"newsphere-featured":["https:\/\/markd.com.br\/models\/wp-content\/uploads\/2022\/07\/2_00730730_0_.jpg",650,365,false],"newsphere-medium":["https:\/\/markd.com.br\/models\/wp-content\/uploads\/2022\/07\/2_00730730_0_.jpg",650,365,false]},"author_info":{"display_name":"Reda\u00e7\u00e3o Reda\u00e7\u00e3o","author_link":"https:\/\/markd.com.br\/models\/author\/redacao\/"},"category_info":"<a href=\"https:\/\/markd.com.br\/models\/category\/plantao-policial\/\" rel=\"category tag\">Plant\u00e3o policial<\/a>","tag_info":"Plant\u00e3o policial","comment_count":"0","jetpack_featured_media_url":"https:\/\/markd.com.br\/models\/wp-content\/uploads\/2022\/07\/2_00730730_0_.jpg","_links":{"self":[{"href":"https:\/\/markd.com.br\/models\/wp-json\/wp\/v2\/posts\/2545","targetHints":{"allow":["GET"]}}],"collection":[{"href":"https:\/\/markd.com.br\/models\/wp-json\/wp\/v2\/posts"}],"about":[{"href":"https:\/\/markd.com.br\/models\/wp-json\/wp\/v2\/types\/post"}],"author":[{"embeddable":true,"href":"https:\/\/markd.com.br\/models\/wp-json\/wp\/v2\/users\/5"}],"replies":[{"embeddable":true,"href":"https:\/\/markd.com.br\/models\/wp-json\/wp\/v2\/comments?post=2545"}],"version-history":[{"count":1,"href":"https:\/\/markd.com.br\/models\/wp-json\/wp\/v2\/posts\/2545\/revisions"}],"predecessor-version":[{"id":2547,"href":"https:\/\/markd.com.br\/models\/wp-json\/wp\/v2\/posts\/2545\/revisions\/2547"}],"wp:featuredmedia":[{"embeddable":true,"href":"https:\/\/markd.com.br\/models\/wp-json\/wp\/v2\/media\/2546"}],"wp:attachment":[{"href":"https:\/\/markd.com.br\/models\/wp-json\/wp\/v2\/media?parent=2545"}],"wp:term":[{"taxonomy":"category","embeddable":true,"href":"https:\/\/markd.com.br\/models\/wp-json\/wp\/v2\/categories?post=2545"},{"taxonomy":"post_tag","embeddable":true,"href":"https:\/\/markd.com.br\/models\/wp-json\/wp\/v2\/tags?post=2545"}],"curies":[{"name":"wp","href":"https:\/\/api.w.org\/{rel}","templated":true}]}}