{"id":2548,"date":"2022-07-08T11:04:49","date_gmt":"2022-07-08T14:04:49","guid":{"rendered":"https:\/\/portaldestaquenoticias.com.br\/?p=2548"},"modified":"2022-07-08T11:04:56","modified_gmt":"2022-07-08T14:04:56","slug":"paulo-andre-defende-mae-de-seu-filho-de-ataques-vou-pular-na-bala-sempre","status":"publish","type":"post","link":"https:\/\/markd.com.br\/models\/paulo-andre-defende-mae-de-seu-filho-de-ataques-vou-pular-na-bala-sempre\/","title":{"rendered":"Paulo Andr\u00e9 defende m\u00e3e de seu filho de ataques: \u2018Vou pular na bala sempre\u2019"},"content":{"rendered":"\n<p><\/p>\n\n\n\n<p>Paulo Andr\u00e9, de 23 anos, usou seu Twitter, nesta quinta-feira (7), para defender a m\u00e3e de Peazinho de ataques na internet. O velocista e ex-BBB falou da rela\u00e7\u00e3o com Thays Andreata e que a considera como fam\u00edlia, j\u00e1 que foi ela quem lhe deu seu filho e esteve com ele em momentos dif\u00edceis.<\/p>\n\n\n\n<p>\u201cEntendam uma coisa, a Thays \u00e9 a mulher que gerou a coisa mais preciosa do mundo pra mim, faz parte da melhor coisa que j\u00e1 me aconteceu, que \u00e9 o meu filho, sem contar que passou comigo a situa\u00e7\u00e3o mais dif\u00edcil da minha vida, onde ela foi at\u00e9 mais forte que eu e me ajudou muito mais a superar a forma com que o Paulo Andr\u00e9 veio ao mundo! Me apoiou nas minhas decis\u00f5es e sempre esteve do meu lado. E n\u00e3o \u00e9 sobre um relacionamento, antes de tudo, \u00e9ramos amigos e permanecemos sendo amigos at\u00e9 hoje\u201d, come\u00e7ou ele.<\/p>\n\n\n\n<p>PA tamb\u00e9m falou sobre o fato de os dois terem ido ao jogo entre Flamengo e Tolima, na \u00faltima quarta-feira (6), no Maracan\u00e3. \u201cE se ela est\u00e1 no meu ciclo de amizade, \u00e9 porque \u00e9 uma pessoa maneira! Onde eu estiver com meu filho e for poss\u00edvel ela estar presente, ela vai estar, porque \u00e9 sobre o bem-estar da crian\u00e7a. Eu tive refer\u00eancia dos meus pais unidos e quero isso pro meu filho tamb\u00e9m. Vou respeitar sempre a opini\u00e3o saud\u00e1vel de todos voc\u00eas, mas n\u00e3o sou obrigado a ver ataques e coment\u00e1rios desrespeitosos a ela na minha timeline, assim como n\u00e3o aceitaria ver ataques a ningu\u00e9m da minha fam\u00edlia. Vou pular na bala sempre por eles! N\u00e3o estou pedindo e muito menos obrigando ningu\u00e9m a gostar de ningu\u00e9m, mas o m\u00ednimo que as pessoas deveriam ter \u00e9 respeito\u201d, concluiu.&nbsp;<\/p>\n\n\n\n<figure class=\"wp-block-image\"><img decoding=\"async\" src=\"https:\/\/s2.glbimg.com\/jF8jdrxQBT5HVUANzchvkw9K7wY=\/620x620\/top\/e.glbimg.com\/og\/ed\/f\/original\/2022\/07\/07\/whatsapp_image_2022-07-07_at_17.48.11_1.jpeg\" alt=\"Paulo Andr\u00e9 e Thays Andreata s\u00e3o pais de Peazinho (Foto: Reprodu\u00e7\u00e3o\/Instagram)\"\/><\/figure>\n\n\n\n<figure class=\"wp-block-image\"><img decoding=\"async\" src=\"https:\/\/s2.glbimg.com\/07xBIEv87PKX-iocNoV_T82-Vls=\/top\/e.glbimg.com\/og\/ed\/f\/original\/2022\/07\/07\/whatsapp_image_2022-07-07_at_17.50.25.jpeg\" alt=\"Tweets de Paulo Andr\u00e9 (Foto: Reprodu\u00e7\u00e3o\/Twitter)\"\/><\/figure>\n\n\n\n<figure class=\"wp-block-image\"><img decoding=\"async\" src=\"https:\/\/s2.glbimg.com\/wnUjuRNiz4W4VNZ4JkL9Cc1eEoE=\/top\/e.glbimg.com\/og\/ed\/f\/original\/2022\/07\/07\/whatsapp_image_2022-07-07_at_17.50.56.jpeg\" alt=\"Tweets de Paulo Andr\u00e9 (Foto: Reprodu\u00e7\u00e3o\/Twitter)\"\/><\/figure>\n\n\n\n<p>Fonte: Portal do zacarias<\/p>\n","protected":false},"excerpt":{"rendered":"<p>Paulo Andr\u00e9, de 23 anos, usou seu Twitter, nesta quinta-feira (7), para defender a m\u00e3e&#8230;<\/p>\n","protected":false},"author":5,"featured_media":2549,"comment_status":"open","ping_status":"open","sticky":false,"template":"","format":"standard","meta":{"footnotes":""},"categories":[1],"tags":[675,764],"class_list":["post-2548","post","type-post","status-publish","format-standard","has-post-thumbnail","hentry","category-sem-categoria","tag-ex-bbb","tag-paulo-andre"],"yoast_head":"<!-- This site is optimized with the Yoast SEO plugin v24.4 - https:\/\/yoast.com\/wordpress\/plugins\/seo\/ -->\n<title>Paulo Andr\u00e9 defende m\u00e3e de seu filho de ataques: \u2018Vou pular na bala sempre\u2019 - Not\u00edcias de Todos - Models01<\/title>\n<meta name=\"robots\" content=\"index, follow, max-snippet:-1, max-image-preview:large, max-video-preview:-1\" \/>\n<link rel=\"canonical\" href=\"https:\/\/markd.com.br\/models\/paulo-andre-defende-mae-de-seu-filho-de-ataques-vou-pular-na-bala-sempre\/\" \/>\n<meta property=\"og:locale\" content=\"pt_BR\" \/>\n<meta property=\"og:type\" content=\"article\" \/>\n<meta property=\"og:title\" content=\"Paulo Andr\u00e9 defende m\u00e3e de seu filho de ataques: \u2018Vou pular na bala sempre\u2019 - Not\u00edcias de Todos - Models01\" \/>\n<meta property=\"og:description\" content=\"Paulo Andr\u00e9, de 23 anos, usou seu Twitter, nesta quinta-feira (7), para defender a m\u00e3e...\" \/>\n<meta property=\"og:url\" content=\"https:\/\/markd.com.br\/models\/paulo-andre-defende-mae-de-seu-filho-de-ataques-vou-pular-na-bala-sempre\/\" \/>\n<meta property=\"og:site_name\" content=\"Not\u00edcias de Todos - Models01\" \/>\n<meta property=\"article:published_time\" content=\"2022-07-08T14:04:49+00:00\" \/>\n<meta property=\"article:modified_time\" content=\"2022-07-08T14:04:56+00:00\" \/>\n<meta property=\"og:image\" content=\"https:\/\/markd.com.br\/models\/wp-content\/uploads\/2022\/07\/20220707210323whatsapp_image_20220707_at_17.31.21-640x445-1.jpg\" \/>\n\t<meta property=\"og:image:width\" content=\"640\" \/>\n\t<meta property=\"og:image:height\" content=\"445\" \/>\n\t<meta property=\"og:image:type\" content=\"image\/jpeg\" \/>\n<meta name=\"author\" content=\"Reda\u00e7\u00e3o Reda\u00e7\u00e3o\" \/>\n<meta name=\"twitter:card\" content=\"summary_large_image\" \/>\n<meta name=\"twitter:label1\" content=\"Escrito por\" \/>\n\t<meta name=\"twitter:data1\" content=\"Reda\u00e7\u00e3o Reda\u00e7\u00e3o\" \/>\n\t<meta name=\"twitter:label2\" content=\"Est. tempo de leitura\" \/>\n\t<meta name=\"twitter:data2\" content=\"3 minutos\" \/>\n<script type=\"application\/ld+json\" class=\"yoast-schema-graph\">{\"@context\":\"https:\/\/schema.org\",\"@graph\":[{\"@type\":\"WebPage\",\"@id\":\"https:\/\/markd.com.br\/models\/paulo-andre-defende-mae-de-seu-filho-de-ataques-vou-pular-na-bala-sempre\/\",\"url\":\"https:\/\/markd.com.br\/models\/paulo-andre-defende-mae-de-seu-filho-de-ataques-vou-pular-na-bala-sempre\/\",\"name\":\"Paulo Andr\u00e9 defende m\u00e3e de seu filho de ataques: \u2018Vou pular na bala sempre\u2019 - Not\u00edcias de Todos - Models01\",\"isPartOf\":{\"@id\":\"https:\/\/markd.com.br\/models\/#website\"},\"primaryImageOfPage\":{\"@id\":\"https:\/\/markd.com.br\/models\/paulo-andre-defende-mae-de-seu-filho-de-ataques-vou-pular-na-bala-sempre\/#primaryimage\"},\"image\":{\"@id\":\"https:\/\/markd.com.br\/models\/paulo-andre-defende-mae-de-seu-filho-de-ataques-vou-pular-na-bala-sempre\/#primaryimage\"},\"thumbnailUrl\":\"https:\/\/markd.com.br\/models\/wp-content\/uploads\/2022\/07\/20220707210323whatsapp_image_20220707_at_17.31.21-640x445-1.jpg\",\"datePublished\":\"2022-07-08T14:04:49+00:00\",\"dateModified\":\"2022-07-08T14:04:56+00:00\",\"author\":{\"@id\":\"https:\/\/markd.com.br\/models\/#\/schema\/person\/c12a77ab487a7262d8bec3c47301ad37\"},\"breadcrumb\":{\"@id\":\"https:\/\/markd.com.br\/models\/paulo-andre-defende-mae-de-seu-filho-de-ataques-vou-pular-na-bala-sempre\/#breadcrumb\"},\"inLanguage\":\"pt-BR\",\"potentialAction\":[{\"@type\":\"ReadAction\",\"target\":[\"https:\/\/markd.com.br\/models\/paulo-andre-defende-mae-de-seu-filho-de-ataques-vou-pular-na-bala-sempre\/\"]}]},{\"@type\":\"ImageObject\",\"inLanguage\":\"pt-BR\",\"@id\":\"https:\/\/markd.com.br\/models\/paulo-andre-defende-mae-de-seu-filho-de-ataques-vou-pular-na-bala-sempre\/#primaryimage\",\"url\":\"https:\/\/markd.com.br\/models\/wp-content\/uploads\/2022\/07\/20220707210323whatsapp_image_20220707_at_17.31.21-640x445-1.jpg\",\"contentUrl\":\"https:\/\/markd.com.br\/models\/wp-content\/uploads\/2022\/07\/20220707210323whatsapp_image_20220707_at_17.31.21-640x445-1.jpg\",\"width\":640,\"height\":445},{\"@type\":\"BreadcrumbList\",\"@id\":\"https:\/\/markd.com.br\/models\/paulo-andre-defende-mae-de-seu-filho-de-ataques-vou-pular-na-bala-sempre\/#breadcrumb\",\"itemListElement\":[{\"@type\":\"ListItem\",\"position\":1,\"name\":\"In\u00edcio\",\"item\":\"https:\/\/markd.com.br\/models\/\"},{\"@type\":\"ListItem\",\"position\":2,\"name\":\"Paulo Andr\u00e9 defende m\u00e3e de seu filho de ataques: \u2018Vou pular na bala sempre\u2019\"}]},{\"@type\":\"WebSite\",\"@id\":\"https:\/\/markd.com.br\/models\/#website\",\"url\":\"https:\/\/markd.com.br\/models\/\",\"name\":\"Not\u00edcias de Todos - Models01\",\"description\":\"Tenha um Portal de Not\u00edcias Moderno, Din\u00e2mico, R\u00e1pido e Profissional. Entregamos seu Site de  Not\u00edcias Pronto, Instalado, Hospedado, com Manual Passo a Passo e Suporte 24 horas.\",\"potentialAction\":[{\"@type\":\"SearchAction\",\"target\":{\"@type\":\"EntryPoint\",\"urlTemplate\":\"https:\/\/markd.com.br\/models\/?s={search_term_string}\"},\"query-input\":{\"@type\":\"PropertyValueSpecification\",\"valueRequired\":true,\"valueName\":\"search_term_string\"}}],\"inLanguage\":\"pt-BR\"},{\"@type\":\"Person\",\"@id\":\"https:\/\/markd.com.br\/models\/#\/schema\/person\/c12a77ab487a7262d8bec3c47301ad37\",\"name\":\"Reda\u00e7\u00e3o Reda\u00e7\u00e3o\",\"image\":{\"@type\":\"ImageObject\",\"inLanguage\":\"pt-BR\",\"@id\":\"https:\/\/markd.com.br\/models\/#\/schema\/person\/image\/\",\"url\":\"https:\/\/secure.gravatar.com\/avatar\/9448f3599ce269febf169e183039b4a6?s=96&d=mm&r=g\",\"contentUrl\":\"https:\/\/secure.gravatar.com\/avatar\/9448f3599ce269febf169e183039b4a6?s=96&d=mm&r=g\",\"caption\":\"Reda\u00e7\u00e3o Reda\u00e7\u00e3o\"},\"sameAs\":[\"https:\/\/markd.com.br\/\"],\"url\":\"https:\/\/markd.com.br\/models\/author\/redacao\/\"}]}<\/script>\n<!-- \/ Yoast SEO plugin. -->","yoast_head_json":{"title":"Paulo Andr\u00e9 defende m\u00e3e de seu filho de ataques: \u2018Vou pular na bala sempre\u2019 - Not\u00edcias de Todos - Models01","robots":{"index":"index","follow":"follow","max-snippet":"max-snippet:-1","max-image-preview":"max-image-preview:large","max-video-preview":"max-video-preview:-1"},"canonical":"https:\/\/markd.com.br\/models\/paulo-andre-defende-mae-de-seu-filho-de-ataques-vou-pular-na-bala-sempre\/","og_locale":"pt_BR","og_type":"article","og_title":"Paulo Andr\u00e9 defende m\u00e3e de seu filho de ataques: \u2018Vou pular na bala sempre\u2019 - Not\u00edcias de Todos - Models01","og_description":"Paulo Andr\u00e9, de 23 anos, usou seu Twitter, nesta quinta-feira (7), para defender a m\u00e3e...","og_url":"https:\/\/markd.com.br\/models\/paulo-andre-defende-mae-de-seu-filho-de-ataques-vou-pular-na-bala-sempre\/","og_site_name":"Not\u00edcias de Todos - Models01","article_published_time":"2022-07-08T14:04:49+00:00","article_modified_time":"2022-07-08T14:04:56+00:00","og_image":[{"width":640,"height":445,"url":"https:\/\/markd.com.br\/models\/wp-content\/uploads\/2022\/07\/20220707210323whatsapp_image_20220707_at_17.31.21-640x445-1.jpg","type":"image\/jpeg"}],"author":"Reda\u00e7\u00e3o Reda\u00e7\u00e3o","twitter_card":"summary_large_image","twitter_misc":{"Escrito por":"Reda\u00e7\u00e3o Reda\u00e7\u00e3o","Est. tempo de leitura":"3 minutos"},"schema":{"@context":"https:\/\/schema.org","@graph":[{"@type":"WebPage","@id":"https:\/\/markd.com.br\/models\/paulo-andre-defende-mae-de-seu-filho-de-ataques-vou-pular-na-bala-sempre\/","url":"https:\/\/markd.com.br\/models\/paulo-andre-defende-mae-de-seu-filho-de-ataques-vou-pular-na-bala-sempre\/","name":"Paulo Andr\u00e9 defende m\u00e3e de seu filho de ataques: \u2018Vou pular na bala sempre\u2019 - Not\u00edcias de Todos - Models01","isPartOf":{"@id":"https:\/\/markd.com.br\/models\/#website"},"primaryImageOfPage":{"@id":"https:\/\/markd.com.br\/models\/paulo-andre-defende-mae-de-seu-filho-de-ataques-vou-pular-na-bala-sempre\/#primaryimage"},"image":{"@id":"https:\/\/markd.com.br\/models\/paulo-andre-defende-mae-de-seu-filho-de-ataques-vou-pular-na-bala-sempre\/#primaryimage"},"thumbnailUrl":"https:\/\/markd.com.br\/models\/wp-content\/uploads\/2022\/07\/20220707210323whatsapp_image_20220707_at_17.31.21-640x445-1.jpg","datePublished":"2022-07-08T14:04:49+00:00","dateModified":"2022-07-08T14:04:56+00:00","author":{"@id":"https:\/\/markd.com.br\/models\/#\/schema\/person\/c12a77ab487a7262d8bec3c47301ad37"},"breadcrumb":{"@id":"https:\/\/markd.com.br\/models\/paulo-andre-defende-mae-de-seu-filho-de-ataques-vou-pular-na-bala-sempre\/#breadcrumb"},"inLanguage":"pt-BR","potentialAction":[{"@type":"ReadAction","target":["https:\/\/markd.com.br\/models\/paulo-andre-defende-mae-de-seu-filho-de-ataques-vou-pular-na-bala-sempre\/"]}]},{"@type":"ImageObject","inLanguage":"pt-BR","@id":"https:\/\/markd.com.br\/models\/paulo-andre-defende-mae-de-seu-filho-de-ataques-vou-pular-na-bala-sempre\/#primaryimage","url":"https:\/\/markd.com.br\/models\/wp-content\/uploads\/2022\/07\/20220707210323whatsapp_image_20220707_at_17.31.21-640x445-1.jpg","contentUrl":"https:\/\/markd.com.br\/models\/wp-content\/uploads\/2022\/07\/20220707210323whatsapp_image_20220707_at_17.31.21-640x445-1.jpg","width":640,"height":445},{"@type":"BreadcrumbList","@id":"https:\/\/markd.com.br\/models\/paulo-andre-defende-mae-de-seu-filho-de-ataques-vou-pular-na-bala-sempre\/#breadcrumb","itemListElement":[{"@type":"ListItem","position":1,"name":"In\u00edcio","item":"https:\/\/markd.com.br\/models\/"},{"@type":"ListItem","position":2,"name":"Paulo Andr\u00e9 defende m\u00e3e de seu filho de ataques: \u2018Vou pular na bala sempre\u2019"}]},{"@type":"WebSite","@id":"https:\/\/markd.com.br\/models\/#website","url":"https:\/\/markd.com.br\/models\/","name":"Not\u00edcias de Todos - Models01","description":"Tenha um Portal de Not\u00edcias Moderno, Din\u00e2mico, R\u00e1pido e Profissional. Entregamos seu Site de  Not\u00edcias Pronto, Instalado, Hospedado, com Manual Passo a Passo e Suporte 24 horas.","potentialAction":[{"@type":"SearchAction","target":{"@type":"EntryPoint","urlTemplate":"https:\/\/markd.com.br\/models\/?s={search_term_string}"},"query-input":{"@type":"PropertyValueSpecification","valueRequired":true,"valueName":"search_term_string"}}],"inLanguage":"pt-BR"},{"@type":"Person","@id":"https:\/\/markd.com.br\/models\/#\/schema\/person\/c12a77ab487a7262d8bec3c47301ad37","name":"Reda\u00e7\u00e3o Reda\u00e7\u00e3o","image":{"@type":"ImageObject","inLanguage":"pt-BR","@id":"https:\/\/markd.com.br\/models\/#\/schema\/person\/image\/","url":"https:\/\/secure.gravatar.com\/avatar\/9448f3599ce269febf169e183039b4a6?s=96&d=mm&r=g","contentUrl":"https:\/\/secure.gravatar.com\/avatar\/9448f3599ce269febf169e183039b4a6?s=96&d=mm&r=g","caption":"Reda\u00e7\u00e3o Reda\u00e7\u00e3o"},"sameAs":["https:\/\/markd.com.br\/"],"url":"https:\/\/markd.com.br\/models\/author\/redacao\/"}]}},"featured_image_urls":{"full":["https:\/\/markd.com.br\/models\/wp-content\/uploads\/2022\/07\/20220707210323whatsapp_image_20220707_at_17.31.21-640x445-1.jpg",640,445,false],"thumbnail":["https:\/\/markd.com.br\/models\/wp-content\/uploads\/2022\/07\/20220707210323whatsapp_image_20220707_at_17.31.21-640x445-1-150x150.jpg",150,150,true],"medium":["https:\/\/markd.com.br\/models\/wp-content\/uploads\/2022\/07\/20220707210323whatsapp_image_20220707_at_17.31.21-640x445-1-300x209.jpg",300,209,true],"medium_large":["https:\/\/markd.com.br\/models\/wp-content\/uploads\/2022\/07\/20220707210323whatsapp_image_20220707_at_17.31.21-640x445-1.jpg",640,445,false],"large":["https:\/\/markd.com.br\/models\/wp-content\/uploads\/2022\/07\/20220707210323whatsapp_image_20220707_at_17.31.21-640x445-1.jpg",640,445,false],"1536x1536":["https:\/\/markd.com.br\/models\/wp-content\/uploads\/2022\/07\/20220707210323whatsapp_image_20220707_at_17.31.21-640x445-1.jpg",640,445,false],"2048x2048":["https:\/\/markd.com.br\/models\/wp-content\/uploads\/2022\/07\/20220707210323whatsapp_image_20220707_at_17.31.21-640x445-1.jpg",640,445,false],"newsphere-slider-full":["https:\/\/markd.com.br\/models\/wp-content\/uploads\/2022\/07\/20220707210323whatsapp_image_20220707_at_17.31.21-640x445-1.jpg",640,445,false],"newsphere-featured":["https:\/\/markd.com.br\/models\/wp-content\/uploads\/2022\/07\/20220707210323whatsapp_image_20220707_at_17.31.21-640x445-1.jpg",640,445,false],"newsphere-medium":["https:\/\/markd.com.br\/models\/wp-content\/uploads\/2022\/07\/20220707210323whatsapp_image_20220707_at_17.31.21-640x445-1-640x380.jpg",640,380,true]},"author_info":{"display_name":"Reda\u00e7\u00e3o Reda\u00e7\u00e3o","author_link":"https:\/\/markd.com.br\/models\/author\/redacao\/"},"category_info":"<a href=\"https:\/\/markd.com.br\/models\/category\/sem-categoria\/\" rel=\"category tag\">Sem categoria<\/a>","tag_info":"Sem categoria","comment_count":"0","jetpack_featured_media_url":"https:\/\/markd.com.br\/models\/wp-content\/uploads\/2022\/07\/20220707210323whatsapp_image_20220707_at_17.31.21-640x445-1.jpg","_links":{"self":[{"href":"https:\/\/markd.com.br\/models\/wp-json\/wp\/v2\/posts\/2548","targetHints":{"allow":["GET"]}}],"collection":[{"href":"https:\/\/markd.com.br\/models\/wp-json\/wp\/v2\/posts"}],"about":[{"href":"https:\/\/markd.com.br\/models\/wp-json\/wp\/v2\/types\/post"}],"author":[{"embeddable":true,"href":"https:\/\/markd.com.br\/models\/wp-json\/wp\/v2\/users\/5"}],"replies":[{"embeddable":true,"href":"https:\/\/markd.com.br\/models\/wp-json\/wp\/v2\/comments?post=2548"}],"version-history":[{"count":1,"href":"https:\/\/markd.com.br\/models\/wp-json\/wp\/v2\/posts\/2548\/revisions"}],"predecessor-version":[{"id":2550,"href":"https:\/\/markd.com.br\/models\/wp-json\/wp\/v2\/posts\/2548\/revisions\/2550"}],"wp:featuredmedia":[{"embeddable":true,"href":"https:\/\/markd.com.br\/models\/wp-json\/wp\/v2\/media\/2549"}],"wp:attachment":[{"href":"https:\/\/markd.com.br\/models\/wp-json\/wp\/v2\/media?parent=2548"}],"wp:term":[{"taxonomy":"category","embeddable":true,"href":"https:\/\/markd.com.br\/models\/wp-json\/wp\/v2\/categories?post=2548"},{"taxonomy":"post_tag","embeddable":true,"href":"https:\/\/markd.com.br\/models\/wp-json\/wp\/v2\/tags?post=2548"}],"curies":[{"name":"wp","href":"https:\/\/api.w.org\/{rel}","templated":true}]}}