{"id":2585,"date":"2022-07-08T13:55:08","date_gmt":"2022-07-08T16:55:08","guid":{"rendered":"https:\/\/portaldestaquenoticias.com.br\/?p=2585"},"modified":"2022-07-08T13:55:12","modified_gmt":"2022-07-08T16:55:12","slug":"goleada-da-alemanha-em-cima-do-brasil-completa-oito-anos-relembre-a-partida","status":"publish","type":"post","link":"https:\/\/markd.com.br\/models\/goleada-da-alemanha-em-cima-do-brasil-completa-oito-anos-relembre-a-partida\/","title":{"rendered":"Goleada da Alemanha em cima do Brasil completa oito anos; relembre a partida"},"content":{"rendered":"\n<p><\/p>\n\n\n\n<p>H\u00e1 exatos oito anos, no dia 8 de julho de 2014, a Alemanha aplicava uma sonora \u2013 e hist\u00f3rica \u2013 goleada no Brasil em plena semifinal da Copa do Mundo disputada em solo brasileiro. No Est\u00e1dio do Mineir\u00e3o, em Belo Horizonte, os alem\u00e3es fizeram 7-1, eliminaram o Brasil da Copa e chegaram fortes para, dias depois, conquistar o tetracampeonato mundial.<\/p>\n\n\n\n<p>O desespero brasileiro naquela tarde em Belo Horizonte come\u00e7ou logo aos 10 minutos. Toni Kroos cobrou escanteio e Thomas M\u00fcller chegou completando para o fundo das redes: Alemanha 1 a 0. 12 minutos depois, Miroslav Klose ampliou o placar: 2 a 0.<\/p>\n\n\n\n<p>Ainda no primeiro tempo, Klose, com mais dois gols, e Khedira ampliaram o placar para incr\u00edveis 5 a 0.<\/p>\n\n\n\n<p>Na volta do intervalo, Schurrle, que entrou naquele momento da partida, marcou mais dois gols e fechou a conta para os alem\u00e3es. J\u00e1 nos acr\u00e9scimos, Oscar marcou o gol de honra para o Brasil e encerrou a partida: Brasil 1-7 Alemanha.<\/p>\n\n\n\n<p>A derrota foi a pior da Sele\u00e7\u00e3o Brasileira em Copas do Mundo, superando, inclusive, o \u201cMaracanazo\u201d da Copa de 1950, quando o Uruguai calou o Maracan\u00e3 e foi campe\u00e3o do Mundo em cima do Brasil.<\/p>\n\n\n\n<p><\/p>\n","protected":false},"excerpt":{"rendered":"<p>H\u00e1 exatos oito anos, no dia 8 de julho de 2014, a Alemanha aplicava uma&#8230;<\/p>\n","protected":false},"author":5,"featured_media":2586,"comment_status":"open","ping_status":"open","sticky":false,"template":"","format":"standard","meta":{"footnotes":""},"categories":[12],"tags":[777,486,249],"class_list":["post-2585","post","type-post","status-publish","format-standard","has-post-thumbnail","hentry","category-esportes","tag-alemanha","tag-brasil","tag-copa-do-mundo"],"yoast_head":"<!-- This site is optimized with the Yoast SEO plugin v24.4 - https:\/\/yoast.com\/wordpress\/plugins\/seo\/ -->\n<title>Goleada da Alemanha em cima do Brasil completa oito anos; relembre a partida - Not\u00edcias de Todos - Models01<\/title>\n<meta name=\"robots\" content=\"index, follow, max-snippet:-1, max-image-preview:large, max-video-preview:-1\" \/>\n<link rel=\"canonical\" href=\"https:\/\/markd.com.br\/models\/goleada-da-alemanha-em-cima-do-brasil-completa-oito-anos-relembre-a-partida\/\" \/>\n<meta property=\"og:locale\" content=\"pt_BR\" \/>\n<meta property=\"og:type\" content=\"article\" \/>\n<meta property=\"og:title\" content=\"Goleada da Alemanha em cima do Brasil completa oito anos; relembre a partida - Not\u00edcias de Todos - Models01\" \/>\n<meta property=\"og:description\" content=\"H\u00e1 exatos oito anos, no dia 8 de julho de 2014, a Alemanha aplicava uma...\" \/>\n<meta property=\"og:url\" content=\"https:\/\/markd.com.br\/models\/goleada-da-alemanha-em-cima-do-brasil-completa-oito-anos-relembre-a-partida\/\" \/>\n<meta property=\"og:site_name\" content=\"Not\u00edcias de Todos - Models01\" \/>\n<meta property=\"article:published_time\" content=\"2022-07-08T16:55:08+00:00\" \/>\n<meta property=\"article:modified_time\" content=\"2022-07-08T16:55:12+00:00\" \/>\n<meta property=\"og:image\" content=\"https:\/\/markd.com.br\/models\/wp-content\/uploads\/2022\/07\/WhatsApp-Image-2022-07-08-at-12.36.43-1024x753-1-800x445-1.jpeg\" \/>\n\t<meta property=\"og:image:width\" content=\"800\" \/>\n\t<meta property=\"og:image:height\" content=\"445\" \/>\n\t<meta property=\"og:image:type\" content=\"image\/jpeg\" \/>\n<meta name=\"author\" content=\"Reda\u00e7\u00e3o Reda\u00e7\u00e3o\" \/>\n<meta name=\"twitter:card\" content=\"summary_large_image\" \/>\n<meta name=\"twitter:label1\" content=\"Escrito por\" \/>\n\t<meta name=\"twitter:data1\" content=\"Reda\u00e7\u00e3o Reda\u00e7\u00e3o\" \/>\n\t<meta name=\"twitter:label2\" content=\"Est. tempo de leitura\" \/>\n\t<meta name=\"twitter:data2\" content=\"2 minutos\" \/>\n<script type=\"application\/ld+json\" class=\"yoast-schema-graph\">{\"@context\":\"https:\/\/schema.org\",\"@graph\":[{\"@type\":\"WebPage\",\"@id\":\"https:\/\/markd.com.br\/models\/goleada-da-alemanha-em-cima-do-brasil-completa-oito-anos-relembre-a-partida\/\",\"url\":\"https:\/\/markd.com.br\/models\/goleada-da-alemanha-em-cima-do-brasil-completa-oito-anos-relembre-a-partida\/\",\"name\":\"Goleada da Alemanha em cima do Brasil completa oito anos; relembre a partida - Not\u00edcias de Todos - Models01\",\"isPartOf\":{\"@id\":\"https:\/\/markd.com.br\/models\/#website\"},\"primaryImageOfPage\":{\"@id\":\"https:\/\/markd.com.br\/models\/goleada-da-alemanha-em-cima-do-brasil-completa-oito-anos-relembre-a-partida\/#primaryimage\"},\"image\":{\"@id\":\"https:\/\/markd.com.br\/models\/goleada-da-alemanha-em-cima-do-brasil-completa-oito-anos-relembre-a-partida\/#primaryimage\"},\"thumbnailUrl\":\"https:\/\/markd.com.br\/models\/wp-content\/uploads\/2022\/07\/WhatsApp-Image-2022-07-08-at-12.36.43-1024x753-1-800x445-1.jpeg\",\"datePublished\":\"2022-07-08T16:55:08+00:00\",\"dateModified\":\"2022-07-08T16:55:12+00:00\",\"author\":{\"@id\":\"https:\/\/markd.com.br\/models\/#\/schema\/person\/c12a77ab487a7262d8bec3c47301ad37\"},\"breadcrumb\":{\"@id\":\"https:\/\/markd.com.br\/models\/goleada-da-alemanha-em-cima-do-brasil-completa-oito-anos-relembre-a-partida\/#breadcrumb\"},\"inLanguage\":\"pt-BR\",\"potentialAction\":[{\"@type\":\"ReadAction\",\"target\":[\"https:\/\/markd.com.br\/models\/goleada-da-alemanha-em-cima-do-brasil-completa-oito-anos-relembre-a-partida\/\"]}]},{\"@type\":\"ImageObject\",\"inLanguage\":\"pt-BR\",\"@id\":\"https:\/\/markd.com.br\/models\/goleada-da-alemanha-em-cima-do-brasil-completa-oito-anos-relembre-a-partida\/#primaryimage\",\"url\":\"https:\/\/markd.com.br\/models\/wp-content\/uploads\/2022\/07\/WhatsApp-Image-2022-07-08-at-12.36.43-1024x753-1-800x445-1.jpeg\",\"contentUrl\":\"https:\/\/markd.com.br\/models\/wp-content\/uploads\/2022\/07\/WhatsApp-Image-2022-07-08-at-12.36.43-1024x753-1-800x445-1.jpeg\",\"width\":800,\"height\":445},{\"@type\":\"BreadcrumbList\",\"@id\":\"https:\/\/markd.com.br\/models\/goleada-da-alemanha-em-cima-do-brasil-completa-oito-anos-relembre-a-partida\/#breadcrumb\",\"itemListElement\":[{\"@type\":\"ListItem\",\"position\":1,\"name\":\"In\u00edcio\",\"item\":\"https:\/\/markd.com.br\/models\/\"},{\"@type\":\"ListItem\",\"position\":2,\"name\":\"Goleada da Alemanha em cima do Brasil completa oito anos; relembre a partida\"}]},{\"@type\":\"WebSite\",\"@id\":\"https:\/\/markd.com.br\/models\/#website\",\"url\":\"https:\/\/markd.com.br\/models\/\",\"name\":\"Not\u00edcias de Todos - Models01\",\"description\":\"Tenha um Portal de Not\u00edcias Moderno, Din\u00e2mico, R\u00e1pido e Profissional. Entregamos seu Site de  Not\u00edcias Pronto, Instalado, Hospedado, com Manual Passo a Passo e Suporte 24 horas.\",\"potentialAction\":[{\"@type\":\"SearchAction\",\"target\":{\"@type\":\"EntryPoint\",\"urlTemplate\":\"https:\/\/markd.com.br\/models\/?s={search_term_string}\"},\"query-input\":{\"@type\":\"PropertyValueSpecification\",\"valueRequired\":true,\"valueName\":\"search_term_string\"}}],\"inLanguage\":\"pt-BR\"},{\"@type\":\"Person\",\"@id\":\"https:\/\/markd.com.br\/models\/#\/schema\/person\/c12a77ab487a7262d8bec3c47301ad37\",\"name\":\"Reda\u00e7\u00e3o Reda\u00e7\u00e3o\",\"image\":{\"@type\":\"ImageObject\",\"inLanguage\":\"pt-BR\",\"@id\":\"https:\/\/markd.com.br\/models\/#\/schema\/person\/image\/\",\"url\":\"https:\/\/secure.gravatar.com\/avatar\/9448f3599ce269febf169e183039b4a6?s=96&d=mm&r=g\",\"contentUrl\":\"https:\/\/secure.gravatar.com\/avatar\/9448f3599ce269febf169e183039b4a6?s=96&d=mm&r=g\",\"caption\":\"Reda\u00e7\u00e3o Reda\u00e7\u00e3o\"},\"sameAs\":[\"https:\/\/markd.com.br\/\"],\"url\":\"https:\/\/markd.com.br\/models\/author\/redacao\/\"}]}<\/script>\n<!-- \/ Yoast SEO plugin. -->","yoast_head_json":{"title":"Goleada da Alemanha em cima do Brasil completa oito anos; relembre a partida - Not\u00edcias de Todos - Models01","robots":{"index":"index","follow":"follow","max-snippet":"max-snippet:-1","max-image-preview":"max-image-preview:large","max-video-preview":"max-video-preview:-1"},"canonical":"https:\/\/markd.com.br\/models\/goleada-da-alemanha-em-cima-do-brasil-completa-oito-anos-relembre-a-partida\/","og_locale":"pt_BR","og_type":"article","og_title":"Goleada da Alemanha em cima do Brasil completa oito anos; relembre a partida - Not\u00edcias de Todos - Models01","og_description":"H\u00e1 exatos oito anos, no dia 8 de julho de 2014, a Alemanha aplicava uma...","og_url":"https:\/\/markd.com.br\/models\/goleada-da-alemanha-em-cima-do-brasil-completa-oito-anos-relembre-a-partida\/","og_site_name":"Not\u00edcias de Todos - Models01","article_published_time":"2022-07-08T16:55:08+00:00","article_modified_time":"2022-07-08T16:55:12+00:00","og_image":[{"width":800,"height":445,"url":"https:\/\/markd.com.br\/models\/wp-content\/uploads\/2022\/07\/WhatsApp-Image-2022-07-08-at-12.36.43-1024x753-1-800x445-1.jpeg","type":"image\/jpeg"}],"author":"Reda\u00e7\u00e3o Reda\u00e7\u00e3o","twitter_card":"summary_large_image","twitter_misc":{"Escrito por":"Reda\u00e7\u00e3o Reda\u00e7\u00e3o","Est. tempo de leitura":"2 minutos"},"schema":{"@context":"https:\/\/schema.org","@graph":[{"@type":"WebPage","@id":"https:\/\/markd.com.br\/models\/goleada-da-alemanha-em-cima-do-brasil-completa-oito-anos-relembre-a-partida\/","url":"https:\/\/markd.com.br\/models\/goleada-da-alemanha-em-cima-do-brasil-completa-oito-anos-relembre-a-partida\/","name":"Goleada da Alemanha em cima do Brasil completa oito anos; relembre a partida - Not\u00edcias de Todos - Models01","isPartOf":{"@id":"https:\/\/markd.com.br\/models\/#website"},"primaryImageOfPage":{"@id":"https:\/\/markd.com.br\/models\/goleada-da-alemanha-em-cima-do-brasil-completa-oito-anos-relembre-a-partida\/#primaryimage"},"image":{"@id":"https:\/\/markd.com.br\/models\/goleada-da-alemanha-em-cima-do-brasil-completa-oito-anos-relembre-a-partida\/#primaryimage"},"thumbnailUrl":"https:\/\/markd.com.br\/models\/wp-content\/uploads\/2022\/07\/WhatsApp-Image-2022-07-08-at-12.36.43-1024x753-1-800x445-1.jpeg","datePublished":"2022-07-08T16:55:08+00:00","dateModified":"2022-07-08T16:55:12+00:00","author":{"@id":"https:\/\/markd.com.br\/models\/#\/schema\/person\/c12a77ab487a7262d8bec3c47301ad37"},"breadcrumb":{"@id":"https:\/\/markd.com.br\/models\/goleada-da-alemanha-em-cima-do-brasil-completa-oito-anos-relembre-a-partida\/#breadcrumb"},"inLanguage":"pt-BR","potentialAction":[{"@type":"ReadAction","target":["https:\/\/markd.com.br\/models\/goleada-da-alemanha-em-cima-do-brasil-completa-oito-anos-relembre-a-partida\/"]}]},{"@type":"ImageObject","inLanguage":"pt-BR","@id":"https:\/\/markd.com.br\/models\/goleada-da-alemanha-em-cima-do-brasil-completa-oito-anos-relembre-a-partida\/#primaryimage","url":"https:\/\/markd.com.br\/models\/wp-content\/uploads\/2022\/07\/WhatsApp-Image-2022-07-08-at-12.36.43-1024x753-1-800x445-1.jpeg","contentUrl":"https:\/\/markd.com.br\/models\/wp-content\/uploads\/2022\/07\/WhatsApp-Image-2022-07-08-at-12.36.43-1024x753-1-800x445-1.jpeg","width":800,"height":445},{"@type":"BreadcrumbList","@id":"https:\/\/markd.com.br\/models\/goleada-da-alemanha-em-cima-do-brasil-completa-oito-anos-relembre-a-partida\/#breadcrumb","itemListElement":[{"@type":"ListItem","position":1,"name":"In\u00edcio","item":"https:\/\/markd.com.br\/models\/"},{"@type":"ListItem","position":2,"name":"Goleada da Alemanha em cima do Brasil completa oito anos; relembre a partida"}]},{"@type":"WebSite","@id":"https:\/\/markd.com.br\/models\/#website","url":"https:\/\/markd.com.br\/models\/","name":"Not\u00edcias de Todos - Models01","description":"Tenha um Portal de Not\u00edcias Moderno, Din\u00e2mico, R\u00e1pido e Profissional. Entregamos seu Site de  Not\u00edcias Pronto, Instalado, Hospedado, com Manual Passo a Passo e Suporte 24 horas.","potentialAction":[{"@type":"SearchAction","target":{"@type":"EntryPoint","urlTemplate":"https:\/\/markd.com.br\/models\/?s={search_term_string}"},"query-input":{"@type":"PropertyValueSpecification","valueRequired":true,"valueName":"search_term_string"}}],"inLanguage":"pt-BR"},{"@type":"Person","@id":"https:\/\/markd.com.br\/models\/#\/schema\/person\/c12a77ab487a7262d8bec3c47301ad37","name":"Reda\u00e7\u00e3o Reda\u00e7\u00e3o","image":{"@type":"ImageObject","inLanguage":"pt-BR","@id":"https:\/\/markd.com.br\/models\/#\/schema\/person\/image\/","url":"https:\/\/secure.gravatar.com\/avatar\/9448f3599ce269febf169e183039b4a6?s=96&d=mm&r=g","contentUrl":"https:\/\/secure.gravatar.com\/avatar\/9448f3599ce269febf169e183039b4a6?s=96&d=mm&r=g","caption":"Reda\u00e7\u00e3o Reda\u00e7\u00e3o"},"sameAs":["https:\/\/markd.com.br\/"],"url":"https:\/\/markd.com.br\/models\/author\/redacao\/"}]}},"featured_image_urls":{"full":["https:\/\/markd.com.br\/models\/wp-content\/uploads\/2022\/07\/WhatsApp-Image-2022-07-08-at-12.36.43-1024x753-1-800x445-1.jpeg",800,445,false],"thumbnail":["https:\/\/markd.com.br\/models\/wp-content\/uploads\/2022\/07\/WhatsApp-Image-2022-07-08-at-12.36.43-1024x753-1-800x445-1-150x150.jpeg",150,150,true],"medium":["https:\/\/markd.com.br\/models\/wp-content\/uploads\/2022\/07\/WhatsApp-Image-2022-07-08-at-12.36.43-1024x753-1-800x445-1-300x167.jpeg",300,167,true],"medium_large":["https:\/\/markd.com.br\/models\/wp-content\/uploads\/2022\/07\/WhatsApp-Image-2022-07-08-at-12.36.43-1024x753-1-800x445-1-768x427.jpeg",640,356,true],"large":["https:\/\/markd.com.br\/models\/wp-content\/uploads\/2022\/07\/WhatsApp-Image-2022-07-08-at-12.36.43-1024x753-1-800x445-1.jpeg",640,356,false],"1536x1536":["https:\/\/markd.com.br\/models\/wp-content\/uploads\/2022\/07\/WhatsApp-Image-2022-07-08-at-12.36.43-1024x753-1-800x445-1.jpeg",800,445,false],"2048x2048":["https:\/\/markd.com.br\/models\/wp-content\/uploads\/2022\/07\/WhatsApp-Image-2022-07-08-at-12.36.43-1024x753-1-800x445-1.jpeg",800,445,false],"newsphere-slider-full":["https:\/\/markd.com.br\/models\/wp-content\/uploads\/2022\/07\/WhatsApp-Image-2022-07-08-at-12.36.43-1024x753-1-800x445-1.jpeg",800,445,false],"newsphere-featured":["https:\/\/markd.com.br\/models\/wp-content\/uploads\/2022\/07\/WhatsApp-Image-2022-07-08-at-12.36.43-1024x753-1-800x445-1.jpeg",800,445,false],"newsphere-medium":["https:\/\/markd.com.br\/models\/wp-content\/uploads\/2022\/07\/WhatsApp-Image-2022-07-08-at-12.36.43-1024x753-1-800x445-1-720x380.jpeg",720,380,true]},"author_info":{"display_name":"Reda\u00e7\u00e3o Reda\u00e7\u00e3o","author_link":"https:\/\/markd.com.br\/models\/author\/redacao\/"},"category_info":"<a href=\"https:\/\/markd.com.br\/models\/category\/esportes\/\" rel=\"category tag\">Esportes<\/a>","tag_info":"Esportes","comment_count":"0","jetpack_featured_media_url":"https:\/\/markd.com.br\/models\/wp-content\/uploads\/2022\/07\/WhatsApp-Image-2022-07-08-at-12.36.43-1024x753-1-800x445-1.jpeg","_links":{"self":[{"href":"https:\/\/markd.com.br\/models\/wp-json\/wp\/v2\/posts\/2585","targetHints":{"allow":["GET"]}}],"collection":[{"href":"https:\/\/markd.com.br\/models\/wp-json\/wp\/v2\/posts"}],"about":[{"href":"https:\/\/markd.com.br\/models\/wp-json\/wp\/v2\/types\/post"}],"author":[{"embeddable":true,"href":"https:\/\/markd.com.br\/models\/wp-json\/wp\/v2\/users\/5"}],"replies":[{"embeddable":true,"href":"https:\/\/markd.com.br\/models\/wp-json\/wp\/v2\/comments?post=2585"}],"version-history":[{"count":1,"href":"https:\/\/markd.com.br\/models\/wp-json\/wp\/v2\/posts\/2585\/revisions"}],"predecessor-version":[{"id":2587,"href":"https:\/\/markd.com.br\/models\/wp-json\/wp\/v2\/posts\/2585\/revisions\/2587"}],"wp:featuredmedia":[{"embeddable":true,"href":"https:\/\/markd.com.br\/models\/wp-json\/wp\/v2\/media\/2586"}],"wp:attachment":[{"href":"https:\/\/markd.com.br\/models\/wp-json\/wp\/v2\/media?parent=2585"}],"wp:term":[{"taxonomy":"category","embeddable":true,"href":"https:\/\/markd.com.br\/models\/wp-json\/wp\/v2\/categories?post=2585"},{"taxonomy":"post_tag","embeddable":true,"href":"https:\/\/markd.com.br\/models\/wp-json\/wp\/v2\/tags?post=2585"}],"curies":[{"name":"wp","href":"https:\/\/api.w.org\/{rel}","templated":true}]}}