{"id":2588,"date":"2022-07-08T14:02:18","date_gmt":"2022-07-08T17:02:18","guid":{"rendered":"https:\/\/portaldestaquenoticias.com.br\/?p=2588"},"modified":"2022-07-08T14:02:22","modified_gmt":"2022-07-08T17:02:22","slug":"homem-atira-em-mulher-e-filha-dela-mata-namorado-da-jovem-e-se-suicida","status":"publish","type":"post","link":"https:\/\/markd.com.br\/models\/homem-atira-em-mulher-e-filha-dela-mata-namorado-da-jovem-e-se-suicida\/","title":{"rendered":"Homem atira em mulher e filha dela, mata namorado da jovem e se suicida"},"content":{"rendered":"\n<p><\/p>\n\n\n\n<p>Um homem invadiu um pr\u00e9dio, baleou tr\u00eas pessoas e depois se matou nesta sexta-feira (8), em Boa Viagem, \u00e1rea nobre da Zona Sul do&nbsp;Recife, segundo a&nbsp;Pol\u00edcia Civil. Parentes das v\u00edtimas, que pediram para n\u00e3o ser identificados, relataram que ele estava em processo de separa\u00e7\u00e3o e atirou contra a mulher, a filha dela e o namorado da jovem. O rapaz morreu no hospital.<\/p>\n\n\n\n<p>O namorado, identificado&nbsp;Breno Felipe de Sales Machado, de 28 anos, foi socorrido para o Hospital da Restaura\u00e7\u00e3o, no bairro do Derby, na regi\u00e3o central, onde deu entrada com um tiro no peito \u00e0s 9h28. Ele&nbsp;n\u00e3o resistiu aos ferimentos e morreu \u00e0s 10h15, segundo a unidade de sa\u00fade.<\/p>\n\n\n\n<p>Os parentes contaram que a empres\u00e1ria Lizia Regina de Albuquerque Melo, de 48 anos, estava se separando do homem que fez os disparos, identificado apenas como Emerson, de 47 anos.<\/p>\n\n\n\n<p>Ele teria atirado na cabe\u00e7a dela e tamb\u00e9m alvejado a filha da mulher e enteada dele, Mayara Melo, de 21 anos, ainda segundo familiares. Essa jovem foi atingida de rasp\u00e3o no pesco\u00e7o, segundo testemunhas.<\/p>\n\n\n\n<p>O perito do Instituto de Criminal\u00edstica Ranon Barros afirmou que o crime ocorreu no corredor do 4\u00ba andar do Edif\u00edcio Morada dos Navegantes. Havia ao menos duas marcas de tiros em paredes do hall.<\/p>\n\n\n\n<p>\u201cO socorro prestado para as v\u00edtimas acaba dificultando a determina\u00e7\u00e3o da din\u00e2mica exata [do tiroteio]. O que a gente pode determinar \u00e9 que tinha uma v\u00edtima na proximidade do local em que ele se lesionou\u201d, relatou.<\/p>\n\n\n\n<p>A princ\u00edpio, segundo Barros, n\u00e3o havia sinais de que o homem entrou no apartamento, mas a per\u00edcia ainda vai analisar os materiais coletados. Quando os peritos chegaram ao local, a arma j\u00e1 n\u00e3o estava mais com o homem. \u201cA arma foi coletada pelos policiais militares\u201d, disse o perito criminal.<\/p>\n\n\n\n<p>A Secretaria de Sa\u00fade do Recife informou que as duas mulheres foram socorridas com vida o Hospital Unimed III.<\/p>\n\n\n\n<p>A unidade de sa\u00fade informou, por meio da assessoria, que, devido \u00e0 Lei Geral de Prote\u00e7\u00e3o de Dados, n\u00e3o pode repassar detalhes sobre pacientes, mas confirmou que duas pessoas deram entrada com ferimentos decorrentes de um incidente em um pr\u00e9dio em Boa Viagem.<\/p>\n\n\n\n<h2 class=\"wp-block-heading\">O crime<\/h2>\n\n\n\n<p>A despachante aduaneira Taciana Borges mora no pr\u00e9dio em que ocorreu o crime e estava no elevador quando ouviu os tiros.<\/p>\n\n\n\n<p>\u201cEstava voltando da caminhada e o porteiro j\u00e1 me avisou que esse homem tinha entrado armado. Daqui de baixo mesmo ouvi dois tiros. Fiquei na d\u00favida se subia, mas o porteiro olhou na c\u00e2mera e viu que n\u00e3o tinha ningu\u00e9m. Quando estava dentro do elevador, passando pelo 4\u00ba andar, ouvi o terceiro tiro\u201d, afirmou.<\/p>\n\n\n\n<p>Taciana Borges disse, ainda, que cerca de dois dias antes do crime, a enteada do criminoso, Mayara Melo, avisou aos funcion\u00e1rios do pr\u00e9dio para que n\u00e3o autorizassem a entrada do homem, porque ele era muito agressivo.<\/p>\n\n\n\n<p>\u201cEle conseguiu entrar quando um carro entrou, a\u00ed ele entrou junto, porque o porteiro estava barrando. Ali dentro ele j\u00e1 mostrou que estava armado para o zelador e subiu. Foi muito r\u00e1pido, na hora que ele subiu j\u00e1 come\u00e7ou a discuss\u00e3o, teve o tiro e a gente ligou para o Samu e o Samu ligou para a pol\u00edcia\u201d, declarou a moradora.<\/p>\n\n\n\n<p>O&nbsp;zelador Roberto Dubas dos Santos foi a primeira pessoa&nbsp;com quem o homem teve contato quando conseguiu entrar no pr\u00e9dio. Ele disse que Emerson estava com a arma na cintura, \u00e0 mostra, e que n\u00e3o teve como impedir que o criminoso subisse.<\/p>\n\n\n\n<p>\u201cCheguei no servi\u00e7o \u00e0s 7h30 e ele estava querendo entrar. Disse \u2018abre a\u00ed para mim, galego\u2019. Falei que n\u00e3o podia, e ele disse que queria pegar as ferramentas dele. Falei \u2018n\u00e3o, o senhor j\u00e1 pegou suas ferramentas e n\u00f3s botamos no seu carro&#8217;\u201d, disse o zelador.<\/p>\n\n\n\n<p>\u201cEle aproveitou quando abriu o port\u00e3o da garagem para o morador sair e ele entrou j\u00e1 com a arma na cintura igual pol\u00edcia\u201d, declarou o funcion\u00e1rio.<\/p>\n\n\n\n<p>Fonte: G1<\/p>\n","protected":false},"excerpt":{"rendered":"<p>Um homem invadiu um pr\u00e9dio, baleou tr\u00eas pessoas e depois se matou nesta sexta-feira (8),&#8230;<\/p>\n","protected":false},"author":5,"featured_media":2589,"comment_status":"open","ping_status":"open","sticky":false,"template":"","format":"standard","meta":{"footnotes":""},"categories":[621],"tags":[91,128,778],"class_list":["post-2588","post","type-post","status-publish","format-standard","has-post-thumbnail","hentry","category-plantao-policial","tag-assassinato","tag-policia-civil-2","tag-suicidio"],"yoast_head":"<!-- This site is optimized with the Yoast SEO plugin v24.4 - https:\/\/yoast.com\/wordpress\/plugins\/seo\/ -->\n<title>Homem atira em mulher e filha dela, mata namorado da jovem e se suicida - Not\u00edcias de Todos - Models01<\/title>\n<meta name=\"robots\" content=\"index, follow, max-snippet:-1, max-image-preview:large, max-video-preview:-1\" \/>\n<link rel=\"canonical\" href=\"https:\/\/markd.com.br\/models\/homem-atira-em-mulher-e-filha-dela-mata-namorado-da-jovem-e-se-suicida\/\" \/>\n<meta property=\"og:locale\" content=\"pt_BR\" \/>\n<meta property=\"og:type\" content=\"article\" \/>\n<meta property=\"og:title\" content=\"Homem atira em mulher e filha dela, mata namorado da jovem e se suicida - Not\u00edcias de Todos - Models01\" \/>\n<meta property=\"og:description\" content=\"Um homem invadiu um pr\u00e9dio, baleou tr\u00eas pessoas e depois se matou nesta sexta-feira (8),...\" \/>\n<meta property=\"og:url\" content=\"https:\/\/markd.com.br\/models\/homem-atira-em-mulher-e-filha-dela-mata-namorado-da-jovem-e-se-suicida\/\" \/>\n<meta property=\"og:site_name\" content=\"Not\u00edcias de Todos - Models01\" \/>\n<meta property=\"article:published_time\" content=\"2022-07-08T17:02:18+00:00\" \/>\n<meta property=\"article:modified_time\" content=\"2022-07-08T17:02:22+00:00\" \/>\n<meta property=\"og:image\" content=\"https:\/\/markd.com.br\/models\/wp-content\/uploads\/2022\/07\/edificio-morada-dos-navegantes-800x445-1.webp\" \/>\n\t<meta property=\"og:image:width\" content=\"800\" \/>\n\t<meta property=\"og:image:height\" content=\"445\" \/>\n\t<meta property=\"og:image:type\" content=\"image\/webp\" \/>\n<meta name=\"author\" content=\"Reda\u00e7\u00e3o Reda\u00e7\u00e3o\" \/>\n<meta name=\"twitter:card\" content=\"summary_large_image\" \/>\n<meta name=\"twitter:label1\" content=\"Escrito por\" \/>\n\t<meta name=\"twitter:data1\" content=\"Reda\u00e7\u00e3o Reda\u00e7\u00e3o\" \/>\n\t<meta name=\"twitter:label2\" content=\"Est. tempo de leitura\" \/>\n\t<meta name=\"twitter:data2\" content=\"4 minutos\" \/>\n<script type=\"application\/ld+json\" class=\"yoast-schema-graph\">{\"@context\":\"https:\/\/schema.org\",\"@graph\":[{\"@type\":\"WebPage\",\"@id\":\"https:\/\/markd.com.br\/models\/homem-atira-em-mulher-e-filha-dela-mata-namorado-da-jovem-e-se-suicida\/\",\"url\":\"https:\/\/markd.com.br\/models\/homem-atira-em-mulher-e-filha-dela-mata-namorado-da-jovem-e-se-suicida\/\",\"name\":\"Homem atira em mulher e filha dela, mata namorado da jovem e se suicida - Not\u00edcias de Todos - Models01\",\"isPartOf\":{\"@id\":\"https:\/\/markd.com.br\/models\/#website\"},\"primaryImageOfPage\":{\"@id\":\"https:\/\/markd.com.br\/models\/homem-atira-em-mulher-e-filha-dela-mata-namorado-da-jovem-e-se-suicida\/#primaryimage\"},\"image\":{\"@id\":\"https:\/\/markd.com.br\/models\/homem-atira-em-mulher-e-filha-dela-mata-namorado-da-jovem-e-se-suicida\/#primaryimage\"},\"thumbnailUrl\":\"https:\/\/markd.com.br\/models\/wp-content\/uploads\/2022\/07\/edificio-morada-dos-navegantes-800x445-1.webp\",\"datePublished\":\"2022-07-08T17:02:18+00:00\",\"dateModified\":\"2022-07-08T17:02:22+00:00\",\"author\":{\"@id\":\"https:\/\/markd.com.br\/models\/#\/schema\/person\/c12a77ab487a7262d8bec3c47301ad37\"},\"breadcrumb\":{\"@id\":\"https:\/\/markd.com.br\/models\/homem-atira-em-mulher-e-filha-dela-mata-namorado-da-jovem-e-se-suicida\/#breadcrumb\"},\"inLanguage\":\"pt-BR\",\"potentialAction\":[{\"@type\":\"ReadAction\",\"target\":[\"https:\/\/markd.com.br\/models\/homem-atira-em-mulher-e-filha-dela-mata-namorado-da-jovem-e-se-suicida\/\"]}]},{\"@type\":\"ImageObject\",\"inLanguage\":\"pt-BR\",\"@id\":\"https:\/\/markd.com.br\/models\/homem-atira-em-mulher-e-filha-dela-mata-namorado-da-jovem-e-se-suicida\/#primaryimage\",\"url\":\"https:\/\/markd.com.br\/models\/wp-content\/uploads\/2022\/07\/edificio-morada-dos-navegantes-800x445-1.webp\",\"contentUrl\":\"https:\/\/markd.com.br\/models\/wp-content\/uploads\/2022\/07\/edificio-morada-dos-navegantes-800x445-1.webp\",\"width\":800,\"height\":445},{\"@type\":\"BreadcrumbList\",\"@id\":\"https:\/\/markd.com.br\/models\/homem-atira-em-mulher-e-filha-dela-mata-namorado-da-jovem-e-se-suicida\/#breadcrumb\",\"itemListElement\":[{\"@type\":\"ListItem\",\"position\":1,\"name\":\"In\u00edcio\",\"item\":\"https:\/\/markd.com.br\/models\/\"},{\"@type\":\"ListItem\",\"position\":2,\"name\":\"Homem atira em mulher e filha dela, mata namorado da jovem e se suicida\"}]},{\"@type\":\"WebSite\",\"@id\":\"https:\/\/markd.com.br\/models\/#website\",\"url\":\"https:\/\/markd.com.br\/models\/\",\"name\":\"Not\u00edcias de Todos - Models01\",\"description\":\"Tenha um Portal de Not\u00edcias Moderno, Din\u00e2mico, R\u00e1pido e Profissional. Entregamos seu Site de  Not\u00edcias Pronto, Instalado, Hospedado, com Manual Passo a Passo e Suporte 24 horas.\",\"potentialAction\":[{\"@type\":\"SearchAction\",\"target\":{\"@type\":\"EntryPoint\",\"urlTemplate\":\"https:\/\/markd.com.br\/models\/?s={search_term_string}\"},\"query-input\":{\"@type\":\"PropertyValueSpecification\",\"valueRequired\":true,\"valueName\":\"search_term_string\"}}],\"inLanguage\":\"pt-BR\"},{\"@type\":\"Person\",\"@id\":\"https:\/\/markd.com.br\/models\/#\/schema\/person\/c12a77ab487a7262d8bec3c47301ad37\",\"name\":\"Reda\u00e7\u00e3o Reda\u00e7\u00e3o\",\"image\":{\"@type\":\"ImageObject\",\"inLanguage\":\"pt-BR\",\"@id\":\"https:\/\/markd.com.br\/models\/#\/schema\/person\/image\/\",\"url\":\"https:\/\/secure.gravatar.com\/avatar\/9448f3599ce269febf169e183039b4a6?s=96&d=mm&r=g\",\"contentUrl\":\"https:\/\/secure.gravatar.com\/avatar\/9448f3599ce269febf169e183039b4a6?s=96&d=mm&r=g\",\"caption\":\"Reda\u00e7\u00e3o Reda\u00e7\u00e3o\"},\"sameAs\":[\"https:\/\/markd.com.br\/\"],\"url\":\"https:\/\/markd.com.br\/models\/author\/redacao\/\"}]}<\/script>\n<!-- \/ Yoast SEO plugin. -->","yoast_head_json":{"title":"Homem atira em mulher e filha dela, mata namorado da jovem e se suicida - Not\u00edcias de Todos - Models01","robots":{"index":"index","follow":"follow","max-snippet":"max-snippet:-1","max-image-preview":"max-image-preview:large","max-video-preview":"max-video-preview:-1"},"canonical":"https:\/\/markd.com.br\/models\/homem-atira-em-mulher-e-filha-dela-mata-namorado-da-jovem-e-se-suicida\/","og_locale":"pt_BR","og_type":"article","og_title":"Homem atira em mulher e filha dela, mata namorado da jovem e se suicida - Not\u00edcias de Todos - Models01","og_description":"Um homem invadiu um pr\u00e9dio, baleou tr\u00eas pessoas e depois se matou nesta sexta-feira (8),...","og_url":"https:\/\/markd.com.br\/models\/homem-atira-em-mulher-e-filha-dela-mata-namorado-da-jovem-e-se-suicida\/","og_site_name":"Not\u00edcias de Todos - Models01","article_published_time":"2022-07-08T17:02:18+00:00","article_modified_time":"2022-07-08T17:02:22+00:00","og_image":[{"width":800,"height":445,"url":"https:\/\/markd.com.br\/models\/wp-content\/uploads\/2022\/07\/edificio-morada-dos-navegantes-800x445-1.webp","type":"image\/webp"}],"author":"Reda\u00e7\u00e3o Reda\u00e7\u00e3o","twitter_card":"summary_large_image","twitter_misc":{"Escrito por":"Reda\u00e7\u00e3o Reda\u00e7\u00e3o","Est. tempo de leitura":"4 minutos"},"schema":{"@context":"https:\/\/schema.org","@graph":[{"@type":"WebPage","@id":"https:\/\/markd.com.br\/models\/homem-atira-em-mulher-e-filha-dela-mata-namorado-da-jovem-e-se-suicida\/","url":"https:\/\/markd.com.br\/models\/homem-atira-em-mulher-e-filha-dela-mata-namorado-da-jovem-e-se-suicida\/","name":"Homem atira em mulher e filha dela, mata namorado da jovem e se suicida - Not\u00edcias de Todos - Models01","isPartOf":{"@id":"https:\/\/markd.com.br\/models\/#website"},"primaryImageOfPage":{"@id":"https:\/\/markd.com.br\/models\/homem-atira-em-mulher-e-filha-dela-mata-namorado-da-jovem-e-se-suicida\/#primaryimage"},"image":{"@id":"https:\/\/markd.com.br\/models\/homem-atira-em-mulher-e-filha-dela-mata-namorado-da-jovem-e-se-suicida\/#primaryimage"},"thumbnailUrl":"https:\/\/markd.com.br\/models\/wp-content\/uploads\/2022\/07\/edificio-morada-dos-navegantes-800x445-1.webp","datePublished":"2022-07-08T17:02:18+00:00","dateModified":"2022-07-08T17:02:22+00:00","author":{"@id":"https:\/\/markd.com.br\/models\/#\/schema\/person\/c12a77ab487a7262d8bec3c47301ad37"},"breadcrumb":{"@id":"https:\/\/markd.com.br\/models\/homem-atira-em-mulher-e-filha-dela-mata-namorado-da-jovem-e-se-suicida\/#breadcrumb"},"inLanguage":"pt-BR","potentialAction":[{"@type":"ReadAction","target":["https:\/\/markd.com.br\/models\/homem-atira-em-mulher-e-filha-dela-mata-namorado-da-jovem-e-se-suicida\/"]}]},{"@type":"ImageObject","inLanguage":"pt-BR","@id":"https:\/\/markd.com.br\/models\/homem-atira-em-mulher-e-filha-dela-mata-namorado-da-jovem-e-se-suicida\/#primaryimage","url":"https:\/\/markd.com.br\/models\/wp-content\/uploads\/2022\/07\/edificio-morada-dos-navegantes-800x445-1.webp","contentUrl":"https:\/\/markd.com.br\/models\/wp-content\/uploads\/2022\/07\/edificio-morada-dos-navegantes-800x445-1.webp","width":800,"height":445},{"@type":"BreadcrumbList","@id":"https:\/\/markd.com.br\/models\/homem-atira-em-mulher-e-filha-dela-mata-namorado-da-jovem-e-se-suicida\/#breadcrumb","itemListElement":[{"@type":"ListItem","position":1,"name":"In\u00edcio","item":"https:\/\/markd.com.br\/models\/"},{"@type":"ListItem","position":2,"name":"Homem atira em mulher e filha dela, mata namorado da jovem e se suicida"}]},{"@type":"WebSite","@id":"https:\/\/markd.com.br\/models\/#website","url":"https:\/\/markd.com.br\/models\/","name":"Not\u00edcias de Todos - Models01","description":"Tenha um Portal de Not\u00edcias Moderno, Din\u00e2mico, R\u00e1pido e Profissional. Entregamos seu Site de  Not\u00edcias Pronto, Instalado, Hospedado, com Manual Passo a Passo e Suporte 24 horas.","potentialAction":[{"@type":"SearchAction","target":{"@type":"EntryPoint","urlTemplate":"https:\/\/markd.com.br\/models\/?s={search_term_string}"},"query-input":{"@type":"PropertyValueSpecification","valueRequired":true,"valueName":"search_term_string"}}],"inLanguage":"pt-BR"},{"@type":"Person","@id":"https:\/\/markd.com.br\/models\/#\/schema\/person\/c12a77ab487a7262d8bec3c47301ad37","name":"Reda\u00e7\u00e3o Reda\u00e7\u00e3o","image":{"@type":"ImageObject","inLanguage":"pt-BR","@id":"https:\/\/markd.com.br\/models\/#\/schema\/person\/image\/","url":"https:\/\/secure.gravatar.com\/avatar\/9448f3599ce269febf169e183039b4a6?s=96&d=mm&r=g","contentUrl":"https:\/\/secure.gravatar.com\/avatar\/9448f3599ce269febf169e183039b4a6?s=96&d=mm&r=g","caption":"Reda\u00e7\u00e3o Reda\u00e7\u00e3o"},"sameAs":["https:\/\/markd.com.br\/"],"url":"https:\/\/markd.com.br\/models\/author\/redacao\/"}]}},"featured_image_urls":{"full":["https:\/\/markd.com.br\/models\/wp-content\/uploads\/2022\/07\/edificio-morada-dos-navegantes-800x445-1.webp",800,445,false],"thumbnail":["https:\/\/markd.com.br\/models\/wp-content\/uploads\/2022\/07\/edificio-morada-dos-navegantes-800x445-1-150x150.webp",150,150,true],"medium":["https:\/\/markd.com.br\/models\/wp-content\/uploads\/2022\/07\/edificio-morada-dos-navegantes-800x445-1-300x167.webp",300,167,true],"medium_large":["https:\/\/markd.com.br\/models\/wp-content\/uploads\/2022\/07\/edificio-morada-dos-navegantes-800x445-1-768x427.webp",640,356,true],"large":["https:\/\/markd.com.br\/models\/wp-content\/uploads\/2022\/07\/edificio-morada-dos-navegantes-800x445-1.webp",640,356,false],"1536x1536":["https:\/\/markd.com.br\/models\/wp-content\/uploads\/2022\/07\/edificio-morada-dos-navegantes-800x445-1.webp",800,445,false],"2048x2048":["https:\/\/markd.com.br\/models\/wp-content\/uploads\/2022\/07\/edificio-morada-dos-navegantes-800x445-1.webp",800,445,false],"newsphere-slider-full":["https:\/\/markd.com.br\/models\/wp-content\/uploads\/2022\/07\/edificio-morada-dos-navegantes-800x445-1.webp",800,445,false],"newsphere-featured":["https:\/\/markd.com.br\/models\/wp-content\/uploads\/2022\/07\/edificio-morada-dos-navegantes-800x445-1.webp",800,445,false],"newsphere-medium":["https:\/\/markd.com.br\/models\/wp-content\/uploads\/2022\/07\/edificio-morada-dos-navegantes-800x445-1-720x380.webp",720,380,true]},"author_info":{"display_name":"Reda\u00e7\u00e3o Reda\u00e7\u00e3o","author_link":"https:\/\/markd.com.br\/models\/author\/redacao\/"},"category_info":"<a href=\"https:\/\/markd.com.br\/models\/category\/plantao-policial\/\" rel=\"category tag\">Plant\u00e3o policial<\/a>","tag_info":"Plant\u00e3o policial","comment_count":"0","jetpack_featured_media_url":"https:\/\/markd.com.br\/models\/wp-content\/uploads\/2022\/07\/edificio-morada-dos-navegantes-800x445-1.webp","_links":{"self":[{"href":"https:\/\/markd.com.br\/models\/wp-json\/wp\/v2\/posts\/2588","targetHints":{"allow":["GET"]}}],"collection":[{"href":"https:\/\/markd.com.br\/models\/wp-json\/wp\/v2\/posts"}],"about":[{"href":"https:\/\/markd.com.br\/models\/wp-json\/wp\/v2\/types\/post"}],"author":[{"embeddable":true,"href":"https:\/\/markd.com.br\/models\/wp-json\/wp\/v2\/users\/5"}],"replies":[{"embeddable":true,"href":"https:\/\/markd.com.br\/models\/wp-json\/wp\/v2\/comments?post=2588"}],"version-history":[{"count":1,"href":"https:\/\/markd.com.br\/models\/wp-json\/wp\/v2\/posts\/2588\/revisions"}],"predecessor-version":[{"id":2590,"href":"https:\/\/markd.com.br\/models\/wp-json\/wp\/v2\/posts\/2588\/revisions\/2590"}],"wp:featuredmedia":[{"embeddable":true,"href":"https:\/\/markd.com.br\/models\/wp-json\/wp\/v2\/media\/2589"}],"wp:attachment":[{"href":"https:\/\/markd.com.br\/models\/wp-json\/wp\/v2\/media?parent=2588"}],"wp:term":[{"taxonomy":"category","embeddable":true,"href":"https:\/\/markd.com.br\/models\/wp-json\/wp\/v2\/categories?post=2588"},{"taxonomy":"post_tag","embeddable":true,"href":"https:\/\/markd.com.br\/models\/wp-json\/wp\/v2\/tags?post=2588"}],"curies":[{"name":"wp","href":"https:\/\/api.w.org\/{rel}","templated":true}]}}