{"id":2601,"date":"2022-07-08T14:24:02","date_gmt":"2022-07-08T17:24:02","guid":{"rendered":"https:\/\/portaldestaquenoticias.com.br\/?p=2601"},"modified":"2022-07-08T14:24:06","modified_gmt":"2022-07-08T17:24:06","slug":"mulher-e-presa-apos-ser-denunciada-pela-mae-por-espancar-bebe-no-amazonas","status":"publish","type":"post","link":"https:\/\/markd.com.br\/models\/mulher-e-presa-apos-ser-denunciada-pela-mae-por-espancar-bebe-no-amazonas\/","title":{"rendered":"Mulher \u00e9 presa ap\u00f3s ser denunciada pela m\u00e3e por espancar beb\u00ea no Amazonas"},"content":{"rendered":"\n<p><\/p>\n\n\n\n<p>Uma mulher foi presa ap\u00f3s espancar o pr\u00f3prio filho, um beb\u00ea de apenas dois anos, no bairro Santo Ant\u00f4nio, no munic\u00edpio de Itacoatiara.<\/p>\n\n\n\n<p>A pol\u00edcia foi acionada pela m\u00e3e da suspeita, que tentou interromper as agress\u00f5es, mas sofreu agress\u00f5es verbais por parte da mulher.<\/p>\n\n\n\n<p>Quando os policiais chegaram no im\u00f3vel da fam\u00edlia, encontraram a v\u00edtima com v\u00e1rias marcas pelo corpo e a m\u00e3e descontrolada gritando.<\/p>\n\n\n\n<p>Ela recebeu voz de pris\u00e3o, mas tentou resistir e desacatou os PMs. A acusada precisou ser contida e levada para a delegacia e deve responder por maus-tratos e desacato a autoridade.<\/p>\n\n\n\n<p>fonte: Portal do Holanda<\/p>\n","protected":false},"excerpt":{"rendered":"<p>Uma mulher foi presa ap\u00f3s espancar o pr\u00f3prio filho, um beb\u00ea de apenas dois anos,&#8230;<\/p>\n","protected":false},"author":5,"featured_media":2602,"comment_status":"open","ping_status":"open","sticky":false,"template":"","format":"standard","meta":{"footnotes":""},"categories":[621],"tags":[],"class_list":["post-2601","post","type-post","status-publish","format-standard","has-post-thumbnail","hentry","category-plantao-policial"],"yoast_head":"<!-- This site is optimized with the Yoast SEO plugin v24.4 - https:\/\/yoast.com\/wordpress\/plugins\/seo\/ -->\n<title>Mulher \u00e9 presa ap\u00f3s ser denunciada pela m\u00e3e por espancar beb\u00ea no Amazonas - Not\u00edcias de Todos - Models01<\/title>\n<meta name=\"robots\" content=\"index, follow, max-snippet:-1, max-image-preview:large, max-video-preview:-1\" \/>\n<link rel=\"canonical\" href=\"https:\/\/markd.com.br\/models\/mulher-e-presa-apos-ser-denunciada-pela-mae-por-espancar-bebe-no-amazonas\/\" \/>\n<meta property=\"og:locale\" content=\"pt_BR\" \/>\n<meta property=\"og:type\" content=\"article\" \/>\n<meta property=\"og:title\" content=\"Mulher \u00e9 presa ap\u00f3s ser denunciada pela m\u00e3e por espancar beb\u00ea no Amazonas - Not\u00edcias de Todos - Models01\" \/>\n<meta property=\"og:description\" content=\"Uma mulher foi presa ap\u00f3s espancar o pr\u00f3prio filho, um beb\u00ea de apenas dois anos,...\" \/>\n<meta property=\"og:url\" content=\"https:\/\/markd.com.br\/models\/mulher-e-presa-apos-ser-denunciada-pela-mae-por-espancar-bebe-no-amazonas\/\" \/>\n<meta property=\"og:site_name\" content=\"Not\u00edcias de Todos - Models01\" \/>\n<meta property=\"article:published_time\" content=\"2022-07-08T17:24:02+00:00\" \/>\n<meta property=\"article:modified_time\" content=\"2022-07-08T17:24:06+00:00\" \/>\n<meta property=\"og:image\" content=\"https:\/\/markd.com.br\/models\/wp-content\/uploads\/2022\/07\/IMG_08072022_140616_640_x_439_pixel.jpg\" \/>\n\t<meta property=\"og:image:width\" content=\"640\" \/>\n\t<meta property=\"og:image:height\" content=\"439\" \/>\n\t<meta property=\"og:image:type\" content=\"image\/jpeg\" \/>\n<meta name=\"author\" content=\"Reda\u00e7\u00e3o Reda\u00e7\u00e3o\" \/>\n<meta name=\"twitter:card\" content=\"summary_large_image\" \/>\n<meta name=\"twitter:label1\" content=\"Escrito por\" \/>\n\t<meta name=\"twitter:data1\" content=\"Reda\u00e7\u00e3o Reda\u00e7\u00e3o\" \/>\n\t<meta name=\"twitter:label2\" content=\"Est. tempo de leitura\" \/>\n\t<meta name=\"twitter:data2\" content=\"1 minuto\" \/>\n<script type=\"application\/ld+json\" class=\"yoast-schema-graph\">{\"@context\":\"https:\/\/schema.org\",\"@graph\":[{\"@type\":\"WebPage\",\"@id\":\"https:\/\/markd.com.br\/models\/mulher-e-presa-apos-ser-denunciada-pela-mae-por-espancar-bebe-no-amazonas\/\",\"url\":\"https:\/\/markd.com.br\/models\/mulher-e-presa-apos-ser-denunciada-pela-mae-por-espancar-bebe-no-amazonas\/\",\"name\":\"Mulher \u00e9 presa ap\u00f3s ser denunciada pela m\u00e3e por espancar beb\u00ea no Amazonas - Not\u00edcias de Todos - Models01\",\"isPartOf\":{\"@id\":\"https:\/\/markd.com.br\/models\/#website\"},\"primaryImageOfPage\":{\"@id\":\"https:\/\/markd.com.br\/models\/mulher-e-presa-apos-ser-denunciada-pela-mae-por-espancar-bebe-no-amazonas\/#primaryimage\"},\"image\":{\"@id\":\"https:\/\/markd.com.br\/models\/mulher-e-presa-apos-ser-denunciada-pela-mae-por-espancar-bebe-no-amazonas\/#primaryimage\"},\"thumbnailUrl\":\"https:\/\/markd.com.br\/models\/wp-content\/uploads\/2022\/07\/IMG_08072022_140616_640_x_439_pixel.jpg\",\"datePublished\":\"2022-07-08T17:24:02+00:00\",\"dateModified\":\"2022-07-08T17:24:06+00:00\",\"author\":{\"@id\":\"https:\/\/markd.com.br\/models\/#\/schema\/person\/c12a77ab487a7262d8bec3c47301ad37\"},\"breadcrumb\":{\"@id\":\"https:\/\/markd.com.br\/models\/mulher-e-presa-apos-ser-denunciada-pela-mae-por-espancar-bebe-no-amazonas\/#breadcrumb\"},\"inLanguage\":\"pt-BR\",\"potentialAction\":[{\"@type\":\"ReadAction\",\"target\":[\"https:\/\/markd.com.br\/models\/mulher-e-presa-apos-ser-denunciada-pela-mae-por-espancar-bebe-no-amazonas\/\"]}]},{\"@type\":\"ImageObject\",\"inLanguage\":\"pt-BR\",\"@id\":\"https:\/\/markd.com.br\/models\/mulher-e-presa-apos-ser-denunciada-pela-mae-por-espancar-bebe-no-amazonas\/#primaryimage\",\"url\":\"https:\/\/markd.com.br\/models\/wp-content\/uploads\/2022\/07\/IMG_08072022_140616_640_x_439_pixel.jpg\",\"contentUrl\":\"https:\/\/markd.com.br\/models\/wp-content\/uploads\/2022\/07\/IMG_08072022_140616_640_x_439_pixel.jpg\",\"width\":640,\"height\":439},{\"@type\":\"BreadcrumbList\",\"@id\":\"https:\/\/markd.com.br\/models\/mulher-e-presa-apos-ser-denunciada-pela-mae-por-espancar-bebe-no-amazonas\/#breadcrumb\",\"itemListElement\":[{\"@type\":\"ListItem\",\"position\":1,\"name\":\"In\u00edcio\",\"item\":\"https:\/\/markd.com.br\/models\/\"},{\"@type\":\"ListItem\",\"position\":2,\"name\":\"Mulher \u00e9 presa ap\u00f3s ser denunciada pela m\u00e3e por espancar beb\u00ea no Amazonas\"}]},{\"@type\":\"WebSite\",\"@id\":\"https:\/\/markd.com.br\/models\/#website\",\"url\":\"https:\/\/markd.com.br\/models\/\",\"name\":\"Not\u00edcias de Todos - Models01\",\"description\":\"Tenha um Portal de Not\u00edcias Moderno, Din\u00e2mico, R\u00e1pido e Profissional. Entregamos seu Site de  Not\u00edcias Pronto, Instalado, Hospedado, com Manual Passo a Passo e Suporte 24 horas.\",\"potentialAction\":[{\"@type\":\"SearchAction\",\"target\":{\"@type\":\"EntryPoint\",\"urlTemplate\":\"https:\/\/markd.com.br\/models\/?s={search_term_string}\"},\"query-input\":{\"@type\":\"PropertyValueSpecification\",\"valueRequired\":true,\"valueName\":\"search_term_string\"}}],\"inLanguage\":\"pt-BR\"},{\"@type\":\"Person\",\"@id\":\"https:\/\/markd.com.br\/models\/#\/schema\/person\/c12a77ab487a7262d8bec3c47301ad37\",\"name\":\"Reda\u00e7\u00e3o Reda\u00e7\u00e3o\",\"image\":{\"@type\":\"ImageObject\",\"inLanguage\":\"pt-BR\",\"@id\":\"https:\/\/markd.com.br\/models\/#\/schema\/person\/image\/\",\"url\":\"https:\/\/secure.gravatar.com\/avatar\/9448f3599ce269febf169e183039b4a6?s=96&d=mm&r=g\",\"contentUrl\":\"https:\/\/secure.gravatar.com\/avatar\/9448f3599ce269febf169e183039b4a6?s=96&d=mm&r=g\",\"caption\":\"Reda\u00e7\u00e3o Reda\u00e7\u00e3o\"},\"sameAs\":[\"https:\/\/markd.com.br\/\"],\"url\":\"https:\/\/markd.com.br\/models\/author\/redacao\/\"}]}<\/script>\n<!-- \/ Yoast SEO plugin. -->","yoast_head_json":{"title":"Mulher \u00e9 presa ap\u00f3s ser denunciada pela m\u00e3e por espancar beb\u00ea no Amazonas - Not\u00edcias de Todos - Models01","robots":{"index":"index","follow":"follow","max-snippet":"max-snippet:-1","max-image-preview":"max-image-preview:large","max-video-preview":"max-video-preview:-1"},"canonical":"https:\/\/markd.com.br\/models\/mulher-e-presa-apos-ser-denunciada-pela-mae-por-espancar-bebe-no-amazonas\/","og_locale":"pt_BR","og_type":"article","og_title":"Mulher \u00e9 presa ap\u00f3s ser denunciada pela m\u00e3e por espancar beb\u00ea no Amazonas - Not\u00edcias de Todos - Models01","og_description":"Uma mulher foi presa ap\u00f3s espancar o pr\u00f3prio filho, um beb\u00ea de apenas dois anos,...","og_url":"https:\/\/markd.com.br\/models\/mulher-e-presa-apos-ser-denunciada-pela-mae-por-espancar-bebe-no-amazonas\/","og_site_name":"Not\u00edcias de Todos - Models01","article_published_time":"2022-07-08T17:24:02+00:00","article_modified_time":"2022-07-08T17:24:06+00:00","og_image":[{"width":640,"height":439,"url":"https:\/\/markd.com.br\/models\/wp-content\/uploads\/2022\/07\/IMG_08072022_140616_640_x_439_pixel.jpg","type":"image\/jpeg"}],"author":"Reda\u00e7\u00e3o Reda\u00e7\u00e3o","twitter_card":"summary_large_image","twitter_misc":{"Escrito por":"Reda\u00e7\u00e3o Reda\u00e7\u00e3o","Est. tempo de leitura":"1 minuto"},"schema":{"@context":"https:\/\/schema.org","@graph":[{"@type":"WebPage","@id":"https:\/\/markd.com.br\/models\/mulher-e-presa-apos-ser-denunciada-pela-mae-por-espancar-bebe-no-amazonas\/","url":"https:\/\/markd.com.br\/models\/mulher-e-presa-apos-ser-denunciada-pela-mae-por-espancar-bebe-no-amazonas\/","name":"Mulher \u00e9 presa ap\u00f3s ser denunciada pela m\u00e3e por espancar beb\u00ea no Amazonas - Not\u00edcias de Todos - Models01","isPartOf":{"@id":"https:\/\/markd.com.br\/models\/#website"},"primaryImageOfPage":{"@id":"https:\/\/markd.com.br\/models\/mulher-e-presa-apos-ser-denunciada-pela-mae-por-espancar-bebe-no-amazonas\/#primaryimage"},"image":{"@id":"https:\/\/markd.com.br\/models\/mulher-e-presa-apos-ser-denunciada-pela-mae-por-espancar-bebe-no-amazonas\/#primaryimage"},"thumbnailUrl":"https:\/\/markd.com.br\/models\/wp-content\/uploads\/2022\/07\/IMG_08072022_140616_640_x_439_pixel.jpg","datePublished":"2022-07-08T17:24:02+00:00","dateModified":"2022-07-08T17:24:06+00:00","author":{"@id":"https:\/\/markd.com.br\/models\/#\/schema\/person\/c12a77ab487a7262d8bec3c47301ad37"},"breadcrumb":{"@id":"https:\/\/markd.com.br\/models\/mulher-e-presa-apos-ser-denunciada-pela-mae-por-espancar-bebe-no-amazonas\/#breadcrumb"},"inLanguage":"pt-BR","potentialAction":[{"@type":"ReadAction","target":["https:\/\/markd.com.br\/models\/mulher-e-presa-apos-ser-denunciada-pela-mae-por-espancar-bebe-no-amazonas\/"]}]},{"@type":"ImageObject","inLanguage":"pt-BR","@id":"https:\/\/markd.com.br\/models\/mulher-e-presa-apos-ser-denunciada-pela-mae-por-espancar-bebe-no-amazonas\/#primaryimage","url":"https:\/\/markd.com.br\/models\/wp-content\/uploads\/2022\/07\/IMG_08072022_140616_640_x_439_pixel.jpg","contentUrl":"https:\/\/markd.com.br\/models\/wp-content\/uploads\/2022\/07\/IMG_08072022_140616_640_x_439_pixel.jpg","width":640,"height":439},{"@type":"BreadcrumbList","@id":"https:\/\/markd.com.br\/models\/mulher-e-presa-apos-ser-denunciada-pela-mae-por-espancar-bebe-no-amazonas\/#breadcrumb","itemListElement":[{"@type":"ListItem","position":1,"name":"In\u00edcio","item":"https:\/\/markd.com.br\/models\/"},{"@type":"ListItem","position":2,"name":"Mulher \u00e9 presa ap\u00f3s ser denunciada pela m\u00e3e por espancar beb\u00ea no Amazonas"}]},{"@type":"WebSite","@id":"https:\/\/markd.com.br\/models\/#website","url":"https:\/\/markd.com.br\/models\/","name":"Not\u00edcias de Todos - Models01","description":"Tenha um Portal de Not\u00edcias Moderno, Din\u00e2mico, R\u00e1pido e Profissional. Entregamos seu Site de  Not\u00edcias Pronto, Instalado, Hospedado, com Manual Passo a Passo e Suporte 24 horas.","potentialAction":[{"@type":"SearchAction","target":{"@type":"EntryPoint","urlTemplate":"https:\/\/markd.com.br\/models\/?s={search_term_string}"},"query-input":{"@type":"PropertyValueSpecification","valueRequired":true,"valueName":"search_term_string"}}],"inLanguage":"pt-BR"},{"@type":"Person","@id":"https:\/\/markd.com.br\/models\/#\/schema\/person\/c12a77ab487a7262d8bec3c47301ad37","name":"Reda\u00e7\u00e3o Reda\u00e7\u00e3o","image":{"@type":"ImageObject","inLanguage":"pt-BR","@id":"https:\/\/markd.com.br\/models\/#\/schema\/person\/image\/","url":"https:\/\/secure.gravatar.com\/avatar\/9448f3599ce269febf169e183039b4a6?s=96&d=mm&r=g","contentUrl":"https:\/\/secure.gravatar.com\/avatar\/9448f3599ce269febf169e183039b4a6?s=96&d=mm&r=g","caption":"Reda\u00e7\u00e3o Reda\u00e7\u00e3o"},"sameAs":["https:\/\/markd.com.br\/"],"url":"https:\/\/markd.com.br\/models\/author\/redacao\/"}]}},"featured_image_urls":{"full":["https:\/\/markd.com.br\/models\/wp-content\/uploads\/2022\/07\/IMG_08072022_140616_640_x_439_pixel.jpg",640,439,false],"thumbnail":["https:\/\/markd.com.br\/models\/wp-content\/uploads\/2022\/07\/IMG_08072022_140616_640_x_439_pixel-150x150.jpg",150,150,true],"medium":["https:\/\/markd.com.br\/models\/wp-content\/uploads\/2022\/07\/IMG_08072022_140616_640_x_439_pixel-300x206.jpg",300,206,true],"medium_large":["https:\/\/markd.com.br\/models\/wp-content\/uploads\/2022\/07\/IMG_08072022_140616_640_x_439_pixel.jpg",640,439,false],"large":["https:\/\/markd.com.br\/models\/wp-content\/uploads\/2022\/07\/IMG_08072022_140616_640_x_439_pixel.jpg",640,439,false],"1536x1536":["https:\/\/markd.com.br\/models\/wp-content\/uploads\/2022\/07\/IMG_08072022_140616_640_x_439_pixel.jpg",640,439,false],"2048x2048":["https:\/\/markd.com.br\/models\/wp-content\/uploads\/2022\/07\/IMG_08072022_140616_640_x_439_pixel.jpg",640,439,false],"newsphere-slider-full":["https:\/\/markd.com.br\/models\/wp-content\/uploads\/2022\/07\/IMG_08072022_140616_640_x_439_pixel.jpg",640,439,false],"newsphere-featured":["https:\/\/markd.com.br\/models\/wp-content\/uploads\/2022\/07\/IMG_08072022_140616_640_x_439_pixel.jpg",640,439,false],"newsphere-medium":["https:\/\/markd.com.br\/models\/wp-content\/uploads\/2022\/07\/IMG_08072022_140616_640_x_439_pixel-640x380.jpg",640,380,true]},"author_info":{"display_name":"Reda\u00e7\u00e3o Reda\u00e7\u00e3o","author_link":"https:\/\/markd.com.br\/models\/author\/redacao\/"},"category_info":"<a href=\"https:\/\/markd.com.br\/models\/category\/plantao-policial\/\" rel=\"category tag\">Plant\u00e3o policial<\/a>","tag_info":"Plant\u00e3o policial","comment_count":"0","jetpack_featured_media_url":"https:\/\/markd.com.br\/models\/wp-content\/uploads\/2022\/07\/IMG_08072022_140616_640_x_439_pixel.jpg","_links":{"self":[{"href":"https:\/\/markd.com.br\/models\/wp-json\/wp\/v2\/posts\/2601","targetHints":{"allow":["GET"]}}],"collection":[{"href":"https:\/\/markd.com.br\/models\/wp-json\/wp\/v2\/posts"}],"about":[{"href":"https:\/\/markd.com.br\/models\/wp-json\/wp\/v2\/types\/post"}],"author":[{"embeddable":true,"href":"https:\/\/markd.com.br\/models\/wp-json\/wp\/v2\/users\/5"}],"replies":[{"embeddable":true,"href":"https:\/\/markd.com.br\/models\/wp-json\/wp\/v2\/comments?post=2601"}],"version-history":[{"count":1,"href":"https:\/\/markd.com.br\/models\/wp-json\/wp\/v2\/posts\/2601\/revisions"}],"predecessor-version":[{"id":2603,"href":"https:\/\/markd.com.br\/models\/wp-json\/wp\/v2\/posts\/2601\/revisions\/2603"}],"wp:featuredmedia":[{"embeddable":true,"href":"https:\/\/markd.com.br\/models\/wp-json\/wp\/v2\/media\/2602"}],"wp:attachment":[{"href":"https:\/\/markd.com.br\/models\/wp-json\/wp\/v2\/media?parent=2601"}],"wp:term":[{"taxonomy":"category","embeddable":true,"href":"https:\/\/markd.com.br\/models\/wp-json\/wp\/v2\/categories?post=2601"},{"taxonomy":"post_tag","embeddable":true,"href":"https:\/\/markd.com.br\/models\/wp-json\/wp\/v2\/tags?post=2601"}],"curies":[{"name":"wp","href":"https:\/\/api.w.org\/{rel}","templated":true}]}}