{"id":2604,"date":"2022-07-11T11:53:01","date_gmt":"2022-07-11T14:53:01","guid":{"rendered":"https:\/\/portaldestaquenoticias.com.br\/?p=2604"},"modified":"2022-07-11T11:53:04","modified_gmt":"2022-07-11T14:53:04","slug":"prefeitura-apoia-a-realizacao-da-2a-feira-da-agricultura-familiar-do-polo-2-na-br-174","status":"publish","type":"post","link":"https:\/\/markd.com.br\/models\/prefeitura-apoia-a-realizacao-da-2a-feira-da-agricultura-familiar-do-polo-2-na-br-174\/","title":{"rendered":"Prefeitura apoia a realiza\u00e7\u00e3o da 2\u00aa \u2018Feira da Agricultura Familiar do Polo 2\u2019, na BR-174"},"content":{"rendered":"\n<p><\/p>\n\n\n\n<p>A 2\u00aa \u201cFeira da Agricultura Familiar do Polo 2\u201d foi realizada durante todo o s\u00e1bado, 9\/7, na sede da comunidade agr\u00edcola Nova Cana\u00e3, quil\u00f4metro 41 da BR-174. A&nbsp;Prefeitura de Manaus, por meio da Secretaria Municipal de Agricultura, Abastecimento, Centro e Com\u00e9rcio Informal (Semacc), foi uma das apoiadoras do evento.<\/p>\n\n\n\n<p>De acordo com a diretora de Agricultura e Abastecimento da secretaria, Meyb Seixas, a iniciativa para a realiza\u00e7\u00e3o da feira foi dos l\u00edderes comunit\u00e1rios que comp\u00f5em o polo 2, mas o apoio da Semacc foi fundamental para a realiza\u00e7\u00e3o do evento.<\/p>\n\n\n\n<p>\u201cO apoio a esses eventos do setor prim\u00e1rio faz parte do plano de governo do prefeito David Almeida, e o secret\u00e1rio da Semacc, Wanderson Costa, n\u00e3o tem medido esfor\u00e7os para incentivar a realiza\u00e7\u00e3o das feiras de agricultura familiar\u201d, destacou Meyb Seixas.<\/p>\n\n\n\n<p>Dez comunidades rurais que fazem parte do polo 2 da agricultura familiar participaram da feira, que teve 18 produtores expondo e vendendo produtos, como artesanato, frutas, verduras, temperos, polpas, peixe e ovos. As vendas aconteceram tanto no varejo quanto no atacado, o que demonstra a import\u00e2ncia da realiza\u00e7\u00e3o desses eventos para o produtor e pequeno empreendedor.<\/p>\n\n\n\n<p>\u201cAl\u00e9m do p\u00fablico presente, que movimentou bastante a feira, tivemos cinco feirantes de Manaus que foram at\u00e9 l\u00e1 comprar laranja e banana no atacado, o que pode garantir um pre\u00e7o melhor para o consumidor\u201d, ressaltou a diretora da Semacc.<\/p>\n\n\n\n<p>Segundo&nbsp;&nbsp;Juliana Ferreira,&nbsp;agricultora da comunidade Hollywood, na BR-174, a realiza\u00e7\u00e3o das feiras de Agricultura Familiar s\u00e3o um grande incentivo para os produtores.<\/p>\n\n\n\n<p>\u201cA feira \u00e9 um incentivo para a gente continuar plantando e colhendo, trazer nossos produtos para c\u00e1, vender para as pessoas que v\u00eam aqui nos prestigiar e para os comunit\u00e1rios tamb\u00e9m\u201d, explicou a comunit\u00e1ria.<\/p>\n\n\n\n<p>Durante a 2\u00aa \u201cFeira da Agricultura Familiar do Polo 2\u201d, a equipe da Semacc tamb\u00e9m realizou cadastramento de produtores rurais e aproveitou para divulgar o evento \u201cDivas do Agro\u201d, promo\u00e7\u00e3o do Sebrae, que tem o apoio da Prefeitura de Manaus, por meio da Semacc, e que vai acontecer no dia 22 de julho para fomentar a discuss\u00e3o sobre a import\u00e2ncia da atua\u00e7\u00e3o feminina no desenvolvimento do agroneg\u00f3cio.<\/p>\n\n\n\n<p>\u201cPara n\u00f3s, mulheres, vai ser muito importante, porque vai trazer desenvolvimento, mais informa\u00e7\u00e3o, vai unir as mulheres da comunidade e vamos nos desenvolver, com rela\u00e7\u00e3o ao nosso trabalho na agricultura, vai ser importante participar do evento \u2018Divas do Agro\u2019. E eu aproveito pra agradecer a parceria da Semacc, da prefeitura, para a realiza\u00e7\u00e3o da nossa feira e a todos que vieram prestigiar o nosso evento\u201d, finalizou Naline Kado, produtora e l\u00edder comunit\u00e1ria que&nbsp; representa as mulheres do polo 2.<\/p>\n\n\n\n<p>Um grande arraial encerrou a 2\u00aa Feira da Agricultura Familiar do Polo 2, a partir das 18h, que contou com comidas t\u00edpicas, dan\u00e7as, bingo e muita m\u00fasica junina.&nbsp;<\/p>\n","protected":false},"excerpt":{"rendered":"<p>A 2\u00aa \u201cFeira da Agricultura Familiar do Polo 2\u201d foi realizada durante todo o s\u00e1bado,&#8230;<\/p>\n","protected":false},"author":5,"featured_media":2605,"comment_status":"open","ping_status":"open","sticky":false,"template":"","format":"standard","meta":{"footnotes":""},"categories":[35],"tags":[43],"class_list":["post-2604","post","type-post","status-publish","format-standard","has-post-thumbnail","hentry","category-prefeitura-de-manaus","tag-prefeitura-de-manaus"],"yoast_head":"<!-- This site is optimized with the Yoast SEO plugin v24.4 - https:\/\/yoast.com\/wordpress\/plugins\/seo\/ -->\n<title>Prefeitura apoia a realiza\u00e7\u00e3o da 2\u00aa \u2018Feira da Agricultura Familiar do Polo 2\u2019, na BR-174 - Not\u00edcias de Todos - Models01<\/title>\n<meta name=\"robots\" content=\"index, follow, max-snippet:-1, max-image-preview:large, max-video-preview:-1\" \/>\n<link rel=\"canonical\" href=\"https:\/\/markd.com.br\/models\/prefeitura-apoia-a-realizacao-da-2a-feira-da-agricultura-familiar-do-polo-2-na-br-174\/\" \/>\n<meta property=\"og:locale\" content=\"pt_BR\" \/>\n<meta property=\"og:type\" content=\"article\" \/>\n<meta property=\"og:title\" content=\"Prefeitura apoia a realiza\u00e7\u00e3o da 2\u00aa \u2018Feira da Agricultura Familiar do Polo 2\u2019, na BR-174 - Not\u00edcias de Todos - Models01\" \/>\n<meta property=\"og:description\" content=\"A 2\u00aa \u201cFeira da Agricultura Familiar do Polo 2\u201d foi realizada durante todo o s\u00e1bado,...\" \/>\n<meta property=\"og:url\" content=\"https:\/\/markd.com.br\/models\/prefeitura-apoia-a-realizacao-da-2a-feira-da-agricultura-familiar-do-polo-2-na-br-174\/\" \/>\n<meta property=\"og:site_name\" content=\"Not\u00edcias de Todos - Models01\" \/>\n<meta property=\"article:published_time\" content=\"2022-07-11T14:53:01+00:00\" \/>\n<meta property=\"article:modified_time\" content=\"2022-07-11T14:53:04+00:00\" \/>\n<meta property=\"og:image\" content=\"https:\/\/markd.com.br\/models\/wp-content\/uploads\/2022\/07\/Feira_Polo2-5-720x407-1.jpeg\" \/>\n\t<meta property=\"og:image:width\" content=\"640\" \/>\n\t<meta property=\"og:image:height\" content=\"362\" \/>\n\t<meta property=\"og:image:type\" content=\"image\/jpeg\" \/>\n<meta name=\"author\" content=\"Reda\u00e7\u00e3o Reda\u00e7\u00e3o\" \/>\n<meta name=\"twitter:card\" content=\"summary_large_image\" \/>\n<meta name=\"twitter:label1\" content=\"Escrito por\" \/>\n\t<meta name=\"twitter:data1\" content=\"Reda\u00e7\u00e3o Reda\u00e7\u00e3o\" \/>\n\t<meta name=\"twitter:label2\" content=\"Est. tempo de leitura\" \/>\n\t<meta name=\"twitter:data2\" content=\"3 minutos\" \/>\n<script type=\"application\/ld+json\" class=\"yoast-schema-graph\">{\"@context\":\"https:\/\/schema.org\",\"@graph\":[{\"@type\":\"WebPage\",\"@id\":\"https:\/\/markd.com.br\/models\/prefeitura-apoia-a-realizacao-da-2a-feira-da-agricultura-familiar-do-polo-2-na-br-174\/\",\"url\":\"https:\/\/markd.com.br\/models\/prefeitura-apoia-a-realizacao-da-2a-feira-da-agricultura-familiar-do-polo-2-na-br-174\/\",\"name\":\"Prefeitura apoia a realiza\u00e7\u00e3o da 2\u00aa \u2018Feira da Agricultura Familiar do Polo 2\u2019, na BR-174 - Not\u00edcias de Todos - Models01\",\"isPartOf\":{\"@id\":\"https:\/\/markd.com.br\/models\/#website\"},\"primaryImageOfPage\":{\"@id\":\"https:\/\/markd.com.br\/models\/prefeitura-apoia-a-realizacao-da-2a-feira-da-agricultura-familiar-do-polo-2-na-br-174\/#primaryimage\"},\"image\":{\"@id\":\"https:\/\/markd.com.br\/models\/prefeitura-apoia-a-realizacao-da-2a-feira-da-agricultura-familiar-do-polo-2-na-br-174\/#primaryimage\"},\"thumbnailUrl\":\"https:\/\/markd.com.br\/models\/wp-content\/uploads\/2022\/07\/Feira_Polo2-5-720x407-1.jpeg\",\"datePublished\":\"2022-07-11T14:53:01+00:00\",\"dateModified\":\"2022-07-11T14:53:04+00:00\",\"author\":{\"@id\":\"https:\/\/markd.com.br\/models\/#\/schema\/person\/c12a77ab487a7262d8bec3c47301ad37\"},\"breadcrumb\":{\"@id\":\"https:\/\/markd.com.br\/models\/prefeitura-apoia-a-realizacao-da-2a-feira-da-agricultura-familiar-do-polo-2-na-br-174\/#breadcrumb\"},\"inLanguage\":\"pt-BR\",\"potentialAction\":[{\"@type\":\"ReadAction\",\"target\":[\"https:\/\/markd.com.br\/models\/prefeitura-apoia-a-realizacao-da-2a-feira-da-agricultura-familiar-do-polo-2-na-br-174\/\"]}]},{\"@type\":\"ImageObject\",\"inLanguage\":\"pt-BR\",\"@id\":\"https:\/\/markd.com.br\/models\/prefeitura-apoia-a-realizacao-da-2a-feira-da-agricultura-familiar-do-polo-2-na-br-174\/#primaryimage\",\"url\":\"https:\/\/markd.com.br\/models\/wp-content\/uploads\/2022\/07\/Feira_Polo2-5-720x407-1.jpeg\",\"contentUrl\":\"https:\/\/markd.com.br\/models\/wp-content\/uploads\/2022\/07\/Feira_Polo2-5-720x407-1.jpeg\",\"width\":640,\"height\":362},{\"@type\":\"BreadcrumbList\",\"@id\":\"https:\/\/markd.com.br\/models\/prefeitura-apoia-a-realizacao-da-2a-feira-da-agricultura-familiar-do-polo-2-na-br-174\/#breadcrumb\",\"itemListElement\":[{\"@type\":\"ListItem\",\"position\":1,\"name\":\"In\u00edcio\",\"item\":\"https:\/\/markd.com.br\/models\/\"},{\"@type\":\"ListItem\",\"position\":2,\"name\":\"Prefeitura apoia a realiza\u00e7\u00e3o da 2\u00aa \u2018Feira da Agricultura Familiar do Polo 2\u2019, na BR-174\"}]},{\"@type\":\"WebSite\",\"@id\":\"https:\/\/markd.com.br\/models\/#website\",\"url\":\"https:\/\/markd.com.br\/models\/\",\"name\":\"Not\u00edcias de Todos - Models01\",\"description\":\"Tenha um Portal de Not\u00edcias Moderno, Din\u00e2mico, R\u00e1pido e Profissional. Entregamos seu Site de  Not\u00edcias Pronto, Instalado, Hospedado, com Manual Passo a Passo e Suporte 24 horas.\",\"potentialAction\":[{\"@type\":\"SearchAction\",\"target\":{\"@type\":\"EntryPoint\",\"urlTemplate\":\"https:\/\/markd.com.br\/models\/?s={search_term_string}\"},\"query-input\":{\"@type\":\"PropertyValueSpecification\",\"valueRequired\":true,\"valueName\":\"search_term_string\"}}],\"inLanguage\":\"pt-BR\"},{\"@type\":\"Person\",\"@id\":\"https:\/\/markd.com.br\/models\/#\/schema\/person\/c12a77ab487a7262d8bec3c47301ad37\",\"name\":\"Reda\u00e7\u00e3o Reda\u00e7\u00e3o\",\"image\":{\"@type\":\"ImageObject\",\"inLanguage\":\"pt-BR\",\"@id\":\"https:\/\/markd.com.br\/models\/#\/schema\/person\/image\/\",\"url\":\"https:\/\/secure.gravatar.com\/avatar\/9448f3599ce269febf169e183039b4a6?s=96&d=mm&r=g\",\"contentUrl\":\"https:\/\/secure.gravatar.com\/avatar\/9448f3599ce269febf169e183039b4a6?s=96&d=mm&r=g\",\"caption\":\"Reda\u00e7\u00e3o Reda\u00e7\u00e3o\"},\"sameAs\":[\"https:\/\/markd.com.br\/\"],\"url\":\"https:\/\/markd.com.br\/models\/author\/redacao\/\"}]}<\/script>\n<!-- \/ Yoast SEO plugin. -->","yoast_head_json":{"title":"Prefeitura apoia a realiza\u00e7\u00e3o da 2\u00aa \u2018Feira da Agricultura Familiar do Polo 2\u2019, na BR-174 - Not\u00edcias de Todos - Models01","robots":{"index":"index","follow":"follow","max-snippet":"max-snippet:-1","max-image-preview":"max-image-preview:large","max-video-preview":"max-video-preview:-1"},"canonical":"https:\/\/markd.com.br\/models\/prefeitura-apoia-a-realizacao-da-2a-feira-da-agricultura-familiar-do-polo-2-na-br-174\/","og_locale":"pt_BR","og_type":"article","og_title":"Prefeitura apoia a realiza\u00e7\u00e3o da 2\u00aa \u2018Feira da Agricultura Familiar do Polo 2\u2019, na BR-174 - Not\u00edcias de Todos - Models01","og_description":"A 2\u00aa \u201cFeira da Agricultura Familiar do Polo 2\u201d foi realizada durante todo o s\u00e1bado,...","og_url":"https:\/\/markd.com.br\/models\/prefeitura-apoia-a-realizacao-da-2a-feira-da-agricultura-familiar-do-polo-2-na-br-174\/","og_site_name":"Not\u00edcias de Todos - Models01","article_published_time":"2022-07-11T14:53:01+00:00","article_modified_time":"2022-07-11T14:53:04+00:00","og_image":[{"width":640,"height":362,"url":"https:\/\/markd.com.br\/models\/wp-content\/uploads\/2022\/07\/Feira_Polo2-5-720x407-1.jpeg","type":"image\/jpeg"}],"author":"Reda\u00e7\u00e3o Reda\u00e7\u00e3o","twitter_card":"summary_large_image","twitter_misc":{"Escrito por":"Reda\u00e7\u00e3o Reda\u00e7\u00e3o","Est. tempo de leitura":"3 minutos"},"schema":{"@context":"https:\/\/schema.org","@graph":[{"@type":"WebPage","@id":"https:\/\/markd.com.br\/models\/prefeitura-apoia-a-realizacao-da-2a-feira-da-agricultura-familiar-do-polo-2-na-br-174\/","url":"https:\/\/markd.com.br\/models\/prefeitura-apoia-a-realizacao-da-2a-feira-da-agricultura-familiar-do-polo-2-na-br-174\/","name":"Prefeitura apoia a realiza\u00e7\u00e3o da 2\u00aa \u2018Feira da Agricultura Familiar do Polo 2\u2019, na BR-174 - Not\u00edcias de Todos - Models01","isPartOf":{"@id":"https:\/\/markd.com.br\/models\/#website"},"primaryImageOfPage":{"@id":"https:\/\/markd.com.br\/models\/prefeitura-apoia-a-realizacao-da-2a-feira-da-agricultura-familiar-do-polo-2-na-br-174\/#primaryimage"},"image":{"@id":"https:\/\/markd.com.br\/models\/prefeitura-apoia-a-realizacao-da-2a-feira-da-agricultura-familiar-do-polo-2-na-br-174\/#primaryimage"},"thumbnailUrl":"https:\/\/markd.com.br\/models\/wp-content\/uploads\/2022\/07\/Feira_Polo2-5-720x407-1.jpeg","datePublished":"2022-07-11T14:53:01+00:00","dateModified":"2022-07-11T14:53:04+00:00","author":{"@id":"https:\/\/markd.com.br\/models\/#\/schema\/person\/c12a77ab487a7262d8bec3c47301ad37"},"breadcrumb":{"@id":"https:\/\/markd.com.br\/models\/prefeitura-apoia-a-realizacao-da-2a-feira-da-agricultura-familiar-do-polo-2-na-br-174\/#breadcrumb"},"inLanguage":"pt-BR","potentialAction":[{"@type":"ReadAction","target":["https:\/\/markd.com.br\/models\/prefeitura-apoia-a-realizacao-da-2a-feira-da-agricultura-familiar-do-polo-2-na-br-174\/"]}]},{"@type":"ImageObject","inLanguage":"pt-BR","@id":"https:\/\/markd.com.br\/models\/prefeitura-apoia-a-realizacao-da-2a-feira-da-agricultura-familiar-do-polo-2-na-br-174\/#primaryimage","url":"https:\/\/markd.com.br\/models\/wp-content\/uploads\/2022\/07\/Feira_Polo2-5-720x407-1.jpeg","contentUrl":"https:\/\/markd.com.br\/models\/wp-content\/uploads\/2022\/07\/Feira_Polo2-5-720x407-1.jpeg","width":640,"height":362},{"@type":"BreadcrumbList","@id":"https:\/\/markd.com.br\/models\/prefeitura-apoia-a-realizacao-da-2a-feira-da-agricultura-familiar-do-polo-2-na-br-174\/#breadcrumb","itemListElement":[{"@type":"ListItem","position":1,"name":"In\u00edcio","item":"https:\/\/markd.com.br\/models\/"},{"@type":"ListItem","position":2,"name":"Prefeitura apoia a realiza\u00e7\u00e3o da 2\u00aa \u2018Feira da Agricultura Familiar do Polo 2\u2019, na BR-174"}]},{"@type":"WebSite","@id":"https:\/\/markd.com.br\/models\/#website","url":"https:\/\/markd.com.br\/models\/","name":"Not\u00edcias de Todos - Models01","description":"Tenha um Portal de Not\u00edcias Moderno, Din\u00e2mico, R\u00e1pido e Profissional. Entregamos seu Site de  Not\u00edcias Pronto, Instalado, Hospedado, com Manual Passo a Passo e Suporte 24 horas.","potentialAction":[{"@type":"SearchAction","target":{"@type":"EntryPoint","urlTemplate":"https:\/\/markd.com.br\/models\/?s={search_term_string}"},"query-input":{"@type":"PropertyValueSpecification","valueRequired":true,"valueName":"search_term_string"}}],"inLanguage":"pt-BR"},{"@type":"Person","@id":"https:\/\/markd.com.br\/models\/#\/schema\/person\/c12a77ab487a7262d8bec3c47301ad37","name":"Reda\u00e7\u00e3o Reda\u00e7\u00e3o","image":{"@type":"ImageObject","inLanguage":"pt-BR","@id":"https:\/\/markd.com.br\/models\/#\/schema\/person\/image\/","url":"https:\/\/secure.gravatar.com\/avatar\/9448f3599ce269febf169e183039b4a6?s=96&d=mm&r=g","contentUrl":"https:\/\/secure.gravatar.com\/avatar\/9448f3599ce269febf169e183039b4a6?s=96&d=mm&r=g","caption":"Reda\u00e7\u00e3o Reda\u00e7\u00e3o"},"sameAs":["https:\/\/markd.com.br\/"],"url":"https:\/\/markd.com.br\/models\/author\/redacao\/"}]}},"featured_image_urls":{"full":["https:\/\/markd.com.br\/models\/wp-content\/uploads\/2022\/07\/Feira_Polo2-5-720x407-1.jpeg",640,362,false],"thumbnail":["https:\/\/markd.com.br\/models\/wp-content\/uploads\/2022\/07\/Feira_Polo2-5-720x407-1-150x150.jpeg",150,150,true],"medium":["https:\/\/markd.com.br\/models\/wp-content\/uploads\/2022\/07\/Feira_Polo2-5-720x407-1-300x170.jpeg",300,170,true],"medium_large":["https:\/\/markd.com.br\/models\/wp-content\/uploads\/2022\/07\/Feira_Polo2-5-720x407-1.jpeg",640,362,false],"large":["https:\/\/markd.com.br\/models\/wp-content\/uploads\/2022\/07\/Feira_Polo2-5-720x407-1.jpeg",640,362,false],"1536x1536":["https:\/\/markd.com.br\/models\/wp-content\/uploads\/2022\/07\/Feira_Polo2-5-720x407-1.jpeg",640,362,false],"2048x2048":["https:\/\/markd.com.br\/models\/wp-content\/uploads\/2022\/07\/Feira_Polo2-5-720x407-1.jpeg",640,362,false],"newsphere-slider-full":["https:\/\/markd.com.br\/models\/wp-content\/uploads\/2022\/07\/Feira_Polo2-5-720x407-1.jpeg",640,362,false],"newsphere-featured":["https:\/\/markd.com.br\/models\/wp-content\/uploads\/2022\/07\/Feira_Polo2-5-720x407-1.jpeg",640,362,false],"newsphere-medium":["https:\/\/markd.com.br\/models\/wp-content\/uploads\/2022\/07\/Feira_Polo2-5-720x407-1.jpeg",640,362,false]},"author_info":{"display_name":"Reda\u00e7\u00e3o Reda\u00e7\u00e3o","author_link":"https:\/\/markd.com.br\/models\/author\/redacao\/"},"category_info":"<a href=\"https:\/\/markd.com.br\/models\/category\/prefeitura-de-manaus\/\" rel=\"category tag\">Prefeitura de Manaus<\/a>","tag_info":"Prefeitura de Manaus","comment_count":"0","jetpack_featured_media_url":"https:\/\/markd.com.br\/models\/wp-content\/uploads\/2022\/07\/Feira_Polo2-5-720x407-1.jpeg","_links":{"self":[{"href":"https:\/\/markd.com.br\/models\/wp-json\/wp\/v2\/posts\/2604","targetHints":{"allow":["GET"]}}],"collection":[{"href":"https:\/\/markd.com.br\/models\/wp-json\/wp\/v2\/posts"}],"about":[{"href":"https:\/\/markd.com.br\/models\/wp-json\/wp\/v2\/types\/post"}],"author":[{"embeddable":true,"href":"https:\/\/markd.com.br\/models\/wp-json\/wp\/v2\/users\/5"}],"replies":[{"embeddable":true,"href":"https:\/\/markd.com.br\/models\/wp-json\/wp\/v2\/comments?post=2604"}],"version-history":[{"count":1,"href":"https:\/\/markd.com.br\/models\/wp-json\/wp\/v2\/posts\/2604\/revisions"}],"predecessor-version":[{"id":2606,"href":"https:\/\/markd.com.br\/models\/wp-json\/wp\/v2\/posts\/2604\/revisions\/2606"}],"wp:featuredmedia":[{"embeddable":true,"href":"https:\/\/markd.com.br\/models\/wp-json\/wp\/v2\/media\/2605"}],"wp:attachment":[{"href":"https:\/\/markd.com.br\/models\/wp-json\/wp\/v2\/media?parent=2604"}],"wp:term":[{"taxonomy":"category","embeddable":true,"href":"https:\/\/markd.com.br\/models\/wp-json\/wp\/v2\/categories?post=2604"},{"taxonomy":"post_tag","embeddable":true,"href":"https:\/\/markd.com.br\/models\/wp-json\/wp\/v2\/tags?post=2604"}],"curies":[{"name":"wp","href":"https:\/\/api.w.org\/{rel}","templated":true}]}}