{"id":2611,"date":"2022-07-11T11:59:49","date_gmt":"2022-07-11T14:59:49","guid":{"rendered":"https:\/\/portaldestaquenoticias.com.br\/?p=2611"},"modified":"2022-07-11T11:59:52","modified_gmt":"2022-07-11T14:59:52","slug":"prefeito-david-almeida-quer-manaus-a-melhor-do-brasil-em-pelo-menos-dez-servicos","status":"publish","type":"post","link":"https:\/\/markd.com.br\/models\/prefeito-david-almeida-quer-manaus-a-melhor-do-brasil-em-pelo-menos-dez-servicos\/","title":{"rendered":"Prefeito David Almeida quer Manaus a melhor do Brasil em pelo menos dez servi\u00e7os"},"content":{"rendered":"\n<p><\/p>\n\n\n\n<p>Manaus&nbsp;consagrada a melhor capital do Brasil na presta\u00e7\u00e3o de, pelo menos, dez servi\u00e7os p\u00fablicos. Foi o que declarou o prefeito David Almeida, em entrevista, neste domingo, 10\/7, em Boa Vista (RR), logo ap\u00f3s participar da 20\u00aa Corrida Internacional 9 de Julho, a mais tradicional do Estado vizinho, realizada no s\u00e1bado (9\/7), onde correu e divulgou a Maratona Internacional de Manaus.<\/p>\n\n\n\n<p>Parte dessa meta, o prefeito j\u00e1 alcan\u00e7ou em um ano e meio \u00e0 frente da Prefeitura de Manaus: a capital amazonense \u00e9 a primeira em Sa\u00fade B\u00e1sica, no ranking do programa Previne Brasil, do Minist\u00e9rio da Sa\u00fade. A Previd\u00eancia Social e a Educa\u00e7\u00e3o tamb\u00e9m s\u00e3o destaques nacionais, assim como a secretaria do Trabalho, considerada a mais exitosa entre as capitais brasileiras que empregam com carteira assinada.<\/p>\n\n\n\n<p>\u201cDentre todas as capitais, n\u00f3s temos esses servi\u00e7os que s\u00e3o os melhores do Brasil, e eu estou trabalhando para que possamos ampliar ainda mais. Quero ter a melhor Educa\u00e7\u00e3o B\u00e1sica, a melhor Infraestrutura, temos 99% da cidade coberta com LED, a melhor Limpeza P\u00fablica, a melhor Assist\u00eancia Social, o melhor servi\u00e7o de Mercados e Feiras e eu vou trabalhar para que n\u00f3s tenhamos os melhores servi\u00e7os do Brasil em, pelo menos, dez \u00e1reas\u201d, enfatizou Almeida.<\/p>\n\n\n\n<p>Regionalmente, o Minist\u00e9rio da Economia reconhece a gest\u00e3o econ\u00f4mica de David Almeida como sendo de excel\u00eancia, marca in\u00e9dita no Norte do pa\u00eds. E esse reconhecimento, particularmente, permite que a prefeitura busque financiamentos a juros mais baixos.<\/p>\n\n\n\n<p>Especialmente neste ano, o prefeito David Almeida tem apertado o passo da gest\u00e3o para melhorar, por exemplo, a Mobilidade Urbana. Parceria com o governo do Amazonas tem \u201cturbinado\u201d as pastas relacionadas a esse tipo de investimento. Conv\u00eanios entre as duas m\u00e1quinas p\u00fablicas est\u00e3o financiando o recapeamento de 10 mil ruas, com o programa Asfalta Manaus; renova\u00e7\u00e3o da frota do transporte coletivo, incluindo a introdu\u00e7\u00e3o de \u00f4nibus el\u00e9tricos; al\u00e9m da constru\u00e7\u00e3o de viadutos e passagens de n\u00edvel.<\/p>\n\n\n\n<p>\u201cN\u00f3s estamos vivendo um momento bem diferenciado na nossa cidade. N\u00f3s fizemos um Plano de Mobilidade Urbana para a constru\u00e7\u00e3o do maior viaduto de Manaus, o viaduto na zona Leste da cidade, na bola do Produtor. Um viaduto com 12 dire\u00e7\u00f5es, que vai resolver o problema daquele trecho pelos pr\u00f3ximos 50 anos.&nbsp; Tudo isso n\u00f3s temos em parceria com o governo do Estado. Isso&nbsp; facilita a vida do gestor municipal, porque n\u00f3s temos recursos para investir e melhorar a qualidade de vida\u201d, finalizou.<\/p>\n","protected":false},"excerpt":{"rendered":"<p>Manaus&nbsp;consagrada a melhor capital do Brasil na presta\u00e7\u00e3o de, pelo menos, dez servi\u00e7os p\u00fablicos. Foi&#8230;<\/p>\n","protected":false},"author":5,"featured_media":2612,"comment_status":"open","ping_status":"open","sticky":false,"template":"","format":"standard","meta":{"footnotes":""},"categories":[35],"tags":[523,43],"class_list":["post-2611","post","type-post","status-publish","format-standard","has-post-thumbnail","hentry","category-prefeitura-de-manaus","tag-prefeito-david-almeida","tag-prefeitura-de-manaus"],"yoast_head":"<!-- This site is optimized with the Yoast SEO plugin v24.4 - https:\/\/yoast.com\/wordpress\/plugins\/seo\/ -->\n<title>Prefeito David Almeida quer Manaus a melhor do Brasil em pelo menos dez servi\u00e7os - Not\u00edcias de Todos - Models01<\/title>\n<meta name=\"robots\" content=\"index, follow, max-snippet:-1, max-image-preview:large, max-video-preview:-1\" \/>\n<link rel=\"canonical\" href=\"https:\/\/markd.com.br\/models\/prefeito-david-almeida-quer-manaus-a-melhor-do-brasil-em-pelo-menos-dez-servicos\/\" \/>\n<meta property=\"og:locale\" content=\"pt_BR\" \/>\n<meta property=\"og:type\" content=\"article\" \/>\n<meta property=\"og:title\" content=\"Prefeito David Almeida quer Manaus a melhor do Brasil em pelo menos dez servi\u00e7os - Not\u00edcias de Todos - Models01\" \/>\n<meta property=\"og:description\" content=\"Manaus&nbsp;consagrada a melhor capital do Brasil na presta\u00e7\u00e3o de, pelo menos, dez servi\u00e7os p\u00fablicos. Foi...\" \/>\n<meta property=\"og:url\" content=\"https:\/\/markd.com.br\/models\/prefeito-david-almeida-quer-manaus-a-melhor-do-brasil-em-pelo-menos-dez-servicos\/\" \/>\n<meta property=\"og:site_name\" content=\"Not\u00edcias de Todos - Models01\" \/>\n<meta property=\"article:published_time\" content=\"2022-07-11T14:59:49+00:00\" \/>\n<meta property=\"article:modified_time\" content=\"2022-07-11T14:59:52+00:00\" \/>\n<meta property=\"og:image\" content=\"https:\/\/markd.com.br\/models\/wp-content\/uploads\/2022\/07\/Prefeito-David-Almeida.jpg\" \/>\n\t<meta property=\"og:image:width\" content=\"640\" \/>\n\t<meta property=\"og:image:height\" content=\"399\" \/>\n\t<meta property=\"og:image:type\" content=\"image\/jpeg\" \/>\n<meta name=\"author\" content=\"Reda\u00e7\u00e3o Reda\u00e7\u00e3o\" \/>\n<meta name=\"twitter:card\" content=\"summary_large_image\" \/>\n<meta name=\"twitter:label1\" content=\"Escrito por\" \/>\n\t<meta name=\"twitter:data1\" content=\"Reda\u00e7\u00e3o Reda\u00e7\u00e3o\" \/>\n\t<meta name=\"twitter:label2\" content=\"Est. tempo de leitura\" \/>\n\t<meta name=\"twitter:data2\" content=\"3 minutos\" \/>\n<script type=\"application\/ld+json\" class=\"yoast-schema-graph\">{\"@context\":\"https:\/\/schema.org\",\"@graph\":[{\"@type\":\"WebPage\",\"@id\":\"https:\/\/markd.com.br\/models\/prefeito-david-almeida-quer-manaus-a-melhor-do-brasil-em-pelo-menos-dez-servicos\/\",\"url\":\"https:\/\/markd.com.br\/models\/prefeito-david-almeida-quer-manaus-a-melhor-do-brasil-em-pelo-menos-dez-servicos\/\",\"name\":\"Prefeito David Almeida quer Manaus a melhor do Brasil em pelo menos dez servi\u00e7os - Not\u00edcias de Todos - Models01\",\"isPartOf\":{\"@id\":\"https:\/\/markd.com.br\/models\/#website\"},\"primaryImageOfPage\":{\"@id\":\"https:\/\/markd.com.br\/models\/prefeito-david-almeida-quer-manaus-a-melhor-do-brasil-em-pelo-menos-dez-servicos\/#primaryimage\"},\"image\":{\"@id\":\"https:\/\/markd.com.br\/models\/prefeito-david-almeida-quer-manaus-a-melhor-do-brasil-em-pelo-menos-dez-servicos\/#primaryimage\"},\"thumbnailUrl\":\"https:\/\/markd.com.br\/models\/wp-content\/uploads\/2022\/07\/Prefeito-David-Almeida.jpg\",\"datePublished\":\"2022-07-11T14:59:49+00:00\",\"dateModified\":\"2022-07-11T14:59:52+00:00\",\"author\":{\"@id\":\"https:\/\/markd.com.br\/models\/#\/schema\/person\/c12a77ab487a7262d8bec3c47301ad37\"},\"breadcrumb\":{\"@id\":\"https:\/\/markd.com.br\/models\/prefeito-david-almeida-quer-manaus-a-melhor-do-brasil-em-pelo-menos-dez-servicos\/#breadcrumb\"},\"inLanguage\":\"pt-BR\",\"potentialAction\":[{\"@type\":\"ReadAction\",\"target\":[\"https:\/\/markd.com.br\/models\/prefeito-david-almeida-quer-manaus-a-melhor-do-brasil-em-pelo-menos-dez-servicos\/\"]}]},{\"@type\":\"ImageObject\",\"inLanguage\":\"pt-BR\",\"@id\":\"https:\/\/markd.com.br\/models\/prefeito-david-almeida-quer-manaus-a-melhor-do-brasil-em-pelo-menos-dez-servicos\/#primaryimage\",\"url\":\"https:\/\/markd.com.br\/models\/wp-content\/uploads\/2022\/07\/Prefeito-David-Almeida.jpg\",\"contentUrl\":\"https:\/\/markd.com.br\/models\/wp-content\/uploads\/2022\/07\/Prefeito-David-Almeida.jpg\",\"width\":640,\"height\":399},{\"@type\":\"BreadcrumbList\",\"@id\":\"https:\/\/markd.com.br\/models\/prefeito-david-almeida-quer-manaus-a-melhor-do-brasil-em-pelo-menos-dez-servicos\/#breadcrumb\",\"itemListElement\":[{\"@type\":\"ListItem\",\"position\":1,\"name\":\"In\u00edcio\",\"item\":\"https:\/\/markd.com.br\/models\/\"},{\"@type\":\"ListItem\",\"position\":2,\"name\":\"Prefeito David Almeida quer Manaus a melhor do Brasil em pelo menos dez servi\u00e7os\"}]},{\"@type\":\"WebSite\",\"@id\":\"https:\/\/markd.com.br\/models\/#website\",\"url\":\"https:\/\/markd.com.br\/models\/\",\"name\":\"Not\u00edcias de Todos - Models01\",\"description\":\"Tenha um Portal de Not\u00edcias Moderno, Din\u00e2mico, R\u00e1pido e Profissional. Entregamos seu Site de  Not\u00edcias Pronto, Instalado, Hospedado, com Manual Passo a Passo e Suporte 24 horas.\",\"potentialAction\":[{\"@type\":\"SearchAction\",\"target\":{\"@type\":\"EntryPoint\",\"urlTemplate\":\"https:\/\/markd.com.br\/models\/?s={search_term_string}\"},\"query-input\":{\"@type\":\"PropertyValueSpecification\",\"valueRequired\":true,\"valueName\":\"search_term_string\"}}],\"inLanguage\":\"pt-BR\"},{\"@type\":\"Person\",\"@id\":\"https:\/\/markd.com.br\/models\/#\/schema\/person\/c12a77ab487a7262d8bec3c47301ad37\",\"name\":\"Reda\u00e7\u00e3o Reda\u00e7\u00e3o\",\"image\":{\"@type\":\"ImageObject\",\"inLanguage\":\"pt-BR\",\"@id\":\"https:\/\/markd.com.br\/models\/#\/schema\/person\/image\/\",\"url\":\"https:\/\/secure.gravatar.com\/avatar\/9448f3599ce269febf169e183039b4a6?s=96&d=mm&r=g\",\"contentUrl\":\"https:\/\/secure.gravatar.com\/avatar\/9448f3599ce269febf169e183039b4a6?s=96&d=mm&r=g\",\"caption\":\"Reda\u00e7\u00e3o Reda\u00e7\u00e3o\"},\"sameAs\":[\"https:\/\/markd.com.br\/\"],\"url\":\"https:\/\/markd.com.br\/models\/author\/redacao\/\"}]}<\/script>\n<!-- \/ Yoast SEO plugin. -->","yoast_head_json":{"title":"Prefeito David Almeida quer Manaus a melhor do Brasil em pelo menos dez servi\u00e7os - Not\u00edcias de Todos - Models01","robots":{"index":"index","follow":"follow","max-snippet":"max-snippet:-1","max-image-preview":"max-image-preview:large","max-video-preview":"max-video-preview:-1"},"canonical":"https:\/\/markd.com.br\/models\/prefeito-david-almeida-quer-manaus-a-melhor-do-brasil-em-pelo-menos-dez-servicos\/","og_locale":"pt_BR","og_type":"article","og_title":"Prefeito David Almeida quer Manaus a melhor do Brasil em pelo menos dez servi\u00e7os - Not\u00edcias de Todos - Models01","og_description":"Manaus&nbsp;consagrada a melhor capital do Brasil na presta\u00e7\u00e3o de, pelo menos, dez servi\u00e7os p\u00fablicos. Foi...","og_url":"https:\/\/markd.com.br\/models\/prefeito-david-almeida-quer-manaus-a-melhor-do-brasil-em-pelo-menos-dez-servicos\/","og_site_name":"Not\u00edcias de Todos - Models01","article_published_time":"2022-07-11T14:59:49+00:00","article_modified_time":"2022-07-11T14:59:52+00:00","og_image":[{"width":640,"height":399,"url":"https:\/\/markd.com.br\/models\/wp-content\/uploads\/2022\/07\/Prefeito-David-Almeida.jpg","type":"image\/jpeg"}],"author":"Reda\u00e7\u00e3o Reda\u00e7\u00e3o","twitter_card":"summary_large_image","twitter_misc":{"Escrito por":"Reda\u00e7\u00e3o Reda\u00e7\u00e3o","Est. tempo de leitura":"3 minutos"},"schema":{"@context":"https:\/\/schema.org","@graph":[{"@type":"WebPage","@id":"https:\/\/markd.com.br\/models\/prefeito-david-almeida-quer-manaus-a-melhor-do-brasil-em-pelo-menos-dez-servicos\/","url":"https:\/\/markd.com.br\/models\/prefeito-david-almeida-quer-manaus-a-melhor-do-brasil-em-pelo-menos-dez-servicos\/","name":"Prefeito David Almeida quer Manaus a melhor do Brasil em pelo menos dez servi\u00e7os - Not\u00edcias de Todos - Models01","isPartOf":{"@id":"https:\/\/markd.com.br\/models\/#website"},"primaryImageOfPage":{"@id":"https:\/\/markd.com.br\/models\/prefeito-david-almeida-quer-manaus-a-melhor-do-brasil-em-pelo-menos-dez-servicos\/#primaryimage"},"image":{"@id":"https:\/\/markd.com.br\/models\/prefeito-david-almeida-quer-manaus-a-melhor-do-brasil-em-pelo-menos-dez-servicos\/#primaryimage"},"thumbnailUrl":"https:\/\/markd.com.br\/models\/wp-content\/uploads\/2022\/07\/Prefeito-David-Almeida.jpg","datePublished":"2022-07-11T14:59:49+00:00","dateModified":"2022-07-11T14:59:52+00:00","author":{"@id":"https:\/\/markd.com.br\/models\/#\/schema\/person\/c12a77ab487a7262d8bec3c47301ad37"},"breadcrumb":{"@id":"https:\/\/markd.com.br\/models\/prefeito-david-almeida-quer-manaus-a-melhor-do-brasil-em-pelo-menos-dez-servicos\/#breadcrumb"},"inLanguage":"pt-BR","potentialAction":[{"@type":"ReadAction","target":["https:\/\/markd.com.br\/models\/prefeito-david-almeida-quer-manaus-a-melhor-do-brasil-em-pelo-menos-dez-servicos\/"]}]},{"@type":"ImageObject","inLanguage":"pt-BR","@id":"https:\/\/markd.com.br\/models\/prefeito-david-almeida-quer-manaus-a-melhor-do-brasil-em-pelo-menos-dez-servicos\/#primaryimage","url":"https:\/\/markd.com.br\/models\/wp-content\/uploads\/2022\/07\/Prefeito-David-Almeida.jpg","contentUrl":"https:\/\/markd.com.br\/models\/wp-content\/uploads\/2022\/07\/Prefeito-David-Almeida.jpg","width":640,"height":399},{"@type":"BreadcrumbList","@id":"https:\/\/markd.com.br\/models\/prefeito-david-almeida-quer-manaus-a-melhor-do-brasil-em-pelo-menos-dez-servicos\/#breadcrumb","itemListElement":[{"@type":"ListItem","position":1,"name":"In\u00edcio","item":"https:\/\/markd.com.br\/models\/"},{"@type":"ListItem","position":2,"name":"Prefeito David Almeida quer Manaus a melhor do Brasil em pelo menos dez servi\u00e7os"}]},{"@type":"WebSite","@id":"https:\/\/markd.com.br\/models\/#website","url":"https:\/\/markd.com.br\/models\/","name":"Not\u00edcias de Todos - Models01","description":"Tenha um Portal de Not\u00edcias Moderno, Din\u00e2mico, R\u00e1pido e Profissional. Entregamos seu Site de  Not\u00edcias Pronto, Instalado, Hospedado, com Manual Passo a Passo e Suporte 24 horas.","potentialAction":[{"@type":"SearchAction","target":{"@type":"EntryPoint","urlTemplate":"https:\/\/markd.com.br\/models\/?s={search_term_string}"},"query-input":{"@type":"PropertyValueSpecification","valueRequired":true,"valueName":"search_term_string"}}],"inLanguage":"pt-BR"},{"@type":"Person","@id":"https:\/\/markd.com.br\/models\/#\/schema\/person\/c12a77ab487a7262d8bec3c47301ad37","name":"Reda\u00e7\u00e3o Reda\u00e7\u00e3o","image":{"@type":"ImageObject","inLanguage":"pt-BR","@id":"https:\/\/markd.com.br\/models\/#\/schema\/person\/image\/","url":"https:\/\/secure.gravatar.com\/avatar\/9448f3599ce269febf169e183039b4a6?s=96&d=mm&r=g","contentUrl":"https:\/\/secure.gravatar.com\/avatar\/9448f3599ce269febf169e183039b4a6?s=96&d=mm&r=g","caption":"Reda\u00e7\u00e3o Reda\u00e7\u00e3o"},"sameAs":["https:\/\/markd.com.br\/"],"url":"https:\/\/markd.com.br\/models\/author\/redacao\/"}]}},"featured_image_urls":{"full":["https:\/\/markd.com.br\/models\/wp-content\/uploads\/2022\/07\/Prefeito-David-Almeida.jpg",640,399,false],"thumbnail":["https:\/\/markd.com.br\/models\/wp-content\/uploads\/2022\/07\/Prefeito-David-Almeida-150x150.jpg",150,150,true],"medium":["https:\/\/markd.com.br\/models\/wp-content\/uploads\/2022\/07\/Prefeito-David-Almeida-300x187.jpg",300,187,true],"medium_large":["https:\/\/markd.com.br\/models\/wp-content\/uploads\/2022\/07\/Prefeito-David-Almeida.jpg",640,399,false],"large":["https:\/\/markd.com.br\/models\/wp-content\/uploads\/2022\/07\/Prefeito-David-Almeida.jpg",640,399,false],"1536x1536":["https:\/\/markd.com.br\/models\/wp-content\/uploads\/2022\/07\/Prefeito-David-Almeida.jpg",640,399,false],"2048x2048":["https:\/\/markd.com.br\/models\/wp-content\/uploads\/2022\/07\/Prefeito-David-Almeida.jpg",640,399,false],"newsphere-slider-full":["https:\/\/markd.com.br\/models\/wp-content\/uploads\/2022\/07\/Prefeito-David-Almeida.jpg",640,399,false],"newsphere-featured":["https:\/\/markd.com.br\/models\/wp-content\/uploads\/2022\/07\/Prefeito-David-Almeida.jpg",640,399,false],"newsphere-medium":["https:\/\/markd.com.br\/models\/wp-content\/uploads\/2022\/07\/Prefeito-David-Almeida-640x380.jpg",640,380,true]},"author_info":{"display_name":"Reda\u00e7\u00e3o Reda\u00e7\u00e3o","author_link":"https:\/\/markd.com.br\/models\/author\/redacao\/"},"category_info":"<a href=\"https:\/\/markd.com.br\/models\/category\/prefeitura-de-manaus\/\" rel=\"category tag\">Prefeitura de Manaus<\/a>","tag_info":"Prefeitura de Manaus","comment_count":"0","jetpack_featured_media_url":"https:\/\/markd.com.br\/models\/wp-content\/uploads\/2022\/07\/Prefeito-David-Almeida.jpg","_links":{"self":[{"href":"https:\/\/markd.com.br\/models\/wp-json\/wp\/v2\/posts\/2611","targetHints":{"allow":["GET"]}}],"collection":[{"href":"https:\/\/markd.com.br\/models\/wp-json\/wp\/v2\/posts"}],"about":[{"href":"https:\/\/markd.com.br\/models\/wp-json\/wp\/v2\/types\/post"}],"author":[{"embeddable":true,"href":"https:\/\/markd.com.br\/models\/wp-json\/wp\/v2\/users\/5"}],"replies":[{"embeddable":true,"href":"https:\/\/markd.com.br\/models\/wp-json\/wp\/v2\/comments?post=2611"}],"version-history":[{"count":1,"href":"https:\/\/markd.com.br\/models\/wp-json\/wp\/v2\/posts\/2611\/revisions"}],"predecessor-version":[{"id":2613,"href":"https:\/\/markd.com.br\/models\/wp-json\/wp\/v2\/posts\/2611\/revisions\/2613"}],"wp:featuredmedia":[{"embeddable":true,"href":"https:\/\/markd.com.br\/models\/wp-json\/wp\/v2\/media\/2612"}],"wp:attachment":[{"href":"https:\/\/markd.com.br\/models\/wp-json\/wp\/v2\/media?parent=2611"}],"wp:term":[{"taxonomy":"category","embeddable":true,"href":"https:\/\/markd.com.br\/models\/wp-json\/wp\/v2\/categories?post=2611"},{"taxonomy":"post_tag","embeddable":true,"href":"https:\/\/markd.com.br\/models\/wp-json\/wp\/v2\/tags?post=2611"}],"curies":[{"name":"wp","href":"https:\/\/api.w.org\/{rel}","templated":true}]}}