{"id":2617,"date":"2022-07-11T12:16:33","date_gmt":"2022-07-11T15:16:33","guid":{"rendered":"https:\/\/portaldestaquenoticias.com.br\/?p=2617"},"modified":"2022-07-11T12:16:37","modified_gmt":"2022-07-11T15:16:37","slug":"prefeitura-abre-semana-com-sambodromo-e-mais-83-locais-de-vacinacao-contra-a-covid-19","status":"publish","type":"post","link":"https:\/\/markd.com.br\/models\/prefeitura-abre-semana-com-sambodromo-e-mais-83-locais-de-vacinacao-contra-a-covid-19\/","title":{"rendered":"Prefeitura abre semana com samb\u00f3dromo e mais 83 locais de vacina\u00e7\u00e3o contra a Covid-19"},"content":{"rendered":"\n<p><\/p>\n\n\n\n<p>A&nbsp;Prefeitura de Manaus&nbsp;abre a semana de 11 a 15\/7 com 84 pontos de vacina\u00e7\u00e3o contra a Covid-19 distribu\u00eddos em todas as zonas geogr\u00e1ficas da cidade. As 81 unidades b\u00e1sicas de Sa\u00fade (UBSs) e os dois pontos estrat\u00e9gicos de grande fluxo (Studio 5, na zona Sul, e shopping Phelippe Daou, na zona Norte) continuam a operar normalmente ao longo de toda a semana. J\u00e1 o Centro de Conven\u00e7\u00f5es de Manaus, o samb\u00f3dromo, na zona Oeste, ser\u00e1 mantido como local de atendimento at\u00e9 a pr\u00f3xima quarta, 13\/7, com&nbsp;<em>drive-thru<\/em>&nbsp;e com postos para pedestres, em substitui\u00e7\u00e3o ao Centro de Conven\u00e7\u00f5es Vasco Vasques, que deixa de funcionar.<\/p>\n\n\n\n<p>De acordo com o titular da Secretaria Municipal de Sa\u00fade (Semsa), Djalma Coelho, a continuidade do atendimento no samb\u00f3dromo por mais tr\u00eas dias visa oferecer mais uma oportunidade de acesso aos usu\u00e1rios que preferem se vacinar no sistema&nbsp;<em>drive-thru<\/em>, mas n\u00e3o puderam ir durante a mega-ac\u00e3o de intensifica\u00e7\u00e3o, que alcan\u00e7ou o total de 53.597 pessoas.<\/p>\n\n\n\n<p>\u201cAl\u00e9m disso, decidimos otimizar o espa\u00e7o e as equipes de vacina\u00e7\u00e3o, deslocando para o samb\u00f3dromo o servi\u00e7o de atendimento a pedestres do Vasco Vasques, que registrou demanda abaixo do esperado\u201d, explica o secret\u00e1rio.<\/p>\n\n\n\n<p>Os tr\u00eas pontos estrat\u00e9gicos v\u00e3o funcionar das 9h \u00e0s 16h e as unidades estar\u00e3o vacinando em hor\u00e1rios diferenciados, de acordo com o porte e a capacidade de atendimento. As de pequeno porte atender\u00e3o das 8h \u00e0s 16h, as de hor\u00e1rio regular, das 8h \u00e0s 17h, e as de hor\u00e1rio estendido, das 8h \u00e0s 20h.<\/p>\n\n\n\n<p>A rela\u00e7\u00e3o completa dos pontos de atendimento pode ser consultada no site da Semsa por meio do link&nbsp;<a href=\"http:\/\/bit.ly\/localvacinacovid19\" target=\"_blank\" rel=\"noreferrer noopener\">http:\/\/bit.ly\/localvacinacovid19<\/a>, e nas redes sociais da Secretaria (@semsamanaus, no instagram, e Semsa Manaus, no facebook).<\/p>\n\n\n\n<p>O munic\u00edpio segue oferecendo de primeira \u00e0 quarta a todos os p\u00fablicos contemplados na campanha de vacina\u00e7\u00e3o. Para os que t\u00eam entre 5 e 11 anos, est\u00e3o liberadas duas doses. Os adolescentes de 12 a 17 anos podem receber tr\u00eas doses, sendo que a terceira (primeiro refor\u00e7o) deve ser tomada quatro meses ap\u00f3s a segunda. J\u00e1 para o p\u00fablico de 18 anos e mais est\u00e3o liberadas quatro doses, tamb\u00e9m com intervalo de quatro meses entre as doses de refor\u00e7o (terceira e quarta).<\/p>\n\n\n\n<p>Mesmo as pessoas que iniciaram o esquema vacinal com Janssen j\u00e1 podem tomar o refor\u00e7o, respeitando o intervalo de quatro meses entre as doses, que podem ser feitas com qualquer dos tr\u00eas imunizantes utilizados no esquema complementar (Pfizer, Astrazeneca ou a pr\u00f3pria Janssen).<\/p>\n\n\n\n<p>O secret\u00e1rio Djalma Coelho refor\u00e7a a import\u00e2ncia da continuidade da vacina\u00e7\u00e3o de acordo com os par\u00e2metros definidos pelo Minist\u00e9rio da Sa\u00fade, enfatizando a queda da prote\u00e7\u00e3o contra o coronav\u00edrus ap\u00f3s um per\u00edodo de quatro a seis meses.<\/p>\n\n\n\n<p>De acordo com Djalma, a prefeitura est\u00e1 acompanhando a m\u00e9dia m\u00f3vel de casos de Covid na capital. \u201cPor enquanto, seguimos com a recomenda\u00e7\u00e3o de refor\u00e7o das medidas individuais de prote\u00e7\u00e3o e com a orienta\u00e7\u00e3o de que, diante de sintomas gripais, o usu\u00e1rio procure uma UBS para consulta e testagem r\u00e1pida\u201d.<\/p>\n","protected":false},"excerpt":{"rendered":"<p>A&nbsp;Prefeitura de Manaus&nbsp;abre a semana de 11 a 15\/7 com 84 pontos de vacina\u00e7\u00e3o contra&#8230;<\/p>\n","protected":false},"author":5,"featured_media":2618,"comment_status":"open","ping_status":"open","sticky":false,"template":"","format":"standard","meta":{"footnotes":""},"categories":[35],"tags":[48,43,125],"class_list":["post-2617","post","type-post","status-publish","format-standard","has-post-thumbnail","hentry","category-prefeitura-de-manaus","tag-covid19","tag-prefeitura-de-manaus","tag-vacinacao"],"yoast_head":"<!-- This site is optimized with the Yoast SEO plugin v24.4 - https:\/\/yoast.com\/wordpress\/plugins\/seo\/ -->\n<title>Prefeitura abre semana com samb\u00f3dromo e mais 83 locais de vacina\u00e7\u00e3o contra a Covid-19 - Not\u00edcias de Todos - Models01<\/title>\n<meta name=\"robots\" content=\"index, follow, max-snippet:-1, max-image-preview:large, max-video-preview:-1\" \/>\n<link rel=\"canonical\" href=\"https:\/\/markd.com.br\/models\/prefeitura-abre-semana-com-sambodromo-e-mais-83-locais-de-vacinacao-contra-a-covid-19\/\" \/>\n<meta property=\"og:locale\" content=\"pt_BR\" \/>\n<meta property=\"og:type\" content=\"article\" \/>\n<meta property=\"og:title\" content=\"Prefeitura abre semana com samb\u00f3dromo e mais 83 locais de vacina\u00e7\u00e3o contra a Covid-19 - Not\u00edcias de Todos - Models01\" \/>\n<meta property=\"og:description\" content=\"A&nbsp;Prefeitura de Manaus&nbsp;abre a semana de 11 a 15\/7 com 84 pontos de vacina\u00e7\u00e3o contra...\" \/>\n<meta property=\"og:url\" content=\"https:\/\/markd.com.br\/models\/prefeitura-abre-semana-com-sambodromo-e-mais-83-locais-de-vacinacao-contra-a-covid-19\/\" \/>\n<meta property=\"og:site_name\" content=\"Not\u00edcias de Todos - Models01\" \/>\n<meta property=\"article:published_time\" content=\"2022-07-11T15:16:33+00:00\" \/>\n<meta property=\"article:modified_time\" content=\"2022-07-11T15:16:37+00:00\" \/>\n<meta property=\"og:image\" content=\"https:\/\/markd.com.br\/models\/wp-content\/uploads\/2022\/07\/52204544268_b81cb8b43e_c-720x384-1.jpg\" \/>\n\t<meta property=\"og:image:width\" content=\"640\" \/>\n\t<meta property=\"og:image:height\" content=\"341\" \/>\n\t<meta property=\"og:image:type\" content=\"image\/jpeg\" \/>\n<meta name=\"author\" content=\"Reda\u00e7\u00e3o Reda\u00e7\u00e3o\" \/>\n<meta name=\"twitter:card\" content=\"summary_large_image\" \/>\n<meta name=\"twitter:label1\" content=\"Escrito por\" \/>\n\t<meta name=\"twitter:data1\" content=\"Reda\u00e7\u00e3o Reda\u00e7\u00e3o\" \/>\n\t<meta name=\"twitter:label2\" content=\"Est. tempo de leitura\" \/>\n\t<meta name=\"twitter:data2\" content=\"3 minutos\" \/>\n<script type=\"application\/ld+json\" class=\"yoast-schema-graph\">{\"@context\":\"https:\/\/schema.org\",\"@graph\":[{\"@type\":\"WebPage\",\"@id\":\"https:\/\/markd.com.br\/models\/prefeitura-abre-semana-com-sambodromo-e-mais-83-locais-de-vacinacao-contra-a-covid-19\/\",\"url\":\"https:\/\/markd.com.br\/models\/prefeitura-abre-semana-com-sambodromo-e-mais-83-locais-de-vacinacao-contra-a-covid-19\/\",\"name\":\"Prefeitura abre semana com samb\u00f3dromo e mais 83 locais de vacina\u00e7\u00e3o contra a Covid-19 - Not\u00edcias de Todos - Models01\",\"isPartOf\":{\"@id\":\"https:\/\/markd.com.br\/models\/#website\"},\"primaryImageOfPage\":{\"@id\":\"https:\/\/markd.com.br\/models\/prefeitura-abre-semana-com-sambodromo-e-mais-83-locais-de-vacinacao-contra-a-covid-19\/#primaryimage\"},\"image\":{\"@id\":\"https:\/\/markd.com.br\/models\/prefeitura-abre-semana-com-sambodromo-e-mais-83-locais-de-vacinacao-contra-a-covid-19\/#primaryimage\"},\"thumbnailUrl\":\"https:\/\/markd.com.br\/models\/wp-content\/uploads\/2022\/07\/52204544268_b81cb8b43e_c-720x384-1.jpg\",\"datePublished\":\"2022-07-11T15:16:33+00:00\",\"dateModified\":\"2022-07-11T15:16:37+00:00\",\"author\":{\"@id\":\"https:\/\/markd.com.br\/models\/#\/schema\/person\/c12a77ab487a7262d8bec3c47301ad37\"},\"breadcrumb\":{\"@id\":\"https:\/\/markd.com.br\/models\/prefeitura-abre-semana-com-sambodromo-e-mais-83-locais-de-vacinacao-contra-a-covid-19\/#breadcrumb\"},\"inLanguage\":\"pt-BR\",\"potentialAction\":[{\"@type\":\"ReadAction\",\"target\":[\"https:\/\/markd.com.br\/models\/prefeitura-abre-semana-com-sambodromo-e-mais-83-locais-de-vacinacao-contra-a-covid-19\/\"]}]},{\"@type\":\"ImageObject\",\"inLanguage\":\"pt-BR\",\"@id\":\"https:\/\/markd.com.br\/models\/prefeitura-abre-semana-com-sambodromo-e-mais-83-locais-de-vacinacao-contra-a-covid-19\/#primaryimage\",\"url\":\"https:\/\/markd.com.br\/models\/wp-content\/uploads\/2022\/07\/52204544268_b81cb8b43e_c-720x384-1.jpg\",\"contentUrl\":\"https:\/\/markd.com.br\/models\/wp-content\/uploads\/2022\/07\/52204544268_b81cb8b43e_c-720x384-1.jpg\",\"width\":640,\"height\":341},{\"@type\":\"BreadcrumbList\",\"@id\":\"https:\/\/markd.com.br\/models\/prefeitura-abre-semana-com-sambodromo-e-mais-83-locais-de-vacinacao-contra-a-covid-19\/#breadcrumb\",\"itemListElement\":[{\"@type\":\"ListItem\",\"position\":1,\"name\":\"In\u00edcio\",\"item\":\"https:\/\/markd.com.br\/models\/\"},{\"@type\":\"ListItem\",\"position\":2,\"name\":\"Prefeitura abre semana com samb\u00f3dromo e mais 83 locais de vacina\u00e7\u00e3o contra a Covid-19\"}]},{\"@type\":\"WebSite\",\"@id\":\"https:\/\/markd.com.br\/models\/#website\",\"url\":\"https:\/\/markd.com.br\/models\/\",\"name\":\"Not\u00edcias de Todos - Models01\",\"description\":\"Tenha um Portal de Not\u00edcias Moderno, Din\u00e2mico, R\u00e1pido e Profissional. Entregamos seu Site de  Not\u00edcias Pronto, Instalado, Hospedado, com Manual Passo a Passo e Suporte 24 horas.\",\"potentialAction\":[{\"@type\":\"SearchAction\",\"target\":{\"@type\":\"EntryPoint\",\"urlTemplate\":\"https:\/\/markd.com.br\/models\/?s={search_term_string}\"},\"query-input\":{\"@type\":\"PropertyValueSpecification\",\"valueRequired\":true,\"valueName\":\"search_term_string\"}}],\"inLanguage\":\"pt-BR\"},{\"@type\":\"Person\",\"@id\":\"https:\/\/markd.com.br\/models\/#\/schema\/person\/c12a77ab487a7262d8bec3c47301ad37\",\"name\":\"Reda\u00e7\u00e3o Reda\u00e7\u00e3o\",\"image\":{\"@type\":\"ImageObject\",\"inLanguage\":\"pt-BR\",\"@id\":\"https:\/\/markd.com.br\/models\/#\/schema\/person\/image\/\",\"url\":\"https:\/\/secure.gravatar.com\/avatar\/9448f3599ce269febf169e183039b4a6?s=96&d=mm&r=g\",\"contentUrl\":\"https:\/\/secure.gravatar.com\/avatar\/9448f3599ce269febf169e183039b4a6?s=96&d=mm&r=g\",\"caption\":\"Reda\u00e7\u00e3o Reda\u00e7\u00e3o\"},\"sameAs\":[\"https:\/\/markd.com.br\/\"],\"url\":\"https:\/\/markd.com.br\/models\/author\/redacao\/\"}]}<\/script>\n<!-- \/ Yoast SEO plugin. -->","yoast_head_json":{"title":"Prefeitura abre semana com samb\u00f3dromo e mais 83 locais de vacina\u00e7\u00e3o contra a Covid-19 - Not\u00edcias de Todos - Models01","robots":{"index":"index","follow":"follow","max-snippet":"max-snippet:-1","max-image-preview":"max-image-preview:large","max-video-preview":"max-video-preview:-1"},"canonical":"https:\/\/markd.com.br\/models\/prefeitura-abre-semana-com-sambodromo-e-mais-83-locais-de-vacinacao-contra-a-covid-19\/","og_locale":"pt_BR","og_type":"article","og_title":"Prefeitura abre semana com samb\u00f3dromo e mais 83 locais de vacina\u00e7\u00e3o contra a Covid-19 - Not\u00edcias de Todos - Models01","og_description":"A&nbsp;Prefeitura de Manaus&nbsp;abre a semana de 11 a 15\/7 com 84 pontos de vacina\u00e7\u00e3o contra...","og_url":"https:\/\/markd.com.br\/models\/prefeitura-abre-semana-com-sambodromo-e-mais-83-locais-de-vacinacao-contra-a-covid-19\/","og_site_name":"Not\u00edcias de Todos - Models01","article_published_time":"2022-07-11T15:16:33+00:00","article_modified_time":"2022-07-11T15:16:37+00:00","og_image":[{"width":640,"height":341,"url":"https:\/\/markd.com.br\/models\/wp-content\/uploads\/2022\/07\/52204544268_b81cb8b43e_c-720x384-1.jpg","type":"image\/jpeg"}],"author":"Reda\u00e7\u00e3o Reda\u00e7\u00e3o","twitter_card":"summary_large_image","twitter_misc":{"Escrito por":"Reda\u00e7\u00e3o Reda\u00e7\u00e3o","Est. tempo de leitura":"3 minutos"},"schema":{"@context":"https:\/\/schema.org","@graph":[{"@type":"WebPage","@id":"https:\/\/markd.com.br\/models\/prefeitura-abre-semana-com-sambodromo-e-mais-83-locais-de-vacinacao-contra-a-covid-19\/","url":"https:\/\/markd.com.br\/models\/prefeitura-abre-semana-com-sambodromo-e-mais-83-locais-de-vacinacao-contra-a-covid-19\/","name":"Prefeitura abre semana com samb\u00f3dromo e mais 83 locais de vacina\u00e7\u00e3o contra a Covid-19 - Not\u00edcias de Todos - Models01","isPartOf":{"@id":"https:\/\/markd.com.br\/models\/#website"},"primaryImageOfPage":{"@id":"https:\/\/markd.com.br\/models\/prefeitura-abre-semana-com-sambodromo-e-mais-83-locais-de-vacinacao-contra-a-covid-19\/#primaryimage"},"image":{"@id":"https:\/\/markd.com.br\/models\/prefeitura-abre-semana-com-sambodromo-e-mais-83-locais-de-vacinacao-contra-a-covid-19\/#primaryimage"},"thumbnailUrl":"https:\/\/markd.com.br\/models\/wp-content\/uploads\/2022\/07\/52204544268_b81cb8b43e_c-720x384-1.jpg","datePublished":"2022-07-11T15:16:33+00:00","dateModified":"2022-07-11T15:16:37+00:00","author":{"@id":"https:\/\/markd.com.br\/models\/#\/schema\/person\/c12a77ab487a7262d8bec3c47301ad37"},"breadcrumb":{"@id":"https:\/\/markd.com.br\/models\/prefeitura-abre-semana-com-sambodromo-e-mais-83-locais-de-vacinacao-contra-a-covid-19\/#breadcrumb"},"inLanguage":"pt-BR","potentialAction":[{"@type":"ReadAction","target":["https:\/\/markd.com.br\/models\/prefeitura-abre-semana-com-sambodromo-e-mais-83-locais-de-vacinacao-contra-a-covid-19\/"]}]},{"@type":"ImageObject","inLanguage":"pt-BR","@id":"https:\/\/markd.com.br\/models\/prefeitura-abre-semana-com-sambodromo-e-mais-83-locais-de-vacinacao-contra-a-covid-19\/#primaryimage","url":"https:\/\/markd.com.br\/models\/wp-content\/uploads\/2022\/07\/52204544268_b81cb8b43e_c-720x384-1.jpg","contentUrl":"https:\/\/markd.com.br\/models\/wp-content\/uploads\/2022\/07\/52204544268_b81cb8b43e_c-720x384-1.jpg","width":640,"height":341},{"@type":"BreadcrumbList","@id":"https:\/\/markd.com.br\/models\/prefeitura-abre-semana-com-sambodromo-e-mais-83-locais-de-vacinacao-contra-a-covid-19\/#breadcrumb","itemListElement":[{"@type":"ListItem","position":1,"name":"In\u00edcio","item":"https:\/\/markd.com.br\/models\/"},{"@type":"ListItem","position":2,"name":"Prefeitura abre semana com samb\u00f3dromo e mais 83 locais de vacina\u00e7\u00e3o contra a Covid-19"}]},{"@type":"WebSite","@id":"https:\/\/markd.com.br\/models\/#website","url":"https:\/\/markd.com.br\/models\/","name":"Not\u00edcias de Todos - Models01","description":"Tenha um Portal de Not\u00edcias Moderno, Din\u00e2mico, R\u00e1pido e Profissional. Entregamos seu Site de  Not\u00edcias Pronto, Instalado, Hospedado, com Manual Passo a Passo e Suporte 24 horas.","potentialAction":[{"@type":"SearchAction","target":{"@type":"EntryPoint","urlTemplate":"https:\/\/markd.com.br\/models\/?s={search_term_string}"},"query-input":{"@type":"PropertyValueSpecification","valueRequired":true,"valueName":"search_term_string"}}],"inLanguage":"pt-BR"},{"@type":"Person","@id":"https:\/\/markd.com.br\/models\/#\/schema\/person\/c12a77ab487a7262d8bec3c47301ad37","name":"Reda\u00e7\u00e3o Reda\u00e7\u00e3o","image":{"@type":"ImageObject","inLanguage":"pt-BR","@id":"https:\/\/markd.com.br\/models\/#\/schema\/person\/image\/","url":"https:\/\/secure.gravatar.com\/avatar\/9448f3599ce269febf169e183039b4a6?s=96&d=mm&r=g","contentUrl":"https:\/\/secure.gravatar.com\/avatar\/9448f3599ce269febf169e183039b4a6?s=96&d=mm&r=g","caption":"Reda\u00e7\u00e3o Reda\u00e7\u00e3o"},"sameAs":["https:\/\/markd.com.br\/"],"url":"https:\/\/markd.com.br\/models\/author\/redacao\/"}]}},"featured_image_urls":{"full":["https:\/\/markd.com.br\/models\/wp-content\/uploads\/2022\/07\/52204544268_b81cb8b43e_c-720x384-1.jpg",640,341,false],"thumbnail":["https:\/\/markd.com.br\/models\/wp-content\/uploads\/2022\/07\/52204544268_b81cb8b43e_c-720x384-1-150x150.jpg",150,150,true],"medium":["https:\/\/markd.com.br\/models\/wp-content\/uploads\/2022\/07\/52204544268_b81cb8b43e_c-720x384-1-300x160.jpg",300,160,true],"medium_large":["https:\/\/markd.com.br\/models\/wp-content\/uploads\/2022\/07\/52204544268_b81cb8b43e_c-720x384-1.jpg",640,341,false],"large":["https:\/\/markd.com.br\/models\/wp-content\/uploads\/2022\/07\/52204544268_b81cb8b43e_c-720x384-1.jpg",640,341,false],"1536x1536":["https:\/\/markd.com.br\/models\/wp-content\/uploads\/2022\/07\/52204544268_b81cb8b43e_c-720x384-1.jpg",640,341,false],"2048x2048":["https:\/\/markd.com.br\/models\/wp-content\/uploads\/2022\/07\/52204544268_b81cb8b43e_c-720x384-1.jpg",640,341,false],"newsphere-slider-full":["https:\/\/markd.com.br\/models\/wp-content\/uploads\/2022\/07\/52204544268_b81cb8b43e_c-720x384-1.jpg",640,341,false],"newsphere-featured":["https:\/\/markd.com.br\/models\/wp-content\/uploads\/2022\/07\/52204544268_b81cb8b43e_c-720x384-1.jpg",640,341,false],"newsphere-medium":["https:\/\/markd.com.br\/models\/wp-content\/uploads\/2022\/07\/52204544268_b81cb8b43e_c-720x384-1.jpg",640,341,false]},"author_info":{"display_name":"Reda\u00e7\u00e3o Reda\u00e7\u00e3o","author_link":"https:\/\/markd.com.br\/models\/author\/redacao\/"},"category_info":"<a href=\"https:\/\/markd.com.br\/models\/category\/prefeitura-de-manaus\/\" rel=\"category tag\">Prefeitura de Manaus<\/a>","tag_info":"Prefeitura de Manaus","comment_count":"0","jetpack_featured_media_url":"https:\/\/markd.com.br\/models\/wp-content\/uploads\/2022\/07\/52204544268_b81cb8b43e_c-720x384-1.jpg","_links":{"self":[{"href":"https:\/\/markd.com.br\/models\/wp-json\/wp\/v2\/posts\/2617","targetHints":{"allow":["GET"]}}],"collection":[{"href":"https:\/\/markd.com.br\/models\/wp-json\/wp\/v2\/posts"}],"about":[{"href":"https:\/\/markd.com.br\/models\/wp-json\/wp\/v2\/types\/post"}],"author":[{"embeddable":true,"href":"https:\/\/markd.com.br\/models\/wp-json\/wp\/v2\/users\/5"}],"replies":[{"embeddable":true,"href":"https:\/\/markd.com.br\/models\/wp-json\/wp\/v2\/comments?post=2617"}],"version-history":[{"count":1,"href":"https:\/\/markd.com.br\/models\/wp-json\/wp\/v2\/posts\/2617\/revisions"}],"predecessor-version":[{"id":2619,"href":"https:\/\/markd.com.br\/models\/wp-json\/wp\/v2\/posts\/2617\/revisions\/2619"}],"wp:featuredmedia":[{"embeddable":true,"href":"https:\/\/markd.com.br\/models\/wp-json\/wp\/v2\/media\/2618"}],"wp:attachment":[{"href":"https:\/\/markd.com.br\/models\/wp-json\/wp\/v2\/media?parent=2617"}],"wp:term":[{"taxonomy":"category","embeddable":true,"href":"https:\/\/markd.com.br\/models\/wp-json\/wp\/v2\/categories?post=2617"},{"taxonomy":"post_tag","embeddable":true,"href":"https:\/\/markd.com.br\/models\/wp-json\/wp\/v2\/tags?post=2617"}],"curies":[{"name":"wp","href":"https:\/\/api.w.org\/{rel}","templated":true}]}}