{"id":2623,"date":"2022-07-11T12:26:50","date_gmt":"2022-07-11T15:26:50","guid":{"rendered":"https:\/\/portaldestaquenoticias.com.br\/?p=2623"},"modified":"2022-07-11T12:26:52","modified_gmt":"2022-07-11T15:26:52","slug":"batida-entre-dois-carros-e-uma-moto-deixa-tres-feridos","status":"publish","type":"post","link":"https:\/\/markd.com.br\/models\/batida-entre-dois-carros-e-uma-moto-deixa-tres-feridos\/","title":{"rendered":"Batida entre dois carros e uma moto deixa tr\u00eas feridos"},"content":{"rendered":"\n<p><\/p>\n\n\n\n<p>Tr\u00eas pessoas ficaram feridas ap\u00f3s um acidente envolvendo dois carros e uma moto na manh\u00e3 desta segunda-feira (11) em&nbsp;Angra dos Reis (RJ). A batida aconteceu na Rodovia Rio-Santos, na altura do bairro Morro da Cruz.<\/p>\n\n\n\n<p>Segundo o Corpo de Bombeiros, dois homens, de 31e 38 anos, foram encaminhados ao Hospital Municipal da Japu\u00edba. O outro ferido, de 48 anos, recebeu atendimento m\u00e9dico e foi liberado em sequ\u00eancia.<\/p>\n\n\n\n<p>Procurada pelo&nbsp;g1, a unidade m\u00e9dica disse apenas que os pacientes est\u00e3o est\u00e1veis.<\/p>\n\n\n\n<p>De acordo com a Pol\u00edcia Rodovi\u00e1ria Federal, o tr\u00e2nsito no local chegou a ficar lento durante o atendimento \u00e0s v\u00edtimas, mas j\u00e1 foi normalizado.<\/p>\n\n\n\n<p>At\u00e9 a publica\u00e7\u00e3o desta reportagem, n\u00e3o havia informa\u00e7\u00f5es sobre o que teria provocado o acidente.<\/p>\n\n\n\n<p>Fonte: G1<\/p>\n","protected":false},"excerpt":{"rendered":"<p>Tr\u00eas pessoas ficaram feridas ap\u00f3s um acidente envolvendo dois carros e uma moto na manh\u00e3&#8230;<\/p>\n","protected":false},"author":5,"featured_media":2624,"comment_status":"open","ping_status":"open","sticky":false,"template":"","format":"standard","meta":{"footnotes":""},"categories":[61],"tags":[782,781,783],"class_list":["post-2623","post","type-post","status-publish","format-standard","has-post-thumbnail","hentry","category-acidente","tag-aidente","tag-batida","tag-feridos"],"yoast_head":"<!-- This site is optimized with the Yoast SEO plugin v24.4 - https:\/\/yoast.com\/wordpress\/plugins\/seo\/ -->\n<title>Batida entre dois carros e uma moto deixa tr\u00eas feridos - Not\u00edcias de Todos - Models01<\/title>\n<meta name=\"robots\" content=\"index, follow, max-snippet:-1, max-image-preview:large, max-video-preview:-1\" \/>\n<link rel=\"canonical\" href=\"https:\/\/markd.com.br\/models\/batida-entre-dois-carros-e-uma-moto-deixa-tres-feridos\/\" \/>\n<meta property=\"og:locale\" content=\"pt_BR\" \/>\n<meta property=\"og:type\" content=\"article\" \/>\n<meta property=\"og:title\" content=\"Batida entre dois carros e uma moto deixa tr\u00eas feridos - Not\u00edcias de Todos - Models01\" \/>\n<meta property=\"og:description\" content=\"Tr\u00eas pessoas ficaram feridas ap\u00f3s um acidente envolvendo dois carros e uma moto na manh\u00e3...\" \/>\n<meta property=\"og:url\" content=\"https:\/\/markd.com.br\/models\/batida-entre-dois-carros-e-uma-moto-deixa-tres-feridos\/\" \/>\n<meta property=\"og:site_name\" content=\"Not\u00edcias de Todos - Models01\" \/>\n<meta property=\"article:published_time\" content=\"2022-07-11T15:26:50+00:00\" \/>\n<meta property=\"article:modified_time\" content=\"2022-07-11T15:26:52+00:00\" \/>\n<meta property=\"og:image\" content=\"https:\/\/markd.com.br\/models\/wp-content\/uploads\/2022\/07\/angra-800x445-1.webp\" \/>\n\t<meta property=\"og:image:width\" content=\"800\" \/>\n\t<meta property=\"og:image:height\" content=\"445\" \/>\n\t<meta property=\"og:image:type\" content=\"image\/webp\" \/>\n<meta name=\"author\" content=\"Reda\u00e7\u00e3o Reda\u00e7\u00e3o\" \/>\n<meta name=\"twitter:card\" content=\"summary_large_image\" \/>\n<meta name=\"twitter:label1\" content=\"Escrito por\" \/>\n\t<meta name=\"twitter:data1\" content=\"Reda\u00e7\u00e3o Reda\u00e7\u00e3o\" \/>\n\t<meta name=\"twitter:label2\" content=\"Est. tempo de leitura\" \/>\n\t<meta name=\"twitter:data2\" content=\"1 minuto\" \/>\n<script type=\"application\/ld+json\" class=\"yoast-schema-graph\">{\"@context\":\"https:\/\/schema.org\",\"@graph\":[{\"@type\":\"WebPage\",\"@id\":\"https:\/\/markd.com.br\/models\/batida-entre-dois-carros-e-uma-moto-deixa-tres-feridos\/\",\"url\":\"https:\/\/markd.com.br\/models\/batida-entre-dois-carros-e-uma-moto-deixa-tres-feridos\/\",\"name\":\"Batida entre dois carros e uma moto deixa tr\u00eas feridos - Not\u00edcias de Todos - Models01\",\"isPartOf\":{\"@id\":\"https:\/\/markd.com.br\/models\/#website\"},\"primaryImageOfPage\":{\"@id\":\"https:\/\/markd.com.br\/models\/batida-entre-dois-carros-e-uma-moto-deixa-tres-feridos\/#primaryimage\"},\"image\":{\"@id\":\"https:\/\/markd.com.br\/models\/batida-entre-dois-carros-e-uma-moto-deixa-tres-feridos\/#primaryimage\"},\"thumbnailUrl\":\"https:\/\/markd.com.br\/models\/wp-content\/uploads\/2022\/07\/angra-800x445-1.webp\",\"datePublished\":\"2022-07-11T15:26:50+00:00\",\"dateModified\":\"2022-07-11T15:26:52+00:00\",\"author\":{\"@id\":\"https:\/\/markd.com.br\/models\/#\/schema\/person\/c12a77ab487a7262d8bec3c47301ad37\"},\"breadcrumb\":{\"@id\":\"https:\/\/markd.com.br\/models\/batida-entre-dois-carros-e-uma-moto-deixa-tres-feridos\/#breadcrumb\"},\"inLanguage\":\"pt-BR\",\"potentialAction\":[{\"@type\":\"ReadAction\",\"target\":[\"https:\/\/markd.com.br\/models\/batida-entre-dois-carros-e-uma-moto-deixa-tres-feridos\/\"]}]},{\"@type\":\"ImageObject\",\"inLanguage\":\"pt-BR\",\"@id\":\"https:\/\/markd.com.br\/models\/batida-entre-dois-carros-e-uma-moto-deixa-tres-feridos\/#primaryimage\",\"url\":\"https:\/\/markd.com.br\/models\/wp-content\/uploads\/2022\/07\/angra-800x445-1.webp\",\"contentUrl\":\"https:\/\/markd.com.br\/models\/wp-content\/uploads\/2022\/07\/angra-800x445-1.webp\",\"width\":800,\"height\":445},{\"@type\":\"BreadcrumbList\",\"@id\":\"https:\/\/markd.com.br\/models\/batida-entre-dois-carros-e-uma-moto-deixa-tres-feridos\/#breadcrumb\",\"itemListElement\":[{\"@type\":\"ListItem\",\"position\":1,\"name\":\"In\u00edcio\",\"item\":\"https:\/\/markd.com.br\/models\/\"},{\"@type\":\"ListItem\",\"position\":2,\"name\":\"Batida entre dois carros e uma moto deixa tr\u00eas feridos\"}]},{\"@type\":\"WebSite\",\"@id\":\"https:\/\/markd.com.br\/models\/#website\",\"url\":\"https:\/\/markd.com.br\/models\/\",\"name\":\"Not\u00edcias de Todos - Models01\",\"description\":\"Tenha um Portal de Not\u00edcias Moderno, Din\u00e2mico, R\u00e1pido e Profissional. Entregamos seu Site de  Not\u00edcias Pronto, Instalado, Hospedado, com Manual Passo a Passo e Suporte 24 horas.\",\"potentialAction\":[{\"@type\":\"SearchAction\",\"target\":{\"@type\":\"EntryPoint\",\"urlTemplate\":\"https:\/\/markd.com.br\/models\/?s={search_term_string}\"},\"query-input\":{\"@type\":\"PropertyValueSpecification\",\"valueRequired\":true,\"valueName\":\"search_term_string\"}}],\"inLanguage\":\"pt-BR\"},{\"@type\":\"Person\",\"@id\":\"https:\/\/markd.com.br\/models\/#\/schema\/person\/c12a77ab487a7262d8bec3c47301ad37\",\"name\":\"Reda\u00e7\u00e3o Reda\u00e7\u00e3o\",\"image\":{\"@type\":\"ImageObject\",\"inLanguage\":\"pt-BR\",\"@id\":\"https:\/\/markd.com.br\/models\/#\/schema\/person\/image\/\",\"url\":\"https:\/\/secure.gravatar.com\/avatar\/9448f3599ce269febf169e183039b4a6?s=96&d=mm&r=g\",\"contentUrl\":\"https:\/\/secure.gravatar.com\/avatar\/9448f3599ce269febf169e183039b4a6?s=96&d=mm&r=g\",\"caption\":\"Reda\u00e7\u00e3o Reda\u00e7\u00e3o\"},\"sameAs\":[\"https:\/\/markd.com.br\/\"],\"url\":\"https:\/\/markd.com.br\/models\/author\/redacao\/\"}]}<\/script>\n<!-- \/ Yoast SEO plugin. -->","yoast_head_json":{"title":"Batida entre dois carros e uma moto deixa tr\u00eas feridos - Not\u00edcias de Todos - Models01","robots":{"index":"index","follow":"follow","max-snippet":"max-snippet:-1","max-image-preview":"max-image-preview:large","max-video-preview":"max-video-preview:-1"},"canonical":"https:\/\/markd.com.br\/models\/batida-entre-dois-carros-e-uma-moto-deixa-tres-feridos\/","og_locale":"pt_BR","og_type":"article","og_title":"Batida entre dois carros e uma moto deixa tr\u00eas feridos - Not\u00edcias de Todos - Models01","og_description":"Tr\u00eas pessoas ficaram feridas ap\u00f3s um acidente envolvendo dois carros e uma moto na manh\u00e3...","og_url":"https:\/\/markd.com.br\/models\/batida-entre-dois-carros-e-uma-moto-deixa-tres-feridos\/","og_site_name":"Not\u00edcias de Todos - Models01","article_published_time":"2022-07-11T15:26:50+00:00","article_modified_time":"2022-07-11T15:26:52+00:00","og_image":[{"width":800,"height":445,"url":"https:\/\/markd.com.br\/models\/wp-content\/uploads\/2022\/07\/angra-800x445-1.webp","type":"image\/webp"}],"author":"Reda\u00e7\u00e3o Reda\u00e7\u00e3o","twitter_card":"summary_large_image","twitter_misc":{"Escrito por":"Reda\u00e7\u00e3o Reda\u00e7\u00e3o","Est. tempo de leitura":"1 minuto"},"schema":{"@context":"https:\/\/schema.org","@graph":[{"@type":"WebPage","@id":"https:\/\/markd.com.br\/models\/batida-entre-dois-carros-e-uma-moto-deixa-tres-feridos\/","url":"https:\/\/markd.com.br\/models\/batida-entre-dois-carros-e-uma-moto-deixa-tres-feridos\/","name":"Batida entre dois carros e uma moto deixa tr\u00eas feridos - Not\u00edcias de Todos - Models01","isPartOf":{"@id":"https:\/\/markd.com.br\/models\/#website"},"primaryImageOfPage":{"@id":"https:\/\/markd.com.br\/models\/batida-entre-dois-carros-e-uma-moto-deixa-tres-feridos\/#primaryimage"},"image":{"@id":"https:\/\/markd.com.br\/models\/batida-entre-dois-carros-e-uma-moto-deixa-tres-feridos\/#primaryimage"},"thumbnailUrl":"https:\/\/markd.com.br\/models\/wp-content\/uploads\/2022\/07\/angra-800x445-1.webp","datePublished":"2022-07-11T15:26:50+00:00","dateModified":"2022-07-11T15:26:52+00:00","author":{"@id":"https:\/\/markd.com.br\/models\/#\/schema\/person\/c12a77ab487a7262d8bec3c47301ad37"},"breadcrumb":{"@id":"https:\/\/markd.com.br\/models\/batida-entre-dois-carros-e-uma-moto-deixa-tres-feridos\/#breadcrumb"},"inLanguage":"pt-BR","potentialAction":[{"@type":"ReadAction","target":["https:\/\/markd.com.br\/models\/batida-entre-dois-carros-e-uma-moto-deixa-tres-feridos\/"]}]},{"@type":"ImageObject","inLanguage":"pt-BR","@id":"https:\/\/markd.com.br\/models\/batida-entre-dois-carros-e-uma-moto-deixa-tres-feridos\/#primaryimage","url":"https:\/\/markd.com.br\/models\/wp-content\/uploads\/2022\/07\/angra-800x445-1.webp","contentUrl":"https:\/\/markd.com.br\/models\/wp-content\/uploads\/2022\/07\/angra-800x445-1.webp","width":800,"height":445},{"@type":"BreadcrumbList","@id":"https:\/\/markd.com.br\/models\/batida-entre-dois-carros-e-uma-moto-deixa-tres-feridos\/#breadcrumb","itemListElement":[{"@type":"ListItem","position":1,"name":"In\u00edcio","item":"https:\/\/markd.com.br\/models\/"},{"@type":"ListItem","position":2,"name":"Batida entre dois carros e uma moto deixa tr\u00eas feridos"}]},{"@type":"WebSite","@id":"https:\/\/markd.com.br\/models\/#website","url":"https:\/\/markd.com.br\/models\/","name":"Not\u00edcias de Todos - Models01","description":"Tenha um Portal de Not\u00edcias Moderno, Din\u00e2mico, R\u00e1pido e Profissional. Entregamos seu Site de  Not\u00edcias Pronto, Instalado, Hospedado, com Manual Passo a Passo e Suporte 24 horas.","potentialAction":[{"@type":"SearchAction","target":{"@type":"EntryPoint","urlTemplate":"https:\/\/markd.com.br\/models\/?s={search_term_string}"},"query-input":{"@type":"PropertyValueSpecification","valueRequired":true,"valueName":"search_term_string"}}],"inLanguage":"pt-BR"},{"@type":"Person","@id":"https:\/\/markd.com.br\/models\/#\/schema\/person\/c12a77ab487a7262d8bec3c47301ad37","name":"Reda\u00e7\u00e3o Reda\u00e7\u00e3o","image":{"@type":"ImageObject","inLanguage":"pt-BR","@id":"https:\/\/markd.com.br\/models\/#\/schema\/person\/image\/","url":"https:\/\/secure.gravatar.com\/avatar\/9448f3599ce269febf169e183039b4a6?s=96&d=mm&r=g","contentUrl":"https:\/\/secure.gravatar.com\/avatar\/9448f3599ce269febf169e183039b4a6?s=96&d=mm&r=g","caption":"Reda\u00e7\u00e3o Reda\u00e7\u00e3o"},"sameAs":["https:\/\/markd.com.br\/"],"url":"https:\/\/markd.com.br\/models\/author\/redacao\/"}]}},"featured_image_urls":{"full":["https:\/\/markd.com.br\/models\/wp-content\/uploads\/2022\/07\/angra-800x445-1.webp",800,445,false],"thumbnail":["https:\/\/markd.com.br\/models\/wp-content\/uploads\/2022\/07\/angra-800x445-1-150x150.webp",150,150,true],"medium":["https:\/\/markd.com.br\/models\/wp-content\/uploads\/2022\/07\/angra-800x445-1-300x167.webp",300,167,true],"medium_large":["https:\/\/markd.com.br\/models\/wp-content\/uploads\/2022\/07\/angra-800x445-1-768x427.webp",640,356,true],"large":["https:\/\/markd.com.br\/models\/wp-content\/uploads\/2022\/07\/angra-800x445-1.webp",640,356,false],"1536x1536":["https:\/\/markd.com.br\/models\/wp-content\/uploads\/2022\/07\/angra-800x445-1.webp",800,445,false],"2048x2048":["https:\/\/markd.com.br\/models\/wp-content\/uploads\/2022\/07\/angra-800x445-1.webp",800,445,false],"newsphere-slider-full":["https:\/\/markd.com.br\/models\/wp-content\/uploads\/2022\/07\/angra-800x445-1.webp",800,445,false],"newsphere-featured":["https:\/\/markd.com.br\/models\/wp-content\/uploads\/2022\/07\/angra-800x445-1.webp",800,445,false],"newsphere-medium":["https:\/\/markd.com.br\/models\/wp-content\/uploads\/2022\/07\/angra-800x445-1-720x380.webp",720,380,true]},"author_info":{"display_name":"Reda\u00e7\u00e3o Reda\u00e7\u00e3o","author_link":"https:\/\/markd.com.br\/models\/author\/redacao\/"},"category_info":"<a href=\"https:\/\/markd.com.br\/models\/category\/acidente\/\" rel=\"category tag\">Acidente<\/a>","tag_info":"Acidente","comment_count":"0","jetpack_featured_media_url":"https:\/\/markd.com.br\/models\/wp-content\/uploads\/2022\/07\/angra-800x445-1.webp","_links":{"self":[{"href":"https:\/\/markd.com.br\/models\/wp-json\/wp\/v2\/posts\/2623","targetHints":{"allow":["GET"]}}],"collection":[{"href":"https:\/\/markd.com.br\/models\/wp-json\/wp\/v2\/posts"}],"about":[{"href":"https:\/\/markd.com.br\/models\/wp-json\/wp\/v2\/types\/post"}],"author":[{"embeddable":true,"href":"https:\/\/markd.com.br\/models\/wp-json\/wp\/v2\/users\/5"}],"replies":[{"embeddable":true,"href":"https:\/\/markd.com.br\/models\/wp-json\/wp\/v2\/comments?post=2623"}],"version-history":[{"count":1,"href":"https:\/\/markd.com.br\/models\/wp-json\/wp\/v2\/posts\/2623\/revisions"}],"predecessor-version":[{"id":2625,"href":"https:\/\/markd.com.br\/models\/wp-json\/wp\/v2\/posts\/2623\/revisions\/2625"}],"wp:featuredmedia":[{"embeddable":true,"href":"https:\/\/markd.com.br\/models\/wp-json\/wp\/v2\/media\/2624"}],"wp:attachment":[{"href":"https:\/\/markd.com.br\/models\/wp-json\/wp\/v2\/media?parent=2623"}],"wp:term":[{"taxonomy":"category","embeddable":true,"href":"https:\/\/markd.com.br\/models\/wp-json\/wp\/v2\/categories?post=2623"},{"taxonomy":"post_tag","embeddable":true,"href":"https:\/\/markd.com.br\/models\/wp-json\/wp\/v2\/tags?post=2623"}],"curies":[{"name":"wp","href":"https:\/\/api.w.org\/{rel}","templated":true}]}}