{"id":2633,"date":"2022-07-11T12:45:38","date_gmt":"2022-07-11T15:45:38","guid":{"rendered":"https:\/\/portaldestaquenoticias.com.br\/?p=2633"},"modified":"2022-07-11T12:45:41","modified_gmt":"2022-07-11T15:45:41","slug":"corinthians-tenta-administrar-montanha-de-emocoes-para-seguir-evoluindo","status":"publish","type":"post","link":"https:\/\/markd.com.br\/models\/corinthians-tenta-administrar-montanha-de-emocoes-para-seguir-evoluindo\/","title":{"rendered":"Corinthians tenta administrar \u2018montanha de emo\u00e7\u00f5es\u2019 para seguir evoluindo"},"content":{"rendered":"\n<p><\/p>\n\n\n\n<p>A \u00faltima semana vivida pelo Corinthians foi de fortalecimento da conex\u00e3o entre o time e a torcida. Da classifica\u00e7\u00e3o emocionante diante do Boca Juniors, na Argentina, ao treino aberto na Neo Qu\u00edmica Arena antes da vit\u00f3ria sobre o Flamengo, no mesmo local, os corintianos experimentaram uma \u201cmontanha de emo\u00e7\u00f5es\u201d, como disse V\u00edtor Pereira depois do triunfo diante dos flamenguistas. Apesar dos bons sentimentos, para o treinador, toda essa experi\u00eancia leva tamb\u00e9m a um desgaste muito grande, que est\u00e1 longe de acabar.<\/p>\n\n\n\n<p>O time alvinegro est\u00e1 perto de viver novas emo\u00e7\u00f5es intensas, pois enfrenta o Santos na quarta-feira pela rodada de volta das oitavas de final da Copa do Brasil, na Vila Belmiro. A classifica\u00e7\u00e3o est\u00e1 bem encaminhada, pois o Corinthians venceu o jogo de ida, em Itaquera, por 4 a 0, mas o t\u00e9cnico portugu\u00eas est\u00e1 cheio de preocupa\u00e7\u00f5es na cabe\u00e7a e esgotado emocionalmente.<\/p>\n\n\n\n<p>\u201cEstou um bocadinho cansado. Precisava de acalmar um bocadinho, ter mais alguns dias, mas j\u00e1 temos um jogo com o Santos. Mal acaba o jogo, minha preocupa\u00e7\u00e3o \u00e9 que equipe vamos jogar contra o Santos. Todo jogo \u00e9 isso. Que equipe vamos jogar? Como vamos equilibrar o time? Apesar do bom resultado (em casa), \u00e9 um jogo que n\u00e3o se pode facilitar. Eu precisava mesmo era acalmar um pouquinho as emo\u00e7\u00f5es, mas o Brasil \u00e9 uma montanha russa de emo\u00e7\u00f5es\u201d, comentou.<\/p>\n\n\n\n<p>Al\u00e9m de administrar os impactos emocionais e f\u00edsicos das partidas decisivas e do calend\u00e1rio do futebol brasileiro, V\u00edtor Pereira ainda tem de lidar com a tens\u00e3o proporcionada pela janela de transfer\u00eancias, que pode trazer refor\u00e7os, mas tamb\u00e9m pode tirar jogadores de um time que vem sofrendo com desfalques constantes. O clube alvinegro j\u00e1 perdeu o zagueiro Jo\u00e3o Victor para o Benfica, al\u00e9m de Mantuan e Ivan para o Zenit, mas esses dois foram frutos de um neg\u00f3cio avaliado positivamente, j\u00e1 que sa\u00edram como contrapartida pela contrata\u00e7\u00e3o de Yuri Alberto. O treinador quer mais refor\u00e7os.<\/p>\n\n\n\n<p>\u201cEu espero que a equipe n\u00e3o perca (mais jogadores), porque as op\u00e7\u00f5es n\u00e3o s\u00e3o muitas; s\u00e3o poucas. Estou sempre preocupado com a recupera\u00e7\u00e3o dos lesionados. Se eles vierem para campo, passamos a ter mais fun\u00e7\u00f5es. H\u00e1 outra situa\u00e7\u00e3o que o clube est\u00e1 consciente de que temos necessidade de ir ao mercado, portanto est\u00e3o fazendo o seu trabalho. Temos que esperar pelo resultado do trabalho no mercado\u201d, avaliou o portugu\u00eas.<\/p>\n\n\n\n<p>Mesmo com os desfalques, o Corinthians mostrou evolu\u00e7\u00e3o, principalmente em sua postura dentro de campo, mais combativa, embora ainda deixe a desejar tecnicamente. \u201cCriamos casca na hora certa. Com o tempo, come\u00e7amos a compreender que para estar nas tr\u00eas frentes e para dar resposta a esse tipo de jogo \u00e9 preciso maturidade t\u00e1tica. N\u00e3o d\u00e1 para pressionar sempre, n\u00e3o d\u00e1 para jogar sempre no campo aberto. Do ponto de vista f\u00edsico, n\u00e3o temos essa disponibilidade. Acredito que adquirimos essa maturidade t\u00e1tica\u201d, disse Pereira.<\/p>\n\n\n\n<p>O Corinthians enfrenta o Santos na quarta-feira, \u00e0s 21h30 horas, na Vila Belmiro. A elimina\u00e7\u00e3o s\u00f3 vem no tempo normal se os santistas venceram por cinco ou mais gols de diferen\u00e7a. Caso consigam vencer por quatro gols de vantagem, levam a decis\u00e3o aos p\u00eanaltis.<\/p>\n\n\n\n<p>fonte: Not\u00edcias ao minuto<\/p>\n","protected":false},"excerpt":{"rendered":"<p>A \u00faltima semana vivida pelo Corinthians foi de fortalecimento da conex\u00e3o entre o time e&#8230;<\/p>\n","protected":false},"author":5,"featured_media":2634,"comment_status":"open","ping_status":"open","sticky":false,"template":"","format":"standard","meta":{"footnotes":""},"categories":[12],"tags":[720],"class_list":["post-2633","post","type-post","status-publish","format-standard","has-post-thumbnail","hentry","category-esportes","tag-corinthians"],"yoast_head":"<!-- This site is optimized with the Yoast SEO plugin v24.4 - https:\/\/yoast.com\/wordpress\/plugins\/seo\/ -->\n<title>Corinthians tenta administrar \u2018montanha de emo\u00e7\u00f5es\u2019 para seguir evoluindo - Not\u00edcias de Todos - Models01<\/title>\n<meta name=\"robots\" content=\"index, follow, max-snippet:-1, max-image-preview:large, max-video-preview:-1\" \/>\n<link rel=\"canonical\" href=\"https:\/\/markd.com.br\/models\/corinthians-tenta-administrar-montanha-de-emocoes-para-seguir-evoluindo\/\" \/>\n<meta property=\"og:locale\" content=\"pt_BR\" \/>\n<meta property=\"og:type\" content=\"article\" \/>\n<meta property=\"og:title\" content=\"Corinthians tenta administrar \u2018montanha de emo\u00e7\u00f5es\u2019 para seguir evoluindo - Not\u00edcias de Todos - Models01\" \/>\n<meta property=\"og:description\" content=\"A \u00faltima semana vivida pelo Corinthians foi de fortalecimento da conex\u00e3o entre o time e...\" \/>\n<meta property=\"og:url\" content=\"https:\/\/markd.com.br\/models\/corinthians-tenta-administrar-montanha-de-emocoes-para-seguir-evoluindo\/\" \/>\n<meta property=\"og:site_name\" content=\"Not\u00edcias de Todos - Models01\" \/>\n<meta property=\"article:published_time\" content=\"2022-07-11T15:45:38+00:00\" \/>\n<meta property=\"article:modified_time\" content=\"2022-07-11T15:45:41+00:00\" \/>\n<meta property=\"og:image\" content=\"https:\/\/markd.com.br\/models\/wp-content\/uploads\/2022\/07\/IMG_11072022_094349_640_x_360_pixel.jpg\" \/>\n\t<meta property=\"og:image:width\" content=\"640\" \/>\n\t<meta property=\"og:image:height\" content=\"360\" \/>\n\t<meta property=\"og:image:type\" content=\"image\/jpeg\" \/>\n<meta name=\"author\" content=\"Reda\u00e7\u00e3o Reda\u00e7\u00e3o\" \/>\n<meta name=\"twitter:card\" content=\"summary_large_image\" \/>\n<meta name=\"twitter:label1\" content=\"Escrito por\" \/>\n\t<meta name=\"twitter:data1\" content=\"Reda\u00e7\u00e3o Reda\u00e7\u00e3o\" \/>\n\t<meta name=\"twitter:label2\" content=\"Est. tempo de leitura\" \/>\n\t<meta name=\"twitter:data2\" content=\"3 minutos\" \/>\n<script type=\"application\/ld+json\" class=\"yoast-schema-graph\">{\"@context\":\"https:\/\/schema.org\",\"@graph\":[{\"@type\":\"WebPage\",\"@id\":\"https:\/\/markd.com.br\/models\/corinthians-tenta-administrar-montanha-de-emocoes-para-seguir-evoluindo\/\",\"url\":\"https:\/\/markd.com.br\/models\/corinthians-tenta-administrar-montanha-de-emocoes-para-seguir-evoluindo\/\",\"name\":\"Corinthians tenta administrar \u2018montanha de emo\u00e7\u00f5es\u2019 para seguir evoluindo - Not\u00edcias de Todos - Models01\",\"isPartOf\":{\"@id\":\"https:\/\/markd.com.br\/models\/#website\"},\"primaryImageOfPage\":{\"@id\":\"https:\/\/markd.com.br\/models\/corinthians-tenta-administrar-montanha-de-emocoes-para-seguir-evoluindo\/#primaryimage\"},\"image\":{\"@id\":\"https:\/\/markd.com.br\/models\/corinthians-tenta-administrar-montanha-de-emocoes-para-seguir-evoluindo\/#primaryimage\"},\"thumbnailUrl\":\"https:\/\/markd.com.br\/models\/wp-content\/uploads\/2022\/07\/IMG_11072022_094349_640_x_360_pixel.jpg\",\"datePublished\":\"2022-07-11T15:45:38+00:00\",\"dateModified\":\"2022-07-11T15:45:41+00:00\",\"author\":{\"@id\":\"https:\/\/markd.com.br\/models\/#\/schema\/person\/c12a77ab487a7262d8bec3c47301ad37\"},\"breadcrumb\":{\"@id\":\"https:\/\/markd.com.br\/models\/corinthians-tenta-administrar-montanha-de-emocoes-para-seguir-evoluindo\/#breadcrumb\"},\"inLanguage\":\"pt-BR\",\"potentialAction\":[{\"@type\":\"ReadAction\",\"target\":[\"https:\/\/markd.com.br\/models\/corinthians-tenta-administrar-montanha-de-emocoes-para-seguir-evoluindo\/\"]}]},{\"@type\":\"ImageObject\",\"inLanguage\":\"pt-BR\",\"@id\":\"https:\/\/markd.com.br\/models\/corinthians-tenta-administrar-montanha-de-emocoes-para-seguir-evoluindo\/#primaryimage\",\"url\":\"https:\/\/markd.com.br\/models\/wp-content\/uploads\/2022\/07\/IMG_11072022_094349_640_x_360_pixel.jpg\",\"contentUrl\":\"https:\/\/markd.com.br\/models\/wp-content\/uploads\/2022\/07\/IMG_11072022_094349_640_x_360_pixel.jpg\",\"width\":640,\"height\":360},{\"@type\":\"BreadcrumbList\",\"@id\":\"https:\/\/markd.com.br\/models\/corinthians-tenta-administrar-montanha-de-emocoes-para-seguir-evoluindo\/#breadcrumb\",\"itemListElement\":[{\"@type\":\"ListItem\",\"position\":1,\"name\":\"In\u00edcio\",\"item\":\"https:\/\/markd.com.br\/models\/\"},{\"@type\":\"ListItem\",\"position\":2,\"name\":\"Corinthians tenta administrar \u2018montanha de emo\u00e7\u00f5es\u2019 para seguir evoluindo\"}]},{\"@type\":\"WebSite\",\"@id\":\"https:\/\/markd.com.br\/models\/#website\",\"url\":\"https:\/\/markd.com.br\/models\/\",\"name\":\"Not\u00edcias de Todos - Models01\",\"description\":\"Tenha um Portal de Not\u00edcias Moderno, Din\u00e2mico, R\u00e1pido e Profissional. Entregamos seu Site de  Not\u00edcias Pronto, Instalado, Hospedado, com Manual Passo a Passo e Suporte 24 horas.\",\"potentialAction\":[{\"@type\":\"SearchAction\",\"target\":{\"@type\":\"EntryPoint\",\"urlTemplate\":\"https:\/\/markd.com.br\/models\/?s={search_term_string}\"},\"query-input\":{\"@type\":\"PropertyValueSpecification\",\"valueRequired\":true,\"valueName\":\"search_term_string\"}}],\"inLanguage\":\"pt-BR\"},{\"@type\":\"Person\",\"@id\":\"https:\/\/markd.com.br\/models\/#\/schema\/person\/c12a77ab487a7262d8bec3c47301ad37\",\"name\":\"Reda\u00e7\u00e3o Reda\u00e7\u00e3o\",\"image\":{\"@type\":\"ImageObject\",\"inLanguage\":\"pt-BR\",\"@id\":\"https:\/\/markd.com.br\/models\/#\/schema\/person\/image\/\",\"url\":\"https:\/\/secure.gravatar.com\/avatar\/9448f3599ce269febf169e183039b4a6?s=96&d=mm&r=g\",\"contentUrl\":\"https:\/\/secure.gravatar.com\/avatar\/9448f3599ce269febf169e183039b4a6?s=96&d=mm&r=g\",\"caption\":\"Reda\u00e7\u00e3o Reda\u00e7\u00e3o\"},\"sameAs\":[\"https:\/\/markd.com.br\/\"],\"url\":\"https:\/\/markd.com.br\/models\/author\/redacao\/\"}]}<\/script>\n<!-- \/ Yoast SEO plugin. -->","yoast_head_json":{"title":"Corinthians tenta administrar \u2018montanha de emo\u00e7\u00f5es\u2019 para seguir evoluindo - Not\u00edcias de Todos - Models01","robots":{"index":"index","follow":"follow","max-snippet":"max-snippet:-1","max-image-preview":"max-image-preview:large","max-video-preview":"max-video-preview:-1"},"canonical":"https:\/\/markd.com.br\/models\/corinthians-tenta-administrar-montanha-de-emocoes-para-seguir-evoluindo\/","og_locale":"pt_BR","og_type":"article","og_title":"Corinthians tenta administrar \u2018montanha de emo\u00e7\u00f5es\u2019 para seguir evoluindo - Not\u00edcias de Todos - Models01","og_description":"A \u00faltima semana vivida pelo Corinthians foi de fortalecimento da conex\u00e3o entre o time e...","og_url":"https:\/\/markd.com.br\/models\/corinthians-tenta-administrar-montanha-de-emocoes-para-seguir-evoluindo\/","og_site_name":"Not\u00edcias de Todos - Models01","article_published_time":"2022-07-11T15:45:38+00:00","article_modified_time":"2022-07-11T15:45:41+00:00","og_image":[{"width":640,"height":360,"url":"https:\/\/markd.com.br\/models\/wp-content\/uploads\/2022\/07\/IMG_11072022_094349_640_x_360_pixel.jpg","type":"image\/jpeg"}],"author":"Reda\u00e7\u00e3o Reda\u00e7\u00e3o","twitter_card":"summary_large_image","twitter_misc":{"Escrito por":"Reda\u00e7\u00e3o Reda\u00e7\u00e3o","Est. tempo de leitura":"3 minutos"},"schema":{"@context":"https:\/\/schema.org","@graph":[{"@type":"WebPage","@id":"https:\/\/markd.com.br\/models\/corinthians-tenta-administrar-montanha-de-emocoes-para-seguir-evoluindo\/","url":"https:\/\/markd.com.br\/models\/corinthians-tenta-administrar-montanha-de-emocoes-para-seguir-evoluindo\/","name":"Corinthians tenta administrar \u2018montanha de emo\u00e7\u00f5es\u2019 para seguir evoluindo - Not\u00edcias de Todos - Models01","isPartOf":{"@id":"https:\/\/markd.com.br\/models\/#website"},"primaryImageOfPage":{"@id":"https:\/\/markd.com.br\/models\/corinthians-tenta-administrar-montanha-de-emocoes-para-seguir-evoluindo\/#primaryimage"},"image":{"@id":"https:\/\/markd.com.br\/models\/corinthians-tenta-administrar-montanha-de-emocoes-para-seguir-evoluindo\/#primaryimage"},"thumbnailUrl":"https:\/\/markd.com.br\/models\/wp-content\/uploads\/2022\/07\/IMG_11072022_094349_640_x_360_pixel.jpg","datePublished":"2022-07-11T15:45:38+00:00","dateModified":"2022-07-11T15:45:41+00:00","author":{"@id":"https:\/\/markd.com.br\/models\/#\/schema\/person\/c12a77ab487a7262d8bec3c47301ad37"},"breadcrumb":{"@id":"https:\/\/markd.com.br\/models\/corinthians-tenta-administrar-montanha-de-emocoes-para-seguir-evoluindo\/#breadcrumb"},"inLanguage":"pt-BR","potentialAction":[{"@type":"ReadAction","target":["https:\/\/markd.com.br\/models\/corinthians-tenta-administrar-montanha-de-emocoes-para-seguir-evoluindo\/"]}]},{"@type":"ImageObject","inLanguage":"pt-BR","@id":"https:\/\/markd.com.br\/models\/corinthians-tenta-administrar-montanha-de-emocoes-para-seguir-evoluindo\/#primaryimage","url":"https:\/\/markd.com.br\/models\/wp-content\/uploads\/2022\/07\/IMG_11072022_094349_640_x_360_pixel.jpg","contentUrl":"https:\/\/markd.com.br\/models\/wp-content\/uploads\/2022\/07\/IMG_11072022_094349_640_x_360_pixel.jpg","width":640,"height":360},{"@type":"BreadcrumbList","@id":"https:\/\/markd.com.br\/models\/corinthians-tenta-administrar-montanha-de-emocoes-para-seguir-evoluindo\/#breadcrumb","itemListElement":[{"@type":"ListItem","position":1,"name":"In\u00edcio","item":"https:\/\/markd.com.br\/models\/"},{"@type":"ListItem","position":2,"name":"Corinthians tenta administrar \u2018montanha de emo\u00e7\u00f5es\u2019 para seguir evoluindo"}]},{"@type":"WebSite","@id":"https:\/\/markd.com.br\/models\/#website","url":"https:\/\/markd.com.br\/models\/","name":"Not\u00edcias de Todos - Models01","description":"Tenha um Portal de Not\u00edcias Moderno, Din\u00e2mico, R\u00e1pido e Profissional. Entregamos seu Site de  Not\u00edcias Pronto, Instalado, Hospedado, com Manual Passo a Passo e Suporte 24 horas.","potentialAction":[{"@type":"SearchAction","target":{"@type":"EntryPoint","urlTemplate":"https:\/\/markd.com.br\/models\/?s={search_term_string}"},"query-input":{"@type":"PropertyValueSpecification","valueRequired":true,"valueName":"search_term_string"}}],"inLanguage":"pt-BR"},{"@type":"Person","@id":"https:\/\/markd.com.br\/models\/#\/schema\/person\/c12a77ab487a7262d8bec3c47301ad37","name":"Reda\u00e7\u00e3o Reda\u00e7\u00e3o","image":{"@type":"ImageObject","inLanguage":"pt-BR","@id":"https:\/\/markd.com.br\/models\/#\/schema\/person\/image\/","url":"https:\/\/secure.gravatar.com\/avatar\/9448f3599ce269febf169e183039b4a6?s=96&d=mm&r=g","contentUrl":"https:\/\/secure.gravatar.com\/avatar\/9448f3599ce269febf169e183039b4a6?s=96&d=mm&r=g","caption":"Reda\u00e7\u00e3o Reda\u00e7\u00e3o"},"sameAs":["https:\/\/markd.com.br\/"],"url":"https:\/\/markd.com.br\/models\/author\/redacao\/"}]}},"featured_image_urls":{"full":["https:\/\/markd.com.br\/models\/wp-content\/uploads\/2022\/07\/IMG_11072022_094349_640_x_360_pixel.jpg",640,360,false],"thumbnail":["https:\/\/markd.com.br\/models\/wp-content\/uploads\/2022\/07\/IMG_11072022_094349_640_x_360_pixel-150x150.jpg",150,150,true],"medium":["https:\/\/markd.com.br\/models\/wp-content\/uploads\/2022\/07\/IMG_11072022_094349_640_x_360_pixel-300x169.jpg",300,169,true],"medium_large":["https:\/\/markd.com.br\/models\/wp-content\/uploads\/2022\/07\/IMG_11072022_094349_640_x_360_pixel.jpg",640,360,false],"large":["https:\/\/markd.com.br\/models\/wp-content\/uploads\/2022\/07\/IMG_11072022_094349_640_x_360_pixel.jpg",640,360,false],"1536x1536":["https:\/\/markd.com.br\/models\/wp-content\/uploads\/2022\/07\/IMG_11072022_094349_640_x_360_pixel.jpg",640,360,false],"2048x2048":["https:\/\/markd.com.br\/models\/wp-content\/uploads\/2022\/07\/IMG_11072022_094349_640_x_360_pixel.jpg",640,360,false],"newsphere-slider-full":["https:\/\/markd.com.br\/models\/wp-content\/uploads\/2022\/07\/IMG_11072022_094349_640_x_360_pixel.jpg",640,360,false],"newsphere-featured":["https:\/\/markd.com.br\/models\/wp-content\/uploads\/2022\/07\/IMG_11072022_094349_640_x_360_pixel.jpg",640,360,false],"newsphere-medium":["https:\/\/markd.com.br\/models\/wp-content\/uploads\/2022\/07\/IMG_11072022_094349_640_x_360_pixel.jpg",640,360,false]},"author_info":{"display_name":"Reda\u00e7\u00e3o Reda\u00e7\u00e3o","author_link":"https:\/\/markd.com.br\/models\/author\/redacao\/"},"category_info":"<a href=\"https:\/\/markd.com.br\/models\/category\/esportes\/\" rel=\"category tag\">Esportes<\/a>","tag_info":"Esportes","comment_count":"0","jetpack_featured_media_url":"https:\/\/markd.com.br\/models\/wp-content\/uploads\/2022\/07\/IMG_11072022_094349_640_x_360_pixel.jpg","_links":{"self":[{"href":"https:\/\/markd.com.br\/models\/wp-json\/wp\/v2\/posts\/2633","targetHints":{"allow":["GET"]}}],"collection":[{"href":"https:\/\/markd.com.br\/models\/wp-json\/wp\/v2\/posts"}],"about":[{"href":"https:\/\/markd.com.br\/models\/wp-json\/wp\/v2\/types\/post"}],"author":[{"embeddable":true,"href":"https:\/\/markd.com.br\/models\/wp-json\/wp\/v2\/users\/5"}],"replies":[{"embeddable":true,"href":"https:\/\/markd.com.br\/models\/wp-json\/wp\/v2\/comments?post=2633"}],"version-history":[{"count":1,"href":"https:\/\/markd.com.br\/models\/wp-json\/wp\/v2\/posts\/2633\/revisions"}],"predecessor-version":[{"id":2635,"href":"https:\/\/markd.com.br\/models\/wp-json\/wp\/v2\/posts\/2633\/revisions\/2635"}],"wp:featuredmedia":[{"embeddable":true,"href":"https:\/\/markd.com.br\/models\/wp-json\/wp\/v2\/media\/2634"}],"wp:attachment":[{"href":"https:\/\/markd.com.br\/models\/wp-json\/wp\/v2\/media?parent=2633"}],"wp:term":[{"taxonomy":"category","embeddable":true,"href":"https:\/\/markd.com.br\/models\/wp-json\/wp\/v2\/categories?post=2633"},{"taxonomy":"post_tag","embeddable":true,"href":"https:\/\/markd.com.br\/models\/wp-json\/wp\/v2\/tags?post=2633"}],"curies":[{"name":"wp","href":"https:\/\/api.w.org\/{rel}","templated":true}]}}