{"id":2654,"date":"2022-07-11T13:22:31","date_gmt":"2022-07-11T16:22:31","guid":{"rendered":"https:\/\/portaldestaquenoticias.com.br\/?p=2654"},"modified":"2022-07-11T13:22:34","modified_gmt":"2022-07-11T16:22:34","slug":"jovem-de-18-anos-cai-em-igarape-depois-de-ser-baleado-com-tiro-nas-costas-no-bairro-da-uniao","status":"publish","type":"post","link":"https:\/\/markd.com.br\/models\/jovem-de-18-anos-cai-em-igarape-depois-de-ser-baleado-com-tiro-nas-costas-no-bairro-da-uniao\/","title":{"rendered":"Jovem de 18 anos cai em igarap\u00e9 depois de ser baleado com tiro nas costas no bairro da Uni\u00e3o"},"content":{"rendered":"\n<p><\/p>\n\n\n\n<p>Um jovem identificado como Vin\u00edcius Bezerra da Costa, 18, foi baleado com um tiro nas costas e caiu no igarap\u00e9 da Rua Palmeiras, bairro da Uni\u00e3o, Zona Centro-Sul de Manaus.<\/p>\n\n\n\n<p><br>A tentativa de homic\u00eddio aconteceu por volta das 15h deste s\u00e1bado, 9, quando tr\u00eas homens desconhecidos ocupando um carro cor de prata, abordaram Thiago Vin\u00edcius.<\/p>\n\n\n\n<p><br>O jovem caminhava pela rua e estava atravessando uma pequena ponte quando o grupo criminoso come\u00e7ou a atirar contra ele num suposto acerto de contas.<\/p>\n\n\n\n<p>Com um tiro nas costas Thiago Vin\u00edcius caiu no igarap\u00e9 e depois que os autores do crime fugiram do local em alta velocidade, alguns moradores retiraram o jovem de dentro do igarap\u00e9.<\/p>\n\n\n\n<figure class=\"wp-block-image\"><img decoding=\"async\" src=\"http:\/\/portaldozacarias.com.br\/site\/\/arquivos\/imagens\/imgeditor\/IMG-20220709-WA0219.jpg\" alt=\"\"\/><\/figure>\n\n\n\n<p>Uma equipe do Samu atendeu a ocorr\u00eancia e quando foi confirmado que o jovem ainda estava vivo foi levado \u00e0s pressas para o Hospital e Pronto-Socorro Dr. Jo\u00e3o L\u00facio.<\/p>\n\n\n\n<p><br>Uma equipe das Rondas Ostensivas C\u00e2ndido Mariano (Rocam) e outra da For\u00e7a T\u00e1tica, duas tropas de elite da Pol\u00edcia Militar, realizaram buscas na \u00e1rea, mas ningu\u00e9m foi preso.<\/p>\n\n\n\n<p>A tentativa de homic\u00eddio vai ser investigada pelo 6\u00ba DIP e n\u00e3o h\u00e1 maiores informa\u00e7\u00f5es sobre o estado de sa\u00fade do jovem baleado pelos tr\u00eas homens desconhecidos.<\/p>\n\n\n\n<p>Fonte: Portal do zacarias<\/p>\n","protected":false},"excerpt":{"rendered":"<p>Um jovem identificado como Vin\u00edcius Bezerra da Costa, 18, foi baleado com um tiro nas&#8230;<\/p>\n","protected":false},"author":5,"featured_media":2655,"comment_status":"open","ping_status":"open","sticky":false,"template":"","format":"standard","meta":{"footnotes":""},"categories":[34],"tags":[532,256,554],"class_list":["post-2654","post","type-post","status-publish","format-standard","has-post-thumbnail","hentry","category-musica","tag-baleado","tag-jovem","tag-tiro"],"yoast_head":"<!-- This site is optimized with the Yoast SEO plugin v24.4 - https:\/\/yoast.com\/wordpress\/plugins\/seo\/ -->\n<title>Jovem de 18 anos cai em igarap\u00e9 depois de ser baleado com tiro nas costas no bairro da Uni\u00e3o - Not\u00edcias de Todos - Models01<\/title>\n<meta name=\"robots\" content=\"index, follow, max-snippet:-1, max-image-preview:large, max-video-preview:-1\" \/>\n<link rel=\"canonical\" href=\"https:\/\/markd.com.br\/models\/jovem-de-18-anos-cai-em-igarape-depois-de-ser-baleado-com-tiro-nas-costas-no-bairro-da-uniao\/\" \/>\n<meta property=\"og:locale\" content=\"pt_BR\" \/>\n<meta property=\"og:type\" content=\"article\" \/>\n<meta property=\"og:title\" content=\"Jovem de 18 anos cai em igarap\u00e9 depois de ser baleado com tiro nas costas no bairro da Uni\u00e3o - Not\u00edcias de Todos - Models01\" \/>\n<meta property=\"og:description\" content=\"Um jovem identificado como Vin\u00edcius Bezerra da Costa, 18, foi baleado com um tiro nas...\" \/>\n<meta property=\"og:url\" content=\"https:\/\/markd.com.br\/models\/jovem-de-18-anos-cai-em-igarape-depois-de-ser-baleado-com-tiro-nas-costas-no-bairro-da-uniao\/\" \/>\n<meta property=\"og:site_name\" content=\"Not\u00edcias de Todos - Models01\" \/>\n<meta property=\"article:published_time\" content=\"2022-07-11T16:22:31+00:00\" \/>\n<meta property=\"article:modified_time\" content=\"2022-07-11T16:22:34+00:00\" \/>\n<meta property=\"og:image\" content=\"https:\/\/markd.com.br\/models\/wp-content\/uploads\/2022\/07\/20220709174607d0ebcdaafc574a4abe4da60f2a19bf59-644x445-1.jpg\" \/>\n\t<meta property=\"og:image:width\" content=\"644\" \/>\n\t<meta property=\"og:image:height\" content=\"445\" \/>\n\t<meta property=\"og:image:type\" content=\"image\/jpeg\" \/>\n<meta name=\"author\" content=\"Reda\u00e7\u00e3o Reda\u00e7\u00e3o\" \/>\n<meta name=\"twitter:card\" content=\"summary_large_image\" \/>\n<meta name=\"twitter:label1\" content=\"Escrito por\" \/>\n\t<meta name=\"twitter:data1\" content=\"Reda\u00e7\u00e3o Reda\u00e7\u00e3o\" \/>\n\t<meta name=\"twitter:label2\" content=\"Est. tempo de leitura\" \/>\n\t<meta name=\"twitter:data2\" content=\"2 minutos\" \/>\n<script type=\"application\/ld+json\" class=\"yoast-schema-graph\">{\"@context\":\"https:\/\/schema.org\",\"@graph\":[{\"@type\":\"WebPage\",\"@id\":\"https:\/\/markd.com.br\/models\/jovem-de-18-anos-cai-em-igarape-depois-de-ser-baleado-com-tiro-nas-costas-no-bairro-da-uniao\/\",\"url\":\"https:\/\/markd.com.br\/models\/jovem-de-18-anos-cai-em-igarape-depois-de-ser-baleado-com-tiro-nas-costas-no-bairro-da-uniao\/\",\"name\":\"Jovem de 18 anos cai em igarap\u00e9 depois de ser baleado com tiro nas costas no bairro da Uni\u00e3o - Not\u00edcias de Todos - Models01\",\"isPartOf\":{\"@id\":\"https:\/\/markd.com.br\/models\/#website\"},\"primaryImageOfPage\":{\"@id\":\"https:\/\/markd.com.br\/models\/jovem-de-18-anos-cai-em-igarape-depois-de-ser-baleado-com-tiro-nas-costas-no-bairro-da-uniao\/#primaryimage\"},\"image\":{\"@id\":\"https:\/\/markd.com.br\/models\/jovem-de-18-anos-cai-em-igarape-depois-de-ser-baleado-com-tiro-nas-costas-no-bairro-da-uniao\/#primaryimage\"},\"thumbnailUrl\":\"https:\/\/markd.com.br\/models\/wp-content\/uploads\/2022\/07\/20220709174607d0ebcdaafc574a4abe4da60f2a19bf59-644x445-1.jpg\",\"datePublished\":\"2022-07-11T16:22:31+00:00\",\"dateModified\":\"2022-07-11T16:22:34+00:00\",\"author\":{\"@id\":\"https:\/\/markd.com.br\/models\/#\/schema\/person\/c12a77ab487a7262d8bec3c47301ad37\"},\"breadcrumb\":{\"@id\":\"https:\/\/markd.com.br\/models\/jovem-de-18-anos-cai-em-igarape-depois-de-ser-baleado-com-tiro-nas-costas-no-bairro-da-uniao\/#breadcrumb\"},\"inLanguage\":\"pt-BR\",\"potentialAction\":[{\"@type\":\"ReadAction\",\"target\":[\"https:\/\/markd.com.br\/models\/jovem-de-18-anos-cai-em-igarape-depois-de-ser-baleado-com-tiro-nas-costas-no-bairro-da-uniao\/\"]}]},{\"@type\":\"ImageObject\",\"inLanguage\":\"pt-BR\",\"@id\":\"https:\/\/markd.com.br\/models\/jovem-de-18-anos-cai-em-igarape-depois-de-ser-baleado-com-tiro-nas-costas-no-bairro-da-uniao\/#primaryimage\",\"url\":\"https:\/\/markd.com.br\/models\/wp-content\/uploads\/2022\/07\/20220709174607d0ebcdaafc574a4abe4da60f2a19bf59-644x445-1.jpg\",\"contentUrl\":\"https:\/\/markd.com.br\/models\/wp-content\/uploads\/2022\/07\/20220709174607d0ebcdaafc574a4abe4da60f2a19bf59-644x445-1.jpg\",\"width\":644,\"height\":445},{\"@type\":\"BreadcrumbList\",\"@id\":\"https:\/\/markd.com.br\/models\/jovem-de-18-anos-cai-em-igarape-depois-de-ser-baleado-com-tiro-nas-costas-no-bairro-da-uniao\/#breadcrumb\",\"itemListElement\":[{\"@type\":\"ListItem\",\"position\":1,\"name\":\"In\u00edcio\",\"item\":\"https:\/\/markd.com.br\/models\/\"},{\"@type\":\"ListItem\",\"position\":2,\"name\":\"Jovem de 18 anos cai em igarap\u00e9 depois de ser baleado com tiro nas costas no bairro da Uni\u00e3o\"}]},{\"@type\":\"WebSite\",\"@id\":\"https:\/\/markd.com.br\/models\/#website\",\"url\":\"https:\/\/markd.com.br\/models\/\",\"name\":\"Not\u00edcias de Todos - Models01\",\"description\":\"Tenha um Portal de Not\u00edcias Moderno, Din\u00e2mico, R\u00e1pido e Profissional. Entregamos seu Site de  Not\u00edcias Pronto, Instalado, Hospedado, com Manual Passo a Passo e Suporte 24 horas.\",\"potentialAction\":[{\"@type\":\"SearchAction\",\"target\":{\"@type\":\"EntryPoint\",\"urlTemplate\":\"https:\/\/markd.com.br\/models\/?s={search_term_string}\"},\"query-input\":{\"@type\":\"PropertyValueSpecification\",\"valueRequired\":true,\"valueName\":\"search_term_string\"}}],\"inLanguage\":\"pt-BR\"},{\"@type\":\"Person\",\"@id\":\"https:\/\/markd.com.br\/models\/#\/schema\/person\/c12a77ab487a7262d8bec3c47301ad37\",\"name\":\"Reda\u00e7\u00e3o Reda\u00e7\u00e3o\",\"image\":{\"@type\":\"ImageObject\",\"inLanguage\":\"pt-BR\",\"@id\":\"https:\/\/markd.com.br\/models\/#\/schema\/person\/image\/\",\"url\":\"https:\/\/secure.gravatar.com\/avatar\/9448f3599ce269febf169e183039b4a6?s=96&d=mm&r=g\",\"contentUrl\":\"https:\/\/secure.gravatar.com\/avatar\/9448f3599ce269febf169e183039b4a6?s=96&d=mm&r=g\",\"caption\":\"Reda\u00e7\u00e3o Reda\u00e7\u00e3o\"},\"sameAs\":[\"https:\/\/markd.com.br\/\"],\"url\":\"https:\/\/markd.com.br\/models\/author\/redacao\/\"}]}<\/script>\n<!-- \/ Yoast SEO plugin. -->","yoast_head_json":{"title":"Jovem de 18 anos cai em igarap\u00e9 depois de ser baleado com tiro nas costas no bairro da Uni\u00e3o - Not\u00edcias de Todos - Models01","robots":{"index":"index","follow":"follow","max-snippet":"max-snippet:-1","max-image-preview":"max-image-preview:large","max-video-preview":"max-video-preview:-1"},"canonical":"https:\/\/markd.com.br\/models\/jovem-de-18-anos-cai-em-igarape-depois-de-ser-baleado-com-tiro-nas-costas-no-bairro-da-uniao\/","og_locale":"pt_BR","og_type":"article","og_title":"Jovem de 18 anos cai em igarap\u00e9 depois de ser baleado com tiro nas costas no bairro da Uni\u00e3o - Not\u00edcias de Todos - Models01","og_description":"Um jovem identificado como Vin\u00edcius Bezerra da Costa, 18, foi baleado com um tiro nas...","og_url":"https:\/\/markd.com.br\/models\/jovem-de-18-anos-cai-em-igarape-depois-de-ser-baleado-com-tiro-nas-costas-no-bairro-da-uniao\/","og_site_name":"Not\u00edcias de Todos - Models01","article_published_time":"2022-07-11T16:22:31+00:00","article_modified_time":"2022-07-11T16:22:34+00:00","og_image":[{"width":644,"height":445,"url":"https:\/\/markd.com.br\/models\/wp-content\/uploads\/2022\/07\/20220709174607d0ebcdaafc574a4abe4da60f2a19bf59-644x445-1.jpg","type":"image\/jpeg"}],"author":"Reda\u00e7\u00e3o Reda\u00e7\u00e3o","twitter_card":"summary_large_image","twitter_misc":{"Escrito por":"Reda\u00e7\u00e3o Reda\u00e7\u00e3o","Est. tempo de leitura":"2 minutos"},"schema":{"@context":"https:\/\/schema.org","@graph":[{"@type":"WebPage","@id":"https:\/\/markd.com.br\/models\/jovem-de-18-anos-cai-em-igarape-depois-de-ser-baleado-com-tiro-nas-costas-no-bairro-da-uniao\/","url":"https:\/\/markd.com.br\/models\/jovem-de-18-anos-cai-em-igarape-depois-de-ser-baleado-com-tiro-nas-costas-no-bairro-da-uniao\/","name":"Jovem de 18 anos cai em igarap\u00e9 depois de ser baleado com tiro nas costas no bairro da Uni\u00e3o - Not\u00edcias de Todos - Models01","isPartOf":{"@id":"https:\/\/markd.com.br\/models\/#website"},"primaryImageOfPage":{"@id":"https:\/\/markd.com.br\/models\/jovem-de-18-anos-cai-em-igarape-depois-de-ser-baleado-com-tiro-nas-costas-no-bairro-da-uniao\/#primaryimage"},"image":{"@id":"https:\/\/markd.com.br\/models\/jovem-de-18-anos-cai-em-igarape-depois-de-ser-baleado-com-tiro-nas-costas-no-bairro-da-uniao\/#primaryimage"},"thumbnailUrl":"https:\/\/markd.com.br\/models\/wp-content\/uploads\/2022\/07\/20220709174607d0ebcdaafc574a4abe4da60f2a19bf59-644x445-1.jpg","datePublished":"2022-07-11T16:22:31+00:00","dateModified":"2022-07-11T16:22:34+00:00","author":{"@id":"https:\/\/markd.com.br\/models\/#\/schema\/person\/c12a77ab487a7262d8bec3c47301ad37"},"breadcrumb":{"@id":"https:\/\/markd.com.br\/models\/jovem-de-18-anos-cai-em-igarape-depois-de-ser-baleado-com-tiro-nas-costas-no-bairro-da-uniao\/#breadcrumb"},"inLanguage":"pt-BR","potentialAction":[{"@type":"ReadAction","target":["https:\/\/markd.com.br\/models\/jovem-de-18-anos-cai-em-igarape-depois-de-ser-baleado-com-tiro-nas-costas-no-bairro-da-uniao\/"]}]},{"@type":"ImageObject","inLanguage":"pt-BR","@id":"https:\/\/markd.com.br\/models\/jovem-de-18-anos-cai-em-igarape-depois-de-ser-baleado-com-tiro-nas-costas-no-bairro-da-uniao\/#primaryimage","url":"https:\/\/markd.com.br\/models\/wp-content\/uploads\/2022\/07\/20220709174607d0ebcdaafc574a4abe4da60f2a19bf59-644x445-1.jpg","contentUrl":"https:\/\/markd.com.br\/models\/wp-content\/uploads\/2022\/07\/20220709174607d0ebcdaafc574a4abe4da60f2a19bf59-644x445-1.jpg","width":644,"height":445},{"@type":"BreadcrumbList","@id":"https:\/\/markd.com.br\/models\/jovem-de-18-anos-cai-em-igarape-depois-de-ser-baleado-com-tiro-nas-costas-no-bairro-da-uniao\/#breadcrumb","itemListElement":[{"@type":"ListItem","position":1,"name":"In\u00edcio","item":"https:\/\/markd.com.br\/models\/"},{"@type":"ListItem","position":2,"name":"Jovem de 18 anos cai em igarap\u00e9 depois de ser baleado com tiro nas costas no bairro da Uni\u00e3o"}]},{"@type":"WebSite","@id":"https:\/\/markd.com.br\/models\/#website","url":"https:\/\/markd.com.br\/models\/","name":"Not\u00edcias de Todos - Models01","description":"Tenha um Portal de Not\u00edcias Moderno, Din\u00e2mico, R\u00e1pido e Profissional. Entregamos seu Site de  Not\u00edcias Pronto, Instalado, Hospedado, com Manual Passo a Passo e Suporte 24 horas.","potentialAction":[{"@type":"SearchAction","target":{"@type":"EntryPoint","urlTemplate":"https:\/\/markd.com.br\/models\/?s={search_term_string}"},"query-input":{"@type":"PropertyValueSpecification","valueRequired":true,"valueName":"search_term_string"}}],"inLanguage":"pt-BR"},{"@type":"Person","@id":"https:\/\/markd.com.br\/models\/#\/schema\/person\/c12a77ab487a7262d8bec3c47301ad37","name":"Reda\u00e7\u00e3o Reda\u00e7\u00e3o","image":{"@type":"ImageObject","inLanguage":"pt-BR","@id":"https:\/\/markd.com.br\/models\/#\/schema\/person\/image\/","url":"https:\/\/secure.gravatar.com\/avatar\/9448f3599ce269febf169e183039b4a6?s=96&d=mm&r=g","contentUrl":"https:\/\/secure.gravatar.com\/avatar\/9448f3599ce269febf169e183039b4a6?s=96&d=mm&r=g","caption":"Reda\u00e7\u00e3o Reda\u00e7\u00e3o"},"sameAs":["https:\/\/markd.com.br\/"],"url":"https:\/\/markd.com.br\/models\/author\/redacao\/"}]}},"featured_image_urls":{"full":["https:\/\/markd.com.br\/models\/wp-content\/uploads\/2022\/07\/20220709174607d0ebcdaafc574a4abe4da60f2a19bf59-644x445-1.jpg",644,445,false],"thumbnail":["https:\/\/markd.com.br\/models\/wp-content\/uploads\/2022\/07\/20220709174607d0ebcdaafc574a4abe4da60f2a19bf59-644x445-1-150x150.jpg",150,150,true],"medium":["https:\/\/markd.com.br\/models\/wp-content\/uploads\/2022\/07\/20220709174607d0ebcdaafc574a4abe4da60f2a19bf59-644x445-1-300x207.jpg",300,207,true],"medium_large":["https:\/\/markd.com.br\/models\/wp-content\/uploads\/2022\/07\/20220709174607d0ebcdaafc574a4abe4da60f2a19bf59-644x445-1.jpg",640,442,false],"large":["https:\/\/markd.com.br\/models\/wp-content\/uploads\/2022\/07\/20220709174607d0ebcdaafc574a4abe4da60f2a19bf59-644x445-1.jpg",640,442,false],"1536x1536":["https:\/\/markd.com.br\/models\/wp-content\/uploads\/2022\/07\/20220709174607d0ebcdaafc574a4abe4da60f2a19bf59-644x445-1.jpg",644,445,false],"2048x2048":["https:\/\/markd.com.br\/models\/wp-content\/uploads\/2022\/07\/20220709174607d0ebcdaafc574a4abe4da60f2a19bf59-644x445-1.jpg",644,445,false],"newsphere-slider-full":["https:\/\/markd.com.br\/models\/wp-content\/uploads\/2022\/07\/20220709174607d0ebcdaafc574a4abe4da60f2a19bf59-644x445-1.jpg",644,445,false],"newsphere-featured":["https:\/\/markd.com.br\/models\/wp-content\/uploads\/2022\/07\/20220709174607d0ebcdaafc574a4abe4da60f2a19bf59-644x445-1.jpg",644,445,false],"newsphere-medium":["https:\/\/markd.com.br\/models\/wp-content\/uploads\/2022\/07\/20220709174607d0ebcdaafc574a4abe4da60f2a19bf59-644x445-1-644x380.jpg",644,380,true]},"author_info":{"display_name":"Reda\u00e7\u00e3o Reda\u00e7\u00e3o","author_link":"https:\/\/markd.com.br\/models\/author\/redacao\/"},"category_info":"<a href=\"https:\/\/markd.com.br\/models\/category\/musica\/\" rel=\"category tag\">Pol\u00edcia<\/a>","tag_info":"Pol\u00edcia","comment_count":"0","jetpack_featured_media_url":"https:\/\/markd.com.br\/models\/wp-content\/uploads\/2022\/07\/20220709174607d0ebcdaafc574a4abe4da60f2a19bf59-644x445-1.jpg","_links":{"self":[{"href":"https:\/\/markd.com.br\/models\/wp-json\/wp\/v2\/posts\/2654","targetHints":{"allow":["GET"]}}],"collection":[{"href":"https:\/\/markd.com.br\/models\/wp-json\/wp\/v2\/posts"}],"about":[{"href":"https:\/\/markd.com.br\/models\/wp-json\/wp\/v2\/types\/post"}],"author":[{"embeddable":true,"href":"https:\/\/markd.com.br\/models\/wp-json\/wp\/v2\/users\/5"}],"replies":[{"embeddable":true,"href":"https:\/\/markd.com.br\/models\/wp-json\/wp\/v2\/comments?post=2654"}],"version-history":[{"count":1,"href":"https:\/\/markd.com.br\/models\/wp-json\/wp\/v2\/posts\/2654\/revisions"}],"predecessor-version":[{"id":2656,"href":"https:\/\/markd.com.br\/models\/wp-json\/wp\/v2\/posts\/2654\/revisions\/2656"}],"wp:featuredmedia":[{"embeddable":true,"href":"https:\/\/markd.com.br\/models\/wp-json\/wp\/v2\/media\/2655"}],"wp:attachment":[{"href":"https:\/\/markd.com.br\/models\/wp-json\/wp\/v2\/media?parent=2654"}],"wp:term":[{"taxonomy":"category","embeddable":true,"href":"https:\/\/markd.com.br\/models\/wp-json\/wp\/v2\/categories?post=2654"},{"taxonomy":"post_tag","embeddable":true,"href":"https:\/\/markd.com.br\/models\/wp-json\/wp\/v2\/tags?post=2654"}],"curies":[{"name":"wp","href":"https:\/\/api.w.org\/{rel}","templated":true}]}}