{"id":2673,"date":"2022-07-12T11:13:57","date_gmt":"2022-07-12T14:13:57","guid":{"rendered":"https:\/\/portaldestaquenoticias.com.br\/?p=2673"},"modified":"2022-07-12T11:14:00","modified_gmt":"2022-07-12T14:14:00","slug":"mulher-e-forcada-a-realizar-parto-normal-e-bebe-morre-jovem-teve-os-orgaos-perfurados","status":"publish","type":"post","link":"https:\/\/markd.com.br\/models\/mulher-e-forcada-a-realizar-parto-normal-e-bebe-morre-jovem-teve-os-orgaos-perfurados\/","title":{"rendered":"Mulher \u00e9 for\u00e7ada a realizar parto normal e beb\u00ea morre; jovem teve os \u00f3rg\u00e3os perfurados"},"content":{"rendered":"\n<p><\/p>\n\n\n\n<p>Uma jovem de 21 anos&nbsp;<strong>perdeu o filho dois dias depois do&nbsp;<a href=\"http:\/\/www.oliberal.com\/?q=parto\" target=\"_blank\" rel=\"noreferrer noopener\">parto<\/a><\/strong>, ap\u00f3s suposto erro m\u00e9dico. M\u00e1rcia Gon\u00e7alves Coelho&nbsp;<strong>nem mesmo conseguiu conhecer o filho<\/strong>. Segundo conta a jovem,<strong>&nbsp;<\/strong>ela foi<strong>&nbsp;for\u00e7ada a realizar o parto normal<\/strong>, mesmo que exames de rotina indicassem que o&nbsp;<strong><a href=\"http:\/\/www.oliberal.com\/?q=beb%C3%AA\" target=\"_blank\" rel=\"noreferrer noopener\">beb\u00ea&nbsp;<\/a>ainda estava sentado<\/strong>. M\u00e1rcia precisou fazer uma ces\u00e1rea de emerg\u00eancia ap\u00f3s as tentativas falhas do parto normal, onde&nbsp;<strong>teve seus \u00f3rg\u00e3os perfurados e, consequentemente, uma hemorragia.<\/strong><\/p>\n\n\n\n<p>O rec\u00e9m-nascido morreu no dia primeiro de julho, por&nbsp;<strong>falta de oxigena\u00e7\u00e3o no c\u00e9rebro<\/strong>, no Centro de Especialidades e Pronto Atendimento em Vila Rica, munic\u00edpio &nbsp; A mulher precisou ser levada para o Hospital Municipal de Confresa ap\u00f3s a ces\u00e1rea, por conta da hemorragia.&nbsp;<strong>Ela teve a bexiga cortada em quatro lugares diferentes, al\u00e9m do&nbsp;<a href=\"http:\/\/www.oliberal.com\/?q=%C3%BAtero\" target=\"_blank\" rel=\"noreferrer noopener\">\u00fatero<\/a>.&nbsp;<\/strong><\/p>\n\n\n\n<p>A jovem segue internada no hospital, mas explica que a<strong>&nbsp;perda do filho e os momentos traum\u00e1ticos&nbsp;<\/strong>no Centro de Vila Rica ser\u00e3o<strong>&nbsp;dif\u00edceis de esquecer<\/strong>:<\/p>\n\n\n\n<p>\u201cPara mim foi um susto muito grande, foi uma gravidez tranquila e no final aconteceu isso tudo. A perda \u00e9 uma dor muito grande e eu praticamente nasci de novo. At\u00e9 superar isso tudo vai ser complicado\u201d, disse a jovem.&nbsp;<\/p>\n\n\n\n<p>Claudineia Coelho, de 40 anos, m\u00e3e da jovem, conta que esse \u00e9 o&nbsp;<strong>segundo parto da filha<\/strong>, que tamb\u00e9m passou pela tentativa de parto normal na primeira gravidez, mas precisou fazer a&nbsp;<a href=\"http:\/\/www.oliberal.com\/?q=ces%C3%A1rea\" target=\"_blank\" rel=\"noreferrer noopener\">ces\u00e1rea<\/a>. Dessa vez,&nbsp;<strong>o m\u00e9dico que fez o acompanhamento pr\u00e9-natal havia alertado para a impossibilidade de parto normal<\/strong>, pois a crian\u00e7a ainda estava sentada na barriga da m\u00e3e.<\/p>\n\n\n\n<h2 class=\"wp-block-heading\">M\u00e9dico sentou na barriga da jovem durante o parto<\/h2>\n\n\n\n<p>Entretanto, ao ser alertada pela jovem, uma das enfermeiras sorriu e aplicou uma&nbsp;<strong>inje\u00e7\u00e3o que induziu o parto<\/strong>. Na sala de parto,&nbsp;<strong>o m\u00e9dico chegou a sentar na barriga da m\u00e3e para empurrar o beb\u00ea<\/strong>. A jovem conta que gritava: \u201cSai de cima que t\u00e1 me machucando\u201d. Foram&nbsp;<strong>tr\u00eas horas de correria<\/strong>, segundo Claudineia.<\/p>\n\n\n\n<p>\u201cN\u00e3o podia ter [o parto] normal e o beb\u00ea podia ficar sem oxig\u00eanio. Eles for\u00e7aram tanto que o nen\u00ea ficou preso l\u00e1 embaixo\u201d, conta a jovem, que chegou a alertar as enfermeiras novamente na sala de parto.<\/p>\n\n\n\n<p>Claudineia e M\u00e1rcia&nbsp;<strong>n\u00e3o conseguiram ver a crian\u00e7a<\/strong>, pois estavam em Confresa, por conta da hemorragia da jovem.&nbsp;<\/p>\n\n\n\n<p>Ainda tentaram a transfer\u00eancia do rec\u00e9m-nascido para o munic\u00edpio, mas sem sucesso: \u201cEles prenderam o nen\u00e9m l\u00e1, falando que ele estava bem, at\u00e9 que recebemos a not\u00edcia de que tinha ido a \u00f3bito\u201d, contou. A fam\u00edlia abriu um&nbsp;<a href=\"http:\/\/www.oliberal.com\/?q=boletim+de+ocorr%C3%AAncia\" target=\"_blank\" rel=\"noreferrer noopener\">boletim de ocorr\u00eancia<\/a>, no mesmo dia em que a crian\u00e7a morreu.<\/p>\n\n\n\n<p>A Secretaria Municipal de Sa\u00fade de Vila Rica enviou uma nota para o portal M\u00eddia News, que averiguou o caso. Confira:<\/p>\n\n\n\n<figure class=\"wp-block-image\"><img decoding=\"async\" src=\"https:\/\/www.oliberal.com\/image\/contentid\/policy:1.560650:1657569228\/Reproduc-o-MidiaNews.jpg?f=9x6&amp;q=1.0&amp;w=700&amp;$p$f$q$w=340442c\" alt=\"\" title=\"\"\/><\/figure>\n","protected":false},"excerpt":{"rendered":"<p>Uma jovem de 21 anos&nbsp;perdeu o filho dois dias depois do&nbsp;parto, ap\u00f3s suposto erro m\u00e9dico&#8230;.<\/p>\n","protected":false},"author":5,"featured_media":2674,"comment_status":"open","ping_status":"open","sticky":false,"template":"","format":"standard","meta":{"footnotes":""},"categories":[34],"tags":[796,798,797],"class_list":["post-2673","post","type-post","status-publish","format-standard","has-post-thumbnail","hentry","category-musica","tag-mulher-forcada","tag-orgaos-perfurados","tag-parto"],"yoast_head":"<!-- This site is optimized with the Yoast SEO plugin v24.4 - https:\/\/yoast.com\/wordpress\/plugins\/seo\/ -->\n<title>Mulher \u00e9 for\u00e7ada a realizar parto normal e beb\u00ea morre; jovem teve os \u00f3rg\u00e3os perfurados - Not\u00edcias de Todos - Models01<\/title>\n<meta name=\"robots\" content=\"index, follow, max-snippet:-1, max-image-preview:large, max-video-preview:-1\" \/>\n<link rel=\"canonical\" href=\"https:\/\/markd.com.br\/models\/mulher-e-forcada-a-realizar-parto-normal-e-bebe-morre-jovem-teve-os-orgaos-perfurados\/\" \/>\n<meta property=\"og:locale\" content=\"pt_BR\" \/>\n<meta property=\"og:type\" content=\"article\" \/>\n<meta property=\"og:title\" content=\"Mulher \u00e9 for\u00e7ada a realizar parto normal e beb\u00ea morre; jovem teve os \u00f3rg\u00e3os perfurados - Not\u00edcias de Todos - Models01\" \/>\n<meta property=\"og:description\" content=\"Uma jovem de 21 anos&nbsp;perdeu o filho dois dias depois do&nbsp;parto, ap\u00f3s suposto erro m\u00e9dico....\" \/>\n<meta property=\"og:url\" content=\"https:\/\/markd.com.br\/models\/mulher-e-forcada-a-realizar-parto-normal-e-bebe-morre-jovem-teve-os-orgaos-perfurados\/\" \/>\n<meta property=\"og:site_name\" content=\"Not\u00edcias de Todos - Models01\" \/>\n<meta property=\"article:published_time\" content=\"2022-07-12T14:13:57+00:00\" \/>\n<meta property=\"article:modified_time\" content=\"2022-07-12T14:14:00+00:00\" \/>\n<meta property=\"og:image\" content=\"https:\/\/markd.com.br\/models\/wp-content\/uploads\/2022\/07\/Reproduc-o-Midia-News-e1657624507351.webp\" \/>\n\t<meta property=\"og:image:width\" content=\"650\" \/>\n\t<meta property=\"og:image:height\" content=\"325\" \/>\n\t<meta property=\"og:image:type\" content=\"image\/webp\" \/>\n<meta name=\"author\" content=\"Reda\u00e7\u00e3o Reda\u00e7\u00e3o\" \/>\n<meta name=\"twitter:card\" content=\"summary_large_image\" \/>\n<meta name=\"twitter:label1\" content=\"Escrito por\" \/>\n\t<meta name=\"twitter:data1\" content=\"Reda\u00e7\u00e3o Reda\u00e7\u00e3o\" \/>\n\t<meta name=\"twitter:label2\" content=\"Est. tempo de leitura\" \/>\n\t<meta name=\"twitter:data2\" content=\"3 minutos\" \/>\n<script type=\"application\/ld+json\" class=\"yoast-schema-graph\">{\"@context\":\"https:\/\/schema.org\",\"@graph\":[{\"@type\":\"WebPage\",\"@id\":\"https:\/\/markd.com.br\/models\/mulher-e-forcada-a-realizar-parto-normal-e-bebe-morre-jovem-teve-os-orgaos-perfurados\/\",\"url\":\"https:\/\/markd.com.br\/models\/mulher-e-forcada-a-realizar-parto-normal-e-bebe-morre-jovem-teve-os-orgaos-perfurados\/\",\"name\":\"Mulher \u00e9 for\u00e7ada a realizar parto normal e beb\u00ea morre; jovem teve os \u00f3rg\u00e3os perfurados - Not\u00edcias de Todos - Models01\",\"isPartOf\":{\"@id\":\"https:\/\/markd.com.br\/models\/#website\"},\"primaryImageOfPage\":{\"@id\":\"https:\/\/markd.com.br\/models\/mulher-e-forcada-a-realizar-parto-normal-e-bebe-morre-jovem-teve-os-orgaos-perfurados\/#primaryimage\"},\"image\":{\"@id\":\"https:\/\/markd.com.br\/models\/mulher-e-forcada-a-realizar-parto-normal-e-bebe-morre-jovem-teve-os-orgaos-perfurados\/#primaryimage\"},\"thumbnailUrl\":\"https:\/\/markd.com.br\/models\/wp-content\/uploads\/2022\/07\/Reproduc-o-Midia-News-e1657624507351.webp\",\"datePublished\":\"2022-07-12T14:13:57+00:00\",\"dateModified\":\"2022-07-12T14:14:00+00:00\",\"author\":{\"@id\":\"https:\/\/markd.com.br\/models\/#\/schema\/person\/c12a77ab487a7262d8bec3c47301ad37\"},\"breadcrumb\":{\"@id\":\"https:\/\/markd.com.br\/models\/mulher-e-forcada-a-realizar-parto-normal-e-bebe-morre-jovem-teve-os-orgaos-perfurados\/#breadcrumb\"},\"inLanguage\":\"pt-BR\",\"potentialAction\":[{\"@type\":\"ReadAction\",\"target\":[\"https:\/\/markd.com.br\/models\/mulher-e-forcada-a-realizar-parto-normal-e-bebe-morre-jovem-teve-os-orgaos-perfurados\/\"]}]},{\"@type\":\"ImageObject\",\"inLanguage\":\"pt-BR\",\"@id\":\"https:\/\/markd.com.br\/models\/mulher-e-forcada-a-realizar-parto-normal-e-bebe-morre-jovem-teve-os-orgaos-perfurados\/#primaryimage\",\"url\":\"https:\/\/markd.com.br\/models\/wp-content\/uploads\/2022\/07\/Reproduc-o-Midia-News-e1657624507351.webp\",\"contentUrl\":\"https:\/\/markd.com.br\/models\/wp-content\/uploads\/2022\/07\/Reproduc-o-Midia-News-e1657624507351.webp\",\"width\":650,\"height\":325},{\"@type\":\"BreadcrumbList\",\"@id\":\"https:\/\/markd.com.br\/models\/mulher-e-forcada-a-realizar-parto-normal-e-bebe-morre-jovem-teve-os-orgaos-perfurados\/#breadcrumb\",\"itemListElement\":[{\"@type\":\"ListItem\",\"position\":1,\"name\":\"In\u00edcio\",\"item\":\"https:\/\/markd.com.br\/models\/\"},{\"@type\":\"ListItem\",\"position\":2,\"name\":\"Mulher \u00e9 for\u00e7ada a realizar parto normal e beb\u00ea morre; jovem teve os \u00f3rg\u00e3os perfurados\"}]},{\"@type\":\"WebSite\",\"@id\":\"https:\/\/markd.com.br\/models\/#website\",\"url\":\"https:\/\/markd.com.br\/models\/\",\"name\":\"Not\u00edcias de Todos - Models01\",\"description\":\"Tenha um Portal de Not\u00edcias Moderno, Din\u00e2mico, R\u00e1pido e Profissional. Entregamos seu Site de  Not\u00edcias Pronto, Instalado, Hospedado, com Manual Passo a Passo e Suporte 24 horas.\",\"potentialAction\":[{\"@type\":\"SearchAction\",\"target\":{\"@type\":\"EntryPoint\",\"urlTemplate\":\"https:\/\/markd.com.br\/models\/?s={search_term_string}\"},\"query-input\":{\"@type\":\"PropertyValueSpecification\",\"valueRequired\":true,\"valueName\":\"search_term_string\"}}],\"inLanguage\":\"pt-BR\"},{\"@type\":\"Person\",\"@id\":\"https:\/\/markd.com.br\/models\/#\/schema\/person\/c12a77ab487a7262d8bec3c47301ad37\",\"name\":\"Reda\u00e7\u00e3o Reda\u00e7\u00e3o\",\"image\":{\"@type\":\"ImageObject\",\"inLanguage\":\"pt-BR\",\"@id\":\"https:\/\/markd.com.br\/models\/#\/schema\/person\/image\/\",\"url\":\"https:\/\/secure.gravatar.com\/avatar\/9448f3599ce269febf169e183039b4a6?s=96&d=mm&r=g\",\"contentUrl\":\"https:\/\/secure.gravatar.com\/avatar\/9448f3599ce269febf169e183039b4a6?s=96&d=mm&r=g\",\"caption\":\"Reda\u00e7\u00e3o Reda\u00e7\u00e3o\"},\"sameAs\":[\"https:\/\/markd.com.br\/\"],\"url\":\"https:\/\/markd.com.br\/models\/author\/redacao\/\"}]}<\/script>\n<!-- \/ Yoast SEO plugin. -->","yoast_head_json":{"title":"Mulher \u00e9 for\u00e7ada a realizar parto normal e beb\u00ea morre; jovem teve os \u00f3rg\u00e3os perfurados - Not\u00edcias de Todos - Models01","robots":{"index":"index","follow":"follow","max-snippet":"max-snippet:-1","max-image-preview":"max-image-preview:large","max-video-preview":"max-video-preview:-1"},"canonical":"https:\/\/markd.com.br\/models\/mulher-e-forcada-a-realizar-parto-normal-e-bebe-morre-jovem-teve-os-orgaos-perfurados\/","og_locale":"pt_BR","og_type":"article","og_title":"Mulher \u00e9 for\u00e7ada a realizar parto normal e beb\u00ea morre; jovem teve os \u00f3rg\u00e3os perfurados - Not\u00edcias de Todos - Models01","og_description":"Uma jovem de 21 anos&nbsp;perdeu o filho dois dias depois do&nbsp;parto, ap\u00f3s suposto erro m\u00e9dico....","og_url":"https:\/\/markd.com.br\/models\/mulher-e-forcada-a-realizar-parto-normal-e-bebe-morre-jovem-teve-os-orgaos-perfurados\/","og_site_name":"Not\u00edcias de Todos - Models01","article_published_time":"2022-07-12T14:13:57+00:00","article_modified_time":"2022-07-12T14:14:00+00:00","og_image":[{"width":650,"height":325,"url":"https:\/\/markd.com.br\/models\/wp-content\/uploads\/2022\/07\/Reproduc-o-Midia-News-e1657624507351.webp","type":"image\/webp"}],"author":"Reda\u00e7\u00e3o Reda\u00e7\u00e3o","twitter_card":"summary_large_image","twitter_misc":{"Escrito por":"Reda\u00e7\u00e3o Reda\u00e7\u00e3o","Est. tempo de leitura":"3 minutos"},"schema":{"@context":"https:\/\/schema.org","@graph":[{"@type":"WebPage","@id":"https:\/\/markd.com.br\/models\/mulher-e-forcada-a-realizar-parto-normal-e-bebe-morre-jovem-teve-os-orgaos-perfurados\/","url":"https:\/\/markd.com.br\/models\/mulher-e-forcada-a-realizar-parto-normal-e-bebe-morre-jovem-teve-os-orgaos-perfurados\/","name":"Mulher \u00e9 for\u00e7ada a realizar parto normal e beb\u00ea morre; jovem teve os \u00f3rg\u00e3os perfurados - Not\u00edcias de Todos - Models01","isPartOf":{"@id":"https:\/\/markd.com.br\/models\/#website"},"primaryImageOfPage":{"@id":"https:\/\/markd.com.br\/models\/mulher-e-forcada-a-realizar-parto-normal-e-bebe-morre-jovem-teve-os-orgaos-perfurados\/#primaryimage"},"image":{"@id":"https:\/\/markd.com.br\/models\/mulher-e-forcada-a-realizar-parto-normal-e-bebe-morre-jovem-teve-os-orgaos-perfurados\/#primaryimage"},"thumbnailUrl":"https:\/\/markd.com.br\/models\/wp-content\/uploads\/2022\/07\/Reproduc-o-Midia-News-e1657624507351.webp","datePublished":"2022-07-12T14:13:57+00:00","dateModified":"2022-07-12T14:14:00+00:00","author":{"@id":"https:\/\/markd.com.br\/models\/#\/schema\/person\/c12a77ab487a7262d8bec3c47301ad37"},"breadcrumb":{"@id":"https:\/\/markd.com.br\/models\/mulher-e-forcada-a-realizar-parto-normal-e-bebe-morre-jovem-teve-os-orgaos-perfurados\/#breadcrumb"},"inLanguage":"pt-BR","potentialAction":[{"@type":"ReadAction","target":["https:\/\/markd.com.br\/models\/mulher-e-forcada-a-realizar-parto-normal-e-bebe-morre-jovem-teve-os-orgaos-perfurados\/"]}]},{"@type":"ImageObject","inLanguage":"pt-BR","@id":"https:\/\/markd.com.br\/models\/mulher-e-forcada-a-realizar-parto-normal-e-bebe-morre-jovem-teve-os-orgaos-perfurados\/#primaryimage","url":"https:\/\/markd.com.br\/models\/wp-content\/uploads\/2022\/07\/Reproduc-o-Midia-News-e1657624507351.webp","contentUrl":"https:\/\/markd.com.br\/models\/wp-content\/uploads\/2022\/07\/Reproduc-o-Midia-News-e1657624507351.webp","width":650,"height":325},{"@type":"BreadcrumbList","@id":"https:\/\/markd.com.br\/models\/mulher-e-forcada-a-realizar-parto-normal-e-bebe-morre-jovem-teve-os-orgaos-perfurados\/#breadcrumb","itemListElement":[{"@type":"ListItem","position":1,"name":"In\u00edcio","item":"https:\/\/markd.com.br\/models\/"},{"@type":"ListItem","position":2,"name":"Mulher \u00e9 for\u00e7ada a realizar parto normal e beb\u00ea morre; jovem teve os \u00f3rg\u00e3os perfurados"}]},{"@type":"WebSite","@id":"https:\/\/markd.com.br\/models\/#website","url":"https:\/\/markd.com.br\/models\/","name":"Not\u00edcias de Todos - Models01","description":"Tenha um Portal de Not\u00edcias Moderno, Din\u00e2mico, R\u00e1pido e Profissional. Entregamos seu Site de  Not\u00edcias Pronto, Instalado, Hospedado, com Manual Passo a Passo e Suporte 24 horas.","potentialAction":[{"@type":"SearchAction","target":{"@type":"EntryPoint","urlTemplate":"https:\/\/markd.com.br\/models\/?s={search_term_string}"},"query-input":{"@type":"PropertyValueSpecification","valueRequired":true,"valueName":"search_term_string"}}],"inLanguage":"pt-BR"},{"@type":"Person","@id":"https:\/\/markd.com.br\/models\/#\/schema\/person\/c12a77ab487a7262d8bec3c47301ad37","name":"Reda\u00e7\u00e3o Reda\u00e7\u00e3o","image":{"@type":"ImageObject","inLanguage":"pt-BR","@id":"https:\/\/markd.com.br\/models\/#\/schema\/person\/image\/","url":"https:\/\/secure.gravatar.com\/avatar\/9448f3599ce269febf169e183039b4a6?s=96&d=mm&r=g","contentUrl":"https:\/\/secure.gravatar.com\/avatar\/9448f3599ce269febf169e183039b4a6?s=96&d=mm&r=g","caption":"Reda\u00e7\u00e3o Reda\u00e7\u00e3o"},"sameAs":["https:\/\/markd.com.br\/"],"url":"https:\/\/markd.com.br\/models\/author\/redacao\/"}]}},"featured_image_urls":{"full":["https:\/\/markd.com.br\/models\/wp-content\/uploads\/2022\/07\/Reproduc-o-Midia-News-e1657624507351.webp",650,325,false],"thumbnail":["https:\/\/markd.com.br\/models\/wp-content\/uploads\/2022\/07\/Reproduc-o-Midia-News-e1657624507351-150x150.webp",150,150,true],"medium":["https:\/\/markd.com.br\/models\/wp-content\/uploads\/2022\/07\/Reproduc-o-Midia-News-e1657624507351-300x150.webp",300,150,true],"medium_large":["https:\/\/markd.com.br\/models\/wp-content\/uploads\/2022\/07\/Reproduc-o-Midia-News-e1657624507351.webp",640,320,false],"large":["https:\/\/markd.com.br\/models\/wp-content\/uploads\/2022\/07\/Reproduc-o-Midia-News-e1657624507351.webp",640,320,false],"1536x1536":["https:\/\/markd.com.br\/models\/wp-content\/uploads\/2022\/07\/Reproduc-o-Midia-News-e1657624507351.webp",650,325,false],"2048x2048":["https:\/\/markd.com.br\/models\/wp-content\/uploads\/2022\/07\/Reproduc-o-Midia-News-e1657624507351.webp",650,325,false],"newsphere-slider-full":["https:\/\/markd.com.br\/models\/wp-content\/uploads\/2022\/07\/Reproduc-o-Midia-News-e1657624507351.webp",650,325,false],"newsphere-featured":["https:\/\/markd.com.br\/models\/wp-content\/uploads\/2022\/07\/Reproduc-o-Midia-News-e1657624507351.webp",650,325,false],"newsphere-medium":["https:\/\/markd.com.br\/models\/wp-content\/uploads\/2022\/07\/Reproduc-o-Midia-News-e1657624507351.webp",650,325,false]},"author_info":{"display_name":"Reda\u00e7\u00e3o Reda\u00e7\u00e3o","author_link":"https:\/\/markd.com.br\/models\/author\/redacao\/"},"category_info":"<a href=\"https:\/\/markd.com.br\/models\/category\/musica\/\" rel=\"category tag\">Pol\u00edcia<\/a>","tag_info":"Pol\u00edcia","comment_count":"0","jetpack_featured_media_url":"https:\/\/markd.com.br\/models\/wp-content\/uploads\/2022\/07\/Reproduc-o-Midia-News-e1657624507351.webp","_links":{"self":[{"href":"https:\/\/markd.com.br\/models\/wp-json\/wp\/v2\/posts\/2673","targetHints":{"allow":["GET"]}}],"collection":[{"href":"https:\/\/markd.com.br\/models\/wp-json\/wp\/v2\/posts"}],"about":[{"href":"https:\/\/markd.com.br\/models\/wp-json\/wp\/v2\/types\/post"}],"author":[{"embeddable":true,"href":"https:\/\/markd.com.br\/models\/wp-json\/wp\/v2\/users\/5"}],"replies":[{"embeddable":true,"href":"https:\/\/markd.com.br\/models\/wp-json\/wp\/v2\/comments?post=2673"}],"version-history":[{"count":1,"href":"https:\/\/markd.com.br\/models\/wp-json\/wp\/v2\/posts\/2673\/revisions"}],"predecessor-version":[{"id":2675,"href":"https:\/\/markd.com.br\/models\/wp-json\/wp\/v2\/posts\/2673\/revisions\/2675"}],"wp:featuredmedia":[{"embeddable":true,"href":"https:\/\/markd.com.br\/models\/wp-json\/wp\/v2\/media\/2674"}],"wp:attachment":[{"href":"https:\/\/markd.com.br\/models\/wp-json\/wp\/v2\/media?parent=2673"}],"wp:term":[{"taxonomy":"category","embeddable":true,"href":"https:\/\/markd.com.br\/models\/wp-json\/wp\/v2\/categories?post=2673"},{"taxonomy":"post_tag","embeddable":true,"href":"https:\/\/markd.com.br\/models\/wp-json\/wp\/v2\/tags?post=2673"}],"curies":[{"name":"wp","href":"https:\/\/api.w.org\/{rel}","templated":true}]}}