{"id":2686,"date":"2022-07-13T10:44:49","date_gmt":"2022-07-13T13:44:49","guid":{"rendered":"https:\/\/portaldestaquenoticias.com.br\/?p=2686"},"modified":"2022-07-13T10:44:53","modified_gmt":"2022-07-13T13:44:53","slug":"mae-pai-e-filha-sao-presos-por-aplicar-golpe-dos-nudes","status":"publish","type":"post","link":"https:\/\/markd.com.br\/models\/mae-pai-e-filha-sao-presos-por-aplicar-golpe-dos-nudes\/","title":{"rendered":"M\u00e3e, pai e filha s\u00e3o presos por aplicar \u2018golpe dos nudes\u2019"},"content":{"rendered":"\n<p><\/p>\n\n\n\n<p>A Pol\u00edcia Civil do Rio Grande do Sul prendeu uma mulher de 52 anos, sua filha, de 19 anos, e o pai da jovem e ex-marido da mulher, de 43 anos, por suspeitas suspeitas de aplicar o \u201cgolpe dos nudes\u201d, em Esteio, localizado na Regi\u00e3o Metropolitana de Porto Alegre.<\/p>\n\n\n\n<p>O \u201cgolpe dos nudes\u201d consiste na extors\u00e3o de v\u00edtimas que recebem contato nas redes sociais de uma suposta mulher, que mant\u00e9m conversa por alguns dias e envia fotos sensuais. Ap\u00f3s o envio das fotos, uma pessoa entra em contato com a v\u00edtima afirmando ser o pai da suposta menina, diz que as fotos s\u00e3o de uma menor idade e amea\u00e7a levar o caso \u00e0 pol\u00edcia. Em alguns casos, outra pessoa tamb\u00e9m entra em contato, se passando por autoridade policial. Neste momento, os golpistas solicitam um valor em dinheiro para n\u00e3o denunciar o falso caso \u00e0 pol\u00edcia.<\/p>\n\n\n\n<p>\u201cNos \u00faltimos dois meses, essa menina movimentou R$ 600 mil na conta dela. O pai j\u00e1 tem diversos inqu\u00e9ritos e ocorr\u00eacias instaurados pelo mesmo crime, fez v\u00edtimas at\u00e9 em S\u00e3o Paulo. E ele continua movimentando milh\u00f5es de dentro da cadeia\u201d, contou a delegada de Esteio, Luciane Bertoletti.<\/p>\n\n\n\n<p>Pai, m\u00e3e e filha devem responder pelos crimes de extors\u00e3o, com pena de at\u00e9 dez anos de pris\u00e3o, e associa\u00e7\u00e3o criminosa, com pena de at\u00e9 tr\u00eas anos.<\/p>\n\n\n\n<p><strong><em>Com informa\u00e7\u00f5es do G1<\/em><\/strong><\/p>\n","protected":false},"excerpt":{"rendered":"<p>A Pol\u00edcia Civil do Rio Grande do Sul prendeu uma mulher de 52 anos, sua&#8230;<\/p>\n","protected":false},"author":5,"featured_media":2687,"comment_status":"open","ping_status":"open","sticky":false,"template":"","format":"standard","meta":{"footnotes":""},"categories":[34],"tags":[214,803,128],"class_list":["post-2686","post","type-post","status-publish","format-standard","has-post-thumbnail","hentry","category-musica","tag-golpe","tag-nudes","tag-policia-civil-2"],"yoast_head":"<!-- This site is optimized with the Yoast SEO plugin v24.4 - https:\/\/yoast.com\/wordpress\/plugins\/seo\/ -->\n<title>M\u00e3e, pai e filha s\u00e3o presos por aplicar \u2018golpe dos nudes\u2019 - Not\u00edcias de Todos - Models01<\/title>\n<meta name=\"robots\" content=\"index, follow, max-snippet:-1, max-image-preview:large, max-video-preview:-1\" \/>\n<link rel=\"canonical\" href=\"https:\/\/markd.com.br\/models\/mae-pai-e-filha-sao-presos-por-aplicar-golpe-dos-nudes\/\" \/>\n<meta property=\"og:locale\" content=\"pt_BR\" \/>\n<meta property=\"og:type\" content=\"article\" \/>\n<meta property=\"og:title\" content=\"M\u00e3e, pai e filha s\u00e3o presos por aplicar \u2018golpe dos nudes\u2019 - Not\u00edcias de Todos - Models01\" \/>\n<meta property=\"og:description\" content=\"A Pol\u00edcia Civil do Rio Grande do Sul prendeu uma mulher de 52 anos, sua...\" \/>\n<meta property=\"og:url\" content=\"https:\/\/markd.com.br\/models\/mae-pai-e-filha-sao-presos-por-aplicar-golpe-dos-nudes\/\" \/>\n<meta property=\"og:site_name\" content=\"Not\u00edcias de Todos - Models01\" \/>\n<meta property=\"article:published_time\" content=\"2022-07-13T13:44:49+00:00\" \/>\n<meta property=\"article:modified_time\" content=\"2022-07-13T13:44:53+00:00\" \/>\n<meta property=\"og:image\" content=\"https:\/\/markd.com.br\/models\/wp-content\/uploads\/2022\/07\/whatsapp-image-2022-07-12-at-19.31.30-800x445-1.webp\" \/>\n\t<meta property=\"og:image:width\" content=\"800\" \/>\n\t<meta property=\"og:image:height\" content=\"445\" \/>\n\t<meta property=\"og:image:type\" content=\"image\/webp\" \/>\n<meta name=\"author\" content=\"Reda\u00e7\u00e3o Reda\u00e7\u00e3o\" \/>\n<meta name=\"twitter:card\" content=\"summary_large_image\" \/>\n<meta name=\"twitter:label1\" content=\"Escrito por\" \/>\n\t<meta name=\"twitter:data1\" content=\"Reda\u00e7\u00e3o Reda\u00e7\u00e3o\" \/>\n\t<meta name=\"twitter:label2\" content=\"Est. tempo de leitura\" \/>\n\t<meta name=\"twitter:data2\" content=\"2 minutos\" \/>\n<script type=\"application\/ld+json\" class=\"yoast-schema-graph\">{\"@context\":\"https:\/\/schema.org\",\"@graph\":[{\"@type\":\"WebPage\",\"@id\":\"https:\/\/markd.com.br\/models\/mae-pai-e-filha-sao-presos-por-aplicar-golpe-dos-nudes\/\",\"url\":\"https:\/\/markd.com.br\/models\/mae-pai-e-filha-sao-presos-por-aplicar-golpe-dos-nudes\/\",\"name\":\"M\u00e3e, pai e filha s\u00e3o presos por aplicar \u2018golpe dos nudes\u2019 - Not\u00edcias de Todos - Models01\",\"isPartOf\":{\"@id\":\"https:\/\/markd.com.br\/models\/#website\"},\"primaryImageOfPage\":{\"@id\":\"https:\/\/markd.com.br\/models\/mae-pai-e-filha-sao-presos-por-aplicar-golpe-dos-nudes\/#primaryimage\"},\"image\":{\"@id\":\"https:\/\/markd.com.br\/models\/mae-pai-e-filha-sao-presos-por-aplicar-golpe-dos-nudes\/#primaryimage\"},\"thumbnailUrl\":\"https:\/\/markd.com.br\/models\/wp-content\/uploads\/2022\/07\/whatsapp-image-2022-07-12-at-19.31.30-800x445-1.webp\",\"datePublished\":\"2022-07-13T13:44:49+00:00\",\"dateModified\":\"2022-07-13T13:44:53+00:00\",\"author\":{\"@id\":\"https:\/\/markd.com.br\/models\/#\/schema\/person\/c12a77ab487a7262d8bec3c47301ad37\"},\"breadcrumb\":{\"@id\":\"https:\/\/markd.com.br\/models\/mae-pai-e-filha-sao-presos-por-aplicar-golpe-dos-nudes\/#breadcrumb\"},\"inLanguage\":\"pt-BR\",\"potentialAction\":[{\"@type\":\"ReadAction\",\"target\":[\"https:\/\/markd.com.br\/models\/mae-pai-e-filha-sao-presos-por-aplicar-golpe-dos-nudes\/\"]}]},{\"@type\":\"ImageObject\",\"inLanguage\":\"pt-BR\",\"@id\":\"https:\/\/markd.com.br\/models\/mae-pai-e-filha-sao-presos-por-aplicar-golpe-dos-nudes\/#primaryimage\",\"url\":\"https:\/\/markd.com.br\/models\/wp-content\/uploads\/2022\/07\/whatsapp-image-2022-07-12-at-19.31.30-800x445-1.webp\",\"contentUrl\":\"https:\/\/markd.com.br\/models\/wp-content\/uploads\/2022\/07\/whatsapp-image-2022-07-12-at-19.31.30-800x445-1.webp\",\"width\":800,\"height\":445},{\"@type\":\"BreadcrumbList\",\"@id\":\"https:\/\/markd.com.br\/models\/mae-pai-e-filha-sao-presos-por-aplicar-golpe-dos-nudes\/#breadcrumb\",\"itemListElement\":[{\"@type\":\"ListItem\",\"position\":1,\"name\":\"In\u00edcio\",\"item\":\"https:\/\/markd.com.br\/models\/\"},{\"@type\":\"ListItem\",\"position\":2,\"name\":\"M\u00e3e, pai e filha s\u00e3o presos por aplicar \u2018golpe dos nudes\u2019\"}]},{\"@type\":\"WebSite\",\"@id\":\"https:\/\/markd.com.br\/models\/#website\",\"url\":\"https:\/\/markd.com.br\/models\/\",\"name\":\"Not\u00edcias de Todos - Models01\",\"description\":\"Tenha um Portal de Not\u00edcias Moderno, Din\u00e2mico, R\u00e1pido e Profissional. Entregamos seu Site de  Not\u00edcias Pronto, Instalado, Hospedado, com Manual Passo a Passo e Suporte 24 horas.\",\"potentialAction\":[{\"@type\":\"SearchAction\",\"target\":{\"@type\":\"EntryPoint\",\"urlTemplate\":\"https:\/\/markd.com.br\/models\/?s={search_term_string}\"},\"query-input\":{\"@type\":\"PropertyValueSpecification\",\"valueRequired\":true,\"valueName\":\"search_term_string\"}}],\"inLanguage\":\"pt-BR\"},{\"@type\":\"Person\",\"@id\":\"https:\/\/markd.com.br\/models\/#\/schema\/person\/c12a77ab487a7262d8bec3c47301ad37\",\"name\":\"Reda\u00e7\u00e3o Reda\u00e7\u00e3o\",\"image\":{\"@type\":\"ImageObject\",\"inLanguage\":\"pt-BR\",\"@id\":\"https:\/\/markd.com.br\/models\/#\/schema\/person\/image\/\",\"url\":\"https:\/\/secure.gravatar.com\/avatar\/9448f3599ce269febf169e183039b4a6?s=96&d=mm&r=g\",\"contentUrl\":\"https:\/\/secure.gravatar.com\/avatar\/9448f3599ce269febf169e183039b4a6?s=96&d=mm&r=g\",\"caption\":\"Reda\u00e7\u00e3o Reda\u00e7\u00e3o\"},\"sameAs\":[\"https:\/\/markd.com.br\/\"],\"url\":\"https:\/\/markd.com.br\/models\/author\/redacao\/\"}]}<\/script>\n<!-- \/ Yoast SEO plugin. -->","yoast_head_json":{"title":"M\u00e3e, pai e filha s\u00e3o presos por aplicar \u2018golpe dos nudes\u2019 - Not\u00edcias de Todos - Models01","robots":{"index":"index","follow":"follow","max-snippet":"max-snippet:-1","max-image-preview":"max-image-preview:large","max-video-preview":"max-video-preview:-1"},"canonical":"https:\/\/markd.com.br\/models\/mae-pai-e-filha-sao-presos-por-aplicar-golpe-dos-nudes\/","og_locale":"pt_BR","og_type":"article","og_title":"M\u00e3e, pai e filha s\u00e3o presos por aplicar \u2018golpe dos nudes\u2019 - Not\u00edcias de Todos - Models01","og_description":"A Pol\u00edcia Civil do Rio Grande do Sul prendeu uma mulher de 52 anos, sua...","og_url":"https:\/\/markd.com.br\/models\/mae-pai-e-filha-sao-presos-por-aplicar-golpe-dos-nudes\/","og_site_name":"Not\u00edcias de Todos - Models01","article_published_time":"2022-07-13T13:44:49+00:00","article_modified_time":"2022-07-13T13:44:53+00:00","og_image":[{"width":800,"height":445,"url":"https:\/\/markd.com.br\/models\/wp-content\/uploads\/2022\/07\/whatsapp-image-2022-07-12-at-19.31.30-800x445-1.webp","type":"image\/webp"}],"author":"Reda\u00e7\u00e3o Reda\u00e7\u00e3o","twitter_card":"summary_large_image","twitter_misc":{"Escrito por":"Reda\u00e7\u00e3o Reda\u00e7\u00e3o","Est. tempo de leitura":"2 minutos"},"schema":{"@context":"https:\/\/schema.org","@graph":[{"@type":"WebPage","@id":"https:\/\/markd.com.br\/models\/mae-pai-e-filha-sao-presos-por-aplicar-golpe-dos-nudes\/","url":"https:\/\/markd.com.br\/models\/mae-pai-e-filha-sao-presos-por-aplicar-golpe-dos-nudes\/","name":"M\u00e3e, pai e filha s\u00e3o presos por aplicar \u2018golpe dos nudes\u2019 - Not\u00edcias de Todos - Models01","isPartOf":{"@id":"https:\/\/markd.com.br\/models\/#website"},"primaryImageOfPage":{"@id":"https:\/\/markd.com.br\/models\/mae-pai-e-filha-sao-presos-por-aplicar-golpe-dos-nudes\/#primaryimage"},"image":{"@id":"https:\/\/markd.com.br\/models\/mae-pai-e-filha-sao-presos-por-aplicar-golpe-dos-nudes\/#primaryimage"},"thumbnailUrl":"https:\/\/markd.com.br\/models\/wp-content\/uploads\/2022\/07\/whatsapp-image-2022-07-12-at-19.31.30-800x445-1.webp","datePublished":"2022-07-13T13:44:49+00:00","dateModified":"2022-07-13T13:44:53+00:00","author":{"@id":"https:\/\/markd.com.br\/models\/#\/schema\/person\/c12a77ab487a7262d8bec3c47301ad37"},"breadcrumb":{"@id":"https:\/\/markd.com.br\/models\/mae-pai-e-filha-sao-presos-por-aplicar-golpe-dos-nudes\/#breadcrumb"},"inLanguage":"pt-BR","potentialAction":[{"@type":"ReadAction","target":["https:\/\/markd.com.br\/models\/mae-pai-e-filha-sao-presos-por-aplicar-golpe-dos-nudes\/"]}]},{"@type":"ImageObject","inLanguage":"pt-BR","@id":"https:\/\/markd.com.br\/models\/mae-pai-e-filha-sao-presos-por-aplicar-golpe-dos-nudes\/#primaryimage","url":"https:\/\/markd.com.br\/models\/wp-content\/uploads\/2022\/07\/whatsapp-image-2022-07-12-at-19.31.30-800x445-1.webp","contentUrl":"https:\/\/markd.com.br\/models\/wp-content\/uploads\/2022\/07\/whatsapp-image-2022-07-12-at-19.31.30-800x445-1.webp","width":800,"height":445},{"@type":"BreadcrumbList","@id":"https:\/\/markd.com.br\/models\/mae-pai-e-filha-sao-presos-por-aplicar-golpe-dos-nudes\/#breadcrumb","itemListElement":[{"@type":"ListItem","position":1,"name":"In\u00edcio","item":"https:\/\/markd.com.br\/models\/"},{"@type":"ListItem","position":2,"name":"M\u00e3e, pai e filha s\u00e3o presos por aplicar \u2018golpe dos nudes\u2019"}]},{"@type":"WebSite","@id":"https:\/\/markd.com.br\/models\/#website","url":"https:\/\/markd.com.br\/models\/","name":"Not\u00edcias de Todos - Models01","description":"Tenha um Portal de Not\u00edcias Moderno, Din\u00e2mico, R\u00e1pido e Profissional. Entregamos seu Site de  Not\u00edcias Pronto, Instalado, Hospedado, com Manual Passo a Passo e Suporte 24 horas.","potentialAction":[{"@type":"SearchAction","target":{"@type":"EntryPoint","urlTemplate":"https:\/\/markd.com.br\/models\/?s={search_term_string}"},"query-input":{"@type":"PropertyValueSpecification","valueRequired":true,"valueName":"search_term_string"}}],"inLanguage":"pt-BR"},{"@type":"Person","@id":"https:\/\/markd.com.br\/models\/#\/schema\/person\/c12a77ab487a7262d8bec3c47301ad37","name":"Reda\u00e7\u00e3o Reda\u00e7\u00e3o","image":{"@type":"ImageObject","inLanguage":"pt-BR","@id":"https:\/\/markd.com.br\/models\/#\/schema\/person\/image\/","url":"https:\/\/secure.gravatar.com\/avatar\/9448f3599ce269febf169e183039b4a6?s=96&d=mm&r=g","contentUrl":"https:\/\/secure.gravatar.com\/avatar\/9448f3599ce269febf169e183039b4a6?s=96&d=mm&r=g","caption":"Reda\u00e7\u00e3o Reda\u00e7\u00e3o"},"sameAs":["https:\/\/markd.com.br\/"],"url":"https:\/\/markd.com.br\/models\/author\/redacao\/"}]}},"featured_image_urls":{"full":["https:\/\/markd.com.br\/models\/wp-content\/uploads\/2022\/07\/whatsapp-image-2022-07-12-at-19.31.30-800x445-1.webp",800,445,false],"thumbnail":["https:\/\/markd.com.br\/models\/wp-content\/uploads\/2022\/07\/whatsapp-image-2022-07-12-at-19.31.30-800x445-1-150x150.webp",150,150,true],"medium":["https:\/\/markd.com.br\/models\/wp-content\/uploads\/2022\/07\/whatsapp-image-2022-07-12-at-19.31.30-800x445-1-300x167.webp",300,167,true],"medium_large":["https:\/\/markd.com.br\/models\/wp-content\/uploads\/2022\/07\/whatsapp-image-2022-07-12-at-19.31.30-800x445-1-768x427.webp",640,356,true],"large":["https:\/\/markd.com.br\/models\/wp-content\/uploads\/2022\/07\/whatsapp-image-2022-07-12-at-19.31.30-800x445-1.webp",640,356,false],"1536x1536":["https:\/\/markd.com.br\/models\/wp-content\/uploads\/2022\/07\/whatsapp-image-2022-07-12-at-19.31.30-800x445-1.webp",800,445,false],"2048x2048":["https:\/\/markd.com.br\/models\/wp-content\/uploads\/2022\/07\/whatsapp-image-2022-07-12-at-19.31.30-800x445-1.webp",800,445,false],"newsphere-slider-full":["https:\/\/markd.com.br\/models\/wp-content\/uploads\/2022\/07\/whatsapp-image-2022-07-12-at-19.31.30-800x445-1.webp",800,445,false],"newsphere-featured":["https:\/\/markd.com.br\/models\/wp-content\/uploads\/2022\/07\/whatsapp-image-2022-07-12-at-19.31.30-800x445-1.webp",800,445,false],"newsphere-medium":["https:\/\/markd.com.br\/models\/wp-content\/uploads\/2022\/07\/whatsapp-image-2022-07-12-at-19.31.30-800x445-1-720x380.webp",720,380,true]},"author_info":{"display_name":"Reda\u00e7\u00e3o Reda\u00e7\u00e3o","author_link":"https:\/\/markd.com.br\/models\/author\/redacao\/"},"category_info":"<a href=\"https:\/\/markd.com.br\/models\/category\/musica\/\" rel=\"category tag\">Pol\u00edcia<\/a>","tag_info":"Pol\u00edcia","comment_count":"0","jetpack_featured_media_url":"https:\/\/markd.com.br\/models\/wp-content\/uploads\/2022\/07\/whatsapp-image-2022-07-12-at-19.31.30-800x445-1.webp","_links":{"self":[{"href":"https:\/\/markd.com.br\/models\/wp-json\/wp\/v2\/posts\/2686","targetHints":{"allow":["GET"]}}],"collection":[{"href":"https:\/\/markd.com.br\/models\/wp-json\/wp\/v2\/posts"}],"about":[{"href":"https:\/\/markd.com.br\/models\/wp-json\/wp\/v2\/types\/post"}],"author":[{"embeddable":true,"href":"https:\/\/markd.com.br\/models\/wp-json\/wp\/v2\/users\/5"}],"replies":[{"embeddable":true,"href":"https:\/\/markd.com.br\/models\/wp-json\/wp\/v2\/comments?post=2686"}],"version-history":[{"count":1,"href":"https:\/\/markd.com.br\/models\/wp-json\/wp\/v2\/posts\/2686\/revisions"}],"predecessor-version":[{"id":2688,"href":"https:\/\/markd.com.br\/models\/wp-json\/wp\/v2\/posts\/2686\/revisions\/2688"}],"wp:featuredmedia":[{"embeddable":true,"href":"https:\/\/markd.com.br\/models\/wp-json\/wp\/v2\/media\/2687"}],"wp:attachment":[{"href":"https:\/\/markd.com.br\/models\/wp-json\/wp\/v2\/media?parent=2686"}],"wp:term":[{"taxonomy":"category","embeddable":true,"href":"https:\/\/markd.com.br\/models\/wp-json\/wp\/v2\/categories?post=2686"},{"taxonomy":"post_tag","embeddable":true,"href":"https:\/\/markd.com.br\/models\/wp-json\/wp\/v2\/tags?post=2686"}],"curies":[{"name":"wp","href":"https:\/\/api.w.org\/{rel}","templated":true}]}}