{"id":2695,"date":"2022-07-13T11:04:40","date_gmt":"2022-07-13T14:04:40","guid":{"rendered":"https:\/\/portaldestaquenoticias.com.br\/?p=2695"},"modified":"2022-07-13T11:04:48","modified_gmt":"2022-07-13T14:04:48","slug":"rafa-kalimann-escolheu-ficar-com-bruninho-apos-enrolacao-de-joao-vicente-de-castro-mostrou-mais-interesse","status":"publish","type":"post","link":"https:\/\/markd.com.br\/models\/rafa-kalimann-escolheu-ficar-com-bruninho-apos-enrolacao-de-joao-vicente-de-castro-mostrou-mais-interesse\/","title":{"rendered":"Rafa Kalimann escolheu ficar com Bruninho ap\u00f3s \u2018enrola\u00e7\u00e3o\u2019 de Jo\u00e3o Vicente de Castro: \u2018mostrou mais interesse\u2019"},"content":{"rendered":"\n<p><\/p>\n\n\n\n<p>A influencer Rafa Kalimann decidiu ficar com o jogador Bruninho, do que o ator Jo\u00e3o Vicente de Castro, afirmaram fontes pr\u00f3ximas ao jornal Extra nesta ter\u00e7a-feira, 12. Segundo essas fontes, Rafa chegou a ficar dividida entre os dois, mas acabou optando pelo atleta depois de, digamos, uma certa enrola\u00e7\u00e3o por parte de Jo\u00e3o Vicente.<\/p>\n\n\n\n<p>\u201cEle deu uma enrolada nela enquanto Bruninho demonstrou logo interesse. N\u00e3o ficou muito dif\u00edcil escolher\u201d, revela a fonte.<\/p>\n\n\n\n<p>\u201cSe pintar uma rela\u00e7\u00e3o saud\u00e1vel, que eu ache que vai agregar na minha vida, um homem legal, que vai chegar para somar mesmo, vai fluir, vai rolar. Mas eu estou muito nessa fase de eu sou suficiente e se eu entrar numa rela\u00e7\u00e3o \u00e9 porque me apaixonei, porque eu quero viver isso, mas sem grandes expectativas\u201d, disse Rafa em entrevista ao EXTRA.<\/p>\n\n\n\n<p><strong><em>Com informa\u00e7\u00f5es do Extra<\/em><\/strong><\/p>\n","protected":false},"excerpt":{"rendered":"<p>A influencer Rafa Kalimann decidiu ficar com o jogador Bruninho, do que o ator Jo\u00e3o&#8230;<\/p>\n","protected":false},"author":5,"featured_media":2696,"comment_status":"open","ping_status":"open","sticky":false,"template":"","format":"standard","meta":{"footnotes":""},"categories":[33],"tags":[801,130],"class_list":["post-2695","post","type-post","status-publish","format-standard","has-post-thumbnail","hentry","category-economia","tag-joao-vicente","tag-rafa-kalimann"],"yoast_head":"<!-- This site is optimized with the Yoast SEO plugin v24.4 - https:\/\/yoast.com\/wordpress\/plugins\/seo\/ -->\n<title>Rafa Kalimann escolheu ficar com Bruninho ap\u00f3s \u2018enrola\u00e7\u00e3o\u2019 de Jo\u00e3o Vicente de Castro: \u2018mostrou mais interesse\u2019 - Not\u00edcias de Todos - Models01<\/title>\n<meta name=\"robots\" content=\"index, follow, max-snippet:-1, max-image-preview:large, max-video-preview:-1\" \/>\n<link rel=\"canonical\" href=\"https:\/\/markd.com.br\/models\/rafa-kalimann-escolheu-ficar-com-bruninho-apos-enrolacao-de-joao-vicente-de-castro-mostrou-mais-interesse\/\" \/>\n<meta property=\"og:locale\" content=\"pt_BR\" \/>\n<meta property=\"og:type\" content=\"article\" \/>\n<meta property=\"og:title\" content=\"Rafa Kalimann escolheu ficar com Bruninho ap\u00f3s \u2018enrola\u00e7\u00e3o\u2019 de Jo\u00e3o Vicente de Castro: \u2018mostrou mais interesse\u2019 - Not\u00edcias de Todos - Models01\" \/>\n<meta property=\"og:description\" content=\"A influencer Rafa Kalimann decidiu ficar com o jogador Bruninho, do que o ator Jo\u00e3o...\" \/>\n<meta property=\"og:url\" content=\"https:\/\/markd.com.br\/models\/rafa-kalimann-escolheu-ficar-com-bruninho-apos-enrolacao-de-joao-vicente-de-castro-mostrou-mais-interesse\/\" \/>\n<meta property=\"og:site_name\" content=\"Not\u00edcias de Todos - Models01\" \/>\n<meta property=\"article:published_time\" content=\"2022-07-13T14:04:40+00:00\" \/>\n<meta property=\"article:modified_time\" content=\"2022-07-13T14:04:48+00:00\" \/>\n<meta property=\"og:image\" content=\"https:\/\/markd.com.br\/models\/wp-content\/uploads\/2022\/07\/whatsapp-image-2022-06-29-at-10.00.58-1.jpeg-1.jpg\" \/>\n\t<meta property=\"og:image:width\" content=\"448\" \/>\n\t<meta property=\"og:image:height\" content=\"276\" \/>\n\t<meta property=\"og:image:type\" content=\"image\/jpeg\" \/>\n<meta name=\"author\" content=\"Reda\u00e7\u00e3o Reda\u00e7\u00e3o\" \/>\n<meta name=\"twitter:card\" content=\"summary_large_image\" \/>\n<meta name=\"twitter:label1\" content=\"Escrito por\" \/>\n\t<meta name=\"twitter:data1\" content=\"Reda\u00e7\u00e3o Reda\u00e7\u00e3o\" \/>\n\t<meta name=\"twitter:label2\" content=\"Est. tempo de leitura\" \/>\n\t<meta name=\"twitter:data2\" content=\"1 minuto\" \/>\n<script type=\"application\/ld+json\" class=\"yoast-schema-graph\">{\"@context\":\"https:\/\/schema.org\",\"@graph\":[{\"@type\":\"WebPage\",\"@id\":\"https:\/\/markd.com.br\/models\/rafa-kalimann-escolheu-ficar-com-bruninho-apos-enrolacao-de-joao-vicente-de-castro-mostrou-mais-interesse\/\",\"url\":\"https:\/\/markd.com.br\/models\/rafa-kalimann-escolheu-ficar-com-bruninho-apos-enrolacao-de-joao-vicente-de-castro-mostrou-mais-interesse\/\",\"name\":\"Rafa Kalimann escolheu ficar com Bruninho ap\u00f3s \u2018enrola\u00e7\u00e3o\u2019 de Jo\u00e3o Vicente de Castro: \u2018mostrou mais interesse\u2019 - Not\u00edcias de Todos - Models01\",\"isPartOf\":{\"@id\":\"https:\/\/markd.com.br\/models\/#website\"},\"primaryImageOfPage\":{\"@id\":\"https:\/\/markd.com.br\/models\/rafa-kalimann-escolheu-ficar-com-bruninho-apos-enrolacao-de-joao-vicente-de-castro-mostrou-mais-interesse\/#primaryimage\"},\"image\":{\"@id\":\"https:\/\/markd.com.br\/models\/rafa-kalimann-escolheu-ficar-com-bruninho-apos-enrolacao-de-joao-vicente-de-castro-mostrou-mais-interesse\/#primaryimage\"},\"thumbnailUrl\":\"https:\/\/markd.com.br\/models\/wp-content\/uploads\/2022\/07\/whatsapp-image-2022-06-29-at-10.00.58-1.jpeg-1.jpg\",\"datePublished\":\"2022-07-13T14:04:40+00:00\",\"dateModified\":\"2022-07-13T14:04:48+00:00\",\"author\":{\"@id\":\"https:\/\/markd.com.br\/models\/#\/schema\/person\/c12a77ab487a7262d8bec3c47301ad37\"},\"breadcrumb\":{\"@id\":\"https:\/\/markd.com.br\/models\/rafa-kalimann-escolheu-ficar-com-bruninho-apos-enrolacao-de-joao-vicente-de-castro-mostrou-mais-interesse\/#breadcrumb\"},\"inLanguage\":\"pt-BR\",\"potentialAction\":[{\"@type\":\"ReadAction\",\"target\":[\"https:\/\/markd.com.br\/models\/rafa-kalimann-escolheu-ficar-com-bruninho-apos-enrolacao-de-joao-vicente-de-castro-mostrou-mais-interesse\/\"]}]},{\"@type\":\"ImageObject\",\"inLanguage\":\"pt-BR\",\"@id\":\"https:\/\/markd.com.br\/models\/rafa-kalimann-escolheu-ficar-com-bruninho-apos-enrolacao-de-joao-vicente-de-castro-mostrou-mais-interesse\/#primaryimage\",\"url\":\"https:\/\/markd.com.br\/models\/wp-content\/uploads\/2022\/07\/whatsapp-image-2022-06-29-at-10.00.58-1.jpeg-1.jpg\",\"contentUrl\":\"https:\/\/markd.com.br\/models\/wp-content\/uploads\/2022\/07\/whatsapp-image-2022-06-29-at-10.00.58-1.jpeg-1.jpg\",\"width\":448,\"height\":276},{\"@type\":\"BreadcrumbList\",\"@id\":\"https:\/\/markd.com.br\/models\/rafa-kalimann-escolheu-ficar-com-bruninho-apos-enrolacao-de-joao-vicente-de-castro-mostrou-mais-interesse\/#breadcrumb\",\"itemListElement\":[{\"@type\":\"ListItem\",\"position\":1,\"name\":\"In\u00edcio\",\"item\":\"https:\/\/markd.com.br\/models\/\"},{\"@type\":\"ListItem\",\"position\":2,\"name\":\"Rafa Kalimann escolheu ficar com Bruninho ap\u00f3s \u2018enrola\u00e7\u00e3o\u2019 de Jo\u00e3o Vicente de Castro: \u2018mostrou mais interesse\u2019\"}]},{\"@type\":\"WebSite\",\"@id\":\"https:\/\/markd.com.br\/models\/#website\",\"url\":\"https:\/\/markd.com.br\/models\/\",\"name\":\"Not\u00edcias de Todos - Models01\",\"description\":\"Tenha um Portal de Not\u00edcias Moderno, Din\u00e2mico, R\u00e1pido e Profissional. Entregamos seu Site de  Not\u00edcias Pronto, Instalado, Hospedado, com Manual Passo a Passo e Suporte 24 horas.\",\"potentialAction\":[{\"@type\":\"SearchAction\",\"target\":{\"@type\":\"EntryPoint\",\"urlTemplate\":\"https:\/\/markd.com.br\/models\/?s={search_term_string}\"},\"query-input\":{\"@type\":\"PropertyValueSpecification\",\"valueRequired\":true,\"valueName\":\"search_term_string\"}}],\"inLanguage\":\"pt-BR\"},{\"@type\":\"Person\",\"@id\":\"https:\/\/markd.com.br\/models\/#\/schema\/person\/c12a77ab487a7262d8bec3c47301ad37\",\"name\":\"Reda\u00e7\u00e3o Reda\u00e7\u00e3o\",\"image\":{\"@type\":\"ImageObject\",\"inLanguage\":\"pt-BR\",\"@id\":\"https:\/\/markd.com.br\/models\/#\/schema\/person\/image\/\",\"url\":\"https:\/\/secure.gravatar.com\/avatar\/9448f3599ce269febf169e183039b4a6?s=96&d=mm&r=g\",\"contentUrl\":\"https:\/\/secure.gravatar.com\/avatar\/9448f3599ce269febf169e183039b4a6?s=96&d=mm&r=g\",\"caption\":\"Reda\u00e7\u00e3o Reda\u00e7\u00e3o\"},\"sameAs\":[\"https:\/\/markd.com.br\/\"],\"url\":\"https:\/\/markd.com.br\/models\/author\/redacao\/\"}]}<\/script>\n<!-- \/ Yoast SEO plugin. -->","yoast_head_json":{"title":"Rafa Kalimann escolheu ficar com Bruninho ap\u00f3s \u2018enrola\u00e7\u00e3o\u2019 de Jo\u00e3o Vicente de Castro: \u2018mostrou mais interesse\u2019 - Not\u00edcias de Todos - Models01","robots":{"index":"index","follow":"follow","max-snippet":"max-snippet:-1","max-image-preview":"max-image-preview:large","max-video-preview":"max-video-preview:-1"},"canonical":"https:\/\/markd.com.br\/models\/rafa-kalimann-escolheu-ficar-com-bruninho-apos-enrolacao-de-joao-vicente-de-castro-mostrou-mais-interesse\/","og_locale":"pt_BR","og_type":"article","og_title":"Rafa Kalimann escolheu ficar com Bruninho ap\u00f3s \u2018enrola\u00e7\u00e3o\u2019 de Jo\u00e3o Vicente de Castro: \u2018mostrou mais interesse\u2019 - Not\u00edcias de Todos - Models01","og_description":"A influencer Rafa Kalimann decidiu ficar com o jogador Bruninho, do que o ator Jo\u00e3o...","og_url":"https:\/\/markd.com.br\/models\/rafa-kalimann-escolheu-ficar-com-bruninho-apos-enrolacao-de-joao-vicente-de-castro-mostrou-mais-interesse\/","og_site_name":"Not\u00edcias de Todos - Models01","article_published_time":"2022-07-13T14:04:40+00:00","article_modified_time":"2022-07-13T14:04:48+00:00","og_image":[{"width":448,"height":276,"url":"https:\/\/markd.com.br\/models\/wp-content\/uploads\/2022\/07\/whatsapp-image-2022-06-29-at-10.00.58-1.jpeg-1.jpg","type":"image\/jpeg"}],"author":"Reda\u00e7\u00e3o Reda\u00e7\u00e3o","twitter_card":"summary_large_image","twitter_misc":{"Escrito por":"Reda\u00e7\u00e3o Reda\u00e7\u00e3o","Est. tempo de leitura":"1 minuto"},"schema":{"@context":"https:\/\/schema.org","@graph":[{"@type":"WebPage","@id":"https:\/\/markd.com.br\/models\/rafa-kalimann-escolheu-ficar-com-bruninho-apos-enrolacao-de-joao-vicente-de-castro-mostrou-mais-interesse\/","url":"https:\/\/markd.com.br\/models\/rafa-kalimann-escolheu-ficar-com-bruninho-apos-enrolacao-de-joao-vicente-de-castro-mostrou-mais-interesse\/","name":"Rafa Kalimann escolheu ficar com Bruninho ap\u00f3s \u2018enrola\u00e7\u00e3o\u2019 de Jo\u00e3o Vicente de Castro: \u2018mostrou mais interesse\u2019 - Not\u00edcias de Todos - Models01","isPartOf":{"@id":"https:\/\/markd.com.br\/models\/#website"},"primaryImageOfPage":{"@id":"https:\/\/markd.com.br\/models\/rafa-kalimann-escolheu-ficar-com-bruninho-apos-enrolacao-de-joao-vicente-de-castro-mostrou-mais-interesse\/#primaryimage"},"image":{"@id":"https:\/\/markd.com.br\/models\/rafa-kalimann-escolheu-ficar-com-bruninho-apos-enrolacao-de-joao-vicente-de-castro-mostrou-mais-interesse\/#primaryimage"},"thumbnailUrl":"https:\/\/markd.com.br\/models\/wp-content\/uploads\/2022\/07\/whatsapp-image-2022-06-29-at-10.00.58-1.jpeg-1.jpg","datePublished":"2022-07-13T14:04:40+00:00","dateModified":"2022-07-13T14:04:48+00:00","author":{"@id":"https:\/\/markd.com.br\/models\/#\/schema\/person\/c12a77ab487a7262d8bec3c47301ad37"},"breadcrumb":{"@id":"https:\/\/markd.com.br\/models\/rafa-kalimann-escolheu-ficar-com-bruninho-apos-enrolacao-de-joao-vicente-de-castro-mostrou-mais-interesse\/#breadcrumb"},"inLanguage":"pt-BR","potentialAction":[{"@type":"ReadAction","target":["https:\/\/markd.com.br\/models\/rafa-kalimann-escolheu-ficar-com-bruninho-apos-enrolacao-de-joao-vicente-de-castro-mostrou-mais-interesse\/"]}]},{"@type":"ImageObject","inLanguage":"pt-BR","@id":"https:\/\/markd.com.br\/models\/rafa-kalimann-escolheu-ficar-com-bruninho-apos-enrolacao-de-joao-vicente-de-castro-mostrou-mais-interesse\/#primaryimage","url":"https:\/\/markd.com.br\/models\/wp-content\/uploads\/2022\/07\/whatsapp-image-2022-06-29-at-10.00.58-1.jpeg-1.jpg","contentUrl":"https:\/\/markd.com.br\/models\/wp-content\/uploads\/2022\/07\/whatsapp-image-2022-06-29-at-10.00.58-1.jpeg-1.jpg","width":448,"height":276},{"@type":"BreadcrumbList","@id":"https:\/\/markd.com.br\/models\/rafa-kalimann-escolheu-ficar-com-bruninho-apos-enrolacao-de-joao-vicente-de-castro-mostrou-mais-interesse\/#breadcrumb","itemListElement":[{"@type":"ListItem","position":1,"name":"In\u00edcio","item":"https:\/\/markd.com.br\/models\/"},{"@type":"ListItem","position":2,"name":"Rafa Kalimann escolheu ficar com Bruninho ap\u00f3s \u2018enrola\u00e7\u00e3o\u2019 de Jo\u00e3o Vicente de Castro: \u2018mostrou mais interesse\u2019"}]},{"@type":"WebSite","@id":"https:\/\/markd.com.br\/models\/#website","url":"https:\/\/markd.com.br\/models\/","name":"Not\u00edcias de Todos - Models01","description":"Tenha um Portal de Not\u00edcias Moderno, Din\u00e2mico, R\u00e1pido e Profissional. Entregamos seu Site de  Not\u00edcias Pronto, Instalado, Hospedado, com Manual Passo a Passo e Suporte 24 horas.","potentialAction":[{"@type":"SearchAction","target":{"@type":"EntryPoint","urlTemplate":"https:\/\/markd.com.br\/models\/?s={search_term_string}"},"query-input":{"@type":"PropertyValueSpecification","valueRequired":true,"valueName":"search_term_string"}}],"inLanguage":"pt-BR"},{"@type":"Person","@id":"https:\/\/markd.com.br\/models\/#\/schema\/person\/c12a77ab487a7262d8bec3c47301ad37","name":"Reda\u00e7\u00e3o Reda\u00e7\u00e3o","image":{"@type":"ImageObject","inLanguage":"pt-BR","@id":"https:\/\/markd.com.br\/models\/#\/schema\/person\/image\/","url":"https:\/\/secure.gravatar.com\/avatar\/9448f3599ce269febf169e183039b4a6?s=96&d=mm&r=g","contentUrl":"https:\/\/secure.gravatar.com\/avatar\/9448f3599ce269febf169e183039b4a6?s=96&d=mm&r=g","caption":"Reda\u00e7\u00e3o Reda\u00e7\u00e3o"},"sameAs":["https:\/\/markd.com.br\/"],"url":"https:\/\/markd.com.br\/models\/author\/redacao\/"}]}},"featured_image_urls":{"full":["https:\/\/markd.com.br\/models\/wp-content\/uploads\/2022\/07\/whatsapp-image-2022-06-29-at-10.00.58-1.jpeg-1.jpg",448,276,false],"thumbnail":["https:\/\/markd.com.br\/models\/wp-content\/uploads\/2022\/07\/whatsapp-image-2022-06-29-at-10.00.58-1.jpeg-1-150x150.jpg",150,150,true],"medium":["https:\/\/markd.com.br\/models\/wp-content\/uploads\/2022\/07\/whatsapp-image-2022-06-29-at-10.00.58-1.jpeg-1-300x185.jpg",300,185,true],"medium_large":["https:\/\/markd.com.br\/models\/wp-content\/uploads\/2022\/07\/whatsapp-image-2022-06-29-at-10.00.58-1.jpeg-1.jpg",448,276,false],"large":["https:\/\/markd.com.br\/models\/wp-content\/uploads\/2022\/07\/whatsapp-image-2022-06-29-at-10.00.58-1.jpeg-1.jpg",448,276,false],"1536x1536":["https:\/\/markd.com.br\/models\/wp-content\/uploads\/2022\/07\/whatsapp-image-2022-06-29-at-10.00.58-1.jpeg-1.jpg",448,276,false],"2048x2048":["https:\/\/markd.com.br\/models\/wp-content\/uploads\/2022\/07\/whatsapp-image-2022-06-29-at-10.00.58-1.jpeg-1.jpg",448,276,false],"newsphere-slider-full":["https:\/\/markd.com.br\/models\/wp-content\/uploads\/2022\/07\/whatsapp-image-2022-06-29-at-10.00.58-1.jpeg-1.jpg",448,276,false],"newsphere-featured":["https:\/\/markd.com.br\/models\/wp-content\/uploads\/2022\/07\/whatsapp-image-2022-06-29-at-10.00.58-1.jpeg-1.jpg",448,276,false],"newsphere-medium":["https:\/\/markd.com.br\/models\/wp-content\/uploads\/2022\/07\/whatsapp-image-2022-06-29-at-10.00.58-1.jpeg-1.jpg",448,276,false]},"author_info":{"display_name":"Reda\u00e7\u00e3o Reda\u00e7\u00e3o","author_link":"https:\/\/markd.com.br\/models\/author\/redacao\/"},"category_info":"<a href=\"https:\/\/markd.com.br\/models\/category\/economia\/\" rel=\"category tag\">Famosos<\/a>","tag_info":"Famosos","comment_count":"0","jetpack_featured_media_url":"https:\/\/markd.com.br\/models\/wp-content\/uploads\/2022\/07\/whatsapp-image-2022-06-29-at-10.00.58-1.jpeg-1.jpg","_links":{"self":[{"href":"https:\/\/markd.com.br\/models\/wp-json\/wp\/v2\/posts\/2695","targetHints":{"allow":["GET"]}}],"collection":[{"href":"https:\/\/markd.com.br\/models\/wp-json\/wp\/v2\/posts"}],"about":[{"href":"https:\/\/markd.com.br\/models\/wp-json\/wp\/v2\/types\/post"}],"author":[{"embeddable":true,"href":"https:\/\/markd.com.br\/models\/wp-json\/wp\/v2\/users\/5"}],"replies":[{"embeddable":true,"href":"https:\/\/markd.com.br\/models\/wp-json\/wp\/v2\/comments?post=2695"}],"version-history":[{"count":1,"href":"https:\/\/markd.com.br\/models\/wp-json\/wp\/v2\/posts\/2695\/revisions"}],"predecessor-version":[{"id":2697,"href":"https:\/\/markd.com.br\/models\/wp-json\/wp\/v2\/posts\/2695\/revisions\/2697"}],"wp:featuredmedia":[{"embeddable":true,"href":"https:\/\/markd.com.br\/models\/wp-json\/wp\/v2\/media\/2696"}],"wp:attachment":[{"href":"https:\/\/markd.com.br\/models\/wp-json\/wp\/v2\/media?parent=2695"}],"wp:term":[{"taxonomy":"category","embeddable":true,"href":"https:\/\/markd.com.br\/models\/wp-json\/wp\/v2\/categories?post=2695"},{"taxonomy":"post_tag","embeddable":true,"href":"https:\/\/markd.com.br\/models\/wp-json\/wp\/v2\/tags?post=2695"}],"curies":[{"name":"wp","href":"https:\/\/api.w.org\/{rel}","templated":true}]}}