{"id":2706,"date":"2022-07-13T11:21:57","date_gmt":"2022-07-13T14:21:57","guid":{"rendered":"https:\/\/portaldestaquenoticias.com.br\/?p=2706"},"modified":"2022-07-13T11:22:00","modified_gmt":"2022-07-13T14:22:00","slug":"antonia-fontenelle-diz-que-anitta-tem-que-tomar-vergonha-na-cara-sobre-apoiar-lula","status":"publish","type":"post","link":"https:\/\/markd.com.br\/models\/antonia-fontenelle-diz-que-anitta-tem-que-tomar-vergonha-na-cara-sobre-apoiar-lula\/","title":{"rendered":"Ant\u00f4nia Fontenelle diz que Anitta tem que tomar vergonha na cara sobre apoiar Lula"},"content":{"rendered":"\n<p><\/p>\n\n\n\n<p>Anitta e Ant\u00f4nia Fontenelle ganharam destaque nas redes sociais nas \u00faltimas horas ap\u00f3s uma pol\u00eamica envolvendo pol\u00edtica. Na \u00faltima segunda-feira (11\/7), Anitta publicou em seu Twitter que \u00e9 eleitora de Lula (PT). Por\u00e9m, Ant\u00f4nia Fontenelle n\u00e3o gostou nada do posicionamento e detonou a artista nas redes sociais.<\/p>\n\n\n\n<p>Segundo a top 1 global do spotify, ela gostaria de acreditar que tem uma terceira op\u00e7\u00e3o de voto, j\u00e1 que as duas op\u00e7\u00f5es fazem muita briga pol\u00edtica entre si, mas n\u00e3o tem, por isso que seu voto ser\u00e1 no petista.<\/p>\n\n\n\n<p>Segundo Ant\u00f4nia Fontenelle, Anitta foi irrespons\u00e1vel ao declarar o seu voto:&nbsp;<em>\u201cA Larissa de Hon\u00f3rio Gurgel, vulgo Anitta, que mora l\u00e1 fora, que n\u00e3o mora no Brasil, mora l\u00e1 fora, quando vem para c\u00e1 tem uma vida milion\u00e1ria por qu\u00ea? Porque fizeram dela uma milion\u00e1ria. Ela vem dizer que oferece ajuda para o Lula ganhar, \u00e9 uma irrespons\u00e1vel\u201d.<\/em><\/p>\n\n\n\n<p>Ainda segundo o que Ant\u00f4nia Fontenelle disse nas redes sociais, Anitta deveria tomar vergonha na cara:&nbsp;<em>\u201c\u00c9 inadmiss\u00edvel uma pessoa induza as outras a votar no Lula sabendo quais s\u00e3o os planos do PT [Partido dos Trabalhadores]. Ali\u00e1s, tu n\u00e3o deve saber, n\u00e9?! Tu est\u00e1 de sacanagem, ou ganhando muito dinheiro para isso. Toma vergonha na tua cara! \u00c9 isso que voc\u00ea deveria ter, vergonha na cara. Morar fora e ficar induzindo teu p\u00fablico a votar no Lula!\u201d.<\/em><\/p>\n\n\n\n<h3 class=\"wp-block-heading\">RESPONDEU<\/h3>\n\n\n\n<p>Anitta n\u00e3o levou o desaforo para a casa, n\u00e3o aceitou a forma como a influencer se referiu a ela e detonou em live com o cantor Felipe Ret.<\/p>\n\n\n\n<p>Durante a live Anitta respondeu:&nbsp;<em>\u201cEu vou explicar o seguinte, para essa alma obscura que eu nem sei o que falou mas eu j\u00e1 imagino, ela fala e fala errado, porque quando fala, \u00e9 baixaria para se sair bem para cima dos outros\u201d.<\/em><\/p>\n\n\n\n<p>Em seguida a cantora explica o porque ela decidiu declarar o voto ao Lula.<\/p>\n\n\n\n<p>Com informa\u00e7\u00f5es do TV Foco.<\/p>\n","protected":false},"excerpt":{"rendered":"<p>Anitta e Ant\u00f4nia Fontenelle ganharam destaque nas redes sociais nas \u00faltimas horas ap\u00f3s uma pol\u00eamica&#8230;<\/p>\n","protected":false},"author":5,"featured_media":2707,"comment_status":"open","ping_status":"open","sticky":false,"template":"","format":"standard","meta":{"footnotes":""},"categories":[33],"tags":[106,267],"class_list":["post-2706","post","type-post","status-publish","format-standard","has-post-thumbnail","hentry","category-economia","tag-anitta","tag-lula"],"yoast_head":"<!-- This site is optimized with the Yoast SEO plugin v24.4 - https:\/\/yoast.com\/wordpress\/plugins\/seo\/ -->\n<title>Ant\u00f4nia Fontenelle diz que Anitta tem que tomar vergonha na cara sobre apoiar Lula - Not\u00edcias de Todos - Models01<\/title>\n<meta name=\"robots\" content=\"index, follow, max-snippet:-1, max-image-preview:large, max-video-preview:-1\" \/>\n<link rel=\"canonical\" href=\"https:\/\/markd.com.br\/models\/antonia-fontenelle-diz-que-anitta-tem-que-tomar-vergonha-na-cara-sobre-apoiar-lula\/\" \/>\n<meta property=\"og:locale\" content=\"pt_BR\" \/>\n<meta property=\"og:type\" content=\"article\" \/>\n<meta property=\"og:title\" content=\"Ant\u00f4nia Fontenelle diz que Anitta tem que tomar vergonha na cara sobre apoiar Lula - Not\u00edcias de Todos - Models01\" \/>\n<meta property=\"og:description\" content=\"Anitta e Ant\u00f4nia Fontenelle ganharam destaque nas redes sociais nas \u00faltimas horas ap\u00f3s uma pol\u00eamica...\" \/>\n<meta property=\"og:url\" content=\"https:\/\/markd.com.br\/models\/antonia-fontenelle-diz-que-anitta-tem-que-tomar-vergonha-na-cara-sobre-apoiar-lula\/\" \/>\n<meta property=\"og:site_name\" content=\"Not\u00edcias de Todos - Models01\" \/>\n<meta property=\"article:published_time\" content=\"2022-07-13T14:21:57+00:00\" \/>\n<meta property=\"article:modified_time\" content=\"2022-07-13T14:22:00+00:00\" \/>\n<meta property=\"og:image\" content=\"https:\/\/markd.com.br\/models\/wp-content\/uploads\/2022\/07\/IMG-20220713-WA0106-640x445-1.jpg\" \/>\n\t<meta property=\"og:image:width\" content=\"640\" \/>\n\t<meta property=\"og:image:height\" content=\"445\" \/>\n\t<meta property=\"og:image:type\" content=\"image\/jpeg\" \/>\n<meta name=\"author\" content=\"Reda\u00e7\u00e3o Reda\u00e7\u00e3o\" \/>\n<meta name=\"twitter:card\" content=\"summary_large_image\" \/>\n<meta name=\"twitter:label1\" content=\"Escrito por\" \/>\n\t<meta name=\"twitter:data1\" content=\"Reda\u00e7\u00e3o Reda\u00e7\u00e3o\" \/>\n\t<meta name=\"twitter:label2\" content=\"Est. tempo de leitura\" \/>\n\t<meta name=\"twitter:data2\" content=\"2 minutos\" \/>\n<script type=\"application\/ld+json\" class=\"yoast-schema-graph\">{\"@context\":\"https:\/\/schema.org\",\"@graph\":[{\"@type\":\"WebPage\",\"@id\":\"https:\/\/markd.com.br\/models\/antonia-fontenelle-diz-que-anitta-tem-que-tomar-vergonha-na-cara-sobre-apoiar-lula\/\",\"url\":\"https:\/\/markd.com.br\/models\/antonia-fontenelle-diz-que-anitta-tem-que-tomar-vergonha-na-cara-sobre-apoiar-lula\/\",\"name\":\"Ant\u00f4nia Fontenelle diz que Anitta tem que tomar vergonha na cara sobre apoiar Lula - Not\u00edcias de Todos - Models01\",\"isPartOf\":{\"@id\":\"https:\/\/markd.com.br\/models\/#website\"},\"primaryImageOfPage\":{\"@id\":\"https:\/\/markd.com.br\/models\/antonia-fontenelle-diz-que-anitta-tem-que-tomar-vergonha-na-cara-sobre-apoiar-lula\/#primaryimage\"},\"image\":{\"@id\":\"https:\/\/markd.com.br\/models\/antonia-fontenelle-diz-que-anitta-tem-que-tomar-vergonha-na-cara-sobre-apoiar-lula\/#primaryimage\"},\"thumbnailUrl\":\"https:\/\/markd.com.br\/models\/wp-content\/uploads\/2022\/07\/IMG-20220713-WA0106-640x445-1.jpg\",\"datePublished\":\"2022-07-13T14:21:57+00:00\",\"dateModified\":\"2022-07-13T14:22:00+00:00\",\"author\":{\"@id\":\"https:\/\/markd.com.br\/models\/#\/schema\/person\/c12a77ab487a7262d8bec3c47301ad37\"},\"breadcrumb\":{\"@id\":\"https:\/\/markd.com.br\/models\/antonia-fontenelle-diz-que-anitta-tem-que-tomar-vergonha-na-cara-sobre-apoiar-lula\/#breadcrumb\"},\"inLanguage\":\"pt-BR\",\"potentialAction\":[{\"@type\":\"ReadAction\",\"target\":[\"https:\/\/markd.com.br\/models\/antonia-fontenelle-diz-que-anitta-tem-que-tomar-vergonha-na-cara-sobre-apoiar-lula\/\"]}]},{\"@type\":\"ImageObject\",\"inLanguage\":\"pt-BR\",\"@id\":\"https:\/\/markd.com.br\/models\/antonia-fontenelle-diz-que-anitta-tem-que-tomar-vergonha-na-cara-sobre-apoiar-lula\/#primaryimage\",\"url\":\"https:\/\/markd.com.br\/models\/wp-content\/uploads\/2022\/07\/IMG-20220713-WA0106-640x445-1.jpg\",\"contentUrl\":\"https:\/\/markd.com.br\/models\/wp-content\/uploads\/2022\/07\/IMG-20220713-WA0106-640x445-1.jpg\",\"width\":640,\"height\":445},{\"@type\":\"BreadcrumbList\",\"@id\":\"https:\/\/markd.com.br\/models\/antonia-fontenelle-diz-que-anitta-tem-que-tomar-vergonha-na-cara-sobre-apoiar-lula\/#breadcrumb\",\"itemListElement\":[{\"@type\":\"ListItem\",\"position\":1,\"name\":\"In\u00edcio\",\"item\":\"https:\/\/markd.com.br\/models\/\"},{\"@type\":\"ListItem\",\"position\":2,\"name\":\"Ant\u00f4nia Fontenelle diz que Anitta tem que tomar vergonha na cara sobre apoiar Lula\"}]},{\"@type\":\"WebSite\",\"@id\":\"https:\/\/markd.com.br\/models\/#website\",\"url\":\"https:\/\/markd.com.br\/models\/\",\"name\":\"Not\u00edcias de Todos - Models01\",\"description\":\"Tenha um Portal de Not\u00edcias Moderno, Din\u00e2mico, R\u00e1pido e Profissional. Entregamos seu Site de  Not\u00edcias Pronto, Instalado, Hospedado, com Manual Passo a Passo e Suporte 24 horas.\",\"potentialAction\":[{\"@type\":\"SearchAction\",\"target\":{\"@type\":\"EntryPoint\",\"urlTemplate\":\"https:\/\/markd.com.br\/models\/?s={search_term_string}\"},\"query-input\":{\"@type\":\"PropertyValueSpecification\",\"valueRequired\":true,\"valueName\":\"search_term_string\"}}],\"inLanguage\":\"pt-BR\"},{\"@type\":\"Person\",\"@id\":\"https:\/\/markd.com.br\/models\/#\/schema\/person\/c12a77ab487a7262d8bec3c47301ad37\",\"name\":\"Reda\u00e7\u00e3o Reda\u00e7\u00e3o\",\"image\":{\"@type\":\"ImageObject\",\"inLanguage\":\"pt-BR\",\"@id\":\"https:\/\/markd.com.br\/models\/#\/schema\/person\/image\/\",\"url\":\"https:\/\/secure.gravatar.com\/avatar\/9448f3599ce269febf169e183039b4a6?s=96&d=mm&r=g\",\"contentUrl\":\"https:\/\/secure.gravatar.com\/avatar\/9448f3599ce269febf169e183039b4a6?s=96&d=mm&r=g\",\"caption\":\"Reda\u00e7\u00e3o Reda\u00e7\u00e3o\"},\"sameAs\":[\"https:\/\/markd.com.br\/\"],\"url\":\"https:\/\/markd.com.br\/models\/author\/redacao\/\"}]}<\/script>\n<!-- \/ Yoast SEO plugin. -->","yoast_head_json":{"title":"Ant\u00f4nia Fontenelle diz que Anitta tem que tomar vergonha na cara sobre apoiar Lula - Not\u00edcias de Todos - Models01","robots":{"index":"index","follow":"follow","max-snippet":"max-snippet:-1","max-image-preview":"max-image-preview:large","max-video-preview":"max-video-preview:-1"},"canonical":"https:\/\/markd.com.br\/models\/antonia-fontenelle-diz-que-anitta-tem-que-tomar-vergonha-na-cara-sobre-apoiar-lula\/","og_locale":"pt_BR","og_type":"article","og_title":"Ant\u00f4nia Fontenelle diz que Anitta tem que tomar vergonha na cara sobre apoiar Lula - Not\u00edcias de Todos - Models01","og_description":"Anitta e Ant\u00f4nia Fontenelle ganharam destaque nas redes sociais nas \u00faltimas horas ap\u00f3s uma pol\u00eamica...","og_url":"https:\/\/markd.com.br\/models\/antonia-fontenelle-diz-que-anitta-tem-que-tomar-vergonha-na-cara-sobre-apoiar-lula\/","og_site_name":"Not\u00edcias de Todos - Models01","article_published_time":"2022-07-13T14:21:57+00:00","article_modified_time":"2022-07-13T14:22:00+00:00","og_image":[{"width":640,"height":445,"url":"https:\/\/markd.com.br\/models\/wp-content\/uploads\/2022\/07\/IMG-20220713-WA0106-640x445-1.jpg","type":"image\/jpeg"}],"author":"Reda\u00e7\u00e3o Reda\u00e7\u00e3o","twitter_card":"summary_large_image","twitter_misc":{"Escrito por":"Reda\u00e7\u00e3o Reda\u00e7\u00e3o","Est. tempo de leitura":"2 minutos"},"schema":{"@context":"https:\/\/schema.org","@graph":[{"@type":"WebPage","@id":"https:\/\/markd.com.br\/models\/antonia-fontenelle-diz-que-anitta-tem-que-tomar-vergonha-na-cara-sobre-apoiar-lula\/","url":"https:\/\/markd.com.br\/models\/antonia-fontenelle-diz-que-anitta-tem-que-tomar-vergonha-na-cara-sobre-apoiar-lula\/","name":"Ant\u00f4nia Fontenelle diz que Anitta tem que tomar vergonha na cara sobre apoiar Lula - Not\u00edcias de Todos - Models01","isPartOf":{"@id":"https:\/\/markd.com.br\/models\/#website"},"primaryImageOfPage":{"@id":"https:\/\/markd.com.br\/models\/antonia-fontenelle-diz-que-anitta-tem-que-tomar-vergonha-na-cara-sobre-apoiar-lula\/#primaryimage"},"image":{"@id":"https:\/\/markd.com.br\/models\/antonia-fontenelle-diz-que-anitta-tem-que-tomar-vergonha-na-cara-sobre-apoiar-lula\/#primaryimage"},"thumbnailUrl":"https:\/\/markd.com.br\/models\/wp-content\/uploads\/2022\/07\/IMG-20220713-WA0106-640x445-1.jpg","datePublished":"2022-07-13T14:21:57+00:00","dateModified":"2022-07-13T14:22:00+00:00","author":{"@id":"https:\/\/markd.com.br\/models\/#\/schema\/person\/c12a77ab487a7262d8bec3c47301ad37"},"breadcrumb":{"@id":"https:\/\/markd.com.br\/models\/antonia-fontenelle-diz-que-anitta-tem-que-tomar-vergonha-na-cara-sobre-apoiar-lula\/#breadcrumb"},"inLanguage":"pt-BR","potentialAction":[{"@type":"ReadAction","target":["https:\/\/markd.com.br\/models\/antonia-fontenelle-diz-que-anitta-tem-que-tomar-vergonha-na-cara-sobre-apoiar-lula\/"]}]},{"@type":"ImageObject","inLanguage":"pt-BR","@id":"https:\/\/markd.com.br\/models\/antonia-fontenelle-diz-que-anitta-tem-que-tomar-vergonha-na-cara-sobre-apoiar-lula\/#primaryimage","url":"https:\/\/markd.com.br\/models\/wp-content\/uploads\/2022\/07\/IMG-20220713-WA0106-640x445-1.jpg","contentUrl":"https:\/\/markd.com.br\/models\/wp-content\/uploads\/2022\/07\/IMG-20220713-WA0106-640x445-1.jpg","width":640,"height":445},{"@type":"BreadcrumbList","@id":"https:\/\/markd.com.br\/models\/antonia-fontenelle-diz-que-anitta-tem-que-tomar-vergonha-na-cara-sobre-apoiar-lula\/#breadcrumb","itemListElement":[{"@type":"ListItem","position":1,"name":"In\u00edcio","item":"https:\/\/markd.com.br\/models\/"},{"@type":"ListItem","position":2,"name":"Ant\u00f4nia Fontenelle diz que Anitta tem que tomar vergonha na cara sobre apoiar Lula"}]},{"@type":"WebSite","@id":"https:\/\/markd.com.br\/models\/#website","url":"https:\/\/markd.com.br\/models\/","name":"Not\u00edcias de Todos - Models01","description":"Tenha um Portal de Not\u00edcias Moderno, Din\u00e2mico, R\u00e1pido e Profissional. Entregamos seu Site de  Not\u00edcias Pronto, Instalado, Hospedado, com Manual Passo a Passo e Suporte 24 horas.","potentialAction":[{"@type":"SearchAction","target":{"@type":"EntryPoint","urlTemplate":"https:\/\/markd.com.br\/models\/?s={search_term_string}"},"query-input":{"@type":"PropertyValueSpecification","valueRequired":true,"valueName":"search_term_string"}}],"inLanguage":"pt-BR"},{"@type":"Person","@id":"https:\/\/markd.com.br\/models\/#\/schema\/person\/c12a77ab487a7262d8bec3c47301ad37","name":"Reda\u00e7\u00e3o Reda\u00e7\u00e3o","image":{"@type":"ImageObject","inLanguage":"pt-BR","@id":"https:\/\/markd.com.br\/models\/#\/schema\/person\/image\/","url":"https:\/\/secure.gravatar.com\/avatar\/9448f3599ce269febf169e183039b4a6?s=96&d=mm&r=g","contentUrl":"https:\/\/secure.gravatar.com\/avatar\/9448f3599ce269febf169e183039b4a6?s=96&d=mm&r=g","caption":"Reda\u00e7\u00e3o Reda\u00e7\u00e3o"},"sameAs":["https:\/\/markd.com.br\/"],"url":"https:\/\/markd.com.br\/models\/author\/redacao\/"}]}},"featured_image_urls":{"full":["https:\/\/markd.com.br\/models\/wp-content\/uploads\/2022\/07\/IMG-20220713-WA0106-640x445-1.jpg",640,445,false],"thumbnail":["https:\/\/markd.com.br\/models\/wp-content\/uploads\/2022\/07\/IMG-20220713-WA0106-640x445-1-150x150.jpg",150,150,true],"medium":["https:\/\/markd.com.br\/models\/wp-content\/uploads\/2022\/07\/IMG-20220713-WA0106-640x445-1-300x209.jpg",300,209,true],"medium_large":["https:\/\/markd.com.br\/models\/wp-content\/uploads\/2022\/07\/IMG-20220713-WA0106-640x445-1.jpg",640,445,false],"large":["https:\/\/markd.com.br\/models\/wp-content\/uploads\/2022\/07\/IMG-20220713-WA0106-640x445-1.jpg",640,445,false],"1536x1536":["https:\/\/markd.com.br\/models\/wp-content\/uploads\/2022\/07\/IMG-20220713-WA0106-640x445-1.jpg",640,445,false],"2048x2048":["https:\/\/markd.com.br\/models\/wp-content\/uploads\/2022\/07\/IMG-20220713-WA0106-640x445-1.jpg",640,445,false],"newsphere-slider-full":["https:\/\/markd.com.br\/models\/wp-content\/uploads\/2022\/07\/IMG-20220713-WA0106-640x445-1.jpg",640,445,false],"newsphere-featured":["https:\/\/markd.com.br\/models\/wp-content\/uploads\/2022\/07\/IMG-20220713-WA0106-640x445-1.jpg",640,445,false],"newsphere-medium":["https:\/\/markd.com.br\/models\/wp-content\/uploads\/2022\/07\/IMG-20220713-WA0106-640x445-1-640x380.jpg",640,380,true]},"author_info":{"display_name":"Reda\u00e7\u00e3o Reda\u00e7\u00e3o","author_link":"https:\/\/markd.com.br\/models\/author\/redacao\/"},"category_info":"<a href=\"https:\/\/markd.com.br\/models\/category\/economia\/\" rel=\"category tag\">Famosos<\/a>","tag_info":"Famosos","comment_count":"0","jetpack_featured_media_url":"https:\/\/markd.com.br\/models\/wp-content\/uploads\/2022\/07\/IMG-20220713-WA0106-640x445-1.jpg","_links":{"self":[{"href":"https:\/\/markd.com.br\/models\/wp-json\/wp\/v2\/posts\/2706","targetHints":{"allow":["GET"]}}],"collection":[{"href":"https:\/\/markd.com.br\/models\/wp-json\/wp\/v2\/posts"}],"about":[{"href":"https:\/\/markd.com.br\/models\/wp-json\/wp\/v2\/types\/post"}],"author":[{"embeddable":true,"href":"https:\/\/markd.com.br\/models\/wp-json\/wp\/v2\/users\/5"}],"replies":[{"embeddable":true,"href":"https:\/\/markd.com.br\/models\/wp-json\/wp\/v2\/comments?post=2706"}],"version-history":[{"count":1,"href":"https:\/\/markd.com.br\/models\/wp-json\/wp\/v2\/posts\/2706\/revisions"}],"predecessor-version":[{"id":2708,"href":"https:\/\/markd.com.br\/models\/wp-json\/wp\/v2\/posts\/2706\/revisions\/2708"}],"wp:featuredmedia":[{"embeddable":true,"href":"https:\/\/markd.com.br\/models\/wp-json\/wp\/v2\/media\/2707"}],"wp:attachment":[{"href":"https:\/\/markd.com.br\/models\/wp-json\/wp\/v2\/media?parent=2706"}],"wp:term":[{"taxonomy":"category","embeddable":true,"href":"https:\/\/markd.com.br\/models\/wp-json\/wp\/v2\/categories?post=2706"},{"taxonomy":"post_tag","embeddable":true,"href":"https:\/\/markd.com.br\/models\/wp-json\/wp\/v2\/tags?post=2706"}],"curies":[{"name":"wp","href":"https:\/\/api.w.org\/{rel}","templated":true}]}}