{"id":2715,"date":"2022-07-13T13:41:41","date_gmt":"2022-07-13T16:41:41","guid":{"rendered":"https:\/\/portaldestaquenoticias.com.br\/?p=2715"},"modified":"2022-07-13T13:41:46","modified_gmt":"2022-07-13T16:41:46","slug":"neymar-faz-elogio-ao-tecnico-fernando-diniz-do-fluminense-pena-que-no-brasil-nao-dao-tempo","status":"publish","type":"post","link":"https:\/\/markd.com.br\/models\/neymar-faz-elogio-ao-tecnico-fernando-diniz-do-fluminense-pena-que-no-brasil-nao-dao-tempo\/","title":{"rendered":"Neymar faz elogio ao t\u00e9cnico Fernando Diniz, do Fluminense: \u2018Pena que no Brasil n\u00e3o d\u00e3o tempo\u2019"},"content":{"rendered":"\n<p><\/p>\n\n\n\n<p>O t\u00e9cnico Fernando Diniz costuma dividir opini\u00f5es desde que explodiu no futebol brasileiro, no comando do Audax-SP, h\u00e1 seis anos.<\/p>\n\n\n\n<p>Mas, em alta com o trabalho no Fluminense, o treinador recebeu um elogio de peso nesta quarta-feira: o de Neymar, que fez uma postagem exaltando o profissional em suas redes sociais.<\/p>\n\n\n\n<p>\u201cGosto muito do Diniz como treinador, uma pena que no Brasil n\u00e3o d\u00e3o tempo suficiente.\u201d<\/p>\n\n\n\n<p>&nbsp;Neymar, atacante do PSG<\/p>\n\n\n\n<p>A manifesta\u00e7\u00e3o de Neymar, postada na madrugada desta quarta (manh\u00e3 em Paris), veio \u00e0 tona horas depois da classifica\u00e7\u00e3o do Fluminense para as quartas de final da Copa do Brasil, eliminando o Cruzeiro com uma vit\u00f3ria por 3 a 0 fora de casa. O clube carioca tamb\u00e9m vem se destacando no Brasileir\u00e3o, no qual \u00e9 o quinto colocado, com 27 pontos, tr\u00eas a menos que o l\u00edder Palmeiras.<\/p>\n\n\n\n<figure class=\"wp-block-image\"><img decoding=\"async\" src=\"https:\/\/s2.glbimg.com\/PLSLyjBrbKpqPwWt8xjnpUdkHxc=\/0x0:804x235\/984x0\/smart\/filters:strip_icc()\/i.s3.glbimg.com\/v1\/AUTH_bc8228b6673f488aa253bbcb03c80ec5\/internal_photos\/bs\/2022\/J\/H\/VEkST5SVuVAqKTmsd9ig\/neymar1.png\" alt=\"Neymar fez elogios ao t\u00e9cnico Fernando Diniz  \u2014 Foto: Reprodu\u00e7\u00e3o\/Twitter\"\/><\/figure>\n\n\n\n<p>Fernando Diniz est\u00e1 no comando do Fluminense desde o come\u00e7o de maio, quando a equipe demitiu Abel Braga. De l\u00e1 para c\u00e1, s\u00e3o 12 vit\u00f3rias em 18 jogos, com apenas tr\u00eas derrotas e um total de 38 gols marcados e 14 sofridos.<\/p>\n\n\n\n<p>Esta \u00e9 a segunda passagem de Diniz pelo Fluminense, onde tamb\u00e9m esteve em 2019. No ano passado, ele comandou o Vasco em parte da S\u00e9rie B, depois de trabalhar no Santos. Em 2020, o treinador comandou o S\u00e3o Paulo, disputando o t\u00edtulo brasileiro.<\/p>\n\n\n\n<p>Fonte: Portal do zacarias<\/p>\n","protected":false},"excerpt":{"rendered":"<p>O t\u00e9cnico Fernando Diniz costuma dividir opini\u00f5es desde que explodiu no futebol brasileiro, no comando&#8230;<\/p>\n","protected":false},"author":5,"featured_media":2716,"comment_status":"open","ping_status":"open","sticky":false,"template":"","format":"standard","meta":{"footnotes":""},"categories":[12],"tags":[502,131],"class_list":["post-2715","post","type-post","status-publish","format-standard","has-post-thumbnail","hentry","category-esportes","tag-futebol","tag-neymar"],"yoast_head":"<!-- This site is optimized with the Yoast SEO plugin v24.4 - https:\/\/yoast.com\/wordpress\/plugins\/seo\/ -->\n<title>Neymar faz elogio ao t\u00e9cnico Fernando Diniz, do Fluminense: \u2018Pena que no Brasil n\u00e3o d\u00e3o tempo\u2019 - Not\u00edcias de Todos - Models01<\/title>\n<meta name=\"robots\" content=\"index, follow, max-snippet:-1, max-image-preview:large, max-video-preview:-1\" \/>\n<link rel=\"canonical\" href=\"https:\/\/markd.com.br\/models\/neymar-faz-elogio-ao-tecnico-fernando-diniz-do-fluminense-pena-que-no-brasil-nao-dao-tempo\/\" \/>\n<meta property=\"og:locale\" content=\"pt_BR\" \/>\n<meta property=\"og:type\" content=\"article\" \/>\n<meta property=\"og:title\" content=\"Neymar faz elogio ao t\u00e9cnico Fernando Diniz, do Fluminense: \u2018Pena que no Brasil n\u00e3o d\u00e3o tempo\u2019 - Not\u00edcias de Todos - Models01\" \/>\n<meta property=\"og:description\" content=\"O t\u00e9cnico Fernando Diniz costuma dividir opini\u00f5es desde que explodiu no futebol brasileiro, no comando...\" \/>\n<meta property=\"og:url\" content=\"https:\/\/markd.com.br\/models\/neymar-faz-elogio-ao-tecnico-fernando-diniz-do-fluminense-pena-que-no-brasil-nao-dao-tempo\/\" \/>\n<meta property=\"og:site_name\" content=\"Not\u00edcias de Todos - Models01\" \/>\n<meta property=\"article:published_time\" content=\"2022-07-13T16:41:41+00:00\" \/>\n<meta property=\"article:modified_time\" content=\"2022-07-13T16:41:46+00:00\" \/>\n<meta property=\"og:image\" content=\"https:\/\/markd.com.br\/models\/wp-content\/uploads\/2022\/07\/20220713071115captura_de_tela_20220713_070600-644x445-1.jpg\" \/>\n\t<meta property=\"og:image:width\" content=\"644\" \/>\n\t<meta property=\"og:image:height\" content=\"445\" \/>\n\t<meta property=\"og:image:type\" content=\"image\/jpeg\" \/>\n<meta name=\"author\" content=\"Reda\u00e7\u00e3o Reda\u00e7\u00e3o\" \/>\n<meta name=\"twitter:card\" content=\"summary_large_image\" \/>\n<meta name=\"twitter:label1\" content=\"Escrito por\" \/>\n\t<meta name=\"twitter:data1\" content=\"Reda\u00e7\u00e3o Reda\u00e7\u00e3o\" \/>\n\t<meta name=\"twitter:label2\" content=\"Est. tempo de leitura\" \/>\n\t<meta name=\"twitter:data2\" content=\"2 minutos\" \/>\n<script type=\"application\/ld+json\" class=\"yoast-schema-graph\">{\"@context\":\"https:\/\/schema.org\",\"@graph\":[{\"@type\":\"WebPage\",\"@id\":\"https:\/\/markd.com.br\/models\/neymar-faz-elogio-ao-tecnico-fernando-diniz-do-fluminense-pena-que-no-brasil-nao-dao-tempo\/\",\"url\":\"https:\/\/markd.com.br\/models\/neymar-faz-elogio-ao-tecnico-fernando-diniz-do-fluminense-pena-que-no-brasil-nao-dao-tempo\/\",\"name\":\"Neymar faz elogio ao t\u00e9cnico Fernando Diniz, do Fluminense: \u2018Pena que no Brasil n\u00e3o d\u00e3o tempo\u2019 - Not\u00edcias de Todos - Models01\",\"isPartOf\":{\"@id\":\"https:\/\/markd.com.br\/models\/#website\"},\"primaryImageOfPage\":{\"@id\":\"https:\/\/markd.com.br\/models\/neymar-faz-elogio-ao-tecnico-fernando-diniz-do-fluminense-pena-que-no-brasil-nao-dao-tempo\/#primaryimage\"},\"image\":{\"@id\":\"https:\/\/markd.com.br\/models\/neymar-faz-elogio-ao-tecnico-fernando-diniz-do-fluminense-pena-que-no-brasil-nao-dao-tempo\/#primaryimage\"},\"thumbnailUrl\":\"https:\/\/markd.com.br\/models\/wp-content\/uploads\/2022\/07\/20220713071115captura_de_tela_20220713_070600-644x445-1.jpg\",\"datePublished\":\"2022-07-13T16:41:41+00:00\",\"dateModified\":\"2022-07-13T16:41:46+00:00\",\"author\":{\"@id\":\"https:\/\/markd.com.br\/models\/#\/schema\/person\/c12a77ab487a7262d8bec3c47301ad37\"},\"breadcrumb\":{\"@id\":\"https:\/\/markd.com.br\/models\/neymar-faz-elogio-ao-tecnico-fernando-diniz-do-fluminense-pena-que-no-brasil-nao-dao-tempo\/#breadcrumb\"},\"inLanguage\":\"pt-BR\",\"potentialAction\":[{\"@type\":\"ReadAction\",\"target\":[\"https:\/\/markd.com.br\/models\/neymar-faz-elogio-ao-tecnico-fernando-diniz-do-fluminense-pena-que-no-brasil-nao-dao-tempo\/\"]}]},{\"@type\":\"ImageObject\",\"inLanguage\":\"pt-BR\",\"@id\":\"https:\/\/markd.com.br\/models\/neymar-faz-elogio-ao-tecnico-fernando-diniz-do-fluminense-pena-que-no-brasil-nao-dao-tempo\/#primaryimage\",\"url\":\"https:\/\/markd.com.br\/models\/wp-content\/uploads\/2022\/07\/20220713071115captura_de_tela_20220713_070600-644x445-1.jpg\",\"contentUrl\":\"https:\/\/markd.com.br\/models\/wp-content\/uploads\/2022\/07\/20220713071115captura_de_tela_20220713_070600-644x445-1.jpg\",\"width\":644,\"height\":445},{\"@type\":\"BreadcrumbList\",\"@id\":\"https:\/\/markd.com.br\/models\/neymar-faz-elogio-ao-tecnico-fernando-diniz-do-fluminense-pena-que-no-brasil-nao-dao-tempo\/#breadcrumb\",\"itemListElement\":[{\"@type\":\"ListItem\",\"position\":1,\"name\":\"In\u00edcio\",\"item\":\"https:\/\/markd.com.br\/models\/\"},{\"@type\":\"ListItem\",\"position\":2,\"name\":\"Neymar faz elogio ao t\u00e9cnico Fernando Diniz, do Fluminense: \u2018Pena que no Brasil n\u00e3o d\u00e3o tempo\u2019\"}]},{\"@type\":\"WebSite\",\"@id\":\"https:\/\/markd.com.br\/models\/#website\",\"url\":\"https:\/\/markd.com.br\/models\/\",\"name\":\"Not\u00edcias de Todos - Models01\",\"description\":\"Tenha um Portal de Not\u00edcias Moderno, Din\u00e2mico, R\u00e1pido e Profissional. Entregamos seu Site de  Not\u00edcias Pronto, Instalado, Hospedado, com Manual Passo a Passo e Suporte 24 horas.\",\"potentialAction\":[{\"@type\":\"SearchAction\",\"target\":{\"@type\":\"EntryPoint\",\"urlTemplate\":\"https:\/\/markd.com.br\/models\/?s={search_term_string}\"},\"query-input\":{\"@type\":\"PropertyValueSpecification\",\"valueRequired\":true,\"valueName\":\"search_term_string\"}}],\"inLanguage\":\"pt-BR\"},{\"@type\":\"Person\",\"@id\":\"https:\/\/markd.com.br\/models\/#\/schema\/person\/c12a77ab487a7262d8bec3c47301ad37\",\"name\":\"Reda\u00e7\u00e3o Reda\u00e7\u00e3o\",\"image\":{\"@type\":\"ImageObject\",\"inLanguage\":\"pt-BR\",\"@id\":\"https:\/\/markd.com.br\/models\/#\/schema\/person\/image\/\",\"url\":\"https:\/\/secure.gravatar.com\/avatar\/9448f3599ce269febf169e183039b4a6?s=96&d=mm&r=g\",\"contentUrl\":\"https:\/\/secure.gravatar.com\/avatar\/9448f3599ce269febf169e183039b4a6?s=96&d=mm&r=g\",\"caption\":\"Reda\u00e7\u00e3o Reda\u00e7\u00e3o\"},\"sameAs\":[\"https:\/\/markd.com.br\/\"],\"url\":\"https:\/\/markd.com.br\/models\/author\/redacao\/\"}]}<\/script>\n<!-- \/ Yoast SEO plugin. -->","yoast_head_json":{"title":"Neymar faz elogio ao t\u00e9cnico Fernando Diniz, do Fluminense: \u2018Pena que no Brasil n\u00e3o d\u00e3o tempo\u2019 - Not\u00edcias de Todos - Models01","robots":{"index":"index","follow":"follow","max-snippet":"max-snippet:-1","max-image-preview":"max-image-preview:large","max-video-preview":"max-video-preview:-1"},"canonical":"https:\/\/markd.com.br\/models\/neymar-faz-elogio-ao-tecnico-fernando-diniz-do-fluminense-pena-que-no-brasil-nao-dao-tempo\/","og_locale":"pt_BR","og_type":"article","og_title":"Neymar faz elogio ao t\u00e9cnico Fernando Diniz, do Fluminense: \u2018Pena que no Brasil n\u00e3o d\u00e3o tempo\u2019 - Not\u00edcias de Todos - Models01","og_description":"O t\u00e9cnico Fernando Diniz costuma dividir opini\u00f5es desde que explodiu no futebol brasileiro, no comando...","og_url":"https:\/\/markd.com.br\/models\/neymar-faz-elogio-ao-tecnico-fernando-diniz-do-fluminense-pena-que-no-brasil-nao-dao-tempo\/","og_site_name":"Not\u00edcias de Todos - Models01","article_published_time":"2022-07-13T16:41:41+00:00","article_modified_time":"2022-07-13T16:41:46+00:00","og_image":[{"width":644,"height":445,"url":"https:\/\/markd.com.br\/models\/wp-content\/uploads\/2022\/07\/20220713071115captura_de_tela_20220713_070600-644x445-1.jpg","type":"image\/jpeg"}],"author":"Reda\u00e7\u00e3o Reda\u00e7\u00e3o","twitter_card":"summary_large_image","twitter_misc":{"Escrito por":"Reda\u00e7\u00e3o Reda\u00e7\u00e3o","Est. tempo de leitura":"2 minutos"},"schema":{"@context":"https:\/\/schema.org","@graph":[{"@type":"WebPage","@id":"https:\/\/markd.com.br\/models\/neymar-faz-elogio-ao-tecnico-fernando-diniz-do-fluminense-pena-que-no-brasil-nao-dao-tempo\/","url":"https:\/\/markd.com.br\/models\/neymar-faz-elogio-ao-tecnico-fernando-diniz-do-fluminense-pena-que-no-brasil-nao-dao-tempo\/","name":"Neymar faz elogio ao t\u00e9cnico Fernando Diniz, do Fluminense: \u2018Pena que no Brasil n\u00e3o d\u00e3o tempo\u2019 - Not\u00edcias de Todos - Models01","isPartOf":{"@id":"https:\/\/markd.com.br\/models\/#website"},"primaryImageOfPage":{"@id":"https:\/\/markd.com.br\/models\/neymar-faz-elogio-ao-tecnico-fernando-diniz-do-fluminense-pena-que-no-brasil-nao-dao-tempo\/#primaryimage"},"image":{"@id":"https:\/\/markd.com.br\/models\/neymar-faz-elogio-ao-tecnico-fernando-diniz-do-fluminense-pena-que-no-brasil-nao-dao-tempo\/#primaryimage"},"thumbnailUrl":"https:\/\/markd.com.br\/models\/wp-content\/uploads\/2022\/07\/20220713071115captura_de_tela_20220713_070600-644x445-1.jpg","datePublished":"2022-07-13T16:41:41+00:00","dateModified":"2022-07-13T16:41:46+00:00","author":{"@id":"https:\/\/markd.com.br\/models\/#\/schema\/person\/c12a77ab487a7262d8bec3c47301ad37"},"breadcrumb":{"@id":"https:\/\/markd.com.br\/models\/neymar-faz-elogio-ao-tecnico-fernando-diniz-do-fluminense-pena-que-no-brasil-nao-dao-tempo\/#breadcrumb"},"inLanguage":"pt-BR","potentialAction":[{"@type":"ReadAction","target":["https:\/\/markd.com.br\/models\/neymar-faz-elogio-ao-tecnico-fernando-diniz-do-fluminense-pena-que-no-brasil-nao-dao-tempo\/"]}]},{"@type":"ImageObject","inLanguage":"pt-BR","@id":"https:\/\/markd.com.br\/models\/neymar-faz-elogio-ao-tecnico-fernando-diniz-do-fluminense-pena-que-no-brasil-nao-dao-tempo\/#primaryimage","url":"https:\/\/markd.com.br\/models\/wp-content\/uploads\/2022\/07\/20220713071115captura_de_tela_20220713_070600-644x445-1.jpg","contentUrl":"https:\/\/markd.com.br\/models\/wp-content\/uploads\/2022\/07\/20220713071115captura_de_tela_20220713_070600-644x445-1.jpg","width":644,"height":445},{"@type":"BreadcrumbList","@id":"https:\/\/markd.com.br\/models\/neymar-faz-elogio-ao-tecnico-fernando-diniz-do-fluminense-pena-que-no-brasil-nao-dao-tempo\/#breadcrumb","itemListElement":[{"@type":"ListItem","position":1,"name":"In\u00edcio","item":"https:\/\/markd.com.br\/models\/"},{"@type":"ListItem","position":2,"name":"Neymar faz elogio ao t\u00e9cnico Fernando Diniz, do Fluminense: \u2018Pena que no Brasil n\u00e3o d\u00e3o tempo\u2019"}]},{"@type":"WebSite","@id":"https:\/\/markd.com.br\/models\/#website","url":"https:\/\/markd.com.br\/models\/","name":"Not\u00edcias de Todos - Models01","description":"Tenha um Portal de Not\u00edcias Moderno, Din\u00e2mico, R\u00e1pido e Profissional. Entregamos seu Site de  Not\u00edcias Pronto, Instalado, Hospedado, com Manual Passo a Passo e Suporte 24 horas.","potentialAction":[{"@type":"SearchAction","target":{"@type":"EntryPoint","urlTemplate":"https:\/\/markd.com.br\/models\/?s={search_term_string}"},"query-input":{"@type":"PropertyValueSpecification","valueRequired":true,"valueName":"search_term_string"}}],"inLanguage":"pt-BR"},{"@type":"Person","@id":"https:\/\/markd.com.br\/models\/#\/schema\/person\/c12a77ab487a7262d8bec3c47301ad37","name":"Reda\u00e7\u00e3o Reda\u00e7\u00e3o","image":{"@type":"ImageObject","inLanguage":"pt-BR","@id":"https:\/\/markd.com.br\/models\/#\/schema\/person\/image\/","url":"https:\/\/secure.gravatar.com\/avatar\/9448f3599ce269febf169e183039b4a6?s=96&d=mm&r=g","contentUrl":"https:\/\/secure.gravatar.com\/avatar\/9448f3599ce269febf169e183039b4a6?s=96&d=mm&r=g","caption":"Reda\u00e7\u00e3o Reda\u00e7\u00e3o"},"sameAs":["https:\/\/markd.com.br\/"],"url":"https:\/\/markd.com.br\/models\/author\/redacao\/"}]}},"featured_image_urls":{"full":["https:\/\/markd.com.br\/models\/wp-content\/uploads\/2022\/07\/20220713071115captura_de_tela_20220713_070600-644x445-1.jpg",644,445,false],"thumbnail":["https:\/\/markd.com.br\/models\/wp-content\/uploads\/2022\/07\/20220713071115captura_de_tela_20220713_070600-644x445-1-150x150.jpg",150,150,true],"medium":["https:\/\/markd.com.br\/models\/wp-content\/uploads\/2022\/07\/20220713071115captura_de_tela_20220713_070600-644x445-1-300x207.jpg",300,207,true],"medium_large":["https:\/\/markd.com.br\/models\/wp-content\/uploads\/2022\/07\/20220713071115captura_de_tela_20220713_070600-644x445-1.jpg",640,442,false],"large":["https:\/\/markd.com.br\/models\/wp-content\/uploads\/2022\/07\/20220713071115captura_de_tela_20220713_070600-644x445-1.jpg",640,442,false],"1536x1536":["https:\/\/markd.com.br\/models\/wp-content\/uploads\/2022\/07\/20220713071115captura_de_tela_20220713_070600-644x445-1.jpg",644,445,false],"2048x2048":["https:\/\/markd.com.br\/models\/wp-content\/uploads\/2022\/07\/20220713071115captura_de_tela_20220713_070600-644x445-1.jpg",644,445,false],"newsphere-slider-full":["https:\/\/markd.com.br\/models\/wp-content\/uploads\/2022\/07\/20220713071115captura_de_tela_20220713_070600-644x445-1.jpg",644,445,false],"newsphere-featured":["https:\/\/markd.com.br\/models\/wp-content\/uploads\/2022\/07\/20220713071115captura_de_tela_20220713_070600-644x445-1.jpg",644,445,false],"newsphere-medium":["https:\/\/markd.com.br\/models\/wp-content\/uploads\/2022\/07\/20220713071115captura_de_tela_20220713_070600-644x445-1-644x380.jpg",644,380,true]},"author_info":{"display_name":"Reda\u00e7\u00e3o Reda\u00e7\u00e3o","author_link":"https:\/\/markd.com.br\/models\/author\/redacao\/"},"category_info":"<a href=\"https:\/\/markd.com.br\/models\/category\/esportes\/\" rel=\"category tag\">Esportes<\/a>","tag_info":"Esportes","comment_count":"0","jetpack_featured_media_url":"https:\/\/markd.com.br\/models\/wp-content\/uploads\/2022\/07\/20220713071115captura_de_tela_20220713_070600-644x445-1.jpg","_links":{"self":[{"href":"https:\/\/markd.com.br\/models\/wp-json\/wp\/v2\/posts\/2715","targetHints":{"allow":["GET"]}}],"collection":[{"href":"https:\/\/markd.com.br\/models\/wp-json\/wp\/v2\/posts"}],"about":[{"href":"https:\/\/markd.com.br\/models\/wp-json\/wp\/v2\/types\/post"}],"author":[{"embeddable":true,"href":"https:\/\/markd.com.br\/models\/wp-json\/wp\/v2\/users\/5"}],"replies":[{"embeddable":true,"href":"https:\/\/markd.com.br\/models\/wp-json\/wp\/v2\/comments?post=2715"}],"version-history":[{"count":1,"href":"https:\/\/markd.com.br\/models\/wp-json\/wp\/v2\/posts\/2715\/revisions"}],"predecessor-version":[{"id":2717,"href":"https:\/\/markd.com.br\/models\/wp-json\/wp\/v2\/posts\/2715\/revisions\/2717"}],"wp:featuredmedia":[{"embeddable":true,"href":"https:\/\/markd.com.br\/models\/wp-json\/wp\/v2\/media\/2716"}],"wp:attachment":[{"href":"https:\/\/markd.com.br\/models\/wp-json\/wp\/v2\/media?parent=2715"}],"wp:term":[{"taxonomy":"category","embeddable":true,"href":"https:\/\/markd.com.br\/models\/wp-json\/wp\/v2\/categories?post=2715"},{"taxonomy":"post_tag","embeddable":true,"href":"https:\/\/markd.com.br\/models\/wp-json\/wp\/v2\/tags?post=2715"}],"curies":[{"name":"wp","href":"https:\/\/api.w.org\/{rel}","templated":true}]}}