{"id":2724,"date":"2022-07-13T14:03:15","date_gmt":"2022-07-13T17:03:15","guid":{"rendered":"https:\/\/portaldestaquenoticias.com.br\/?p=2724"},"modified":"2022-07-13T14:03:19","modified_gmt":"2022-07-13T17:03:19","slug":"jovem-morre-apos-ser-espancado-e-abandonado-a-beira-de-estrada-no-amazonas","status":"publish","type":"post","link":"https:\/\/markd.com.br\/models\/jovem-morre-apos-ser-espancado-e-abandonado-a-beira-de-estrada-no-amazonas\/","title":{"rendered":"Jovem morre ap\u00f3s ser espancado e abandonado \u00e0 beira de estrada no Amazonas"},"content":{"rendered":"\n<p><\/p>\n\n\n\n<p>Sidiney Ferreira Soares, 30, morreu na noite dessa ter\u00e7a-feira (12), no Hospital Jo\u00e3o L\u00facio, onde foi internado ap\u00f3s ser brutalmente espancado no munic\u00edpio de Mau\u00e9s.<\/p>\n\n\n\n<p>O homem foi encontrado em uma estrada do munic\u00edpio com v\u00e1rias les\u00f5es graves no corpo, no \u00faltimo dia 24 de junho.<\/p>\n\n\n\n<p>Ele foi socorrido e encaminhado primeiramente ao hospital de Mau\u00e9s, mas devido ao quadro de sa\u00fade, foi transferido para Manaus.<\/p>\n\n\n\n<p>Apesar dos esfor\u00e7os dos m\u00e9dicos, ele n\u00e3o resistiu. Os autores do espancamento ainda n\u00e3o foram identificados e a fam\u00edlia de Sidiney ainda aguarda a pris\u00e3o dos culpados para que seja feita justi\u00e7a pelo crime.&nbsp;<\/p>\n\n\n\n<p>fonte: Portal do Holanda<\/p>\n","protected":false},"excerpt":{"rendered":"<p>Sidiney Ferreira Soares, 30, morreu na noite dessa ter\u00e7a-feira (12), no Hospital Jo\u00e3o L\u00facio, onde&#8230;<\/p>\n","protected":false},"author":5,"featured_media":2725,"comment_status":"open","ping_status":"open","sticky":false,"template":"","format":"standard","meta":{"footnotes":""},"categories":[34],"tags":[103,555,808],"class_list":["post-2724","post","type-post","status-publish","format-standard","has-post-thumbnail","hentry","category-musica","tag-amazonas","tag-espancado","tag-jovem-morre"],"yoast_head":"<!-- This site is optimized with the Yoast SEO plugin v24.4 - https:\/\/yoast.com\/wordpress\/plugins\/seo\/ -->\n<title>Jovem morre ap\u00f3s ser espancado e abandonado \u00e0 beira de estrada no Amazonas - Not\u00edcias de Todos - Models01<\/title>\n<meta name=\"robots\" content=\"index, follow, max-snippet:-1, max-image-preview:large, max-video-preview:-1\" \/>\n<link rel=\"canonical\" href=\"https:\/\/markd.com.br\/models\/jovem-morre-apos-ser-espancado-e-abandonado-a-beira-de-estrada-no-amazonas\/\" \/>\n<meta property=\"og:locale\" content=\"pt_BR\" \/>\n<meta property=\"og:type\" content=\"article\" \/>\n<meta property=\"og:title\" content=\"Jovem morre ap\u00f3s ser espancado e abandonado \u00e0 beira de estrada no Amazonas - Not\u00edcias de Todos - Models01\" \/>\n<meta property=\"og:description\" content=\"Sidiney Ferreira Soares, 30, morreu na noite dessa ter\u00e7a-feira (12), no Hospital Jo\u00e3o L\u00facio, onde...\" \/>\n<meta property=\"og:url\" content=\"https:\/\/markd.com.br\/models\/jovem-morre-apos-ser-espancado-e-abandonado-a-beira-de-estrada-no-amazonas\/\" \/>\n<meta property=\"og:site_name\" content=\"Not\u00edcias de Todos - Models01\" \/>\n<meta property=\"article:published_time\" content=\"2022-07-13T17:03:15+00:00\" \/>\n<meta property=\"article:modified_time\" content=\"2022-07-13T17:03:19+00:00\" \/>\n<meta property=\"og:image\" content=\"https:\/\/markd.com.br\/models\/wp-content\/uploads\/2022\/07\/IMG_13072022_112958_640_x_451_pixel-640x445-1.jpg\" \/>\n\t<meta property=\"og:image:width\" content=\"640\" \/>\n\t<meta property=\"og:image:height\" content=\"445\" \/>\n\t<meta property=\"og:image:type\" content=\"image\/jpeg\" \/>\n<meta name=\"author\" content=\"Reda\u00e7\u00e3o Reda\u00e7\u00e3o\" \/>\n<meta name=\"twitter:card\" content=\"summary_large_image\" \/>\n<meta name=\"twitter:label1\" content=\"Escrito por\" \/>\n\t<meta name=\"twitter:data1\" content=\"Reda\u00e7\u00e3o Reda\u00e7\u00e3o\" \/>\n\t<meta name=\"twitter:label2\" content=\"Est. tempo de leitura\" \/>\n\t<meta name=\"twitter:data2\" content=\"1 minuto\" \/>\n<script type=\"application\/ld+json\" class=\"yoast-schema-graph\">{\"@context\":\"https:\/\/schema.org\",\"@graph\":[{\"@type\":\"WebPage\",\"@id\":\"https:\/\/markd.com.br\/models\/jovem-morre-apos-ser-espancado-e-abandonado-a-beira-de-estrada-no-amazonas\/\",\"url\":\"https:\/\/markd.com.br\/models\/jovem-morre-apos-ser-espancado-e-abandonado-a-beira-de-estrada-no-amazonas\/\",\"name\":\"Jovem morre ap\u00f3s ser espancado e abandonado \u00e0 beira de estrada no Amazonas - Not\u00edcias de Todos - Models01\",\"isPartOf\":{\"@id\":\"https:\/\/markd.com.br\/models\/#website\"},\"primaryImageOfPage\":{\"@id\":\"https:\/\/markd.com.br\/models\/jovem-morre-apos-ser-espancado-e-abandonado-a-beira-de-estrada-no-amazonas\/#primaryimage\"},\"image\":{\"@id\":\"https:\/\/markd.com.br\/models\/jovem-morre-apos-ser-espancado-e-abandonado-a-beira-de-estrada-no-amazonas\/#primaryimage\"},\"thumbnailUrl\":\"https:\/\/markd.com.br\/models\/wp-content\/uploads\/2022\/07\/IMG_13072022_112958_640_x_451_pixel-640x445-1.jpg\",\"datePublished\":\"2022-07-13T17:03:15+00:00\",\"dateModified\":\"2022-07-13T17:03:19+00:00\",\"author\":{\"@id\":\"https:\/\/markd.com.br\/models\/#\/schema\/person\/c12a77ab487a7262d8bec3c47301ad37\"},\"breadcrumb\":{\"@id\":\"https:\/\/markd.com.br\/models\/jovem-morre-apos-ser-espancado-e-abandonado-a-beira-de-estrada-no-amazonas\/#breadcrumb\"},\"inLanguage\":\"pt-BR\",\"potentialAction\":[{\"@type\":\"ReadAction\",\"target\":[\"https:\/\/markd.com.br\/models\/jovem-morre-apos-ser-espancado-e-abandonado-a-beira-de-estrada-no-amazonas\/\"]}]},{\"@type\":\"ImageObject\",\"inLanguage\":\"pt-BR\",\"@id\":\"https:\/\/markd.com.br\/models\/jovem-morre-apos-ser-espancado-e-abandonado-a-beira-de-estrada-no-amazonas\/#primaryimage\",\"url\":\"https:\/\/markd.com.br\/models\/wp-content\/uploads\/2022\/07\/IMG_13072022_112958_640_x_451_pixel-640x445-1.jpg\",\"contentUrl\":\"https:\/\/markd.com.br\/models\/wp-content\/uploads\/2022\/07\/IMG_13072022_112958_640_x_451_pixel-640x445-1.jpg\",\"width\":640,\"height\":445},{\"@type\":\"BreadcrumbList\",\"@id\":\"https:\/\/markd.com.br\/models\/jovem-morre-apos-ser-espancado-e-abandonado-a-beira-de-estrada-no-amazonas\/#breadcrumb\",\"itemListElement\":[{\"@type\":\"ListItem\",\"position\":1,\"name\":\"In\u00edcio\",\"item\":\"https:\/\/markd.com.br\/models\/\"},{\"@type\":\"ListItem\",\"position\":2,\"name\":\"Jovem morre ap\u00f3s ser espancado e abandonado \u00e0 beira de estrada no Amazonas\"}]},{\"@type\":\"WebSite\",\"@id\":\"https:\/\/markd.com.br\/models\/#website\",\"url\":\"https:\/\/markd.com.br\/models\/\",\"name\":\"Not\u00edcias de Todos - Models01\",\"description\":\"Tenha um Portal de Not\u00edcias Moderno, Din\u00e2mico, R\u00e1pido e Profissional. Entregamos seu Site de  Not\u00edcias Pronto, Instalado, Hospedado, com Manual Passo a Passo e Suporte 24 horas.\",\"potentialAction\":[{\"@type\":\"SearchAction\",\"target\":{\"@type\":\"EntryPoint\",\"urlTemplate\":\"https:\/\/markd.com.br\/models\/?s={search_term_string}\"},\"query-input\":{\"@type\":\"PropertyValueSpecification\",\"valueRequired\":true,\"valueName\":\"search_term_string\"}}],\"inLanguage\":\"pt-BR\"},{\"@type\":\"Person\",\"@id\":\"https:\/\/markd.com.br\/models\/#\/schema\/person\/c12a77ab487a7262d8bec3c47301ad37\",\"name\":\"Reda\u00e7\u00e3o Reda\u00e7\u00e3o\",\"image\":{\"@type\":\"ImageObject\",\"inLanguage\":\"pt-BR\",\"@id\":\"https:\/\/markd.com.br\/models\/#\/schema\/person\/image\/\",\"url\":\"https:\/\/secure.gravatar.com\/avatar\/9448f3599ce269febf169e183039b4a6?s=96&d=mm&r=g\",\"contentUrl\":\"https:\/\/secure.gravatar.com\/avatar\/9448f3599ce269febf169e183039b4a6?s=96&d=mm&r=g\",\"caption\":\"Reda\u00e7\u00e3o Reda\u00e7\u00e3o\"},\"sameAs\":[\"https:\/\/markd.com.br\/\"],\"url\":\"https:\/\/markd.com.br\/models\/author\/redacao\/\"}]}<\/script>\n<!-- \/ Yoast SEO plugin. -->","yoast_head_json":{"title":"Jovem morre ap\u00f3s ser espancado e abandonado \u00e0 beira de estrada no Amazonas - Not\u00edcias de Todos - Models01","robots":{"index":"index","follow":"follow","max-snippet":"max-snippet:-1","max-image-preview":"max-image-preview:large","max-video-preview":"max-video-preview:-1"},"canonical":"https:\/\/markd.com.br\/models\/jovem-morre-apos-ser-espancado-e-abandonado-a-beira-de-estrada-no-amazonas\/","og_locale":"pt_BR","og_type":"article","og_title":"Jovem morre ap\u00f3s ser espancado e abandonado \u00e0 beira de estrada no Amazonas - Not\u00edcias de Todos - Models01","og_description":"Sidiney Ferreira Soares, 30, morreu na noite dessa ter\u00e7a-feira (12), no Hospital Jo\u00e3o L\u00facio, onde...","og_url":"https:\/\/markd.com.br\/models\/jovem-morre-apos-ser-espancado-e-abandonado-a-beira-de-estrada-no-amazonas\/","og_site_name":"Not\u00edcias de Todos - Models01","article_published_time":"2022-07-13T17:03:15+00:00","article_modified_time":"2022-07-13T17:03:19+00:00","og_image":[{"width":640,"height":445,"url":"https:\/\/markd.com.br\/models\/wp-content\/uploads\/2022\/07\/IMG_13072022_112958_640_x_451_pixel-640x445-1.jpg","type":"image\/jpeg"}],"author":"Reda\u00e7\u00e3o Reda\u00e7\u00e3o","twitter_card":"summary_large_image","twitter_misc":{"Escrito por":"Reda\u00e7\u00e3o Reda\u00e7\u00e3o","Est. tempo de leitura":"1 minuto"},"schema":{"@context":"https:\/\/schema.org","@graph":[{"@type":"WebPage","@id":"https:\/\/markd.com.br\/models\/jovem-morre-apos-ser-espancado-e-abandonado-a-beira-de-estrada-no-amazonas\/","url":"https:\/\/markd.com.br\/models\/jovem-morre-apos-ser-espancado-e-abandonado-a-beira-de-estrada-no-amazonas\/","name":"Jovem morre ap\u00f3s ser espancado e abandonado \u00e0 beira de estrada no Amazonas - Not\u00edcias de Todos - Models01","isPartOf":{"@id":"https:\/\/markd.com.br\/models\/#website"},"primaryImageOfPage":{"@id":"https:\/\/markd.com.br\/models\/jovem-morre-apos-ser-espancado-e-abandonado-a-beira-de-estrada-no-amazonas\/#primaryimage"},"image":{"@id":"https:\/\/markd.com.br\/models\/jovem-morre-apos-ser-espancado-e-abandonado-a-beira-de-estrada-no-amazonas\/#primaryimage"},"thumbnailUrl":"https:\/\/markd.com.br\/models\/wp-content\/uploads\/2022\/07\/IMG_13072022_112958_640_x_451_pixel-640x445-1.jpg","datePublished":"2022-07-13T17:03:15+00:00","dateModified":"2022-07-13T17:03:19+00:00","author":{"@id":"https:\/\/markd.com.br\/models\/#\/schema\/person\/c12a77ab487a7262d8bec3c47301ad37"},"breadcrumb":{"@id":"https:\/\/markd.com.br\/models\/jovem-morre-apos-ser-espancado-e-abandonado-a-beira-de-estrada-no-amazonas\/#breadcrumb"},"inLanguage":"pt-BR","potentialAction":[{"@type":"ReadAction","target":["https:\/\/markd.com.br\/models\/jovem-morre-apos-ser-espancado-e-abandonado-a-beira-de-estrada-no-amazonas\/"]}]},{"@type":"ImageObject","inLanguage":"pt-BR","@id":"https:\/\/markd.com.br\/models\/jovem-morre-apos-ser-espancado-e-abandonado-a-beira-de-estrada-no-amazonas\/#primaryimage","url":"https:\/\/markd.com.br\/models\/wp-content\/uploads\/2022\/07\/IMG_13072022_112958_640_x_451_pixel-640x445-1.jpg","contentUrl":"https:\/\/markd.com.br\/models\/wp-content\/uploads\/2022\/07\/IMG_13072022_112958_640_x_451_pixel-640x445-1.jpg","width":640,"height":445},{"@type":"BreadcrumbList","@id":"https:\/\/markd.com.br\/models\/jovem-morre-apos-ser-espancado-e-abandonado-a-beira-de-estrada-no-amazonas\/#breadcrumb","itemListElement":[{"@type":"ListItem","position":1,"name":"In\u00edcio","item":"https:\/\/markd.com.br\/models\/"},{"@type":"ListItem","position":2,"name":"Jovem morre ap\u00f3s ser espancado e abandonado \u00e0 beira de estrada no Amazonas"}]},{"@type":"WebSite","@id":"https:\/\/markd.com.br\/models\/#website","url":"https:\/\/markd.com.br\/models\/","name":"Not\u00edcias de Todos - Models01","description":"Tenha um Portal de Not\u00edcias Moderno, Din\u00e2mico, R\u00e1pido e Profissional. Entregamos seu Site de  Not\u00edcias Pronto, Instalado, Hospedado, com Manual Passo a Passo e Suporte 24 horas.","potentialAction":[{"@type":"SearchAction","target":{"@type":"EntryPoint","urlTemplate":"https:\/\/markd.com.br\/models\/?s={search_term_string}"},"query-input":{"@type":"PropertyValueSpecification","valueRequired":true,"valueName":"search_term_string"}}],"inLanguage":"pt-BR"},{"@type":"Person","@id":"https:\/\/markd.com.br\/models\/#\/schema\/person\/c12a77ab487a7262d8bec3c47301ad37","name":"Reda\u00e7\u00e3o Reda\u00e7\u00e3o","image":{"@type":"ImageObject","inLanguage":"pt-BR","@id":"https:\/\/markd.com.br\/models\/#\/schema\/person\/image\/","url":"https:\/\/secure.gravatar.com\/avatar\/9448f3599ce269febf169e183039b4a6?s=96&d=mm&r=g","contentUrl":"https:\/\/secure.gravatar.com\/avatar\/9448f3599ce269febf169e183039b4a6?s=96&d=mm&r=g","caption":"Reda\u00e7\u00e3o Reda\u00e7\u00e3o"},"sameAs":["https:\/\/markd.com.br\/"],"url":"https:\/\/markd.com.br\/models\/author\/redacao\/"}]}},"featured_image_urls":{"full":["https:\/\/markd.com.br\/models\/wp-content\/uploads\/2022\/07\/IMG_13072022_112958_640_x_451_pixel-640x445-1.jpg",640,445,false],"thumbnail":["https:\/\/markd.com.br\/models\/wp-content\/uploads\/2022\/07\/IMG_13072022_112958_640_x_451_pixel-640x445-1-150x150.jpg",150,150,true],"medium":["https:\/\/markd.com.br\/models\/wp-content\/uploads\/2022\/07\/IMG_13072022_112958_640_x_451_pixel-640x445-1-300x209.jpg",300,209,true],"medium_large":["https:\/\/markd.com.br\/models\/wp-content\/uploads\/2022\/07\/IMG_13072022_112958_640_x_451_pixel-640x445-1.jpg",640,445,false],"large":["https:\/\/markd.com.br\/models\/wp-content\/uploads\/2022\/07\/IMG_13072022_112958_640_x_451_pixel-640x445-1.jpg",640,445,false],"1536x1536":["https:\/\/markd.com.br\/models\/wp-content\/uploads\/2022\/07\/IMG_13072022_112958_640_x_451_pixel-640x445-1.jpg",640,445,false],"2048x2048":["https:\/\/markd.com.br\/models\/wp-content\/uploads\/2022\/07\/IMG_13072022_112958_640_x_451_pixel-640x445-1.jpg",640,445,false],"newsphere-slider-full":["https:\/\/markd.com.br\/models\/wp-content\/uploads\/2022\/07\/IMG_13072022_112958_640_x_451_pixel-640x445-1.jpg",640,445,false],"newsphere-featured":["https:\/\/markd.com.br\/models\/wp-content\/uploads\/2022\/07\/IMG_13072022_112958_640_x_451_pixel-640x445-1.jpg",640,445,false],"newsphere-medium":["https:\/\/markd.com.br\/models\/wp-content\/uploads\/2022\/07\/IMG_13072022_112958_640_x_451_pixel-640x445-1-640x380.jpg",640,380,true]},"author_info":{"display_name":"Reda\u00e7\u00e3o Reda\u00e7\u00e3o","author_link":"https:\/\/markd.com.br\/models\/author\/redacao\/"},"category_info":"<a href=\"https:\/\/markd.com.br\/models\/category\/musica\/\" rel=\"category tag\">Pol\u00edcia<\/a>","tag_info":"Pol\u00edcia","comment_count":"0","jetpack_featured_media_url":"https:\/\/markd.com.br\/models\/wp-content\/uploads\/2022\/07\/IMG_13072022_112958_640_x_451_pixel-640x445-1.jpg","_links":{"self":[{"href":"https:\/\/markd.com.br\/models\/wp-json\/wp\/v2\/posts\/2724","targetHints":{"allow":["GET"]}}],"collection":[{"href":"https:\/\/markd.com.br\/models\/wp-json\/wp\/v2\/posts"}],"about":[{"href":"https:\/\/markd.com.br\/models\/wp-json\/wp\/v2\/types\/post"}],"author":[{"embeddable":true,"href":"https:\/\/markd.com.br\/models\/wp-json\/wp\/v2\/users\/5"}],"replies":[{"embeddable":true,"href":"https:\/\/markd.com.br\/models\/wp-json\/wp\/v2\/comments?post=2724"}],"version-history":[{"count":1,"href":"https:\/\/markd.com.br\/models\/wp-json\/wp\/v2\/posts\/2724\/revisions"}],"predecessor-version":[{"id":2726,"href":"https:\/\/markd.com.br\/models\/wp-json\/wp\/v2\/posts\/2724\/revisions\/2726"}],"wp:featuredmedia":[{"embeddable":true,"href":"https:\/\/markd.com.br\/models\/wp-json\/wp\/v2\/media\/2725"}],"wp:attachment":[{"href":"https:\/\/markd.com.br\/models\/wp-json\/wp\/v2\/media?parent=2724"}],"wp:term":[{"taxonomy":"category","embeddable":true,"href":"https:\/\/markd.com.br\/models\/wp-json\/wp\/v2\/categories?post=2724"},{"taxonomy":"post_tag","embeddable":true,"href":"https:\/\/markd.com.br\/models\/wp-json\/wp\/v2\/tags?post=2724"}],"curies":[{"name":"wp","href":"https:\/\/api.w.org\/{rel}","templated":true}]}}