{"id":2755,"date":"2022-07-14T11:58:42","date_gmt":"2022-07-14T14:58:42","guid":{"rendered":"https:\/\/portaldestaquenoticias.com.br\/?p=2755"},"modified":"2022-07-14T11:58:45","modified_gmt":"2022-07-14T14:58:45","slug":"rodrigo-faro-aparece-pela-primeira-vez-caracterizado-de-silvio-santos-e-vira-meme-parece-mais-o-kiko","status":"publish","type":"post","link":"https:\/\/markd.com.br\/models\/rodrigo-faro-aparece-pela-primeira-vez-caracterizado-de-silvio-santos-e-vira-meme-parece-mais-o-kiko\/","title":{"rendered":"Rodrigo Faro aparece pela primeira vez caracterizado de Silvio Santos e vira meme: \u2018Parece mais o Kiko\u2019"},"content":{"rendered":"\n<p><\/p>\n\n\n\n<p>Rodrigo Faro usou as redes sociais nesta quarta-feira (13) para compartilhar imagens dele caracterizado como Silvio Santos. O apresentador ir\u00e1 viver o dono do SBT nos cinemas.<\/p>\n\n\n\n<p>Nos stories do Instagram, Faro mostrou parte dos processos feitos pela equipe de maquiagem. Na legenda, ele conta que demorou mais de 2 horas e meia para terminar a caracteriza\u00e7\u00e3o.<\/p>\n\n\n\n<p>\u201cBom dia\u2026 maoeeeee!\u201d, brincou ele na primeira foto compartilhada colocando uma m\u00e1scara no rosto. Depois, o apresentador mostrou como ficou o resultado. \u201cContinuo aqui\u2026 2h30 de caracteriza\u00e7\u00e3o\u201d, contou.<\/p>\n\n\n\n<p>Ainda sem mostrar como ficou com a maquiagem completa, Faro fez mist\u00e9rio e publicou uma foto no feed de costas comemorando o papel no filme. \u201cSilvio Santos. Mais um dia de filmagem\u2026 Quanta emo\u00e7\u00e3o meu Deus\u2026\u201d, escreveu.<\/p>\n\n\n\n<p>Confira a publica\u00e7\u00e3o:<\/p>\n\n\n\n<p>\u201cSequestro\u201d, filme que o apresentador ser\u00e1 protagonista, aborda o sequestro que Silvio foi v\u00edtima em 2001. O longa-metragem mostrar\u00e1 os acontecimentos do dia em que o dono do SBT foi feito de ref\u00e9m durante 7 horas.<\/p>\n\n\n\n<p>Ap\u00f3s as publica\u00e7\u00f5es de Faro, os internautas fizeram piadas sobre a caracteriza\u00e7\u00e3o. \u201cMedo de ir na cozinha de madrigada e encontrar o Rodrigo Faro de Silvio Santos\u201d, afirmou um. \u201cA caracteriza\u00e7\u00e3o do Rodrigo Faro mirou no Silvio Santos e acertou no Kiko\u201d, disse um segundo. \u201cSilvio Santos da Shoppe\u201d, declarou um terceiro.<\/p>\n","protected":false},"excerpt":{"rendered":"<p>Rodrigo Faro usou as redes sociais nesta quarta-feira (13) para compartilhar imagens dele caracterizado como&#8230;<\/p>\n","protected":false},"author":5,"featured_media":2756,"comment_status":"open","ping_status":"open","sticky":false,"template":"","format":"standard","meta":{"footnotes":""},"categories":[33],"tags":[],"class_list":["post-2755","post","type-post","status-publish","format-standard","has-post-thumbnail","hentry","category-economia"],"yoast_head":"<!-- This site is optimized with the Yoast SEO plugin v24.4 - https:\/\/yoast.com\/wordpress\/plugins\/seo\/ -->\n<title>Rodrigo Faro aparece pela primeira vez caracterizado de Silvio Santos e vira meme: \u2018Parece mais o Kiko\u2019 - Not\u00edcias de Todos - Models01<\/title>\n<meta name=\"robots\" content=\"index, follow, max-snippet:-1, max-image-preview:large, max-video-preview:-1\" \/>\n<link rel=\"canonical\" href=\"https:\/\/markd.com.br\/models\/rodrigo-faro-aparece-pela-primeira-vez-caracterizado-de-silvio-santos-e-vira-meme-parece-mais-o-kiko\/\" \/>\n<meta property=\"og:locale\" content=\"pt_BR\" \/>\n<meta property=\"og:type\" content=\"article\" \/>\n<meta property=\"og:title\" content=\"Rodrigo Faro aparece pela primeira vez caracterizado de Silvio Santos e vira meme: \u2018Parece mais o Kiko\u2019 - Not\u00edcias de Todos - Models01\" \/>\n<meta property=\"og:description\" content=\"Rodrigo Faro usou as redes sociais nesta quarta-feira (13) para compartilhar imagens dele caracterizado como...\" \/>\n<meta property=\"og:url\" content=\"https:\/\/markd.com.br\/models\/rodrigo-faro-aparece-pela-primeira-vez-caracterizado-de-silvio-santos-e-vira-meme-parece-mais-o-kiko\/\" \/>\n<meta property=\"og:site_name\" content=\"Not\u00edcias de Todos - Models01\" \/>\n<meta property=\"article:published_time\" content=\"2022-07-14T14:58:42+00:00\" \/>\n<meta property=\"article:modified_time\" content=\"2022-07-14T14:58:45+00:00\" \/>\n<meta property=\"og:image\" content=\"https:\/\/markd.com.br\/models\/wp-content\/uploads\/2022\/07\/5edc170284167c9b36c53f713555852c-448x445-1.webp\" \/>\n\t<meta property=\"og:image:width\" content=\"448\" \/>\n\t<meta property=\"og:image:height\" content=\"445\" \/>\n\t<meta property=\"og:image:type\" content=\"image\/webp\" \/>\n<meta name=\"author\" content=\"Reda\u00e7\u00e3o Reda\u00e7\u00e3o\" \/>\n<meta name=\"twitter:card\" content=\"summary_large_image\" \/>\n<meta name=\"twitter:label1\" content=\"Escrito por\" \/>\n\t<meta name=\"twitter:data1\" content=\"Reda\u00e7\u00e3o Reda\u00e7\u00e3o\" \/>\n\t<meta name=\"twitter:label2\" content=\"Est. tempo de leitura\" \/>\n\t<meta name=\"twitter:data2\" content=\"2 minutos\" \/>\n<script type=\"application\/ld+json\" class=\"yoast-schema-graph\">{\"@context\":\"https:\/\/schema.org\",\"@graph\":[{\"@type\":\"WebPage\",\"@id\":\"https:\/\/markd.com.br\/models\/rodrigo-faro-aparece-pela-primeira-vez-caracterizado-de-silvio-santos-e-vira-meme-parece-mais-o-kiko\/\",\"url\":\"https:\/\/markd.com.br\/models\/rodrigo-faro-aparece-pela-primeira-vez-caracterizado-de-silvio-santos-e-vira-meme-parece-mais-o-kiko\/\",\"name\":\"Rodrigo Faro aparece pela primeira vez caracterizado de Silvio Santos e vira meme: \u2018Parece mais o Kiko\u2019 - Not\u00edcias de Todos - Models01\",\"isPartOf\":{\"@id\":\"https:\/\/markd.com.br\/models\/#website\"},\"primaryImageOfPage\":{\"@id\":\"https:\/\/markd.com.br\/models\/rodrigo-faro-aparece-pela-primeira-vez-caracterizado-de-silvio-santos-e-vira-meme-parece-mais-o-kiko\/#primaryimage\"},\"image\":{\"@id\":\"https:\/\/markd.com.br\/models\/rodrigo-faro-aparece-pela-primeira-vez-caracterizado-de-silvio-santos-e-vira-meme-parece-mais-o-kiko\/#primaryimage\"},\"thumbnailUrl\":\"https:\/\/markd.com.br\/models\/wp-content\/uploads\/2022\/07\/5edc170284167c9b36c53f713555852c-448x445-1.webp\",\"datePublished\":\"2022-07-14T14:58:42+00:00\",\"dateModified\":\"2022-07-14T14:58:45+00:00\",\"author\":{\"@id\":\"https:\/\/markd.com.br\/models\/#\/schema\/person\/c12a77ab487a7262d8bec3c47301ad37\"},\"breadcrumb\":{\"@id\":\"https:\/\/markd.com.br\/models\/rodrigo-faro-aparece-pela-primeira-vez-caracterizado-de-silvio-santos-e-vira-meme-parece-mais-o-kiko\/#breadcrumb\"},\"inLanguage\":\"pt-BR\",\"potentialAction\":[{\"@type\":\"ReadAction\",\"target\":[\"https:\/\/markd.com.br\/models\/rodrigo-faro-aparece-pela-primeira-vez-caracterizado-de-silvio-santos-e-vira-meme-parece-mais-o-kiko\/\"]}]},{\"@type\":\"ImageObject\",\"inLanguage\":\"pt-BR\",\"@id\":\"https:\/\/markd.com.br\/models\/rodrigo-faro-aparece-pela-primeira-vez-caracterizado-de-silvio-santos-e-vira-meme-parece-mais-o-kiko\/#primaryimage\",\"url\":\"https:\/\/markd.com.br\/models\/wp-content\/uploads\/2022\/07\/5edc170284167c9b36c53f713555852c-448x445-1.webp\",\"contentUrl\":\"https:\/\/markd.com.br\/models\/wp-content\/uploads\/2022\/07\/5edc170284167c9b36c53f713555852c-448x445-1.webp\",\"width\":448,\"height\":445},{\"@type\":\"BreadcrumbList\",\"@id\":\"https:\/\/markd.com.br\/models\/rodrigo-faro-aparece-pela-primeira-vez-caracterizado-de-silvio-santos-e-vira-meme-parece-mais-o-kiko\/#breadcrumb\",\"itemListElement\":[{\"@type\":\"ListItem\",\"position\":1,\"name\":\"In\u00edcio\",\"item\":\"https:\/\/markd.com.br\/models\/\"},{\"@type\":\"ListItem\",\"position\":2,\"name\":\"Rodrigo Faro aparece pela primeira vez caracterizado de Silvio Santos e vira meme: \u2018Parece mais o Kiko\u2019\"}]},{\"@type\":\"WebSite\",\"@id\":\"https:\/\/markd.com.br\/models\/#website\",\"url\":\"https:\/\/markd.com.br\/models\/\",\"name\":\"Not\u00edcias de Todos - Models01\",\"description\":\"Tenha um Portal de Not\u00edcias Moderno, Din\u00e2mico, R\u00e1pido e Profissional. Entregamos seu Site de  Not\u00edcias Pronto, Instalado, Hospedado, com Manual Passo a Passo e Suporte 24 horas.\",\"potentialAction\":[{\"@type\":\"SearchAction\",\"target\":{\"@type\":\"EntryPoint\",\"urlTemplate\":\"https:\/\/markd.com.br\/models\/?s={search_term_string}\"},\"query-input\":{\"@type\":\"PropertyValueSpecification\",\"valueRequired\":true,\"valueName\":\"search_term_string\"}}],\"inLanguage\":\"pt-BR\"},{\"@type\":\"Person\",\"@id\":\"https:\/\/markd.com.br\/models\/#\/schema\/person\/c12a77ab487a7262d8bec3c47301ad37\",\"name\":\"Reda\u00e7\u00e3o Reda\u00e7\u00e3o\",\"image\":{\"@type\":\"ImageObject\",\"inLanguage\":\"pt-BR\",\"@id\":\"https:\/\/markd.com.br\/models\/#\/schema\/person\/image\/\",\"url\":\"https:\/\/secure.gravatar.com\/avatar\/9448f3599ce269febf169e183039b4a6?s=96&d=mm&r=g\",\"contentUrl\":\"https:\/\/secure.gravatar.com\/avatar\/9448f3599ce269febf169e183039b4a6?s=96&d=mm&r=g\",\"caption\":\"Reda\u00e7\u00e3o Reda\u00e7\u00e3o\"},\"sameAs\":[\"https:\/\/markd.com.br\/\"],\"url\":\"https:\/\/markd.com.br\/models\/author\/redacao\/\"}]}<\/script>\n<!-- \/ Yoast SEO plugin. -->","yoast_head_json":{"title":"Rodrigo Faro aparece pela primeira vez caracterizado de Silvio Santos e vira meme: \u2018Parece mais o Kiko\u2019 - Not\u00edcias de Todos - Models01","robots":{"index":"index","follow":"follow","max-snippet":"max-snippet:-1","max-image-preview":"max-image-preview:large","max-video-preview":"max-video-preview:-1"},"canonical":"https:\/\/markd.com.br\/models\/rodrigo-faro-aparece-pela-primeira-vez-caracterizado-de-silvio-santos-e-vira-meme-parece-mais-o-kiko\/","og_locale":"pt_BR","og_type":"article","og_title":"Rodrigo Faro aparece pela primeira vez caracterizado de Silvio Santos e vira meme: \u2018Parece mais o Kiko\u2019 - Not\u00edcias de Todos - Models01","og_description":"Rodrigo Faro usou as redes sociais nesta quarta-feira (13) para compartilhar imagens dele caracterizado como...","og_url":"https:\/\/markd.com.br\/models\/rodrigo-faro-aparece-pela-primeira-vez-caracterizado-de-silvio-santos-e-vira-meme-parece-mais-o-kiko\/","og_site_name":"Not\u00edcias de Todos - Models01","article_published_time":"2022-07-14T14:58:42+00:00","article_modified_time":"2022-07-14T14:58:45+00:00","og_image":[{"width":448,"height":445,"url":"https:\/\/markd.com.br\/models\/wp-content\/uploads\/2022\/07\/5edc170284167c9b36c53f713555852c-448x445-1.webp","type":"image\/webp"}],"author":"Reda\u00e7\u00e3o Reda\u00e7\u00e3o","twitter_card":"summary_large_image","twitter_misc":{"Escrito por":"Reda\u00e7\u00e3o Reda\u00e7\u00e3o","Est. tempo de leitura":"2 minutos"},"schema":{"@context":"https:\/\/schema.org","@graph":[{"@type":"WebPage","@id":"https:\/\/markd.com.br\/models\/rodrigo-faro-aparece-pela-primeira-vez-caracterizado-de-silvio-santos-e-vira-meme-parece-mais-o-kiko\/","url":"https:\/\/markd.com.br\/models\/rodrigo-faro-aparece-pela-primeira-vez-caracterizado-de-silvio-santos-e-vira-meme-parece-mais-o-kiko\/","name":"Rodrigo Faro aparece pela primeira vez caracterizado de Silvio Santos e vira meme: \u2018Parece mais o Kiko\u2019 - Not\u00edcias de Todos - Models01","isPartOf":{"@id":"https:\/\/markd.com.br\/models\/#website"},"primaryImageOfPage":{"@id":"https:\/\/markd.com.br\/models\/rodrigo-faro-aparece-pela-primeira-vez-caracterizado-de-silvio-santos-e-vira-meme-parece-mais-o-kiko\/#primaryimage"},"image":{"@id":"https:\/\/markd.com.br\/models\/rodrigo-faro-aparece-pela-primeira-vez-caracterizado-de-silvio-santos-e-vira-meme-parece-mais-o-kiko\/#primaryimage"},"thumbnailUrl":"https:\/\/markd.com.br\/models\/wp-content\/uploads\/2022\/07\/5edc170284167c9b36c53f713555852c-448x445-1.webp","datePublished":"2022-07-14T14:58:42+00:00","dateModified":"2022-07-14T14:58:45+00:00","author":{"@id":"https:\/\/markd.com.br\/models\/#\/schema\/person\/c12a77ab487a7262d8bec3c47301ad37"},"breadcrumb":{"@id":"https:\/\/markd.com.br\/models\/rodrigo-faro-aparece-pela-primeira-vez-caracterizado-de-silvio-santos-e-vira-meme-parece-mais-o-kiko\/#breadcrumb"},"inLanguage":"pt-BR","potentialAction":[{"@type":"ReadAction","target":["https:\/\/markd.com.br\/models\/rodrigo-faro-aparece-pela-primeira-vez-caracterizado-de-silvio-santos-e-vira-meme-parece-mais-o-kiko\/"]}]},{"@type":"ImageObject","inLanguage":"pt-BR","@id":"https:\/\/markd.com.br\/models\/rodrigo-faro-aparece-pela-primeira-vez-caracterizado-de-silvio-santos-e-vira-meme-parece-mais-o-kiko\/#primaryimage","url":"https:\/\/markd.com.br\/models\/wp-content\/uploads\/2022\/07\/5edc170284167c9b36c53f713555852c-448x445-1.webp","contentUrl":"https:\/\/markd.com.br\/models\/wp-content\/uploads\/2022\/07\/5edc170284167c9b36c53f713555852c-448x445-1.webp","width":448,"height":445},{"@type":"BreadcrumbList","@id":"https:\/\/markd.com.br\/models\/rodrigo-faro-aparece-pela-primeira-vez-caracterizado-de-silvio-santos-e-vira-meme-parece-mais-o-kiko\/#breadcrumb","itemListElement":[{"@type":"ListItem","position":1,"name":"In\u00edcio","item":"https:\/\/markd.com.br\/models\/"},{"@type":"ListItem","position":2,"name":"Rodrigo Faro aparece pela primeira vez caracterizado de Silvio Santos e vira meme: \u2018Parece mais o Kiko\u2019"}]},{"@type":"WebSite","@id":"https:\/\/markd.com.br\/models\/#website","url":"https:\/\/markd.com.br\/models\/","name":"Not\u00edcias de Todos - Models01","description":"Tenha um Portal de Not\u00edcias Moderno, Din\u00e2mico, R\u00e1pido e Profissional. Entregamos seu Site de  Not\u00edcias Pronto, Instalado, Hospedado, com Manual Passo a Passo e Suporte 24 horas.","potentialAction":[{"@type":"SearchAction","target":{"@type":"EntryPoint","urlTemplate":"https:\/\/markd.com.br\/models\/?s={search_term_string}"},"query-input":{"@type":"PropertyValueSpecification","valueRequired":true,"valueName":"search_term_string"}}],"inLanguage":"pt-BR"},{"@type":"Person","@id":"https:\/\/markd.com.br\/models\/#\/schema\/person\/c12a77ab487a7262d8bec3c47301ad37","name":"Reda\u00e7\u00e3o Reda\u00e7\u00e3o","image":{"@type":"ImageObject","inLanguage":"pt-BR","@id":"https:\/\/markd.com.br\/models\/#\/schema\/person\/image\/","url":"https:\/\/secure.gravatar.com\/avatar\/9448f3599ce269febf169e183039b4a6?s=96&d=mm&r=g","contentUrl":"https:\/\/secure.gravatar.com\/avatar\/9448f3599ce269febf169e183039b4a6?s=96&d=mm&r=g","caption":"Reda\u00e7\u00e3o Reda\u00e7\u00e3o"},"sameAs":["https:\/\/markd.com.br\/"],"url":"https:\/\/markd.com.br\/models\/author\/redacao\/"}]}},"featured_image_urls":{"full":["https:\/\/markd.com.br\/models\/wp-content\/uploads\/2022\/07\/5edc170284167c9b36c53f713555852c-448x445-1.webp",448,445,false],"thumbnail":["https:\/\/markd.com.br\/models\/wp-content\/uploads\/2022\/07\/5edc170284167c9b36c53f713555852c-448x445-1-150x150.webp",150,150,true],"medium":["https:\/\/markd.com.br\/models\/wp-content\/uploads\/2022\/07\/5edc170284167c9b36c53f713555852c-448x445-1-300x298.webp",300,298,true],"medium_large":["https:\/\/markd.com.br\/models\/wp-content\/uploads\/2022\/07\/5edc170284167c9b36c53f713555852c-448x445-1.webp",448,445,false],"large":["https:\/\/markd.com.br\/models\/wp-content\/uploads\/2022\/07\/5edc170284167c9b36c53f713555852c-448x445-1.webp",448,445,false],"1536x1536":["https:\/\/markd.com.br\/models\/wp-content\/uploads\/2022\/07\/5edc170284167c9b36c53f713555852c-448x445-1.webp",448,445,false],"2048x2048":["https:\/\/markd.com.br\/models\/wp-content\/uploads\/2022\/07\/5edc170284167c9b36c53f713555852c-448x445-1.webp",448,445,false],"newsphere-slider-full":["https:\/\/markd.com.br\/models\/wp-content\/uploads\/2022\/07\/5edc170284167c9b36c53f713555852c-448x445-1.webp",448,445,false],"newsphere-featured":["https:\/\/markd.com.br\/models\/wp-content\/uploads\/2022\/07\/5edc170284167c9b36c53f713555852c-448x445-1.webp",448,445,false],"newsphere-medium":["https:\/\/markd.com.br\/models\/wp-content\/uploads\/2022\/07\/5edc170284167c9b36c53f713555852c-448x445-1-448x380.webp",448,380,true]},"author_info":{"display_name":"Reda\u00e7\u00e3o Reda\u00e7\u00e3o","author_link":"https:\/\/markd.com.br\/models\/author\/redacao\/"},"category_info":"<a href=\"https:\/\/markd.com.br\/models\/category\/economia\/\" rel=\"category tag\">Famosos<\/a>","tag_info":"Famosos","comment_count":"0","jetpack_featured_media_url":"https:\/\/markd.com.br\/models\/wp-content\/uploads\/2022\/07\/5edc170284167c9b36c53f713555852c-448x445-1.webp","_links":{"self":[{"href":"https:\/\/markd.com.br\/models\/wp-json\/wp\/v2\/posts\/2755","targetHints":{"allow":["GET"]}}],"collection":[{"href":"https:\/\/markd.com.br\/models\/wp-json\/wp\/v2\/posts"}],"about":[{"href":"https:\/\/markd.com.br\/models\/wp-json\/wp\/v2\/types\/post"}],"author":[{"embeddable":true,"href":"https:\/\/markd.com.br\/models\/wp-json\/wp\/v2\/users\/5"}],"replies":[{"embeddable":true,"href":"https:\/\/markd.com.br\/models\/wp-json\/wp\/v2\/comments?post=2755"}],"version-history":[{"count":1,"href":"https:\/\/markd.com.br\/models\/wp-json\/wp\/v2\/posts\/2755\/revisions"}],"predecessor-version":[{"id":2757,"href":"https:\/\/markd.com.br\/models\/wp-json\/wp\/v2\/posts\/2755\/revisions\/2757"}],"wp:featuredmedia":[{"embeddable":true,"href":"https:\/\/markd.com.br\/models\/wp-json\/wp\/v2\/media\/2756"}],"wp:attachment":[{"href":"https:\/\/markd.com.br\/models\/wp-json\/wp\/v2\/media?parent=2755"}],"wp:term":[{"taxonomy":"category","embeddable":true,"href":"https:\/\/markd.com.br\/models\/wp-json\/wp\/v2\/categories?post=2755"},{"taxonomy":"post_tag","embeddable":true,"href":"https:\/\/markd.com.br\/models\/wp-json\/wp\/v2\/tags?post=2755"}],"curies":[{"name":"wp","href":"https:\/\/api.w.org\/{rel}","templated":true}]}}