{"id":2758,"date":"2022-07-14T12:05:43","date_gmt":"2022-07-14T15:05:43","guid":{"rendered":"https:\/\/portaldestaquenoticias.com.br\/?p=2758"},"modified":"2022-07-14T12:05:47","modified_gmt":"2022-07-14T15:05:47","slug":"anitta-pede-a-lula-para-legalizar-maconha-em-live-com-filipe-rett","status":"publish","type":"post","link":"https:\/\/markd.com.br\/models\/anitta-pede-a-lula-para-legalizar-maconha-em-live-com-filipe-rett\/","title":{"rendered":"Anitta pede a Lula para legalizar maconha em live com Filipe Rett"},"content":{"rendered":"\n<p><\/p>\n\n\n\n<p>A cantora Anitta defendeu a legaliza\u00e7\u00e3o da maconha durante uma transmiss\u00e3o ao vivo com o rapper Filipe Rett. Para apoiar essa pauta pol\u00edtica, ela tamb\u00e9m pediu ajuda a Lula, o pr\u00e9-candidato do PT \u00e0 Presid\u00eancia em quem ela j\u00e1 anunciou que vai votar recentemente.<\/p>\n\n\n\n<p>\u201cAcho que proibir as drogas n\u00e3o faz com que as pessoas parem de usar. Em vez de estarem colaborando com essa guerra na favela que s\u00f3 mata o pobre, gente que n\u00e3o tem nada a ver com isso e s\u00f3 deixa rico esse povo que n\u00e3o paga imposto e que lava dinheiro, tinha que virar empresa, gerar emprego\u201d, disse a cantora. \u201cEu sou a favor de virar tudo empresa legalizada\u201d, concluiu ela.<\/p>\n\n\n\n<p>As declara\u00e7\u00f5es foram feitas na ocasi\u00e3o da live de lan\u00e7amento do clipe da m\u00fasica \u201cTudo Nosso\u201d, feita em parceria com Rett, nesta ter\u00e7a (12), pelo Instagram.<\/p>\n\n\n\n<p>Segundo a cantora, seria preciso vender a droga com as advert\u00eancias dos seus preju\u00edzos \u00e0 sa\u00fade. \u201c[Tem que] colocar igual no cigarro: Se fumar, acontece isso e isso. Quer se foder? Ent\u00e3o se fode a\u00ed. Se beber, acontece isso e isso. Quer se foder, ent\u00e3o vai. Cada um com seu direito. A mulher quer abortar, aborta.\u201d<\/p>\n\n\n\n<p>Ela ainda pediu ajuda ao candidato e l\u00edder nas pesquisas eleitorais, o ex-presidente Lula. \u201cSer\u00e1 que o Lula apoia isso, gente? Apoia essa legaliza\u00e7\u00e3o a\u00ed para n\u00f3s\u201d, disse ela, se dirigindo ao pol\u00edtico.<\/p>\n\n\n\n<p>Anitta ainda afirmou que j\u00e1 experimentou maconha em Los Angeles, onde a droga \u00e9 legalizada, mas disse que n\u00e3o gostou. \u201cIsso me d\u00e1 um neg\u00f3cio estranho, eu fico me sentindo meio lesada. N\u00e3o consigo falar, mas minha cabe\u00e7a fica com v\u00e1rios pensamentos e isso me d\u00e1 muita agonia\u201d, disse Anitta. \u201cO \u00fanico neg\u00f3cio que eu fa\u00e7o \u00e9 beber\u201d, afirmou ela em seguida, mostrando uma ta\u00e7a \u00e0 c\u00e2mera.<\/p>\n\n\n\n<p>fonte: Portal do Holanda<\/p>\n","protected":false},"excerpt":{"rendered":"<p>A cantora Anitta defendeu a legaliza\u00e7\u00e3o da maconha durante uma transmiss\u00e3o ao vivo com o&#8230;<\/p>\n","protected":false},"author":5,"featured_media":2759,"comment_status":"open","ping_status":"open","sticky":false,"template":"","format":"standard","meta":{"footnotes":""},"categories":[33],"tags":[106,267],"class_list":["post-2758","post","type-post","status-publish","format-standard","has-post-thumbnail","hentry","category-economia","tag-anitta","tag-lula"],"yoast_head":"<!-- This site is optimized with the Yoast SEO plugin v24.4 - https:\/\/yoast.com\/wordpress\/plugins\/seo\/ -->\n<title>Anitta pede a Lula para legalizar maconha em live com Filipe Rett - Not\u00edcias de Todos - Models01<\/title>\n<meta name=\"robots\" content=\"index, follow, max-snippet:-1, max-image-preview:large, max-video-preview:-1\" \/>\n<link rel=\"canonical\" href=\"https:\/\/markd.com.br\/models\/anitta-pede-a-lula-para-legalizar-maconha-em-live-com-filipe-rett\/\" \/>\n<meta property=\"og:locale\" content=\"pt_BR\" \/>\n<meta property=\"og:type\" content=\"article\" \/>\n<meta property=\"og:title\" content=\"Anitta pede a Lula para legalizar maconha em live com Filipe Rett - Not\u00edcias de Todos - Models01\" \/>\n<meta property=\"og:description\" content=\"A cantora Anitta defendeu a legaliza\u00e7\u00e3o da maconha durante uma transmiss\u00e3o ao vivo com o...\" \/>\n<meta property=\"og:url\" content=\"https:\/\/markd.com.br\/models\/anitta-pede-a-lula-para-legalizar-maconha-em-live-com-filipe-rett\/\" \/>\n<meta property=\"og:site_name\" content=\"Not\u00edcias de Todos - Models01\" \/>\n<meta property=\"article:published_time\" content=\"2022-07-14T15:05:43+00:00\" \/>\n<meta property=\"article:modified_time\" content=\"2022-07-14T15:05:47+00:00\" \/>\n<meta property=\"og:image\" content=\"https:\/\/markd.com.br\/models\/wp-content\/uploads\/2022\/07\/IMG_14072022_090536_640_x_360_pixel.jpg\" \/>\n\t<meta property=\"og:image:width\" content=\"640\" \/>\n\t<meta property=\"og:image:height\" content=\"360\" \/>\n\t<meta property=\"og:image:type\" content=\"image\/jpeg\" \/>\n<meta name=\"author\" content=\"Reda\u00e7\u00e3o Reda\u00e7\u00e3o\" \/>\n<meta name=\"twitter:card\" content=\"summary_large_image\" \/>\n<meta name=\"twitter:label1\" content=\"Escrito por\" \/>\n\t<meta name=\"twitter:data1\" content=\"Reda\u00e7\u00e3o Reda\u00e7\u00e3o\" \/>\n\t<meta name=\"twitter:label2\" content=\"Est. tempo de leitura\" \/>\n\t<meta name=\"twitter:data2\" content=\"2 minutos\" \/>\n<script type=\"application\/ld+json\" class=\"yoast-schema-graph\">{\"@context\":\"https:\/\/schema.org\",\"@graph\":[{\"@type\":\"WebPage\",\"@id\":\"https:\/\/markd.com.br\/models\/anitta-pede-a-lula-para-legalizar-maconha-em-live-com-filipe-rett\/\",\"url\":\"https:\/\/markd.com.br\/models\/anitta-pede-a-lula-para-legalizar-maconha-em-live-com-filipe-rett\/\",\"name\":\"Anitta pede a Lula para legalizar maconha em live com Filipe Rett - Not\u00edcias de Todos - Models01\",\"isPartOf\":{\"@id\":\"https:\/\/markd.com.br\/models\/#website\"},\"primaryImageOfPage\":{\"@id\":\"https:\/\/markd.com.br\/models\/anitta-pede-a-lula-para-legalizar-maconha-em-live-com-filipe-rett\/#primaryimage\"},\"image\":{\"@id\":\"https:\/\/markd.com.br\/models\/anitta-pede-a-lula-para-legalizar-maconha-em-live-com-filipe-rett\/#primaryimage\"},\"thumbnailUrl\":\"https:\/\/markd.com.br\/models\/wp-content\/uploads\/2022\/07\/IMG_14072022_090536_640_x_360_pixel.jpg\",\"datePublished\":\"2022-07-14T15:05:43+00:00\",\"dateModified\":\"2022-07-14T15:05:47+00:00\",\"author\":{\"@id\":\"https:\/\/markd.com.br\/models\/#\/schema\/person\/c12a77ab487a7262d8bec3c47301ad37\"},\"breadcrumb\":{\"@id\":\"https:\/\/markd.com.br\/models\/anitta-pede-a-lula-para-legalizar-maconha-em-live-com-filipe-rett\/#breadcrumb\"},\"inLanguage\":\"pt-BR\",\"potentialAction\":[{\"@type\":\"ReadAction\",\"target\":[\"https:\/\/markd.com.br\/models\/anitta-pede-a-lula-para-legalizar-maconha-em-live-com-filipe-rett\/\"]}]},{\"@type\":\"ImageObject\",\"inLanguage\":\"pt-BR\",\"@id\":\"https:\/\/markd.com.br\/models\/anitta-pede-a-lula-para-legalizar-maconha-em-live-com-filipe-rett\/#primaryimage\",\"url\":\"https:\/\/markd.com.br\/models\/wp-content\/uploads\/2022\/07\/IMG_14072022_090536_640_x_360_pixel.jpg\",\"contentUrl\":\"https:\/\/markd.com.br\/models\/wp-content\/uploads\/2022\/07\/IMG_14072022_090536_640_x_360_pixel.jpg\",\"width\":640,\"height\":360},{\"@type\":\"BreadcrumbList\",\"@id\":\"https:\/\/markd.com.br\/models\/anitta-pede-a-lula-para-legalizar-maconha-em-live-com-filipe-rett\/#breadcrumb\",\"itemListElement\":[{\"@type\":\"ListItem\",\"position\":1,\"name\":\"In\u00edcio\",\"item\":\"https:\/\/markd.com.br\/models\/\"},{\"@type\":\"ListItem\",\"position\":2,\"name\":\"Anitta pede a Lula para legalizar maconha em live com Filipe Rett\"}]},{\"@type\":\"WebSite\",\"@id\":\"https:\/\/markd.com.br\/models\/#website\",\"url\":\"https:\/\/markd.com.br\/models\/\",\"name\":\"Not\u00edcias de Todos - Models01\",\"description\":\"Tenha um Portal de Not\u00edcias Moderno, Din\u00e2mico, R\u00e1pido e Profissional. Entregamos seu Site de  Not\u00edcias Pronto, Instalado, Hospedado, com Manual Passo a Passo e Suporte 24 horas.\",\"potentialAction\":[{\"@type\":\"SearchAction\",\"target\":{\"@type\":\"EntryPoint\",\"urlTemplate\":\"https:\/\/markd.com.br\/models\/?s={search_term_string}\"},\"query-input\":{\"@type\":\"PropertyValueSpecification\",\"valueRequired\":true,\"valueName\":\"search_term_string\"}}],\"inLanguage\":\"pt-BR\"},{\"@type\":\"Person\",\"@id\":\"https:\/\/markd.com.br\/models\/#\/schema\/person\/c12a77ab487a7262d8bec3c47301ad37\",\"name\":\"Reda\u00e7\u00e3o Reda\u00e7\u00e3o\",\"image\":{\"@type\":\"ImageObject\",\"inLanguage\":\"pt-BR\",\"@id\":\"https:\/\/markd.com.br\/models\/#\/schema\/person\/image\/\",\"url\":\"https:\/\/secure.gravatar.com\/avatar\/9448f3599ce269febf169e183039b4a6?s=96&d=mm&r=g\",\"contentUrl\":\"https:\/\/secure.gravatar.com\/avatar\/9448f3599ce269febf169e183039b4a6?s=96&d=mm&r=g\",\"caption\":\"Reda\u00e7\u00e3o Reda\u00e7\u00e3o\"},\"sameAs\":[\"https:\/\/markd.com.br\/\"],\"url\":\"https:\/\/markd.com.br\/models\/author\/redacao\/\"}]}<\/script>\n<!-- \/ Yoast SEO plugin. -->","yoast_head_json":{"title":"Anitta pede a Lula para legalizar maconha em live com Filipe Rett - Not\u00edcias de Todos - Models01","robots":{"index":"index","follow":"follow","max-snippet":"max-snippet:-1","max-image-preview":"max-image-preview:large","max-video-preview":"max-video-preview:-1"},"canonical":"https:\/\/markd.com.br\/models\/anitta-pede-a-lula-para-legalizar-maconha-em-live-com-filipe-rett\/","og_locale":"pt_BR","og_type":"article","og_title":"Anitta pede a Lula para legalizar maconha em live com Filipe Rett - Not\u00edcias de Todos - Models01","og_description":"A cantora Anitta defendeu a legaliza\u00e7\u00e3o da maconha durante uma transmiss\u00e3o ao vivo com o...","og_url":"https:\/\/markd.com.br\/models\/anitta-pede-a-lula-para-legalizar-maconha-em-live-com-filipe-rett\/","og_site_name":"Not\u00edcias de Todos - Models01","article_published_time":"2022-07-14T15:05:43+00:00","article_modified_time":"2022-07-14T15:05:47+00:00","og_image":[{"width":640,"height":360,"url":"https:\/\/markd.com.br\/models\/wp-content\/uploads\/2022\/07\/IMG_14072022_090536_640_x_360_pixel.jpg","type":"image\/jpeg"}],"author":"Reda\u00e7\u00e3o Reda\u00e7\u00e3o","twitter_card":"summary_large_image","twitter_misc":{"Escrito por":"Reda\u00e7\u00e3o Reda\u00e7\u00e3o","Est. tempo de leitura":"2 minutos"},"schema":{"@context":"https:\/\/schema.org","@graph":[{"@type":"WebPage","@id":"https:\/\/markd.com.br\/models\/anitta-pede-a-lula-para-legalizar-maconha-em-live-com-filipe-rett\/","url":"https:\/\/markd.com.br\/models\/anitta-pede-a-lula-para-legalizar-maconha-em-live-com-filipe-rett\/","name":"Anitta pede a Lula para legalizar maconha em live com Filipe Rett - Not\u00edcias de Todos - Models01","isPartOf":{"@id":"https:\/\/markd.com.br\/models\/#website"},"primaryImageOfPage":{"@id":"https:\/\/markd.com.br\/models\/anitta-pede-a-lula-para-legalizar-maconha-em-live-com-filipe-rett\/#primaryimage"},"image":{"@id":"https:\/\/markd.com.br\/models\/anitta-pede-a-lula-para-legalizar-maconha-em-live-com-filipe-rett\/#primaryimage"},"thumbnailUrl":"https:\/\/markd.com.br\/models\/wp-content\/uploads\/2022\/07\/IMG_14072022_090536_640_x_360_pixel.jpg","datePublished":"2022-07-14T15:05:43+00:00","dateModified":"2022-07-14T15:05:47+00:00","author":{"@id":"https:\/\/markd.com.br\/models\/#\/schema\/person\/c12a77ab487a7262d8bec3c47301ad37"},"breadcrumb":{"@id":"https:\/\/markd.com.br\/models\/anitta-pede-a-lula-para-legalizar-maconha-em-live-com-filipe-rett\/#breadcrumb"},"inLanguage":"pt-BR","potentialAction":[{"@type":"ReadAction","target":["https:\/\/markd.com.br\/models\/anitta-pede-a-lula-para-legalizar-maconha-em-live-com-filipe-rett\/"]}]},{"@type":"ImageObject","inLanguage":"pt-BR","@id":"https:\/\/markd.com.br\/models\/anitta-pede-a-lula-para-legalizar-maconha-em-live-com-filipe-rett\/#primaryimage","url":"https:\/\/markd.com.br\/models\/wp-content\/uploads\/2022\/07\/IMG_14072022_090536_640_x_360_pixel.jpg","contentUrl":"https:\/\/markd.com.br\/models\/wp-content\/uploads\/2022\/07\/IMG_14072022_090536_640_x_360_pixel.jpg","width":640,"height":360},{"@type":"BreadcrumbList","@id":"https:\/\/markd.com.br\/models\/anitta-pede-a-lula-para-legalizar-maconha-em-live-com-filipe-rett\/#breadcrumb","itemListElement":[{"@type":"ListItem","position":1,"name":"In\u00edcio","item":"https:\/\/markd.com.br\/models\/"},{"@type":"ListItem","position":2,"name":"Anitta pede a Lula para legalizar maconha em live com Filipe Rett"}]},{"@type":"WebSite","@id":"https:\/\/markd.com.br\/models\/#website","url":"https:\/\/markd.com.br\/models\/","name":"Not\u00edcias de Todos - Models01","description":"Tenha um Portal de Not\u00edcias Moderno, Din\u00e2mico, R\u00e1pido e Profissional. Entregamos seu Site de  Not\u00edcias Pronto, Instalado, Hospedado, com Manual Passo a Passo e Suporte 24 horas.","potentialAction":[{"@type":"SearchAction","target":{"@type":"EntryPoint","urlTemplate":"https:\/\/markd.com.br\/models\/?s={search_term_string}"},"query-input":{"@type":"PropertyValueSpecification","valueRequired":true,"valueName":"search_term_string"}}],"inLanguage":"pt-BR"},{"@type":"Person","@id":"https:\/\/markd.com.br\/models\/#\/schema\/person\/c12a77ab487a7262d8bec3c47301ad37","name":"Reda\u00e7\u00e3o Reda\u00e7\u00e3o","image":{"@type":"ImageObject","inLanguage":"pt-BR","@id":"https:\/\/markd.com.br\/models\/#\/schema\/person\/image\/","url":"https:\/\/secure.gravatar.com\/avatar\/9448f3599ce269febf169e183039b4a6?s=96&d=mm&r=g","contentUrl":"https:\/\/secure.gravatar.com\/avatar\/9448f3599ce269febf169e183039b4a6?s=96&d=mm&r=g","caption":"Reda\u00e7\u00e3o Reda\u00e7\u00e3o"},"sameAs":["https:\/\/markd.com.br\/"],"url":"https:\/\/markd.com.br\/models\/author\/redacao\/"}]}},"featured_image_urls":{"full":["https:\/\/markd.com.br\/models\/wp-content\/uploads\/2022\/07\/IMG_14072022_090536_640_x_360_pixel.jpg",640,360,false],"thumbnail":["https:\/\/markd.com.br\/models\/wp-content\/uploads\/2022\/07\/IMG_14072022_090536_640_x_360_pixel-150x150.jpg",150,150,true],"medium":["https:\/\/markd.com.br\/models\/wp-content\/uploads\/2022\/07\/IMG_14072022_090536_640_x_360_pixel-300x169.jpg",300,169,true],"medium_large":["https:\/\/markd.com.br\/models\/wp-content\/uploads\/2022\/07\/IMG_14072022_090536_640_x_360_pixel.jpg",640,360,false],"large":["https:\/\/markd.com.br\/models\/wp-content\/uploads\/2022\/07\/IMG_14072022_090536_640_x_360_pixel.jpg",640,360,false],"1536x1536":["https:\/\/markd.com.br\/models\/wp-content\/uploads\/2022\/07\/IMG_14072022_090536_640_x_360_pixel.jpg",640,360,false],"2048x2048":["https:\/\/markd.com.br\/models\/wp-content\/uploads\/2022\/07\/IMG_14072022_090536_640_x_360_pixel.jpg",640,360,false],"newsphere-slider-full":["https:\/\/markd.com.br\/models\/wp-content\/uploads\/2022\/07\/IMG_14072022_090536_640_x_360_pixel.jpg",640,360,false],"newsphere-featured":["https:\/\/markd.com.br\/models\/wp-content\/uploads\/2022\/07\/IMG_14072022_090536_640_x_360_pixel.jpg",640,360,false],"newsphere-medium":["https:\/\/markd.com.br\/models\/wp-content\/uploads\/2022\/07\/IMG_14072022_090536_640_x_360_pixel.jpg",640,360,false]},"author_info":{"display_name":"Reda\u00e7\u00e3o Reda\u00e7\u00e3o","author_link":"https:\/\/markd.com.br\/models\/author\/redacao\/"},"category_info":"<a href=\"https:\/\/markd.com.br\/models\/category\/economia\/\" rel=\"category tag\">Famosos<\/a>","tag_info":"Famosos","comment_count":"0","jetpack_featured_media_url":"https:\/\/markd.com.br\/models\/wp-content\/uploads\/2022\/07\/IMG_14072022_090536_640_x_360_pixel.jpg","_links":{"self":[{"href":"https:\/\/markd.com.br\/models\/wp-json\/wp\/v2\/posts\/2758","targetHints":{"allow":["GET"]}}],"collection":[{"href":"https:\/\/markd.com.br\/models\/wp-json\/wp\/v2\/posts"}],"about":[{"href":"https:\/\/markd.com.br\/models\/wp-json\/wp\/v2\/types\/post"}],"author":[{"embeddable":true,"href":"https:\/\/markd.com.br\/models\/wp-json\/wp\/v2\/users\/5"}],"replies":[{"embeddable":true,"href":"https:\/\/markd.com.br\/models\/wp-json\/wp\/v2\/comments?post=2758"}],"version-history":[{"count":1,"href":"https:\/\/markd.com.br\/models\/wp-json\/wp\/v2\/posts\/2758\/revisions"}],"predecessor-version":[{"id":2760,"href":"https:\/\/markd.com.br\/models\/wp-json\/wp\/v2\/posts\/2758\/revisions\/2760"}],"wp:featuredmedia":[{"embeddable":true,"href":"https:\/\/markd.com.br\/models\/wp-json\/wp\/v2\/media\/2759"}],"wp:attachment":[{"href":"https:\/\/markd.com.br\/models\/wp-json\/wp\/v2\/media?parent=2758"}],"wp:term":[{"taxonomy":"category","embeddable":true,"href":"https:\/\/markd.com.br\/models\/wp-json\/wp\/v2\/categories?post=2758"},{"taxonomy":"post_tag","embeddable":true,"href":"https:\/\/markd.com.br\/models\/wp-json\/wp\/v2\/tags?post=2758"}],"curies":[{"name":"wp","href":"https:\/\/api.w.org\/{rel}","templated":true}]}}