{"id":2764,"date":"2022-07-14T12:16:00","date_gmt":"2022-07-14T15:16:00","guid":{"rendered":"https:\/\/portaldestaquenoticias.com.br\/?p=2764"},"modified":"2022-07-14T12:16:03","modified_gmt":"2022-07-14T15:16:03","slug":"bebe-e-internado-com-queimaduras-de-2o-grau-e-pai-e-preso-por-maus-tratos","status":"publish","type":"post","link":"https:\/\/markd.com.br\/models\/bebe-e-internado-com-queimaduras-de-2o-grau-e-pai-e-preso-por-maus-tratos\/","title":{"rendered":"Beb\u00ea \u00e9 internado com queimaduras de 2\u00ba grau e pai \u00e9 preso por maus-tratos"},"content":{"rendered":"\n<p><\/p>\n\n\n\n<p>A m\u00e3e da crian\u00e7a, de 17 anos, tamb\u00e9m apresentava sinais de queimadura e outras les\u00f5es pelo corpo. A princ\u00edpio, a mulher disse que ela, a beb\u00ea e seu marido, haviam ca\u00eddo de moto, resultando nas queimaduras.<\/p>\n\n\n\n<p>Os investigadores ficaram desconfiados, j\u00e1 que a crian\u00e7a estava com ferimentos em diferentes regi\u00f5es do corpo. Ent\u00e3o foram at\u00e9 a resid\u00eancia do casal, onde o pai da menor foi encontrado dormindo e sem nenhum machucado da suposta queda de moto.<\/p>\n\n\n\n<p>O homem foi encaminhado para a delegacia para esclarecimentos e, no interrogat\u00f3rio, deu uma vers\u00e3o diferente da apresentada pela esposa.<\/p>\n\n\n\n<p>Diante disso, foi autuado em flagrante pelo crime de maus-tratos contra a crian\u00e7a. Ele ainda ser\u00e1 investigado por viol\u00eancia dom\u00e9stica e familiar contra a companheira.<\/p>\n\n\n\n<p>Ap\u00f3s o boletim de ocorr\u00eancia, o acusado foi apresentado para audi\u00eancia de cust\u00f3dia, ficando \u00e0 disposi\u00e7\u00e3o da Justi\u00e7a. A m\u00e3e e a crian\u00e7a foram encaminhadas para o Hospital Regional na cidade de \u00c1gua Boa.&nbsp;<\/p>\n\n\n\n<p>fonte: Portal cm7<\/p>\n","protected":false},"excerpt":{"rendered":"<p>A m\u00e3e da crian\u00e7a, de 17 anos, tamb\u00e9m apresentava sinais de queimadura e outras les\u00f5es&#8230;<\/p>\n","protected":false},"author":5,"featured_media":2765,"comment_status":"open","ping_status":"open","sticky":false,"template":"","format":"standard","meta":{"footnotes":""},"categories":[34],"tags":[],"class_list":["post-2764","post","type-post","status-publish","format-standard","has-post-thumbnail","hentry","category-musica"],"yoast_head":"<!-- This site is optimized with the Yoast SEO plugin v24.4 - https:\/\/yoast.com\/wordpress\/plugins\/seo\/ -->\n<title>Beb\u00ea \u00e9 internado com queimaduras de 2\u00ba grau e pai \u00e9 preso por maus-tratos - Not\u00edcias de Todos - Models01<\/title>\n<meta name=\"robots\" content=\"index, follow, max-snippet:-1, max-image-preview:large, max-video-preview:-1\" \/>\n<link rel=\"canonical\" href=\"https:\/\/markd.com.br\/models\/bebe-e-internado-com-queimaduras-de-2o-grau-e-pai-e-preso-por-maus-tratos\/\" \/>\n<meta property=\"og:locale\" content=\"pt_BR\" \/>\n<meta property=\"og:type\" content=\"article\" \/>\n<meta property=\"og:title\" content=\"Beb\u00ea \u00e9 internado com queimaduras de 2\u00ba grau e pai \u00e9 preso por maus-tratos - Not\u00edcias de Todos - Models01\" \/>\n<meta property=\"og:description\" content=\"A m\u00e3e da crian\u00e7a, de 17 anos, tamb\u00e9m apresentava sinais de queimadura e outras les\u00f5es...\" \/>\n<meta property=\"og:url\" content=\"https:\/\/markd.com.br\/models\/bebe-e-internado-com-queimaduras-de-2o-grau-e-pai-e-preso-por-maus-tratos\/\" \/>\n<meta property=\"og:site_name\" content=\"Not\u00edcias de Todos - Models01\" \/>\n<meta property=\"article:published_time\" content=\"2022-07-14T15:16:00+00:00\" \/>\n<meta property=\"article:modified_time\" content=\"2022-07-14T15:16:03+00:00\" \/>\n<meta property=\"og:image\" content=\"https:\/\/markd.com.br\/models\/wp-content\/uploads\/2022\/07\/IMG_14072022_093033_640_x_336_pixel.jpg\" \/>\n\t<meta property=\"og:image:width\" content=\"640\" \/>\n\t<meta property=\"og:image:height\" content=\"336\" \/>\n\t<meta property=\"og:image:type\" content=\"image\/jpeg\" \/>\n<meta name=\"author\" content=\"Reda\u00e7\u00e3o Reda\u00e7\u00e3o\" \/>\n<meta name=\"twitter:card\" content=\"summary_large_image\" \/>\n<meta name=\"twitter:label1\" content=\"Escrito por\" \/>\n\t<meta name=\"twitter:data1\" content=\"Reda\u00e7\u00e3o Reda\u00e7\u00e3o\" \/>\n\t<meta name=\"twitter:label2\" content=\"Est. tempo de leitura\" \/>\n\t<meta name=\"twitter:data2\" content=\"1 minuto\" \/>\n<script type=\"application\/ld+json\" class=\"yoast-schema-graph\">{\"@context\":\"https:\/\/schema.org\",\"@graph\":[{\"@type\":\"WebPage\",\"@id\":\"https:\/\/markd.com.br\/models\/bebe-e-internado-com-queimaduras-de-2o-grau-e-pai-e-preso-por-maus-tratos\/\",\"url\":\"https:\/\/markd.com.br\/models\/bebe-e-internado-com-queimaduras-de-2o-grau-e-pai-e-preso-por-maus-tratos\/\",\"name\":\"Beb\u00ea \u00e9 internado com queimaduras de 2\u00ba grau e pai \u00e9 preso por maus-tratos - Not\u00edcias de Todos - Models01\",\"isPartOf\":{\"@id\":\"https:\/\/markd.com.br\/models\/#website\"},\"primaryImageOfPage\":{\"@id\":\"https:\/\/markd.com.br\/models\/bebe-e-internado-com-queimaduras-de-2o-grau-e-pai-e-preso-por-maus-tratos\/#primaryimage\"},\"image\":{\"@id\":\"https:\/\/markd.com.br\/models\/bebe-e-internado-com-queimaduras-de-2o-grau-e-pai-e-preso-por-maus-tratos\/#primaryimage\"},\"thumbnailUrl\":\"https:\/\/markd.com.br\/models\/wp-content\/uploads\/2022\/07\/IMG_14072022_093033_640_x_336_pixel.jpg\",\"datePublished\":\"2022-07-14T15:16:00+00:00\",\"dateModified\":\"2022-07-14T15:16:03+00:00\",\"author\":{\"@id\":\"https:\/\/markd.com.br\/models\/#\/schema\/person\/c12a77ab487a7262d8bec3c47301ad37\"},\"breadcrumb\":{\"@id\":\"https:\/\/markd.com.br\/models\/bebe-e-internado-com-queimaduras-de-2o-grau-e-pai-e-preso-por-maus-tratos\/#breadcrumb\"},\"inLanguage\":\"pt-BR\",\"potentialAction\":[{\"@type\":\"ReadAction\",\"target\":[\"https:\/\/markd.com.br\/models\/bebe-e-internado-com-queimaduras-de-2o-grau-e-pai-e-preso-por-maus-tratos\/\"]}]},{\"@type\":\"ImageObject\",\"inLanguage\":\"pt-BR\",\"@id\":\"https:\/\/markd.com.br\/models\/bebe-e-internado-com-queimaduras-de-2o-grau-e-pai-e-preso-por-maus-tratos\/#primaryimage\",\"url\":\"https:\/\/markd.com.br\/models\/wp-content\/uploads\/2022\/07\/IMG_14072022_093033_640_x_336_pixel.jpg\",\"contentUrl\":\"https:\/\/markd.com.br\/models\/wp-content\/uploads\/2022\/07\/IMG_14072022_093033_640_x_336_pixel.jpg\",\"width\":640,\"height\":336},{\"@type\":\"BreadcrumbList\",\"@id\":\"https:\/\/markd.com.br\/models\/bebe-e-internado-com-queimaduras-de-2o-grau-e-pai-e-preso-por-maus-tratos\/#breadcrumb\",\"itemListElement\":[{\"@type\":\"ListItem\",\"position\":1,\"name\":\"In\u00edcio\",\"item\":\"https:\/\/markd.com.br\/models\/\"},{\"@type\":\"ListItem\",\"position\":2,\"name\":\"Beb\u00ea \u00e9 internado com queimaduras de 2\u00ba grau e pai \u00e9 preso por maus-tratos\"}]},{\"@type\":\"WebSite\",\"@id\":\"https:\/\/markd.com.br\/models\/#website\",\"url\":\"https:\/\/markd.com.br\/models\/\",\"name\":\"Not\u00edcias de Todos - Models01\",\"description\":\"Tenha um Portal de Not\u00edcias Moderno, Din\u00e2mico, R\u00e1pido e Profissional. Entregamos seu Site de  Not\u00edcias Pronto, Instalado, Hospedado, com Manual Passo a Passo e Suporte 24 horas.\",\"potentialAction\":[{\"@type\":\"SearchAction\",\"target\":{\"@type\":\"EntryPoint\",\"urlTemplate\":\"https:\/\/markd.com.br\/models\/?s={search_term_string}\"},\"query-input\":{\"@type\":\"PropertyValueSpecification\",\"valueRequired\":true,\"valueName\":\"search_term_string\"}}],\"inLanguage\":\"pt-BR\"},{\"@type\":\"Person\",\"@id\":\"https:\/\/markd.com.br\/models\/#\/schema\/person\/c12a77ab487a7262d8bec3c47301ad37\",\"name\":\"Reda\u00e7\u00e3o Reda\u00e7\u00e3o\",\"image\":{\"@type\":\"ImageObject\",\"inLanguage\":\"pt-BR\",\"@id\":\"https:\/\/markd.com.br\/models\/#\/schema\/person\/image\/\",\"url\":\"https:\/\/secure.gravatar.com\/avatar\/9448f3599ce269febf169e183039b4a6?s=96&d=mm&r=g\",\"contentUrl\":\"https:\/\/secure.gravatar.com\/avatar\/9448f3599ce269febf169e183039b4a6?s=96&d=mm&r=g\",\"caption\":\"Reda\u00e7\u00e3o Reda\u00e7\u00e3o\"},\"sameAs\":[\"https:\/\/markd.com.br\/\"],\"url\":\"https:\/\/markd.com.br\/models\/author\/redacao\/\"}]}<\/script>\n<!-- \/ Yoast SEO plugin. -->","yoast_head_json":{"title":"Beb\u00ea \u00e9 internado com queimaduras de 2\u00ba grau e pai \u00e9 preso por maus-tratos - Not\u00edcias de Todos - Models01","robots":{"index":"index","follow":"follow","max-snippet":"max-snippet:-1","max-image-preview":"max-image-preview:large","max-video-preview":"max-video-preview:-1"},"canonical":"https:\/\/markd.com.br\/models\/bebe-e-internado-com-queimaduras-de-2o-grau-e-pai-e-preso-por-maus-tratos\/","og_locale":"pt_BR","og_type":"article","og_title":"Beb\u00ea \u00e9 internado com queimaduras de 2\u00ba grau e pai \u00e9 preso por maus-tratos - Not\u00edcias de Todos - Models01","og_description":"A m\u00e3e da crian\u00e7a, de 17 anos, tamb\u00e9m apresentava sinais de queimadura e outras les\u00f5es...","og_url":"https:\/\/markd.com.br\/models\/bebe-e-internado-com-queimaduras-de-2o-grau-e-pai-e-preso-por-maus-tratos\/","og_site_name":"Not\u00edcias de Todos - Models01","article_published_time":"2022-07-14T15:16:00+00:00","article_modified_time":"2022-07-14T15:16:03+00:00","og_image":[{"width":640,"height":336,"url":"https:\/\/markd.com.br\/models\/wp-content\/uploads\/2022\/07\/IMG_14072022_093033_640_x_336_pixel.jpg","type":"image\/jpeg"}],"author":"Reda\u00e7\u00e3o Reda\u00e7\u00e3o","twitter_card":"summary_large_image","twitter_misc":{"Escrito por":"Reda\u00e7\u00e3o Reda\u00e7\u00e3o","Est. tempo de leitura":"1 minuto"},"schema":{"@context":"https:\/\/schema.org","@graph":[{"@type":"WebPage","@id":"https:\/\/markd.com.br\/models\/bebe-e-internado-com-queimaduras-de-2o-grau-e-pai-e-preso-por-maus-tratos\/","url":"https:\/\/markd.com.br\/models\/bebe-e-internado-com-queimaduras-de-2o-grau-e-pai-e-preso-por-maus-tratos\/","name":"Beb\u00ea \u00e9 internado com queimaduras de 2\u00ba grau e pai \u00e9 preso por maus-tratos - Not\u00edcias de Todos - Models01","isPartOf":{"@id":"https:\/\/markd.com.br\/models\/#website"},"primaryImageOfPage":{"@id":"https:\/\/markd.com.br\/models\/bebe-e-internado-com-queimaduras-de-2o-grau-e-pai-e-preso-por-maus-tratos\/#primaryimage"},"image":{"@id":"https:\/\/markd.com.br\/models\/bebe-e-internado-com-queimaduras-de-2o-grau-e-pai-e-preso-por-maus-tratos\/#primaryimage"},"thumbnailUrl":"https:\/\/markd.com.br\/models\/wp-content\/uploads\/2022\/07\/IMG_14072022_093033_640_x_336_pixel.jpg","datePublished":"2022-07-14T15:16:00+00:00","dateModified":"2022-07-14T15:16:03+00:00","author":{"@id":"https:\/\/markd.com.br\/models\/#\/schema\/person\/c12a77ab487a7262d8bec3c47301ad37"},"breadcrumb":{"@id":"https:\/\/markd.com.br\/models\/bebe-e-internado-com-queimaduras-de-2o-grau-e-pai-e-preso-por-maus-tratos\/#breadcrumb"},"inLanguage":"pt-BR","potentialAction":[{"@type":"ReadAction","target":["https:\/\/markd.com.br\/models\/bebe-e-internado-com-queimaduras-de-2o-grau-e-pai-e-preso-por-maus-tratos\/"]}]},{"@type":"ImageObject","inLanguage":"pt-BR","@id":"https:\/\/markd.com.br\/models\/bebe-e-internado-com-queimaduras-de-2o-grau-e-pai-e-preso-por-maus-tratos\/#primaryimage","url":"https:\/\/markd.com.br\/models\/wp-content\/uploads\/2022\/07\/IMG_14072022_093033_640_x_336_pixel.jpg","contentUrl":"https:\/\/markd.com.br\/models\/wp-content\/uploads\/2022\/07\/IMG_14072022_093033_640_x_336_pixel.jpg","width":640,"height":336},{"@type":"BreadcrumbList","@id":"https:\/\/markd.com.br\/models\/bebe-e-internado-com-queimaduras-de-2o-grau-e-pai-e-preso-por-maus-tratos\/#breadcrumb","itemListElement":[{"@type":"ListItem","position":1,"name":"In\u00edcio","item":"https:\/\/markd.com.br\/models\/"},{"@type":"ListItem","position":2,"name":"Beb\u00ea \u00e9 internado com queimaduras de 2\u00ba grau e pai \u00e9 preso por maus-tratos"}]},{"@type":"WebSite","@id":"https:\/\/markd.com.br\/models\/#website","url":"https:\/\/markd.com.br\/models\/","name":"Not\u00edcias de Todos - Models01","description":"Tenha um Portal de Not\u00edcias Moderno, Din\u00e2mico, R\u00e1pido e Profissional. Entregamos seu Site de  Not\u00edcias Pronto, Instalado, Hospedado, com Manual Passo a Passo e Suporte 24 horas.","potentialAction":[{"@type":"SearchAction","target":{"@type":"EntryPoint","urlTemplate":"https:\/\/markd.com.br\/models\/?s={search_term_string}"},"query-input":{"@type":"PropertyValueSpecification","valueRequired":true,"valueName":"search_term_string"}}],"inLanguage":"pt-BR"},{"@type":"Person","@id":"https:\/\/markd.com.br\/models\/#\/schema\/person\/c12a77ab487a7262d8bec3c47301ad37","name":"Reda\u00e7\u00e3o Reda\u00e7\u00e3o","image":{"@type":"ImageObject","inLanguage":"pt-BR","@id":"https:\/\/markd.com.br\/models\/#\/schema\/person\/image\/","url":"https:\/\/secure.gravatar.com\/avatar\/9448f3599ce269febf169e183039b4a6?s=96&d=mm&r=g","contentUrl":"https:\/\/secure.gravatar.com\/avatar\/9448f3599ce269febf169e183039b4a6?s=96&d=mm&r=g","caption":"Reda\u00e7\u00e3o Reda\u00e7\u00e3o"},"sameAs":["https:\/\/markd.com.br\/"],"url":"https:\/\/markd.com.br\/models\/author\/redacao\/"}]}},"featured_image_urls":{"full":["https:\/\/markd.com.br\/models\/wp-content\/uploads\/2022\/07\/IMG_14072022_093033_640_x_336_pixel.jpg",640,336,false],"thumbnail":["https:\/\/markd.com.br\/models\/wp-content\/uploads\/2022\/07\/IMG_14072022_093033_640_x_336_pixel-150x150.jpg",150,150,true],"medium":["https:\/\/markd.com.br\/models\/wp-content\/uploads\/2022\/07\/IMG_14072022_093033_640_x_336_pixel-300x158.jpg",300,158,true],"medium_large":["https:\/\/markd.com.br\/models\/wp-content\/uploads\/2022\/07\/IMG_14072022_093033_640_x_336_pixel.jpg",640,336,false],"large":["https:\/\/markd.com.br\/models\/wp-content\/uploads\/2022\/07\/IMG_14072022_093033_640_x_336_pixel.jpg",640,336,false],"1536x1536":["https:\/\/markd.com.br\/models\/wp-content\/uploads\/2022\/07\/IMG_14072022_093033_640_x_336_pixel.jpg",640,336,false],"2048x2048":["https:\/\/markd.com.br\/models\/wp-content\/uploads\/2022\/07\/IMG_14072022_093033_640_x_336_pixel.jpg",640,336,false],"newsphere-slider-full":["https:\/\/markd.com.br\/models\/wp-content\/uploads\/2022\/07\/IMG_14072022_093033_640_x_336_pixel.jpg",640,336,false],"newsphere-featured":["https:\/\/markd.com.br\/models\/wp-content\/uploads\/2022\/07\/IMG_14072022_093033_640_x_336_pixel.jpg",640,336,false],"newsphere-medium":["https:\/\/markd.com.br\/models\/wp-content\/uploads\/2022\/07\/IMG_14072022_093033_640_x_336_pixel.jpg",640,336,false]},"author_info":{"display_name":"Reda\u00e7\u00e3o Reda\u00e7\u00e3o","author_link":"https:\/\/markd.com.br\/models\/author\/redacao\/"},"category_info":"<a href=\"https:\/\/markd.com.br\/models\/category\/musica\/\" rel=\"category tag\">Pol\u00edcia<\/a>","tag_info":"Pol\u00edcia","comment_count":"0","jetpack_featured_media_url":"https:\/\/markd.com.br\/models\/wp-content\/uploads\/2022\/07\/IMG_14072022_093033_640_x_336_pixel.jpg","_links":{"self":[{"href":"https:\/\/markd.com.br\/models\/wp-json\/wp\/v2\/posts\/2764","targetHints":{"allow":["GET"]}}],"collection":[{"href":"https:\/\/markd.com.br\/models\/wp-json\/wp\/v2\/posts"}],"about":[{"href":"https:\/\/markd.com.br\/models\/wp-json\/wp\/v2\/types\/post"}],"author":[{"embeddable":true,"href":"https:\/\/markd.com.br\/models\/wp-json\/wp\/v2\/users\/5"}],"replies":[{"embeddable":true,"href":"https:\/\/markd.com.br\/models\/wp-json\/wp\/v2\/comments?post=2764"}],"version-history":[{"count":1,"href":"https:\/\/markd.com.br\/models\/wp-json\/wp\/v2\/posts\/2764\/revisions"}],"predecessor-version":[{"id":2766,"href":"https:\/\/markd.com.br\/models\/wp-json\/wp\/v2\/posts\/2764\/revisions\/2766"}],"wp:featuredmedia":[{"embeddable":true,"href":"https:\/\/markd.com.br\/models\/wp-json\/wp\/v2\/media\/2765"}],"wp:attachment":[{"href":"https:\/\/markd.com.br\/models\/wp-json\/wp\/v2\/media?parent=2764"}],"wp:term":[{"taxonomy":"category","embeddable":true,"href":"https:\/\/markd.com.br\/models\/wp-json\/wp\/v2\/categories?post=2764"},{"taxonomy":"post_tag","embeddable":true,"href":"https:\/\/markd.com.br\/models\/wp-json\/wp\/v2\/tags?post=2764"}],"curies":[{"name":"wp","href":"https:\/\/api.w.org\/{rel}","templated":true}]}}