{"id":2773,"date":"2022-07-14T13:14:37","date_gmt":"2022-07-14T16:14:37","guid":{"rendered":"https:\/\/portaldestaquenoticias.com.br\/?p=2773"},"modified":"2022-07-14T13:14:40","modified_gmt":"2022-07-14T16:14:40","slug":"simaria-deixa-de-seguir-simone-no-instagram-durante-pausa-na-carreira","status":"publish","type":"post","link":"https:\/\/markd.com.br\/models\/simaria-deixa-de-seguir-simone-no-instagram-durante-pausa-na-carreira\/","title":{"rendered":"Simaria deixa de seguir Simone no Instagram durante pausa na carreira"},"content":{"rendered":"\n<p><\/p>\n\n\n\n<p>A cantora Simaria n\u00e3o segue mais a irm\u00e3 Simone no Instagram, assim como deixou de seguir a conta oficial da dupla na rede social. Os f\u00e3s levantaram a informa\u00e7\u00e3o nas redes sociais nos \u00faltimos dias e questionaram motiva\u00e7\u00f5es.<\/p>\n\n\n\n<p>Simaria est\u00e1 afastada dos palcos desde o final do m\u00eas de junho deste ano. Segundo ela, a pausa se deu para que a cantora cuidasse de sua sa\u00fade. A pausa aconteceu ap\u00f3s algumas entrevistas em que Simaria pareceu n\u00e3o estar satisfeita com as condi\u00e7\u00f5es da parceria com a irm\u00e3 Simone.<\/p>\n\n\n\n<p>Dol<\/p>\n","protected":false},"excerpt":{"rendered":"<p>A cantora Simaria n\u00e3o segue mais a irm\u00e3 Simone no Instagram, assim como deixou de&#8230;<\/p>\n","protected":false},"author":5,"featured_media":2774,"comment_status":"open","ping_status":"open","sticky":false,"template":"","format":"standard","meta":{"footnotes":""},"categories":[33],"tags":[],"class_list":["post-2773","post","type-post","status-publish","format-standard","has-post-thumbnail","hentry","category-economia"],"yoast_head":"<!-- This site is optimized with the Yoast SEO plugin v24.4 - https:\/\/yoast.com\/wordpress\/plugins\/seo\/ -->\n<title>Simaria deixa de seguir Simone no Instagram durante pausa na carreira - Not\u00edcias de Todos - Models01<\/title>\n<meta name=\"robots\" content=\"index, follow, max-snippet:-1, max-image-preview:large, max-video-preview:-1\" \/>\n<link rel=\"canonical\" href=\"https:\/\/markd.com.br\/models\/simaria-deixa-de-seguir-simone-no-instagram-durante-pausa-na-carreira\/\" \/>\n<meta property=\"og:locale\" content=\"pt_BR\" \/>\n<meta property=\"og:type\" content=\"article\" \/>\n<meta property=\"og:title\" content=\"Simaria deixa de seguir Simone no Instagram durante pausa na carreira - Not\u00edcias de Todos - Models01\" \/>\n<meta property=\"og:description\" content=\"A cantora Simaria n\u00e3o segue mais a irm\u00e3 Simone no Instagram, assim como deixou de...\" \/>\n<meta property=\"og:url\" content=\"https:\/\/markd.com.br\/models\/simaria-deixa-de-seguir-simone-no-instagram-durante-pausa-na-carreira\/\" \/>\n<meta property=\"og:site_name\" content=\"Not\u00edcias de Todos - Models01\" \/>\n<meta property=\"article:published_time\" content=\"2022-07-14T16:14:37+00:00\" \/>\n<meta property=\"article:modified_time\" content=\"2022-07-14T16:14:40+00:00\" \/>\n<meta property=\"og:image\" content=\"https:\/\/markd.com.br\/models\/wp-content\/uploads\/2022\/07\/capa-materia-6-2-1024x683-1-800x445-1.jpg\" \/>\n\t<meta property=\"og:image:width\" content=\"800\" \/>\n\t<meta property=\"og:image:height\" content=\"445\" \/>\n\t<meta property=\"og:image:type\" content=\"image\/jpeg\" \/>\n<meta name=\"author\" content=\"Reda\u00e7\u00e3o Reda\u00e7\u00e3o\" \/>\n<meta name=\"twitter:card\" content=\"summary_large_image\" \/>\n<meta name=\"twitter:label1\" content=\"Escrito por\" \/>\n\t<meta name=\"twitter:data1\" content=\"Reda\u00e7\u00e3o Reda\u00e7\u00e3o\" \/>\n\t<meta name=\"twitter:label2\" content=\"Est. tempo de leitura\" \/>\n\t<meta name=\"twitter:data2\" content=\"1 minuto\" \/>\n<script type=\"application\/ld+json\" class=\"yoast-schema-graph\">{\"@context\":\"https:\/\/schema.org\",\"@graph\":[{\"@type\":\"WebPage\",\"@id\":\"https:\/\/markd.com.br\/models\/simaria-deixa-de-seguir-simone-no-instagram-durante-pausa-na-carreira\/\",\"url\":\"https:\/\/markd.com.br\/models\/simaria-deixa-de-seguir-simone-no-instagram-durante-pausa-na-carreira\/\",\"name\":\"Simaria deixa de seguir Simone no Instagram durante pausa na carreira - Not\u00edcias de Todos - Models01\",\"isPartOf\":{\"@id\":\"https:\/\/markd.com.br\/models\/#website\"},\"primaryImageOfPage\":{\"@id\":\"https:\/\/markd.com.br\/models\/simaria-deixa-de-seguir-simone-no-instagram-durante-pausa-na-carreira\/#primaryimage\"},\"image\":{\"@id\":\"https:\/\/markd.com.br\/models\/simaria-deixa-de-seguir-simone-no-instagram-durante-pausa-na-carreira\/#primaryimage\"},\"thumbnailUrl\":\"https:\/\/markd.com.br\/models\/wp-content\/uploads\/2022\/07\/capa-materia-6-2-1024x683-1-800x445-1.jpg\",\"datePublished\":\"2022-07-14T16:14:37+00:00\",\"dateModified\":\"2022-07-14T16:14:40+00:00\",\"author\":{\"@id\":\"https:\/\/markd.com.br\/models\/#\/schema\/person\/c12a77ab487a7262d8bec3c47301ad37\"},\"breadcrumb\":{\"@id\":\"https:\/\/markd.com.br\/models\/simaria-deixa-de-seguir-simone-no-instagram-durante-pausa-na-carreira\/#breadcrumb\"},\"inLanguage\":\"pt-BR\",\"potentialAction\":[{\"@type\":\"ReadAction\",\"target\":[\"https:\/\/markd.com.br\/models\/simaria-deixa-de-seguir-simone-no-instagram-durante-pausa-na-carreira\/\"]}]},{\"@type\":\"ImageObject\",\"inLanguage\":\"pt-BR\",\"@id\":\"https:\/\/markd.com.br\/models\/simaria-deixa-de-seguir-simone-no-instagram-durante-pausa-na-carreira\/#primaryimage\",\"url\":\"https:\/\/markd.com.br\/models\/wp-content\/uploads\/2022\/07\/capa-materia-6-2-1024x683-1-800x445-1.jpg\",\"contentUrl\":\"https:\/\/markd.com.br\/models\/wp-content\/uploads\/2022\/07\/capa-materia-6-2-1024x683-1-800x445-1.jpg\",\"width\":800,\"height\":445},{\"@type\":\"BreadcrumbList\",\"@id\":\"https:\/\/markd.com.br\/models\/simaria-deixa-de-seguir-simone-no-instagram-durante-pausa-na-carreira\/#breadcrumb\",\"itemListElement\":[{\"@type\":\"ListItem\",\"position\":1,\"name\":\"In\u00edcio\",\"item\":\"https:\/\/markd.com.br\/models\/\"},{\"@type\":\"ListItem\",\"position\":2,\"name\":\"Simaria deixa de seguir Simone no Instagram durante pausa na carreira\"}]},{\"@type\":\"WebSite\",\"@id\":\"https:\/\/markd.com.br\/models\/#website\",\"url\":\"https:\/\/markd.com.br\/models\/\",\"name\":\"Not\u00edcias de Todos - Models01\",\"description\":\"Tenha um Portal de Not\u00edcias Moderno, Din\u00e2mico, R\u00e1pido e Profissional. Entregamos seu Site de  Not\u00edcias Pronto, Instalado, Hospedado, com Manual Passo a Passo e Suporte 24 horas.\",\"potentialAction\":[{\"@type\":\"SearchAction\",\"target\":{\"@type\":\"EntryPoint\",\"urlTemplate\":\"https:\/\/markd.com.br\/models\/?s={search_term_string}\"},\"query-input\":{\"@type\":\"PropertyValueSpecification\",\"valueRequired\":true,\"valueName\":\"search_term_string\"}}],\"inLanguage\":\"pt-BR\"},{\"@type\":\"Person\",\"@id\":\"https:\/\/markd.com.br\/models\/#\/schema\/person\/c12a77ab487a7262d8bec3c47301ad37\",\"name\":\"Reda\u00e7\u00e3o Reda\u00e7\u00e3o\",\"image\":{\"@type\":\"ImageObject\",\"inLanguage\":\"pt-BR\",\"@id\":\"https:\/\/markd.com.br\/models\/#\/schema\/person\/image\/\",\"url\":\"https:\/\/secure.gravatar.com\/avatar\/9448f3599ce269febf169e183039b4a6?s=96&d=mm&r=g\",\"contentUrl\":\"https:\/\/secure.gravatar.com\/avatar\/9448f3599ce269febf169e183039b4a6?s=96&d=mm&r=g\",\"caption\":\"Reda\u00e7\u00e3o Reda\u00e7\u00e3o\"},\"sameAs\":[\"https:\/\/markd.com.br\/\"],\"url\":\"https:\/\/markd.com.br\/models\/author\/redacao\/\"}]}<\/script>\n<!-- \/ Yoast SEO plugin. -->","yoast_head_json":{"title":"Simaria deixa de seguir Simone no Instagram durante pausa na carreira - Not\u00edcias de Todos - Models01","robots":{"index":"index","follow":"follow","max-snippet":"max-snippet:-1","max-image-preview":"max-image-preview:large","max-video-preview":"max-video-preview:-1"},"canonical":"https:\/\/markd.com.br\/models\/simaria-deixa-de-seguir-simone-no-instagram-durante-pausa-na-carreira\/","og_locale":"pt_BR","og_type":"article","og_title":"Simaria deixa de seguir Simone no Instagram durante pausa na carreira - Not\u00edcias de Todos - Models01","og_description":"A cantora Simaria n\u00e3o segue mais a irm\u00e3 Simone no Instagram, assim como deixou de...","og_url":"https:\/\/markd.com.br\/models\/simaria-deixa-de-seguir-simone-no-instagram-durante-pausa-na-carreira\/","og_site_name":"Not\u00edcias de Todos - Models01","article_published_time":"2022-07-14T16:14:37+00:00","article_modified_time":"2022-07-14T16:14:40+00:00","og_image":[{"width":800,"height":445,"url":"https:\/\/markd.com.br\/models\/wp-content\/uploads\/2022\/07\/capa-materia-6-2-1024x683-1-800x445-1.jpg","type":"image\/jpeg"}],"author":"Reda\u00e7\u00e3o Reda\u00e7\u00e3o","twitter_card":"summary_large_image","twitter_misc":{"Escrito por":"Reda\u00e7\u00e3o Reda\u00e7\u00e3o","Est. tempo de leitura":"1 minuto"},"schema":{"@context":"https:\/\/schema.org","@graph":[{"@type":"WebPage","@id":"https:\/\/markd.com.br\/models\/simaria-deixa-de-seguir-simone-no-instagram-durante-pausa-na-carreira\/","url":"https:\/\/markd.com.br\/models\/simaria-deixa-de-seguir-simone-no-instagram-durante-pausa-na-carreira\/","name":"Simaria deixa de seguir Simone no Instagram durante pausa na carreira - Not\u00edcias de Todos - Models01","isPartOf":{"@id":"https:\/\/markd.com.br\/models\/#website"},"primaryImageOfPage":{"@id":"https:\/\/markd.com.br\/models\/simaria-deixa-de-seguir-simone-no-instagram-durante-pausa-na-carreira\/#primaryimage"},"image":{"@id":"https:\/\/markd.com.br\/models\/simaria-deixa-de-seguir-simone-no-instagram-durante-pausa-na-carreira\/#primaryimage"},"thumbnailUrl":"https:\/\/markd.com.br\/models\/wp-content\/uploads\/2022\/07\/capa-materia-6-2-1024x683-1-800x445-1.jpg","datePublished":"2022-07-14T16:14:37+00:00","dateModified":"2022-07-14T16:14:40+00:00","author":{"@id":"https:\/\/markd.com.br\/models\/#\/schema\/person\/c12a77ab487a7262d8bec3c47301ad37"},"breadcrumb":{"@id":"https:\/\/markd.com.br\/models\/simaria-deixa-de-seguir-simone-no-instagram-durante-pausa-na-carreira\/#breadcrumb"},"inLanguage":"pt-BR","potentialAction":[{"@type":"ReadAction","target":["https:\/\/markd.com.br\/models\/simaria-deixa-de-seguir-simone-no-instagram-durante-pausa-na-carreira\/"]}]},{"@type":"ImageObject","inLanguage":"pt-BR","@id":"https:\/\/markd.com.br\/models\/simaria-deixa-de-seguir-simone-no-instagram-durante-pausa-na-carreira\/#primaryimage","url":"https:\/\/markd.com.br\/models\/wp-content\/uploads\/2022\/07\/capa-materia-6-2-1024x683-1-800x445-1.jpg","contentUrl":"https:\/\/markd.com.br\/models\/wp-content\/uploads\/2022\/07\/capa-materia-6-2-1024x683-1-800x445-1.jpg","width":800,"height":445},{"@type":"BreadcrumbList","@id":"https:\/\/markd.com.br\/models\/simaria-deixa-de-seguir-simone-no-instagram-durante-pausa-na-carreira\/#breadcrumb","itemListElement":[{"@type":"ListItem","position":1,"name":"In\u00edcio","item":"https:\/\/markd.com.br\/models\/"},{"@type":"ListItem","position":2,"name":"Simaria deixa de seguir Simone no Instagram durante pausa na carreira"}]},{"@type":"WebSite","@id":"https:\/\/markd.com.br\/models\/#website","url":"https:\/\/markd.com.br\/models\/","name":"Not\u00edcias de Todos - Models01","description":"Tenha um Portal de Not\u00edcias Moderno, Din\u00e2mico, R\u00e1pido e Profissional. Entregamos seu Site de  Not\u00edcias Pronto, Instalado, Hospedado, com Manual Passo a Passo e Suporte 24 horas.","potentialAction":[{"@type":"SearchAction","target":{"@type":"EntryPoint","urlTemplate":"https:\/\/markd.com.br\/models\/?s={search_term_string}"},"query-input":{"@type":"PropertyValueSpecification","valueRequired":true,"valueName":"search_term_string"}}],"inLanguage":"pt-BR"},{"@type":"Person","@id":"https:\/\/markd.com.br\/models\/#\/schema\/person\/c12a77ab487a7262d8bec3c47301ad37","name":"Reda\u00e7\u00e3o Reda\u00e7\u00e3o","image":{"@type":"ImageObject","inLanguage":"pt-BR","@id":"https:\/\/markd.com.br\/models\/#\/schema\/person\/image\/","url":"https:\/\/secure.gravatar.com\/avatar\/9448f3599ce269febf169e183039b4a6?s=96&d=mm&r=g","contentUrl":"https:\/\/secure.gravatar.com\/avatar\/9448f3599ce269febf169e183039b4a6?s=96&d=mm&r=g","caption":"Reda\u00e7\u00e3o Reda\u00e7\u00e3o"},"sameAs":["https:\/\/markd.com.br\/"],"url":"https:\/\/markd.com.br\/models\/author\/redacao\/"}]}},"featured_image_urls":{"full":["https:\/\/markd.com.br\/models\/wp-content\/uploads\/2022\/07\/capa-materia-6-2-1024x683-1-800x445-1.jpg",800,445,false],"thumbnail":["https:\/\/markd.com.br\/models\/wp-content\/uploads\/2022\/07\/capa-materia-6-2-1024x683-1-800x445-1-150x150.jpg",150,150,true],"medium":["https:\/\/markd.com.br\/models\/wp-content\/uploads\/2022\/07\/capa-materia-6-2-1024x683-1-800x445-1-300x167.jpg",300,167,true],"medium_large":["https:\/\/markd.com.br\/models\/wp-content\/uploads\/2022\/07\/capa-materia-6-2-1024x683-1-800x445-1-768x427.jpg",640,356,true],"large":["https:\/\/markd.com.br\/models\/wp-content\/uploads\/2022\/07\/capa-materia-6-2-1024x683-1-800x445-1.jpg",640,356,false],"1536x1536":["https:\/\/markd.com.br\/models\/wp-content\/uploads\/2022\/07\/capa-materia-6-2-1024x683-1-800x445-1.jpg",800,445,false],"2048x2048":["https:\/\/markd.com.br\/models\/wp-content\/uploads\/2022\/07\/capa-materia-6-2-1024x683-1-800x445-1.jpg",800,445,false],"newsphere-slider-full":["https:\/\/markd.com.br\/models\/wp-content\/uploads\/2022\/07\/capa-materia-6-2-1024x683-1-800x445-1.jpg",800,445,false],"newsphere-featured":["https:\/\/markd.com.br\/models\/wp-content\/uploads\/2022\/07\/capa-materia-6-2-1024x683-1-800x445-1.jpg",800,445,false],"newsphere-medium":["https:\/\/markd.com.br\/models\/wp-content\/uploads\/2022\/07\/capa-materia-6-2-1024x683-1-800x445-1-720x380.jpg",720,380,true]},"author_info":{"display_name":"Reda\u00e7\u00e3o Reda\u00e7\u00e3o","author_link":"https:\/\/markd.com.br\/models\/author\/redacao\/"},"category_info":"<a href=\"https:\/\/markd.com.br\/models\/category\/economia\/\" rel=\"category tag\">Famosos<\/a>","tag_info":"Famosos","comment_count":"0","jetpack_featured_media_url":"https:\/\/markd.com.br\/models\/wp-content\/uploads\/2022\/07\/capa-materia-6-2-1024x683-1-800x445-1.jpg","_links":{"self":[{"href":"https:\/\/markd.com.br\/models\/wp-json\/wp\/v2\/posts\/2773","targetHints":{"allow":["GET"]}}],"collection":[{"href":"https:\/\/markd.com.br\/models\/wp-json\/wp\/v2\/posts"}],"about":[{"href":"https:\/\/markd.com.br\/models\/wp-json\/wp\/v2\/types\/post"}],"author":[{"embeddable":true,"href":"https:\/\/markd.com.br\/models\/wp-json\/wp\/v2\/users\/5"}],"replies":[{"embeddable":true,"href":"https:\/\/markd.com.br\/models\/wp-json\/wp\/v2\/comments?post=2773"}],"version-history":[{"count":1,"href":"https:\/\/markd.com.br\/models\/wp-json\/wp\/v2\/posts\/2773\/revisions"}],"predecessor-version":[{"id":2775,"href":"https:\/\/markd.com.br\/models\/wp-json\/wp\/v2\/posts\/2773\/revisions\/2775"}],"wp:featuredmedia":[{"embeddable":true,"href":"https:\/\/markd.com.br\/models\/wp-json\/wp\/v2\/media\/2774"}],"wp:attachment":[{"href":"https:\/\/markd.com.br\/models\/wp-json\/wp\/v2\/media?parent=2773"}],"wp:term":[{"taxonomy":"category","embeddable":true,"href":"https:\/\/markd.com.br\/models\/wp-json\/wp\/v2\/categories?post=2773"},{"taxonomy":"post_tag","embeddable":true,"href":"https:\/\/markd.com.br\/models\/wp-json\/wp\/v2\/tags?post=2773"}],"curies":[{"name":"wp","href":"https:\/\/api.w.org\/{rel}","templated":true}]}}