{"id":2792,"date":"2022-07-14T13:49:02","date_gmt":"2022-07-14T16:49:02","guid":{"rendered":"https:\/\/portaldestaquenoticias.com.br\/?p=2792"},"modified":"2022-07-14T13:49:07","modified_gmt":"2022-07-14T16:49:07","slug":"prefeitura-de-manaus-garante-extensao-do-proemem-por-mais-dois-anos","status":"publish","type":"post","link":"https:\/\/markd.com.br\/models\/prefeitura-de-manaus-garante-extensao-do-proemem-por-mais-dois-anos\/","title":{"rendered":"Prefeitura de Manaus garante extens\u00e3o do Proemem por mais dois anos"},"content":{"rendered":"\n<p><\/p>\n\n\n\n<p>A&nbsp;Prefeitura de Manaus, por meio da Secretaria Municipal de Educa\u00e7\u00e3o (Semed), garantiu a prorroga\u00e7\u00e3o do Projeto de Expans\u00e3o e Melhoria Educacional da Rede P\u00fablica Municipal de Manaus (Proemem) at\u00e9 o m\u00eas de julho de 2024. A prorroga\u00e7\u00e3o passa a ser v\u00e1lida a partir desta quinta-feira, 14\/7, e al\u00e9m da extens\u00e3o, a prefeitura garantiu uma redu\u00e7\u00e3o de U$ 12 milh\u00f5es na contrapartida que deveria ser feita pela administra\u00e7\u00e3o p\u00fablica.<\/p>\n\n\n\n<p>Com isso, a Semed ter\u00e1 mais dois anos para concluir obras associadas ao Proemem, al\u00e9m dos programas viabilizados como o Programa de Gest\u00e3o Escolar (Progesc) e a contrata\u00e7\u00e3o da plataforma Super Ensino, que \u00e9 respons\u00e1vel por oferecer refor\u00e7o de forma digital a 85 mil estudantes do 1\u00ba ao 9\u00ba ano do ensino fundamental da rede municipal de ensino.<\/p>\n\n\n\n<p>A secret\u00e1ria municipal de Educa\u00e7\u00e3o, professora Dulce Almeida, celebrou o fato de a administra\u00e7\u00e3o do prefeito David Almeida ter mais tempo para desenvolver seus programas e implantar as melhorias necess\u00e1rias para tornar a educa\u00e7\u00e3o municipal a melhor do pa\u00eds.<\/p>\n\n\n\n<p>\u201cConseguimos a prorroga\u00e7\u00e3o da&nbsp;execu\u00e7\u00e3o&nbsp;do projeto. Isso significa que teremos um prazo maior para&nbsp;realizar&nbsp;os nossos projetos que est\u00e3o sendo&nbsp;desenvolvidos. Temos tr\u00eas escolas para serem inauguradas com obras iniciando em agosto\u201d, afirmou Dulce.<\/p>\n\n\n\n<p>O coordenador executivo do Proemem, Marcondes Costa, explicou que mesmo com a redu\u00e7\u00e3o da contrapartida, as metas continuam as mesmas. A quest\u00e3o da aprova\u00e7\u00e3o era necess\u00e1ria porque toda altera\u00e7\u00e3o contratual tem que passar pelo crivo do Minist\u00e9rio da Economia e do Banco Interamericano de Desenvolvimento (BID).<\/p>\n\n\n\n<p>\u201cAgora podemos finalizar algumas obras que j\u00e1 tinham sido iniciadas, outras obras que estavam esperando a aprova\u00e7\u00e3o, al\u00e9m da manuten\u00e7\u00e3o dos diversos programas que trabalhamos para melhoria dos resultados na rede municipal de ensino\u201d, completou Marcondes.<\/p>\n\n\n\n<p><strong>Proemem<\/strong><\/p>\n\n\n\n<p>O Proemem \u00e9 um financiamento do BID no valor de 52 milh\u00f5es de d\u00f3lares. Possui quatro componentes: expans\u00e3o de cobertura do ensino da educa\u00e7\u00e3o infantil e ensino fundamental; melhoria da qualidade da educa\u00e7\u00e3o; gest\u00e3o, monitoramento e avalia\u00e7\u00e3o; apoio \u00e0 gest\u00e3o administrativa.<\/p>\n","protected":false},"excerpt":{"rendered":"<p>A&nbsp;Prefeitura de Manaus, por meio da Secretaria Municipal de Educa\u00e7\u00e3o (Semed), garantiu a prorroga\u00e7\u00e3o do&#8230;<\/p>\n","protected":false},"author":5,"featured_media":2793,"comment_status":"open","ping_status":"open","sticky":false,"template":"","format":"standard","meta":{"footnotes":""},"categories":[35],"tags":[],"class_list":["post-2792","post","type-post","status-publish","format-standard","has-post-thumbnail","hentry","category-prefeitura-de-manaus"],"yoast_head":"<!-- This site is optimized with the Yoast SEO plugin v24.4 - https:\/\/yoast.com\/wordpress\/plugins\/seo\/ -->\n<title>Prefeitura de Manaus garante extens\u00e3o do Proemem por mais dois anos - Not\u00edcias de Todos - Models01<\/title>\n<meta name=\"robots\" content=\"index, follow, max-snippet:-1, max-image-preview:large, max-video-preview:-1\" \/>\n<link rel=\"canonical\" href=\"https:\/\/markd.com.br\/models\/prefeitura-de-manaus-garante-extensao-do-proemem-por-mais-dois-anos\/\" \/>\n<meta property=\"og:locale\" content=\"pt_BR\" \/>\n<meta property=\"og:type\" content=\"article\" \/>\n<meta property=\"og:title\" content=\"Prefeitura de Manaus garante extens\u00e3o do Proemem por mais dois anos - Not\u00edcias de Todos - Models01\" \/>\n<meta property=\"og:description\" content=\"A&nbsp;Prefeitura de Manaus, por meio da Secretaria Municipal de Educa\u00e7\u00e3o (Semed), garantiu a prorroga\u00e7\u00e3o do...\" \/>\n<meta property=\"og:url\" content=\"https:\/\/markd.com.br\/models\/prefeitura-de-manaus-garante-extensao-do-proemem-por-mais-dois-anos\/\" \/>\n<meta property=\"og:site_name\" content=\"Not\u00edcias de Todos - Models01\" \/>\n<meta property=\"article:published_time\" content=\"2022-07-14T16:49:02+00:00\" \/>\n<meta property=\"article:modified_time\" content=\"2022-07-14T16:49:07+00:00\" \/>\n<meta property=\"og:image\" content=\"https:\/\/markd.com.br\/models\/wp-content\/uploads\/2022\/07\/2G0A1830.jpg\" \/>\n\t<meta property=\"og:image:width\" content=\"640\" \/>\n\t<meta property=\"og:image:height\" content=\"427\" \/>\n\t<meta property=\"og:image:type\" content=\"image\/jpeg\" \/>\n<meta name=\"author\" content=\"Reda\u00e7\u00e3o Reda\u00e7\u00e3o\" \/>\n<meta name=\"twitter:card\" content=\"summary_large_image\" \/>\n<meta name=\"twitter:label1\" content=\"Escrito por\" \/>\n\t<meta name=\"twitter:data1\" content=\"Reda\u00e7\u00e3o Reda\u00e7\u00e3o\" \/>\n\t<meta name=\"twitter:label2\" content=\"Est. tempo de leitura\" \/>\n\t<meta name=\"twitter:data2\" content=\"2 minutos\" \/>\n<script type=\"application\/ld+json\" class=\"yoast-schema-graph\">{\"@context\":\"https:\/\/schema.org\",\"@graph\":[{\"@type\":\"WebPage\",\"@id\":\"https:\/\/markd.com.br\/models\/prefeitura-de-manaus-garante-extensao-do-proemem-por-mais-dois-anos\/\",\"url\":\"https:\/\/markd.com.br\/models\/prefeitura-de-manaus-garante-extensao-do-proemem-por-mais-dois-anos\/\",\"name\":\"Prefeitura de Manaus garante extens\u00e3o do Proemem por mais dois anos - Not\u00edcias de Todos - Models01\",\"isPartOf\":{\"@id\":\"https:\/\/markd.com.br\/models\/#website\"},\"primaryImageOfPage\":{\"@id\":\"https:\/\/markd.com.br\/models\/prefeitura-de-manaus-garante-extensao-do-proemem-por-mais-dois-anos\/#primaryimage\"},\"image\":{\"@id\":\"https:\/\/markd.com.br\/models\/prefeitura-de-manaus-garante-extensao-do-proemem-por-mais-dois-anos\/#primaryimage\"},\"thumbnailUrl\":\"https:\/\/markd.com.br\/models\/wp-content\/uploads\/2022\/07\/2G0A1830.jpg\",\"datePublished\":\"2022-07-14T16:49:02+00:00\",\"dateModified\":\"2022-07-14T16:49:07+00:00\",\"author\":{\"@id\":\"https:\/\/markd.com.br\/models\/#\/schema\/person\/c12a77ab487a7262d8bec3c47301ad37\"},\"breadcrumb\":{\"@id\":\"https:\/\/markd.com.br\/models\/prefeitura-de-manaus-garante-extensao-do-proemem-por-mais-dois-anos\/#breadcrumb\"},\"inLanguage\":\"pt-BR\",\"potentialAction\":[{\"@type\":\"ReadAction\",\"target\":[\"https:\/\/markd.com.br\/models\/prefeitura-de-manaus-garante-extensao-do-proemem-por-mais-dois-anos\/\"]}]},{\"@type\":\"ImageObject\",\"inLanguage\":\"pt-BR\",\"@id\":\"https:\/\/markd.com.br\/models\/prefeitura-de-manaus-garante-extensao-do-proemem-por-mais-dois-anos\/#primaryimage\",\"url\":\"https:\/\/markd.com.br\/models\/wp-content\/uploads\/2022\/07\/2G0A1830.jpg\",\"contentUrl\":\"https:\/\/markd.com.br\/models\/wp-content\/uploads\/2022\/07\/2G0A1830.jpg\",\"width\":640,\"height\":427},{\"@type\":\"BreadcrumbList\",\"@id\":\"https:\/\/markd.com.br\/models\/prefeitura-de-manaus-garante-extensao-do-proemem-por-mais-dois-anos\/#breadcrumb\",\"itemListElement\":[{\"@type\":\"ListItem\",\"position\":1,\"name\":\"In\u00edcio\",\"item\":\"https:\/\/markd.com.br\/models\/\"},{\"@type\":\"ListItem\",\"position\":2,\"name\":\"Prefeitura de Manaus garante extens\u00e3o do Proemem por mais dois anos\"}]},{\"@type\":\"WebSite\",\"@id\":\"https:\/\/markd.com.br\/models\/#website\",\"url\":\"https:\/\/markd.com.br\/models\/\",\"name\":\"Not\u00edcias de Todos - Models01\",\"description\":\"Tenha um Portal de Not\u00edcias Moderno, Din\u00e2mico, R\u00e1pido e Profissional. Entregamos seu Site de  Not\u00edcias Pronto, Instalado, Hospedado, com Manual Passo a Passo e Suporte 24 horas.\",\"potentialAction\":[{\"@type\":\"SearchAction\",\"target\":{\"@type\":\"EntryPoint\",\"urlTemplate\":\"https:\/\/markd.com.br\/models\/?s={search_term_string}\"},\"query-input\":{\"@type\":\"PropertyValueSpecification\",\"valueRequired\":true,\"valueName\":\"search_term_string\"}}],\"inLanguage\":\"pt-BR\"},{\"@type\":\"Person\",\"@id\":\"https:\/\/markd.com.br\/models\/#\/schema\/person\/c12a77ab487a7262d8bec3c47301ad37\",\"name\":\"Reda\u00e7\u00e3o Reda\u00e7\u00e3o\",\"image\":{\"@type\":\"ImageObject\",\"inLanguage\":\"pt-BR\",\"@id\":\"https:\/\/markd.com.br\/models\/#\/schema\/person\/image\/\",\"url\":\"https:\/\/secure.gravatar.com\/avatar\/9448f3599ce269febf169e183039b4a6?s=96&d=mm&r=g\",\"contentUrl\":\"https:\/\/secure.gravatar.com\/avatar\/9448f3599ce269febf169e183039b4a6?s=96&d=mm&r=g\",\"caption\":\"Reda\u00e7\u00e3o Reda\u00e7\u00e3o\"},\"sameAs\":[\"https:\/\/markd.com.br\/\"],\"url\":\"https:\/\/markd.com.br\/models\/author\/redacao\/\"}]}<\/script>\n<!-- \/ Yoast SEO plugin. -->","yoast_head_json":{"title":"Prefeitura de Manaus garante extens\u00e3o do Proemem por mais dois anos - Not\u00edcias de Todos - Models01","robots":{"index":"index","follow":"follow","max-snippet":"max-snippet:-1","max-image-preview":"max-image-preview:large","max-video-preview":"max-video-preview:-1"},"canonical":"https:\/\/markd.com.br\/models\/prefeitura-de-manaus-garante-extensao-do-proemem-por-mais-dois-anos\/","og_locale":"pt_BR","og_type":"article","og_title":"Prefeitura de Manaus garante extens\u00e3o do Proemem por mais dois anos - Not\u00edcias de Todos - Models01","og_description":"A&nbsp;Prefeitura de Manaus, por meio da Secretaria Municipal de Educa\u00e7\u00e3o (Semed), garantiu a prorroga\u00e7\u00e3o do...","og_url":"https:\/\/markd.com.br\/models\/prefeitura-de-manaus-garante-extensao-do-proemem-por-mais-dois-anos\/","og_site_name":"Not\u00edcias de Todos - Models01","article_published_time":"2022-07-14T16:49:02+00:00","article_modified_time":"2022-07-14T16:49:07+00:00","og_image":[{"width":640,"height":427,"url":"https:\/\/markd.com.br\/models\/wp-content\/uploads\/2022\/07\/2G0A1830.jpg","type":"image\/jpeg"}],"author":"Reda\u00e7\u00e3o Reda\u00e7\u00e3o","twitter_card":"summary_large_image","twitter_misc":{"Escrito por":"Reda\u00e7\u00e3o Reda\u00e7\u00e3o","Est. tempo de leitura":"2 minutos"},"schema":{"@context":"https:\/\/schema.org","@graph":[{"@type":"WebPage","@id":"https:\/\/markd.com.br\/models\/prefeitura-de-manaus-garante-extensao-do-proemem-por-mais-dois-anos\/","url":"https:\/\/markd.com.br\/models\/prefeitura-de-manaus-garante-extensao-do-proemem-por-mais-dois-anos\/","name":"Prefeitura de Manaus garante extens\u00e3o do Proemem por mais dois anos - Not\u00edcias de Todos - Models01","isPartOf":{"@id":"https:\/\/markd.com.br\/models\/#website"},"primaryImageOfPage":{"@id":"https:\/\/markd.com.br\/models\/prefeitura-de-manaus-garante-extensao-do-proemem-por-mais-dois-anos\/#primaryimage"},"image":{"@id":"https:\/\/markd.com.br\/models\/prefeitura-de-manaus-garante-extensao-do-proemem-por-mais-dois-anos\/#primaryimage"},"thumbnailUrl":"https:\/\/markd.com.br\/models\/wp-content\/uploads\/2022\/07\/2G0A1830.jpg","datePublished":"2022-07-14T16:49:02+00:00","dateModified":"2022-07-14T16:49:07+00:00","author":{"@id":"https:\/\/markd.com.br\/models\/#\/schema\/person\/c12a77ab487a7262d8bec3c47301ad37"},"breadcrumb":{"@id":"https:\/\/markd.com.br\/models\/prefeitura-de-manaus-garante-extensao-do-proemem-por-mais-dois-anos\/#breadcrumb"},"inLanguage":"pt-BR","potentialAction":[{"@type":"ReadAction","target":["https:\/\/markd.com.br\/models\/prefeitura-de-manaus-garante-extensao-do-proemem-por-mais-dois-anos\/"]}]},{"@type":"ImageObject","inLanguage":"pt-BR","@id":"https:\/\/markd.com.br\/models\/prefeitura-de-manaus-garante-extensao-do-proemem-por-mais-dois-anos\/#primaryimage","url":"https:\/\/markd.com.br\/models\/wp-content\/uploads\/2022\/07\/2G0A1830.jpg","contentUrl":"https:\/\/markd.com.br\/models\/wp-content\/uploads\/2022\/07\/2G0A1830.jpg","width":640,"height":427},{"@type":"BreadcrumbList","@id":"https:\/\/markd.com.br\/models\/prefeitura-de-manaus-garante-extensao-do-proemem-por-mais-dois-anos\/#breadcrumb","itemListElement":[{"@type":"ListItem","position":1,"name":"In\u00edcio","item":"https:\/\/markd.com.br\/models\/"},{"@type":"ListItem","position":2,"name":"Prefeitura de Manaus garante extens\u00e3o do Proemem por mais dois anos"}]},{"@type":"WebSite","@id":"https:\/\/markd.com.br\/models\/#website","url":"https:\/\/markd.com.br\/models\/","name":"Not\u00edcias de Todos - Models01","description":"Tenha um Portal de Not\u00edcias Moderno, Din\u00e2mico, R\u00e1pido e Profissional. Entregamos seu Site de  Not\u00edcias Pronto, Instalado, Hospedado, com Manual Passo a Passo e Suporte 24 horas.","potentialAction":[{"@type":"SearchAction","target":{"@type":"EntryPoint","urlTemplate":"https:\/\/markd.com.br\/models\/?s={search_term_string}"},"query-input":{"@type":"PropertyValueSpecification","valueRequired":true,"valueName":"search_term_string"}}],"inLanguage":"pt-BR"},{"@type":"Person","@id":"https:\/\/markd.com.br\/models\/#\/schema\/person\/c12a77ab487a7262d8bec3c47301ad37","name":"Reda\u00e7\u00e3o Reda\u00e7\u00e3o","image":{"@type":"ImageObject","inLanguage":"pt-BR","@id":"https:\/\/markd.com.br\/models\/#\/schema\/person\/image\/","url":"https:\/\/secure.gravatar.com\/avatar\/9448f3599ce269febf169e183039b4a6?s=96&d=mm&r=g","contentUrl":"https:\/\/secure.gravatar.com\/avatar\/9448f3599ce269febf169e183039b4a6?s=96&d=mm&r=g","caption":"Reda\u00e7\u00e3o Reda\u00e7\u00e3o"},"sameAs":["https:\/\/markd.com.br\/"],"url":"https:\/\/markd.com.br\/models\/author\/redacao\/"}]}},"featured_image_urls":{"full":["https:\/\/markd.com.br\/models\/wp-content\/uploads\/2022\/07\/2G0A1830.jpg",640,427,false],"thumbnail":["https:\/\/markd.com.br\/models\/wp-content\/uploads\/2022\/07\/2G0A1830-150x150.jpg",150,150,true],"medium":["https:\/\/markd.com.br\/models\/wp-content\/uploads\/2022\/07\/2G0A1830-300x200.jpg",300,200,true],"medium_large":["https:\/\/markd.com.br\/models\/wp-content\/uploads\/2022\/07\/2G0A1830.jpg",640,427,false],"large":["https:\/\/markd.com.br\/models\/wp-content\/uploads\/2022\/07\/2G0A1830.jpg",640,427,false],"1536x1536":["https:\/\/markd.com.br\/models\/wp-content\/uploads\/2022\/07\/2G0A1830.jpg",640,427,false],"2048x2048":["https:\/\/markd.com.br\/models\/wp-content\/uploads\/2022\/07\/2G0A1830.jpg",640,427,false],"newsphere-slider-full":["https:\/\/markd.com.br\/models\/wp-content\/uploads\/2022\/07\/2G0A1830.jpg",640,427,false],"newsphere-featured":["https:\/\/markd.com.br\/models\/wp-content\/uploads\/2022\/07\/2G0A1830.jpg",640,427,false],"newsphere-medium":["https:\/\/markd.com.br\/models\/wp-content\/uploads\/2022\/07\/2G0A1830-640x380.jpg",640,380,true]},"author_info":{"display_name":"Reda\u00e7\u00e3o Reda\u00e7\u00e3o","author_link":"https:\/\/markd.com.br\/models\/author\/redacao\/"},"category_info":"<a href=\"https:\/\/markd.com.br\/models\/category\/prefeitura-de-manaus\/\" rel=\"category tag\">Prefeitura de Manaus<\/a>","tag_info":"Prefeitura de Manaus","comment_count":"0","jetpack_featured_media_url":"https:\/\/markd.com.br\/models\/wp-content\/uploads\/2022\/07\/2G0A1830.jpg","_links":{"self":[{"href":"https:\/\/markd.com.br\/models\/wp-json\/wp\/v2\/posts\/2792","targetHints":{"allow":["GET"]}}],"collection":[{"href":"https:\/\/markd.com.br\/models\/wp-json\/wp\/v2\/posts"}],"about":[{"href":"https:\/\/markd.com.br\/models\/wp-json\/wp\/v2\/types\/post"}],"author":[{"embeddable":true,"href":"https:\/\/markd.com.br\/models\/wp-json\/wp\/v2\/users\/5"}],"replies":[{"embeddable":true,"href":"https:\/\/markd.com.br\/models\/wp-json\/wp\/v2\/comments?post=2792"}],"version-history":[{"count":1,"href":"https:\/\/markd.com.br\/models\/wp-json\/wp\/v2\/posts\/2792\/revisions"}],"predecessor-version":[{"id":2794,"href":"https:\/\/markd.com.br\/models\/wp-json\/wp\/v2\/posts\/2792\/revisions\/2794"}],"wp:featuredmedia":[{"embeddable":true,"href":"https:\/\/markd.com.br\/models\/wp-json\/wp\/v2\/media\/2793"}],"wp:attachment":[{"href":"https:\/\/markd.com.br\/models\/wp-json\/wp\/v2\/media?parent=2792"}],"wp:term":[{"taxonomy":"category","embeddable":true,"href":"https:\/\/markd.com.br\/models\/wp-json\/wp\/v2\/categories?post=2792"},{"taxonomy":"post_tag","embeddable":true,"href":"https:\/\/markd.com.br\/models\/wp-json\/wp\/v2\/tags?post=2792"}],"curies":[{"name":"wp","href":"https:\/\/api.w.org\/{rel}","templated":true}]}}