{"id":2798,"date":"2022-07-14T14:01:59","date_gmt":"2022-07-14T17:01:59","guid":{"rendered":"https:\/\/portaldestaquenoticias.com.br\/?p=2798"},"modified":"2022-07-14T14:02:02","modified_gmt":"2022-07-14T17:02:02","slug":"prefeitura-divulga-lista-do-terceiro-lote-do-auxilio-aluguel-cheia-2022","status":"publish","type":"post","link":"https:\/\/markd.com.br\/models\/prefeitura-divulga-lista-do-terceiro-lote-do-auxilio-aluguel-cheia-2022\/","title":{"rendered":"Prefeitura divulga lista do terceiro lote do Aux\u00edlio Aluguel Cheia 2022"},"content":{"rendered":"\n<p><\/p>\n\n\n\n<p>A&nbsp;Prefeitura de Manaus, por meio da Secretaria Municipal da Mulher, Assist\u00eancia Social e Cidadania (Semasc), torna p\u00fablica a terceira lista com os nomes de mais 380 benefici\u00e1rios com o Aux\u00edlio Aluguel Opera\u00e7\u00e3o Cheia 2022. Nesta quarta-feira, 13\/7, o rio Negro registrou a cota de 29,34 metros considerada severa pelos \u00f3rg\u00e3os de medi\u00e7\u00e3o.<\/p>\n\n\n\n<p>Cada fam\u00edlia ir\u00e1 receber duas parcelas no valor de R$ 600, por meio de pagamento via ordem banc\u00e1ria. As guias de pagamento da primeira parcela j\u00e1 est\u00e3o dispon\u00edveis aos benefici\u00e1rios e est\u00e3o sendo entregues na sede da secretaria, localizada na avenida Ayr\u00e3o, Centro.<\/p>\n\n\n\n<p>\u201cEste ano, diminu\u00edmos o n\u00famero de lotes em rela\u00e7\u00e3o ao ano passado, para contemplar o maior n\u00famero de fam\u00edlias ao mesmo tempo. O operador banc\u00e1rio do pagamento implementou a carteira digital que acabou gerando alguns problemas na transfer\u00eancia e com isso, tivemos que esperar o pagamento do primeiro e segundo lote para poder iniciar o pagamento do terceiro. Apesar da diminui\u00e7\u00e3o do volume do rio Negro, estamos garantindo que as pessoas tenham acesso ao aux\u00edlio e fa\u00e7am os reparos necess\u00e1rios em suas resid\u00eancias\u201d, destaca a titular da Semasc, Jane Mara Moraes.<\/p>\n\n\n\n<p>At\u00e9 o momento, 3.206 fam\u00edlias j\u00e1 foram beneficiadas com o Aux\u00edlio Aluguel, em 17 bairros da capital: Aparecida, Bet\u00e2nia, Cachoeirinha, Centro, Col\u00f4nia Ant\u00f4nio Aleixo, Compensa, Crespo, Educandos, Gl\u00f3ria, Mauazinho, Presidente Vargas, Puraquequara, Raiz, Santo Ant\u00f4nio, S\u00e3o Jorge, S\u00e3o Geraldo e Tarum\u00e3. aproximadamente 600 moradores da \u00e1rea ribeirinha tamb\u00e9m ser\u00e3o beneficiados e receber\u00e3o o aux\u00edlio em parcela \u00fanica no valor de R$ 1.200.<\/p>\n\n\n\n<p>\u201cPor quest\u00f5es de log\u00edstica, o repasse do aux\u00edlio para a \u00e1rea ribeirinha ser\u00e1 feito em parcela \u00fanica, via entrega de ordem banc\u00e1ria. Nossa equipe j\u00e1 esteve nas comunidades validando os cadastros e na pr\u00f3xima semana deveremos fazer a entrega das guias\u201d, informa Jane Mara.<\/p>\n\n\n\n<p>A lista com os nomes dos benefici\u00e1rios pode ser consultada no endere\u00e7o eletr\u00f4nico&nbsp;<a>semasc.manaus.am.gov.br\/servi\u00e7o_cidadao<\/a>,&nbsp;ao clicar no \u00edcone \u201cLista Aux\u00edlio Aluguel \u2013 Opera\u00e7\u00e3o Cheia 2022\u201d. A Semasc montou uma for\u00e7a tarefa para ligar para as fam\u00edlias, orientando sobre a entrega da Guia de Pagamento.<\/p>\n","protected":false},"excerpt":{"rendered":"<p>A&nbsp;Prefeitura de Manaus, por meio da Secretaria Municipal da Mulher, Assist\u00eancia Social e Cidadania (Semasc),&#8230;<\/p>\n","protected":false},"author":5,"featured_media":2799,"comment_status":"open","ping_status":"open","sticky":false,"template":"","format":"standard","meta":{"footnotes":""},"categories":[35],"tags":[43,415],"class_list":["post-2798","post","type-post","status-publish","format-standard","has-post-thumbnail","hentry","category-prefeitura-de-manaus","tag-prefeitura-de-manaus","tag-semasc"],"yoast_head":"<!-- This site is optimized with the Yoast SEO plugin v24.4 - https:\/\/yoast.com\/wordpress\/plugins\/seo\/ -->\n<title>Prefeitura divulga lista do terceiro lote do Aux\u00edlio Aluguel Cheia 2022 - Not\u00edcias de Todos - Models01<\/title>\n<meta name=\"robots\" content=\"index, follow, max-snippet:-1, max-image-preview:large, max-video-preview:-1\" \/>\n<link rel=\"canonical\" href=\"https:\/\/markd.com.br\/models\/prefeitura-divulga-lista-do-terceiro-lote-do-auxilio-aluguel-cheia-2022\/\" \/>\n<meta property=\"og:locale\" content=\"pt_BR\" \/>\n<meta property=\"og:type\" content=\"article\" \/>\n<meta property=\"og:title\" content=\"Prefeitura divulga lista do terceiro lote do Aux\u00edlio Aluguel Cheia 2022 - Not\u00edcias de Todos - Models01\" \/>\n<meta property=\"og:description\" content=\"A&nbsp;Prefeitura de Manaus, por meio da Secretaria Municipal da Mulher, Assist\u00eancia Social e Cidadania (Semasc),...\" \/>\n<meta property=\"og:url\" content=\"https:\/\/markd.com.br\/models\/prefeitura-divulga-lista-do-terceiro-lote-do-auxilio-aluguel-cheia-2022\/\" \/>\n<meta property=\"og:site_name\" content=\"Not\u00edcias de Todos - Models01\" \/>\n<meta property=\"article:published_time\" content=\"2022-07-14T17:01:59+00:00\" \/>\n<meta property=\"article:modified_time\" content=\"2022-07-14T17:02:02+00:00\" \/>\n<meta property=\"og:image\" content=\"https:\/\/markd.com.br\/models\/wp-content\/uploads\/2022\/07\/52148300947_519b173ac4_c.jpg\" \/>\n\t<meta property=\"og:image:width\" content=\"640\" \/>\n\t<meta property=\"og:image:height\" content=\"427\" \/>\n\t<meta property=\"og:image:type\" content=\"image\/jpeg\" \/>\n<meta name=\"author\" content=\"Reda\u00e7\u00e3o Reda\u00e7\u00e3o\" \/>\n<meta name=\"twitter:card\" content=\"summary_large_image\" \/>\n<meta name=\"twitter:label1\" content=\"Escrito por\" \/>\n\t<meta name=\"twitter:data1\" content=\"Reda\u00e7\u00e3o Reda\u00e7\u00e3o\" \/>\n\t<meta name=\"twitter:label2\" content=\"Est. tempo de leitura\" \/>\n\t<meta name=\"twitter:data2\" content=\"2 minutos\" \/>\n<script type=\"application\/ld+json\" class=\"yoast-schema-graph\">{\"@context\":\"https:\/\/schema.org\",\"@graph\":[{\"@type\":\"WebPage\",\"@id\":\"https:\/\/markd.com.br\/models\/prefeitura-divulga-lista-do-terceiro-lote-do-auxilio-aluguel-cheia-2022\/\",\"url\":\"https:\/\/markd.com.br\/models\/prefeitura-divulga-lista-do-terceiro-lote-do-auxilio-aluguel-cheia-2022\/\",\"name\":\"Prefeitura divulga lista do terceiro lote do Aux\u00edlio Aluguel Cheia 2022 - Not\u00edcias de Todos - Models01\",\"isPartOf\":{\"@id\":\"https:\/\/markd.com.br\/models\/#website\"},\"primaryImageOfPage\":{\"@id\":\"https:\/\/markd.com.br\/models\/prefeitura-divulga-lista-do-terceiro-lote-do-auxilio-aluguel-cheia-2022\/#primaryimage\"},\"image\":{\"@id\":\"https:\/\/markd.com.br\/models\/prefeitura-divulga-lista-do-terceiro-lote-do-auxilio-aluguel-cheia-2022\/#primaryimage\"},\"thumbnailUrl\":\"https:\/\/markd.com.br\/models\/wp-content\/uploads\/2022\/07\/52148300947_519b173ac4_c.jpg\",\"datePublished\":\"2022-07-14T17:01:59+00:00\",\"dateModified\":\"2022-07-14T17:02:02+00:00\",\"author\":{\"@id\":\"https:\/\/markd.com.br\/models\/#\/schema\/person\/c12a77ab487a7262d8bec3c47301ad37\"},\"breadcrumb\":{\"@id\":\"https:\/\/markd.com.br\/models\/prefeitura-divulga-lista-do-terceiro-lote-do-auxilio-aluguel-cheia-2022\/#breadcrumb\"},\"inLanguage\":\"pt-BR\",\"potentialAction\":[{\"@type\":\"ReadAction\",\"target\":[\"https:\/\/markd.com.br\/models\/prefeitura-divulga-lista-do-terceiro-lote-do-auxilio-aluguel-cheia-2022\/\"]}]},{\"@type\":\"ImageObject\",\"inLanguage\":\"pt-BR\",\"@id\":\"https:\/\/markd.com.br\/models\/prefeitura-divulga-lista-do-terceiro-lote-do-auxilio-aluguel-cheia-2022\/#primaryimage\",\"url\":\"https:\/\/markd.com.br\/models\/wp-content\/uploads\/2022\/07\/52148300947_519b173ac4_c.jpg\",\"contentUrl\":\"https:\/\/markd.com.br\/models\/wp-content\/uploads\/2022\/07\/52148300947_519b173ac4_c.jpg\",\"width\":640,\"height\":427},{\"@type\":\"BreadcrumbList\",\"@id\":\"https:\/\/markd.com.br\/models\/prefeitura-divulga-lista-do-terceiro-lote-do-auxilio-aluguel-cheia-2022\/#breadcrumb\",\"itemListElement\":[{\"@type\":\"ListItem\",\"position\":1,\"name\":\"In\u00edcio\",\"item\":\"https:\/\/markd.com.br\/models\/\"},{\"@type\":\"ListItem\",\"position\":2,\"name\":\"Prefeitura divulga lista do terceiro lote do Aux\u00edlio Aluguel Cheia 2022\"}]},{\"@type\":\"WebSite\",\"@id\":\"https:\/\/markd.com.br\/models\/#website\",\"url\":\"https:\/\/markd.com.br\/models\/\",\"name\":\"Not\u00edcias de Todos - Models01\",\"description\":\"Tenha um Portal de Not\u00edcias Moderno, Din\u00e2mico, R\u00e1pido e Profissional. Entregamos seu Site de  Not\u00edcias Pronto, Instalado, Hospedado, com Manual Passo a Passo e Suporte 24 horas.\",\"potentialAction\":[{\"@type\":\"SearchAction\",\"target\":{\"@type\":\"EntryPoint\",\"urlTemplate\":\"https:\/\/markd.com.br\/models\/?s={search_term_string}\"},\"query-input\":{\"@type\":\"PropertyValueSpecification\",\"valueRequired\":true,\"valueName\":\"search_term_string\"}}],\"inLanguage\":\"pt-BR\"},{\"@type\":\"Person\",\"@id\":\"https:\/\/markd.com.br\/models\/#\/schema\/person\/c12a77ab487a7262d8bec3c47301ad37\",\"name\":\"Reda\u00e7\u00e3o Reda\u00e7\u00e3o\",\"image\":{\"@type\":\"ImageObject\",\"inLanguage\":\"pt-BR\",\"@id\":\"https:\/\/markd.com.br\/models\/#\/schema\/person\/image\/\",\"url\":\"https:\/\/secure.gravatar.com\/avatar\/9448f3599ce269febf169e183039b4a6?s=96&d=mm&r=g\",\"contentUrl\":\"https:\/\/secure.gravatar.com\/avatar\/9448f3599ce269febf169e183039b4a6?s=96&d=mm&r=g\",\"caption\":\"Reda\u00e7\u00e3o Reda\u00e7\u00e3o\"},\"sameAs\":[\"https:\/\/markd.com.br\/\"],\"url\":\"https:\/\/markd.com.br\/models\/author\/redacao\/\"}]}<\/script>\n<!-- \/ Yoast SEO plugin. -->","yoast_head_json":{"title":"Prefeitura divulga lista do terceiro lote do Aux\u00edlio Aluguel Cheia 2022 - Not\u00edcias de Todos - Models01","robots":{"index":"index","follow":"follow","max-snippet":"max-snippet:-1","max-image-preview":"max-image-preview:large","max-video-preview":"max-video-preview:-1"},"canonical":"https:\/\/markd.com.br\/models\/prefeitura-divulga-lista-do-terceiro-lote-do-auxilio-aluguel-cheia-2022\/","og_locale":"pt_BR","og_type":"article","og_title":"Prefeitura divulga lista do terceiro lote do Aux\u00edlio Aluguel Cheia 2022 - Not\u00edcias de Todos - Models01","og_description":"A&nbsp;Prefeitura de Manaus, por meio da Secretaria Municipal da Mulher, Assist\u00eancia Social e Cidadania (Semasc),...","og_url":"https:\/\/markd.com.br\/models\/prefeitura-divulga-lista-do-terceiro-lote-do-auxilio-aluguel-cheia-2022\/","og_site_name":"Not\u00edcias de Todos - Models01","article_published_time":"2022-07-14T17:01:59+00:00","article_modified_time":"2022-07-14T17:02:02+00:00","og_image":[{"width":640,"height":427,"url":"https:\/\/markd.com.br\/models\/wp-content\/uploads\/2022\/07\/52148300947_519b173ac4_c.jpg","type":"image\/jpeg"}],"author":"Reda\u00e7\u00e3o Reda\u00e7\u00e3o","twitter_card":"summary_large_image","twitter_misc":{"Escrito por":"Reda\u00e7\u00e3o Reda\u00e7\u00e3o","Est. tempo de leitura":"2 minutos"},"schema":{"@context":"https:\/\/schema.org","@graph":[{"@type":"WebPage","@id":"https:\/\/markd.com.br\/models\/prefeitura-divulga-lista-do-terceiro-lote-do-auxilio-aluguel-cheia-2022\/","url":"https:\/\/markd.com.br\/models\/prefeitura-divulga-lista-do-terceiro-lote-do-auxilio-aluguel-cheia-2022\/","name":"Prefeitura divulga lista do terceiro lote do Aux\u00edlio Aluguel Cheia 2022 - Not\u00edcias de Todos - Models01","isPartOf":{"@id":"https:\/\/markd.com.br\/models\/#website"},"primaryImageOfPage":{"@id":"https:\/\/markd.com.br\/models\/prefeitura-divulga-lista-do-terceiro-lote-do-auxilio-aluguel-cheia-2022\/#primaryimage"},"image":{"@id":"https:\/\/markd.com.br\/models\/prefeitura-divulga-lista-do-terceiro-lote-do-auxilio-aluguel-cheia-2022\/#primaryimage"},"thumbnailUrl":"https:\/\/markd.com.br\/models\/wp-content\/uploads\/2022\/07\/52148300947_519b173ac4_c.jpg","datePublished":"2022-07-14T17:01:59+00:00","dateModified":"2022-07-14T17:02:02+00:00","author":{"@id":"https:\/\/markd.com.br\/models\/#\/schema\/person\/c12a77ab487a7262d8bec3c47301ad37"},"breadcrumb":{"@id":"https:\/\/markd.com.br\/models\/prefeitura-divulga-lista-do-terceiro-lote-do-auxilio-aluguel-cheia-2022\/#breadcrumb"},"inLanguage":"pt-BR","potentialAction":[{"@type":"ReadAction","target":["https:\/\/markd.com.br\/models\/prefeitura-divulga-lista-do-terceiro-lote-do-auxilio-aluguel-cheia-2022\/"]}]},{"@type":"ImageObject","inLanguage":"pt-BR","@id":"https:\/\/markd.com.br\/models\/prefeitura-divulga-lista-do-terceiro-lote-do-auxilio-aluguel-cheia-2022\/#primaryimage","url":"https:\/\/markd.com.br\/models\/wp-content\/uploads\/2022\/07\/52148300947_519b173ac4_c.jpg","contentUrl":"https:\/\/markd.com.br\/models\/wp-content\/uploads\/2022\/07\/52148300947_519b173ac4_c.jpg","width":640,"height":427},{"@type":"BreadcrumbList","@id":"https:\/\/markd.com.br\/models\/prefeitura-divulga-lista-do-terceiro-lote-do-auxilio-aluguel-cheia-2022\/#breadcrumb","itemListElement":[{"@type":"ListItem","position":1,"name":"In\u00edcio","item":"https:\/\/markd.com.br\/models\/"},{"@type":"ListItem","position":2,"name":"Prefeitura divulga lista do terceiro lote do Aux\u00edlio Aluguel Cheia 2022"}]},{"@type":"WebSite","@id":"https:\/\/markd.com.br\/models\/#website","url":"https:\/\/markd.com.br\/models\/","name":"Not\u00edcias de Todos - Models01","description":"Tenha um Portal de Not\u00edcias Moderno, Din\u00e2mico, R\u00e1pido e Profissional. Entregamos seu Site de  Not\u00edcias Pronto, Instalado, Hospedado, com Manual Passo a Passo e Suporte 24 horas.","potentialAction":[{"@type":"SearchAction","target":{"@type":"EntryPoint","urlTemplate":"https:\/\/markd.com.br\/models\/?s={search_term_string}"},"query-input":{"@type":"PropertyValueSpecification","valueRequired":true,"valueName":"search_term_string"}}],"inLanguage":"pt-BR"},{"@type":"Person","@id":"https:\/\/markd.com.br\/models\/#\/schema\/person\/c12a77ab487a7262d8bec3c47301ad37","name":"Reda\u00e7\u00e3o Reda\u00e7\u00e3o","image":{"@type":"ImageObject","inLanguage":"pt-BR","@id":"https:\/\/markd.com.br\/models\/#\/schema\/person\/image\/","url":"https:\/\/secure.gravatar.com\/avatar\/9448f3599ce269febf169e183039b4a6?s=96&d=mm&r=g","contentUrl":"https:\/\/secure.gravatar.com\/avatar\/9448f3599ce269febf169e183039b4a6?s=96&d=mm&r=g","caption":"Reda\u00e7\u00e3o Reda\u00e7\u00e3o"},"sameAs":["https:\/\/markd.com.br\/"],"url":"https:\/\/markd.com.br\/models\/author\/redacao\/"}]}},"featured_image_urls":{"full":["https:\/\/markd.com.br\/models\/wp-content\/uploads\/2022\/07\/52148300947_519b173ac4_c.jpg",640,427,false],"thumbnail":["https:\/\/markd.com.br\/models\/wp-content\/uploads\/2022\/07\/52148300947_519b173ac4_c-150x150.jpg",150,150,true],"medium":["https:\/\/markd.com.br\/models\/wp-content\/uploads\/2022\/07\/52148300947_519b173ac4_c-300x200.jpg",300,200,true],"medium_large":["https:\/\/markd.com.br\/models\/wp-content\/uploads\/2022\/07\/52148300947_519b173ac4_c.jpg",640,427,false],"large":["https:\/\/markd.com.br\/models\/wp-content\/uploads\/2022\/07\/52148300947_519b173ac4_c.jpg",640,427,false],"1536x1536":["https:\/\/markd.com.br\/models\/wp-content\/uploads\/2022\/07\/52148300947_519b173ac4_c.jpg",640,427,false],"2048x2048":["https:\/\/markd.com.br\/models\/wp-content\/uploads\/2022\/07\/52148300947_519b173ac4_c.jpg",640,427,false],"newsphere-slider-full":["https:\/\/markd.com.br\/models\/wp-content\/uploads\/2022\/07\/52148300947_519b173ac4_c.jpg",640,427,false],"newsphere-featured":["https:\/\/markd.com.br\/models\/wp-content\/uploads\/2022\/07\/52148300947_519b173ac4_c.jpg",640,427,false],"newsphere-medium":["https:\/\/markd.com.br\/models\/wp-content\/uploads\/2022\/07\/52148300947_519b173ac4_c-640x380.jpg",640,380,true]},"author_info":{"display_name":"Reda\u00e7\u00e3o Reda\u00e7\u00e3o","author_link":"https:\/\/markd.com.br\/models\/author\/redacao\/"},"category_info":"<a href=\"https:\/\/markd.com.br\/models\/category\/prefeitura-de-manaus\/\" rel=\"category tag\">Prefeitura de Manaus<\/a>","tag_info":"Prefeitura de Manaus","comment_count":"0","jetpack_featured_media_url":"https:\/\/markd.com.br\/models\/wp-content\/uploads\/2022\/07\/52148300947_519b173ac4_c.jpg","_links":{"self":[{"href":"https:\/\/markd.com.br\/models\/wp-json\/wp\/v2\/posts\/2798","targetHints":{"allow":["GET"]}}],"collection":[{"href":"https:\/\/markd.com.br\/models\/wp-json\/wp\/v2\/posts"}],"about":[{"href":"https:\/\/markd.com.br\/models\/wp-json\/wp\/v2\/types\/post"}],"author":[{"embeddable":true,"href":"https:\/\/markd.com.br\/models\/wp-json\/wp\/v2\/users\/5"}],"replies":[{"embeddable":true,"href":"https:\/\/markd.com.br\/models\/wp-json\/wp\/v2\/comments?post=2798"}],"version-history":[{"count":1,"href":"https:\/\/markd.com.br\/models\/wp-json\/wp\/v2\/posts\/2798\/revisions"}],"predecessor-version":[{"id":2800,"href":"https:\/\/markd.com.br\/models\/wp-json\/wp\/v2\/posts\/2798\/revisions\/2800"}],"wp:featuredmedia":[{"embeddable":true,"href":"https:\/\/markd.com.br\/models\/wp-json\/wp\/v2\/media\/2799"}],"wp:attachment":[{"href":"https:\/\/markd.com.br\/models\/wp-json\/wp\/v2\/media?parent=2798"}],"wp:term":[{"taxonomy":"category","embeddable":true,"href":"https:\/\/markd.com.br\/models\/wp-json\/wp\/v2\/categories?post=2798"},{"taxonomy":"post_tag","embeddable":true,"href":"https:\/\/markd.com.br\/models\/wp-json\/wp\/v2\/tags?post=2798"}],"curies":[{"name":"wp","href":"https:\/\/api.w.org\/{rel}","templated":true}]}}