{"id":2804,"date":"2022-07-14T14:12:13","date_gmt":"2022-07-14T17:12:13","guid":{"rendered":"https:\/\/portaldestaquenoticias.com.br\/?p=2804"},"modified":"2022-07-14T14:12:17","modified_gmt":"2022-07-14T17:12:17","slug":"jovem-de-18-anos-e-morta-a-pedradas-na-frente-da-filha-de-3-anos-em-mg","status":"publish","type":"post","link":"https:\/\/markd.com.br\/models\/jovem-de-18-anos-e-morta-a-pedradas-na-frente-da-filha-de-3-anos-em-mg\/","title":{"rendered":"Jovem de 18 anos \u00e9 morta a pedradas na frente da filha de 3 anos em MG"},"content":{"rendered":"\n<p><\/p>\n\n\n\n<p>Francisco Gergley Gon\u00e7alves Bezerra, de 30 anos, est\u00e1 foragido suspeito de matar a ex-mulher de 18 anos a pedradas na frente da filha de 3 anos, em Itabira, na regi\u00e3o Central de Minas, na madrugada de quarta-feira (13).<\/p>\n\n\n\n<p>O corpo de Rayssa Aparecida Ferreira de Ara\u00fajo foi encontrado em uma estrada vicinal de com marcas de pedradas nas m\u00e3os e na cabe\u00e7a. Testemunhas que passavam pelo local chamaram a pol\u00edcia.<\/p>\n\n\n\n<p>De acordo com relatos da m\u00e3e da v\u00edtima, o casal teve um relacionamento de 4 anos e estava separado h\u00e1 15 dias.<\/p>\n\n\n\n<p>Familiares de Rayssa e do suspeito contaram \u00e0 Pol\u00edcia Militar que na ter\u00e7a-feira (12) os dois levaram a filha de tr\u00eas anos, que n\u00e3o estava passando bem, ao pronto-atendimento do Hospital Municipal de Itabira.<\/p>\n\n\n\n<p>Em contato com os familiares da v\u00edtima e do suspeito, os av\u00f3s foram informados pela m\u00e3e que a crian\u00e7a estava bem e aguardava retorno dos exames.<\/p>\n\n\n\n<p>Na madrugada de quarta-feira (13) o irm\u00e3o do suspeito percebeu uma movimenta\u00e7\u00e3o estranha em casa, durante a madrugada e notou que o homem tinha chegado em casa com a sobrinha no carro da m\u00e3e deles. Logo em seguida o suspeito saiu de casa usando uma motocicleta.<\/p>\n\n\n\n<p>Preocupados, familiares do suspeito entraram em contato com familiares da v\u00edtima que viram que a jovem n\u00e3o estava em casa e chamaram a pol\u00edcia.<\/p>\n\n\n\n<p>A crian\u00e7a foi com uma tia, irm\u00e3 da v\u00edtima, para a casa da av\u00f3 materna. A menina contou para a tia que o pai havia agredido a m\u00e3e e deixado a v\u00edtima em um lugar escuro.<\/p>\n\n\n\n<p>A mulher repassou a informa\u00e7\u00e3o para a pol\u00edcia.<\/p>\n\n\n\n<p>Os militares passaram a fazer ronda na regi\u00e3o at\u00e9 que encontraram o corpo da jovem em uma estrada de terra na regi\u00e3o do bairro Praia. O corpo foi reconhecido pelo pai, como sendo da jovem, e tinha marcas de pedradas nas m\u00e3os e no rosto.<\/p>\n\n\n\n<p>Testemunhas contaram que houve um desentendimento entre o casal no pronto-atendimento. A hip\u00f3tese \u00e9 de que o homem tenha ficado nervoso ao ver algumas mensagens no celular da ex.<\/p>\n\n\n\n<p>O suspeito, que est\u00e1 foragido, tem passagem pela pol\u00edcia por tentativa de feminic\u00eddio quando, em 2016, tentou matar a facadas a ex-namorada.<\/p>\n\n\n\n<p>A Pol\u00edcia Civil investiga o crime.<\/p>\n","protected":false},"excerpt":{"rendered":"<p>Francisco Gergley Gon\u00e7alves Bezerra, de 30 anos, est\u00e1 foragido suspeito de matar a ex-mulher de&#8230;<\/p>\n","protected":false},"author":5,"featured_media":2805,"comment_status":"open","ping_status":"open","sticky":false,"template":"","format":"standard","meta":{"footnotes":""},"categories":[34],"tags":[],"class_list":["post-2804","post","type-post","status-publish","format-standard","has-post-thumbnail","hentry","category-musica"],"yoast_head":"<!-- This site is optimized with the Yoast SEO plugin v24.4 - https:\/\/yoast.com\/wordpress\/plugins\/seo\/ -->\n<title>Jovem de 18 anos \u00e9 morta a pedradas na frente da filha de 3 anos em MG - Not\u00edcias de Todos - Models01<\/title>\n<meta name=\"robots\" content=\"index, follow, max-snippet:-1, max-image-preview:large, max-video-preview:-1\" \/>\n<link rel=\"canonical\" href=\"https:\/\/markd.com.br\/models\/jovem-de-18-anos-e-morta-a-pedradas-na-frente-da-filha-de-3-anos-em-mg\/\" \/>\n<meta property=\"og:locale\" content=\"pt_BR\" \/>\n<meta property=\"og:type\" content=\"article\" \/>\n<meta property=\"og:title\" content=\"Jovem de 18 anos \u00e9 morta a pedradas na frente da filha de 3 anos em MG - Not\u00edcias de Todos - Models01\" \/>\n<meta property=\"og:description\" content=\"Francisco Gergley Gon\u00e7alves Bezerra, de 30 anos, est\u00e1 foragido suspeito de matar a ex-mulher de...\" \/>\n<meta property=\"og:url\" content=\"https:\/\/markd.com.br\/models\/jovem-de-18-anos-e-morta-a-pedradas-na-frente-da-filha-de-3-anos-em-mg\/\" \/>\n<meta property=\"og:site_name\" content=\"Not\u00edcias de Todos - Models01\" \/>\n<meta property=\"article:published_time\" content=\"2022-07-14T17:12:13+00:00\" \/>\n<meta property=\"article:modified_time\" content=\"2022-07-14T17:12:17+00:00\" \/>\n<meta property=\"og:image\" content=\"https:\/\/markd.com.br\/models\/wp-content\/uploads\/2022\/07\/ada9e410-0376-11ed-bffd-298b0d943976-800x445-1.webp\" \/>\n\t<meta property=\"og:image:width\" content=\"800\" \/>\n\t<meta property=\"og:image:height\" content=\"445\" \/>\n\t<meta property=\"og:image:type\" content=\"image\/webp\" \/>\n<meta name=\"author\" content=\"Reda\u00e7\u00e3o Reda\u00e7\u00e3o\" \/>\n<meta name=\"twitter:card\" content=\"summary_large_image\" \/>\n<meta name=\"twitter:label1\" content=\"Escrito por\" \/>\n\t<meta name=\"twitter:data1\" content=\"Reda\u00e7\u00e3o Reda\u00e7\u00e3o\" \/>\n\t<meta name=\"twitter:label2\" content=\"Est. tempo de leitura\" \/>\n\t<meta name=\"twitter:data2\" content=\"3 minutos\" \/>\n<script type=\"application\/ld+json\" class=\"yoast-schema-graph\">{\"@context\":\"https:\/\/schema.org\",\"@graph\":[{\"@type\":\"WebPage\",\"@id\":\"https:\/\/markd.com.br\/models\/jovem-de-18-anos-e-morta-a-pedradas-na-frente-da-filha-de-3-anos-em-mg\/\",\"url\":\"https:\/\/markd.com.br\/models\/jovem-de-18-anos-e-morta-a-pedradas-na-frente-da-filha-de-3-anos-em-mg\/\",\"name\":\"Jovem de 18 anos \u00e9 morta a pedradas na frente da filha de 3 anos em MG - Not\u00edcias de Todos - Models01\",\"isPartOf\":{\"@id\":\"https:\/\/markd.com.br\/models\/#website\"},\"primaryImageOfPage\":{\"@id\":\"https:\/\/markd.com.br\/models\/jovem-de-18-anos-e-morta-a-pedradas-na-frente-da-filha-de-3-anos-em-mg\/#primaryimage\"},\"image\":{\"@id\":\"https:\/\/markd.com.br\/models\/jovem-de-18-anos-e-morta-a-pedradas-na-frente-da-filha-de-3-anos-em-mg\/#primaryimage\"},\"thumbnailUrl\":\"https:\/\/markd.com.br\/models\/wp-content\/uploads\/2022\/07\/ada9e410-0376-11ed-bffd-298b0d943976-800x445-1.webp\",\"datePublished\":\"2022-07-14T17:12:13+00:00\",\"dateModified\":\"2022-07-14T17:12:17+00:00\",\"author\":{\"@id\":\"https:\/\/markd.com.br\/models\/#\/schema\/person\/c12a77ab487a7262d8bec3c47301ad37\"},\"breadcrumb\":{\"@id\":\"https:\/\/markd.com.br\/models\/jovem-de-18-anos-e-morta-a-pedradas-na-frente-da-filha-de-3-anos-em-mg\/#breadcrumb\"},\"inLanguage\":\"pt-BR\",\"potentialAction\":[{\"@type\":\"ReadAction\",\"target\":[\"https:\/\/markd.com.br\/models\/jovem-de-18-anos-e-morta-a-pedradas-na-frente-da-filha-de-3-anos-em-mg\/\"]}]},{\"@type\":\"ImageObject\",\"inLanguage\":\"pt-BR\",\"@id\":\"https:\/\/markd.com.br\/models\/jovem-de-18-anos-e-morta-a-pedradas-na-frente-da-filha-de-3-anos-em-mg\/#primaryimage\",\"url\":\"https:\/\/markd.com.br\/models\/wp-content\/uploads\/2022\/07\/ada9e410-0376-11ed-bffd-298b0d943976-800x445-1.webp\",\"contentUrl\":\"https:\/\/markd.com.br\/models\/wp-content\/uploads\/2022\/07\/ada9e410-0376-11ed-bffd-298b0d943976-800x445-1.webp\",\"width\":800,\"height\":445},{\"@type\":\"BreadcrumbList\",\"@id\":\"https:\/\/markd.com.br\/models\/jovem-de-18-anos-e-morta-a-pedradas-na-frente-da-filha-de-3-anos-em-mg\/#breadcrumb\",\"itemListElement\":[{\"@type\":\"ListItem\",\"position\":1,\"name\":\"In\u00edcio\",\"item\":\"https:\/\/markd.com.br\/models\/\"},{\"@type\":\"ListItem\",\"position\":2,\"name\":\"Jovem de 18 anos \u00e9 morta a pedradas na frente da filha de 3 anos em MG\"}]},{\"@type\":\"WebSite\",\"@id\":\"https:\/\/markd.com.br\/models\/#website\",\"url\":\"https:\/\/markd.com.br\/models\/\",\"name\":\"Not\u00edcias de Todos - Models01\",\"description\":\"Tenha um Portal de Not\u00edcias Moderno, Din\u00e2mico, R\u00e1pido e Profissional. Entregamos seu Site de  Not\u00edcias Pronto, Instalado, Hospedado, com Manual Passo a Passo e Suporte 24 horas.\",\"potentialAction\":[{\"@type\":\"SearchAction\",\"target\":{\"@type\":\"EntryPoint\",\"urlTemplate\":\"https:\/\/markd.com.br\/models\/?s={search_term_string}\"},\"query-input\":{\"@type\":\"PropertyValueSpecification\",\"valueRequired\":true,\"valueName\":\"search_term_string\"}}],\"inLanguage\":\"pt-BR\"},{\"@type\":\"Person\",\"@id\":\"https:\/\/markd.com.br\/models\/#\/schema\/person\/c12a77ab487a7262d8bec3c47301ad37\",\"name\":\"Reda\u00e7\u00e3o Reda\u00e7\u00e3o\",\"image\":{\"@type\":\"ImageObject\",\"inLanguage\":\"pt-BR\",\"@id\":\"https:\/\/markd.com.br\/models\/#\/schema\/person\/image\/\",\"url\":\"https:\/\/secure.gravatar.com\/avatar\/9448f3599ce269febf169e183039b4a6?s=96&d=mm&r=g\",\"contentUrl\":\"https:\/\/secure.gravatar.com\/avatar\/9448f3599ce269febf169e183039b4a6?s=96&d=mm&r=g\",\"caption\":\"Reda\u00e7\u00e3o Reda\u00e7\u00e3o\"},\"sameAs\":[\"https:\/\/markd.com.br\/\"],\"url\":\"https:\/\/markd.com.br\/models\/author\/redacao\/\"}]}<\/script>\n<!-- \/ Yoast SEO plugin. -->","yoast_head_json":{"title":"Jovem de 18 anos \u00e9 morta a pedradas na frente da filha de 3 anos em MG - Not\u00edcias de Todos - Models01","robots":{"index":"index","follow":"follow","max-snippet":"max-snippet:-1","max-image-preview":"max-image-preview:large","max-video-preview":"max-video-preview:-1"},"canonical":"https:\/\/markd.com.br\/models\/jovem-de-18-anos-e-morta-a-pedradas-na-frente-da-filha-de-3-anos-em-mg\/","og_locale":"pt_BR","og_type":"article","og_title":"Jovem de 18 anos \u00e9 morta a pedradas na frente da filha de 3 anos em MG - Not\u00edcias de Todos - Models01","og_description":"Francisco Gergley Gon\u00e7alves Bezerra, de 30 anos, est\u00e1 foragido suspeito de matar a ex-mulher de...","og_url":"https:\/\/markd.com.br\/models\/jovem-de-18-anos-e-morta-a-pedradas-na-frente-da-filha-de-3-anos-em-mg\/","og_site_name":"Not\u00edcias de Todos - Models01","article_published_time":"2022-07-14T17:12:13+00:00","article_modified_time":"2022-07-14T17:12:17+00:00","og_image":[{"width":800,"height":445,"url":"https:\/\/markd.com.br\/models\/wp-content\/uploads\/2022\/07\/ada9e410-0376-11ed-bffd-298b0d943976-800x445-1.webp","type":"image\/webp"}],"author":"Reda\u00e7\u00e3o Reda\u00e7\u00e3o","twitter_card":"summary_large_image","twitter_misc":{"Escrito por":"Reda\u00e7\u00e3o Reda\u00e7\u00e3o","Est. tempo de leitura":"3 minutos"},"schema":{"@context":"https:\/\/schema.org","@graph":[{"@type":"WebPage","@id":"https:\/\/markd.com.br\/models\/jovem-de-18-anos-e-morta-a-pedradas-na-frente-da-filha-de-3-anos-em-mg\/","url":"https:\/\/markd.com.br\/models\/jovem-de-18-anos-e-morta-a-pedradas-na-frente-da-filha-de-3-anos-em-mg\/","name":"Jovem de 18 anos \u00e9 morta a pedradas na frente da filha de 3 anos em MG - Not\u00edcias de Todos - Models01","isPartOf":{"@id":"https:\/\/markd.com.br\/models\/#website"},"primaryImageOfPage":{"@id":"https:\/\/markd.com.br\/models\/jovem-de-18-anos-e-morta-a-pedradas-na-frente-da-filha-de-3-anos-em-mg\/#primaryimage"},"image":{"@id":"https:\/\/markd.com.br\/models\/jovem-de-18-anos-e-morta-a-pedradas-na-frente-da-filha-de-3-anos-em-mg\/#primaryimage"},"thumbnailUrl":"https:\/\/markd.com.br\/models\/wp-content\/uploads\/2022\/07\/ada9e410-0376-11ed-bffd-298b0d943976-800x445-1.webp","datePublished":"2022-07-14T17:12:13+00:00","dateModified":"2022-07-14T17:12:17+00:00","author":{"@id":"https:\/\/markd.com.br\/models\/#\/schema\/person\/c12a77ab487a7262d8bec3c47301ad37"},"breadcrumb":{"@id":"https:\/\/markd.com.br\/models\/jovem-de-18-anos-e-morta-a-pedradas-na-frente-da-filha-de-3-anos-em-mg\/#breadcrumb"},"inLanguage":"pt-BR","potentialAction":[{"@type":"ReadAction","target":["https:\/\/markd.com.br\/models\/jovem-de-18-anos-e-morta-a-pedradas-na-frente-da-filha-de-3-anos-em-mg\/"]}]},{"@type":"ImageObject","inLanguage":"pt-BR","@id":"https:\/\/markd.com.br\/models\/jovem-de-18-anos-e-morta-a-pedradas-na-frente-da-filha-de-3-anos-em-mg\/#primaryimage","url":"https:\/\/markd.com.br\/models\/wp-content\/uploads\/2022\/07\/ada9e410-0376-11ed-bffd-298b0d943976-800x445-1.webp","contentUrl":"https:\/\/markd.com.br\/models\/wp-content\/uploads\/2022\/07\/ada9e410-0376-11ed-bffd-298b0d943976-800x445-1.webp","width":800,"height":445},{"@type":"BreadcrumbList","@id":"https:\/\/markd.com.br\/models\/jovem-de-18-anos-e-morta-a-pedradas-na-frente-da-filha-de-3-anos-em-mg\/#breadcrumb","itemListElement":[{"@type":"ListItem","position":1,"name":"In\u00edcio","item":"https:\/\/markd.com.br\/models\/"},{"@type":"ListItem","position":2,"name":"Jovem de 18 anos \u00e9 morta a pedradas na frente da filha de 3 anos em MG"}]},{"@type":"WebSite","@id":"https:\/\/markd.com.br\/models\/#website","url":"https:\/\/markd.com.br\/models\/","name":"Not\u00edcias de Todos - Models01","description":"Tenha um Portal de Not\u00edcias Moderno, Din\u00e2mico, R\u00e1pido e Profissional. Entregamos seu Site de  Not\u00edcias Pronto, Instalado, Hospedado, com Manual Passo a Passo e Suporte 24 horas.","potentialAction":[{"@type":"SearchAction","target":{"@type":"EntryPoint","urlTemplate":"https:\/\/markd.com.br\/models\/?s={search_term_string}"},"query-input":{"@type":"PropertyValueSpecification","valueRequired":true,"valueName":"search_term_string"}}],"inLanguage":"pt-BR"},{"@type":"Person","@id":"https:\/\/markd.com.br\/models\/#\/schema\/person\/c12a77ab487a7262d8bec3c47301ad37","name":"Reda\u00e7\u00e3o Reda\u00e7\u00e3o","image":{"@type":"ImageObject","inLanguage":"pt-BR","@id":"https:\/\/markd.com.br\/models\/#\/schema\/person\/image\/","url":"https:\/\/secure.gravatar.com\/avatar\/9448f3599ce269febf169e183039b4a6?s=96&d=mm&r=g","contentUrl":"https:\/\/secure.gravatar.com\/avatar\/9448f3599ce269febf169e183039b4a6?s=96&d=mm&r=g","caption":"Reda\u00e7\u00e3o Reda\u00e7\u00e3o"},"sameAs":["https:\/\/markd.com.br\/"],"url":"https:\/\/markd.com.br\/models\/author\/redacao\/"}]}},"featured_image_urls":{"full":["https:\/\/markd.com.br\/models\/wp-content\/uploads\/2022\/07\/ada9e410-0376-11ed-bffd-298b0d943976-800x445-1.webp",800,445,false],"thumbnail":["https:\/\/markd.com.br\/models\/wp-content\/uploads\/2022\/07\/ada9e410-0376-11ed-bffd-298b0d943976-800x445-1-150x150.webp",150,150,true],"medium":["https:\/\/markd.com.br\/models\/wp-content\/uploads\/2022\/07\/ada9e410-0376-11ed-bffd-298b0d943976-800x445-1-300x167.webp",300,167,true],"medium_large":["https:\/\/markd.com.br\/models\/wp-content\/uploads\/2022\/07\/ada9e410-0376-11ed-bffd-298b0d943976-800x445-1-768x427.webp",640,356,true],"large":["https:\/\/markd.com.br\/models\/wp-content\/uploads\/2022\/07\/ada9e410-0376-11ed-bffd-298b0d943976-800x445-1.webp",640,356,false],"1536x1536":["https:\/\/markd.com.br\/models\/wp-content\/uploads\/2022\/07\/ada9e410-0376-11ed-bffd-298b0d943976-800x445-1.webp",800,445,false],"2048x2048":["https:\/\/markd.com.br\/models\/wp-content\/uploads\/2022\/07\/ada9e410-0376-11ed-bffd-298b0d943976-800x445-1.webp",800,445,false],"newsphere-slider-full":["https:\/\/markd.com.br\/models\/wp-content\/uploads\/2022\/07\/ada9e410-0376-11ed-bffd-298b0d943976-800x445-1.webp",800,445,false],"newsphere-featured":["https:\/\/markd.com.br\/models\/wp-content\/uploads\/2022\/07\/ada9e410-0376-11ed-bffd-298b0d943976-800x445-1.webp",800,445,false],"newsphere-medium":["https:\/\/markd.com.br\/models\/wp-content\/uploads\/2022\/07\/ada9e410-0376-11ed-bffd-298b0d943976-800x445-1-720x380.webp",720,380,true]},"author_info":{"display_name":"Reda\u00e7\u00e3o Reda\u00e7\u00e3o","author_link":"https:\/\/markd.com.br\/models\/author\/redacao\/"},"category_info":"<a href=\"https:\/\/markd.com.br\/models\/category\/musica\/\" rel=\"category tag\">Pol\u00edcia<\/a>","tag_info":"Pol\u00edcia","comment_count":"0","jetpack_featured_media_url":"https:\/\/markd.com.br\/models\/wp-content\/uploads\/2022\/07\/ada9e410-0376-11ed-bffd-298b0d943976-800x445-1.webp","_links":{"self":[{"href":"https:\/\/markd.com.br\/models\/wp-json\/wp\/v2\/posts\/2804","targetHints":{"allow":["GET"]}}],"collection":[{"href":"https:\/\/markd.com.br\/models\/wp-json\/wp\/v2\/posts"}],"about":[{"href":"https:\/\/markd.com.br\/models\/wp-json\/wp\/v2\/types\/post"}],"author":[{"embeddable":true,"href":"https:\/\/markd.com.br\/models\/wp-json\/wp\/v2\/users\/5"}],"replies":[{"embeddable":true,"href":"https:\/\/markd.com.br\/models\/wp-json\/wp\/v2\/comments?post=2804"}],"version-history":[{"count":1,"href":"https:\/\/markd.com.br\/models\/wp-json\/wp\/v2\/posts\/2804\/revisions"}],"predecessor-version":[{"id":2806,"href":"https:\/\/markd.com.br\/models\/wp-json\/wp\/v2\/posts\/2804\/revisions\/2806"}],"wp:featuredmedia":[{"embeddable":true,"href":"https:\/\/markd.com.br\/models\/wp-json\/wp\/v2\/media\/2805"}],"wp:attachment":[{"href":"https:\/\/markd.com.br\/models\/wp-json\/wp\/v2\/media?parent=2804"}],"wp:term":[{"taxonomy":"category","embeddable":true,"href":"https:\/\/markd.com.br\/models\/wp-json\/wp\/v2\/categories?post=2804"},{"taxonomy":"post_tag","embeddable":true,"href":"https:\/\/markd.com.br\/models\/wp-json\/wp\/v2\/tags?post=2804"}],"curies":[{"name":"wp","href":"https:\/\/api.w.org\/{rel}","templated":true}]}}