{"id":2807,"date":"2022-07-14T14:17:56","date_gmt":"2022-07-14T17:17:56","guid":{"rendered":"https:\/\/portaldestaquenoticias.com.br\/?p=2807"},"modified":"2022-07-14T14:17:59","modified_gmt":"2022-07-14T17:17:59","slug":"fonoaudiologa-e-investigada-por-torturar-e-isolar-criancas-autistas-demonio-chegou","status":"publish","type":"post","link":"https:\/\/markd.com.br\/models\/fonoaudiologa-e-investigada-por-torturar-e-isolar-criancas-autistas-demonio-chegou\/","title":{"rendered":"Fonoaudi\u00f3loga \u00e9 investigada por torturar e isolar crian\u00e7as autistas: \u2018Dem\u00f4nio chegou\u2019"},"content":{"rendered":"\n<p><\/p>\n\n\n\n<p>A Pol\u00edcia Civil da cidade de Duartina, interior de S\u00e3o Paulo, investiga den\u00fancias de m\u00e3es que relatam que os filhos autistas foram agredidos, trancados em salas e tocados nos genitais em uma cl\u00ednica da cidade. Prints de mensagens feitos por uma ex-funcion\u00e1ria mostram que a fonoaudi\u00f3loga xingava os pacientes.<\/p>\n\n\n\n<p>Nas imagens a profissional se referia aos pacientes, crian\u00e7as com Transtorno do Espectro Autista (TEA), como \u201cfilho da p*ta\u201d, \u201cdem\u00f4nio\u201d, \u201cchato\u201d, \u201cinsuport\u00e1vel\u201d e outros termos ofensivos. As mensagens foram enviadas pela fonoaudi\u00f3loga nos dias 29\/3 e 8\/4. Outros registros mostram ainda que a profissional n\u00e3o oferecia as sess\u00f5es individualizadas que tinham sido contratadas e pagas pelas m\u00e3es.<\/p>\n\n\n\n<figure class=\"wp-block-image\"><img decoding=\"async\" src=\"https:\/\/romanews.com.br\/wp-content\/uploads\/2022\/07\/fonoaudiologa-1.webp\" alt=\"\"\/><\/figure>\n\n\n\n<p><strong>Agress\u00f5es<\/strong><\/p>\n\n\n\n<p>Uma m\u00e3e relata que o filho de 3 anos, que foi atendido pela fonoaudi\u00f3loga, contou que a \u201ctia\u201d tocava em seu \u00f3rg\u00e3o genital. \u201cOnde a tia pegava e colocava a m\u00e3ozinha?\u201d, questionou a m\u00e3e em um v\u00eddeo e a crian\u00e7a respondeu \u201cAqui\u201d e apontou para a fralda.<\/p>\n\n\n\n<p>Outra m\u00e3e foi chamada para prestar depoimento na delegacia e descobriu que o filho de 9 anos ficava trancado em uma sala. A crian\u00e7a que tem autismo severo voltava para casa urinada e sem camiseta.<\/p>\n\n\n\n<p>Uma terceira m\u00e3e, que tem um menino de 6 anos diagnosticado com autismo em grau severo acusa a fonoaudi\u00f3loga de ter dado um tapa na boca da crian\u00e7a depois que ele a mordeu. Ela desabafa que \u201c\u00c9 muito dif\u00edcil, eu sei de onde o meu filho veio, sei o que ele passou pra chegar onde est\u00e1. \u00c9 uma crian\u00e7a que n\u00e3o sabe falar, que n\u00e3o sabe se expressar. Ele \u00e9 extremamente vulner\u00e1vel. O tapa doeu muito mais em mim. Desumano\u201d.<\/p>\n\n\n\n<p><strong>Den\u00fancia e defesa<\/strong><\/p>\n\n\n\n<p>Uma ex-funcion\u00e1ria contratada como acompanhante terap\u00eautica fez v\u00eddeos, fotos e \u00e1udios das agress\u00f5es ap\u00f3s ver um menino levar um tapa e decidiu fazer a denuncia. O celular da ex-funcion\u00e1ria foi apreendido para per\u00edcia do material gravado, cujo laudo deve ficar pronto nesta semana. O delegado respons\u00e1vel pelo caso, Paulo Calil, afirmou que investiga tamb\u00e9m o crime de tortura.<\/p>\n\n\n\n<p>A defesa da acusada diz que a fonoaudi\u00f3loga colabora com as investiga\u00e7\u00f5es policiais, mas que sua fam\u00edlia teve de sair da casa por temer repres\u00e1lias. A defesa cita ainda que \u201cN\u00e3o houve ainda sequer a constitui\u00e7\u00e3o formal de inqu\u00e9rito policial, de modo que todas as informa\u00e7\u00f5es referentes \u00e0s den\u00fancias devem ser analisadas com cautela e prud\u00eancia, tanto em respeito \u00e0 pessoa das acusadas como \u00e0s supostas v\u00edtimas\u201d.<\/p>\n\n\n\n<p><strong><em><sub>Com Informa\u00e7\u00f5es do Metr\u00f3poles<\/sub><\/em><\/strong><\/p>\n","protected":false},"excerpt":{"rendered":"<p>A Pol\u00edcia Civil da cidade de Duartina, interior de S\u00e3o Paulo, investiga den\u00fancias de m\u00e3es&#8230;<\/p>\n","protected":false},"author":5,"featured_media":2808,"comment_status":"open","ping_status":"open","sticky":false,"template":"","format":"standard","meta":{"footnotes":""},"categories":[34],"tags":[],"class_list":["post-2807","post","type-post","status-publish","format-standard","has-post-thumbnail","hentry","category-musica"],"yoast_head":"<!-- This site is optimized with the Yoast SEO plugin v24.4 - https:\/\/yoast.com\/wordpress\/plugins\/seo\/ -->\n<title>Fonoaudi\u00f3loga \u00e9 investigada por torturar e isolar crian\u00e7as autistas: \u2018Dem\u00f4nio chegou\u2019 - Not\u00edcias de Todos - Models01<\/title>\n<meta name=\"robots\" content=\"index, follow, max-snippet:-1, max-image-preview:large, max-video-preview:-1\" \/>\n<link rel=\"canonical\" href=\"https:\/\/markd.com.br\/models\/fonoaudiologa-e-investigada-por-torturar-e-isolar-criancas-autistas-demonio-chegou\/\" \/>\n<meta property=\"og:locale\" content=\"pt_BR\" \/>\n<meta property=\"og:type\" content=\"article\" \/>\n<meta property=\"og:title\" content=\"Fonoaudi\u00f3loga \u00e9 investigada por torturar e isolar crian\u00e7as autistas: \u2018Dem\u00f4nio chegou\u2019 - Not\u00edcias de Todos - Models01\" \/>\n<meta property=\"og:description\" content=\"A Pol\u00edcia Civil da cidade de Duartina, interior de S\u00e3o Paulo, investiga den\u00fancias de m\u00e3es...\" \/>\n<meta property=\"og:url\" content=\"https:\/\/markd.com.br\/models\/fonoaudiologa-e-investigada-por-torturar-e-isolar-criancas-autistas-demonio-chegou\/\" \/>\n<meta property=\"og:site_name\" content=\"Not\u00edcias de Todos - Models01\" \/>\n<meta property=\"article:published_time\" content=\"2022-07-14T17:17:56+00:00\" \/>\n<meta property=\"article:modified_time\" content=\"2022-07-14T17:17:59+00:00\" \/>\n<meta property=\"og:image\" content=\"https:\/\/markd.com.br\/models\/wp-content\/uploads\/2022\/07\/fonoaudiologa-800x445-1.webp\" \/>\n\t<meta property=\"og:image:width\" content=\"800\" \/>\n\t<meta property=\"og:image:height\" content=\"445\" \/>\n\t<meta property=\"og:image:type\" content=\"image\/webp\" \/>\n<meta name=\"author\" content=\"Reda\u00e7\u00e3o Reda\u00e7\u00e3o\" \/>\n<meta name=\"twitter:card\" content=\"summary_large_image\" \/>\n<meta name=\"twitter:label1\" content=\"Escrito por\" \/>\n\t<meta name=\"twitter:data1\" content=\"Reda\u00e7\u00e3o Reda\u00e7\u00e3o\" \/>\n\t<meta name=\"twitter:label2\" content=\"Est. tempo de leitura\" \/>\n\t<meta name=\"twitter:data2\" content=\"3 minutos\" \/>\n<script type=\"application\/ld+json\" class=\"yoast-schema-graph\">{\"@context\":\"https:\/\/schema.org\",\"@graph\":[{\"@type\":\"WebPage\",\"@id\":\"https:\/\/markd.com.br\/models\/fonoaudiologa-e-investigada-por-torturar-e-isolar-criancas-autistas-demonio-chegou\/\",\"url\":\"https:\/\/markd.com.br\/models\/fonoaudiologa-e-investigada-por-torturar-e-isolar-criancas-autistas-demonio-chegou\/\",\"name\":\"Fonoaudi\u00f3loga \u00e9 investigada por torturar e isolar crian\u00e7as autistas: \u2018Dem\u00f4nio chegou\u2019 - Not\u00edcias de Todos - Models01\",\"isPartOf\":{\"@id\":\"https:\/\/markd.com.br\/models\/#website\"},\"primaryImageOfPage\":{\"@id\":\"https:\/\/markd.com.br\/models\/fonoaudiologa-e-investigada-por-torturar-e-isolar-criancas-autistas-demonio-chegou\/#primaryimage\"},\"image\":{\"@id\":\"https:\/\/markd.com.br\/models\/fonoaudiologa-e-investigada-por-torturar-e-isolar-criancas-autistas-demonio-chegou\/#primaryimage\"},\"thumbnailUrl\":\"https:\/\/markd.com.br\/models\/wp-content\/uploads\/2022\/07\/fonoaudiologa-800x445-1.webp\",\"datePublished\":\"2022-07-14T17:17:56+00:00\",\"dateModified\":\"2022-07-14T17:17:59+00:00\",\"author\":{\"@id\":\"https:\/\/markd.com.br\/models\/#\/schema\/person\/c12a77ab487a7262d8bec3c47301ad37\"},\"breadcrumb\":{\"@id\":\"https:\/\/markd.com.br\/models\/fonoaudiologa-e-investigada-por-torturar-e-isolar-criancas-autistas-demonio-chegou\/#breadcrumb\"},\"inLanguage\":\"pt-BR\",\"potentialAction\":[{\"@type\":\"ReadAction\",\"target\":[\"https:\/\/markd.com.br\/models\/fonoaudiologa-e-investigada-por-torturar-e-isolar-criancas-autistas-demonio-chegou\/\"]}]},{\"@type\":\"ImageObject\",\"inLanguage\":\"pt-BR\",\"@id\":\"https:\/\/markd.com.br\/models\/fonoaudiologa-e-investigada-por-torturar-e-isolar-criancas-autistas-demonio-chegou\/#primaryimage\",\"url\":\"https:\/\/markd.com.br\/models\/wp-content\/uploads\/2022\/07\/fonoaudiologa-800x445-1.webp\",\"contentUrl\":\"https:\/\/markd.com.br\/models\/wp-content\/uploads\/2022\/07\/fonoaudiologa-800x445-1.webp\",\"width\":800,\"height\":445},{\"@type\":\"BreadcrumbList\",\"@id\":\"https:\/\/markd.com.br\/models\/fonoaudiologa-e-investigada-por-torturar-e-isolar-criancas-autistas-demonio-chegou\/#breadcrumb\",\"itemListElement\":[{\"@type\":\"ListItem\",\"position\":1,\"name\":\"In\u00edcio\",\"item\":\"https:\/\/markd.com.br\/models\/\"},{\"@type\":\"ListItem\",\"position\":2,\"name\":\"Fonoaudi\u00f3loga \u00e9 investigada por torturar e isolar crian\u00e7as autistas: \u2018Dem\u00f4nio chegou\u2019\"}]},{\"@type\":\"WebSite\",\"@id\":\"https:\/\/markd.com.br\/models\/#website\",\"url\":\"https:\/\/markd.com.br\/models\/\",\"name\":\"Not\u00edcias de Todos - Models01\",\"description\":\"Tenha um Portal de Not\u00edcias Moderno, Din\u00e2mico, R\u00e1pido e Profissional. Entregamos seu Site de  Not\u00edcias Pronto, Instalado, Hospedado, com Manual Passo a Passo e Suporte 24 horas.\",\"potentialAction\":[{\"@type\":\"SearchAction\",\"target\":{\"@type\":\"EntryPoint\",\"urlTemplate\":\"https:\/\/markd.com.br\/models\/?s={search_term_string}\"},\"query-input\":{\"@type\":\"PropertyValueSpecification\",\"valueRequired\":true,\"valueName\":\"search_term_string\"}}],\"inLanguage\":\"pt-BR\"},{\"@type\":\"Person\",\"@id\":\"https:\/\/markd.com.br\/models\/#\/schema\/person\/c12a77ab487a7262d8bec3c47301ad37\",\"name\":\"Reda\u00e7\u00e3o Reda\u00e7\u00e3o\",\"image\":{\"@type\":\"ImageObject\",\"inLanguage\":\"pt-BR\",\"@id\":\"https:\/\/markd.com.br\/models\/#\/schema\/person\/image\/\",\"url\":\"https:\/\/secure.gravatar.com\/avatar\/9448f3599ce269febf169e183039b4a6?s=96&d=mm&r=g\",\"contentUrl\":\"https:\/\/secure.gravatar.com\/avatar\/9448f3599ce269febf169e183039b4a6?s=96&d=mm&r=g\",\"caption\":\"Reda\u00e7\u00e3o Reda\u00e7\u00e3o\"},\"sameAs\":[\"https:\/\/markd.com.br\/\"],\"url\":\"https:\/\/markd.com.br\/models\/author\/redacao\/\"}]}<\/script>\n<!-- \/ Yoast SEO plugin. -->","yoast_head_json":{"title":"Fonoaudi\u00f3loga \u00e9 investigada por torturar e isolar crian\u00e7as autistas: \u2018Dem\u00f4nio chegou\u2019 - Not\u00edcias de Todos - Models01","robots":{"index":"index","follow":"follow","max-snippet":"max-snippet:-1","max-image-preview":"max-image-preview:large","max-video-preview":"max-video-preview:-1"},"canonical":"https:\/\/markd.com.br\/models\/fonoaudiologa-e-investigada-por-torturar-e-isolar-criancas-autistas-demonio-chegou\/","og_locale":"pt_BR","og_type":"article","og_title":"Fonoaudi\u00f3loga \u00e9 investigada por torturar e isolar crian\u00e7as autistas: \u2018Dem\u00f4nio chegou\u2019 - Not\u00edcias de Todos - Models01","og_description":"A Pol\u00edcia Civil da cidade de Duartina, interior de S\u00e3o Paulo, investiga den\u00fancias de m\u00e3es...","og_url":"https:\/\/markd.com.br\/models\/fonoaudiologa-e-investigada-por-torturar-e-isolar-criancas-autistas-demonio-chegou\/","og_site_name":"Not\u00edcias de Todos - Models01","article_published_time":"2022-07-14T17:17:56+00:00","article_modified_time":"2022-07-14T17:17:59+00:00","og_image":[{"width":800,"height":445,"url":"https:\/\/markd.com.br\/models\/wp-content\/uploads\/2022\/07\/fonoaudiologa-800x445-1.webp","type":"image\/webp"}],"author":"Reda\u00e7\u00e3o Reda\u00e7\u00e3o","twitter_card":"summary_large_image","twitter_misc":{"Escrito por":"Reda\u00e7\u00e3o Reda\u00e7\u00e3o","Est. tempo de leitura":"3 minutos"},"schema":{"@context":"https:\/\/schema.org","@graph":[{"@type":"WebPage","@id":"https:\/\/markd.com.br\/models\/fonoaudiologa-e-investigada-por-torturar-e-isolar-criancas-autistas-demonio-chegou\/","url":"https:\/\/markd.com.br\/models\/fonoaudiologa-e-investigada-por-torturar-e-isolar-criancas-autistas-demonio-chegou\/","name":"Fonoaudi\u00f3loga \u00e9 investigada por torturar e isolar crian\u00e7as autistas: \u2018Dem\u00f4nio chegou\u2019 - Not\u00edcias de Todos - Models01","isPartOf":{"@id":"https:\/\/markd.com.br\/models\/#website"},"primaryImageOfPage":{"@id":"https:\/\/markd.com.br\/models\/fonoaudiologa-e-investigada-por-torturar-e-isolar-criancas-autistas-demonio-chegou\/#primaryimage"},"image":{"@id":"https:\/\/markd.com.br\/models\/fonoaudiologa-e-investigada-por-torturar-e-isolar-criancas-autistas-demonio-chegou\/#primaryimage"},"thumbnailUrl":"https:\/\/markd.com.br\/models\/wp-content\/uploads\/2022\/07\/fonoaudiologa-800x445-1.webp","datePublished":"2022-07-14T17:17:56+00:00","dateModified":"2022-07-14T17:17:59+00:00","author":{"@id":"https:\/\/markd.com.br\/models\/#\/schema\/person\/c12a77ab487a7262d8bec3c47301ad37"},"breadcrumb":{"@id":"https:\/\/markd.com.br\/models\/fonoaudiologa-e-investigada-por-torturar-e-isolar-criancas-autistas-demonio-chegou\/#breadcrumb"},"inLanguage":"pt-BR","potentialAction":[{"@type":"ReadAction","target":["https:\/\/markd.com.br\/models\/fonoaudiologa-e-investigada-por-torturar-e-isolar-criancas-autistas-demonio-chegou\/"]}]},{"@type":"ImageObject","inLanguage":"pt-BR","@id":"https:\/\/markd.com.br\/models\/fonoaudiologa-e-investigada-por-torturar-e-isolar-criancas-autistas-demonio-chegou\/#primaryimage","url":"https:\/\/markd.com.br\/models\/wp-content\/uploads\/2022\/07\/fonoaudiologa-800x445-1.webp","contentUrl":"https:\/\/markd.com.br\/models\/wp-content\/uploads\/2022\/07\/fonoaudiologa-800x445-1.webp","width":800,"height":445},{"@type":"BreadcrumbList","@id":"https:\/\/markd.com.br\/models\/fonoaudiologa-e-investigada-por-torturar-e-isolar-criancas-autistas-demonio-chegou\/#breadcrumb","itemListElement":[{"@type":"ListItem","position":1,"name":"In\u00edcio","item":"https:\/\/markd.com.br\/models\/"},{"@type":"ListItem","position":2,"name":"Fonoaudi\u00f3loga \u00e9 investigada por torturar e isolar crian\u00e7as autistas: \u2018Dem\u00f4nio chegou\u2019"}]},{"@type":"WebSite","@id":"https:\/\/markd.com.br\/models\/#website","url":"https:\/\/markd.com.br\/models\/","name":"Not\u00edcias de Todos - Models01","description":"Tenha um Portal de Not\u00edcias Moderno, Din\u00e2mico, R\u00e1pido e Profissional. Entregamos seu Site de  Not\u00edcias Pronto, Instalado, Hospedado, com Manual Passo a Passo e Suporte 24 horas.","potentialAction":[{"@type":"SearchAction","target":{"@type":"EntryPoint","urlTemplate":"https:\/\/markd.com.br\/models\/?s={search_term_string}"},"query-input":{"@type":"PropertyValueSpecification","valueRequired":true,"valueName":"search_term_string"}}],"inLanguage":"pt-BR"},{"@type":"Person","@id":"https:\/\/markd.com.br\/models\/#\/schema\/person\/c12a77ab487a7262d8bec3c47301ad37","name":"Reda\u00e7\u00e3o Reda\u00e7\u00e3o","image":{"@type":"ImageObject","inLanguage":"pt-BR","@id":"https:\/\/markd.com.br\/models\/#\/schema\/person\/image\/","url":"https:\/\/secure.gravatar.com\/avatar\/9448f3599ce269febf169e183039b4a6?s=96&d=mm&r=g","contentUrl":"https:\/\/secure.gravatar.com\/avatar\/9448f3599ce269febf169e183039b4a6?s=96&d=mm&r=g","caption":"Reda\u00e7\u00e3o Reda\u00e7\u00e3o"},"sameAs":["https:\/\/markd.com.br\/"],"url":"https:\/\/markd.com.br\/models\/author\/redacao\/"}]}},"featured_image_urls":{"full":["https:\/\/markd.com.br\/models\/wp-content\/uploads\/2022\/07\/fonoaudiologa-800x445-1.webp",800,445,false],"thumbnail":["https:\/\/markd.com.br\/models\/wp-content\/uploads\/2022\/07\/fonoaudiologa-800x445-1-150x150.webp",150,150,true],"medium":["https:\/\/markd.com.br\/models\/wp-content\/uploads\/2022\/07\/fonoaudiologa-800x445-1-300x167.webp",300,167,true],"medium_large":["https:\/\/markd.com.br\/models\/wp-content\/uploads\/2022\/07\/fonoaudiologa-800x445-1-768x427.webp",640,356,true],"large":["https:\/\/markd.com.br\/models\/wp-content\/uploads\/2022\/07\/fonoaudiologa-800x445-1.webp",640,356,false],"1536x1536":["https:\/\/markd.com.br\/models\/wp-content\/uploads\/2022\/07\/fonoaudiologa-800x445-1.webp",800,445,false],"2048x2048":["https:\/\/markd.com.br\/models\/wp-content\/uploads\/2022\/07\/fonoaudiologa-800x445-1.webp",800,445,false],"newsphere-slider-full":["https:\/\/markd.com.br\/models\/wp-content\/uploads\/2022\/07\/fonoaudiologa-800x445-1.webp",800,445,false],"newsphere-featured":["https:\/\/markd.com.br\/models\/wp-content\/uploads\/2022\/07\/fonoaudiologa-800x445-1.webp",800,445,false],"newsphere-medium":["https:\/\/markd.com.br\/models\/wp-content\/uploads\/2022\/07\/fonoaudiologa-800x445-1-720x380.webp",720,380,true]},"author_info":{"display_name":"Reda\u00e7\u00e3o Reda\u00e7\u00e3o","author_link":"https:\/\/markd.com.br\/models\/author\/redacao\/"},"category_info":"<a href=\"https:\/\/markd.com.br\/models\/category\/musica\/\" rel=\"category tag\">Pol\u00edcia<\/a>","tag_info":"Pol\u00edcia","comment_count":"0","jetpack_featured_media_url":"https:\/\/markd.com.br\/models\/wp-content\/uploads\/2022\/07\/fonoaudiologa-800x445-1.webp","_links":{"self":[{"href":"https:\/\/markd.com.br\/models\/wp-json\/wp\/v2\/posts\/2807","targetHints":{"allow":["GET"]}}],"collection":[{"href":"https:\/\/markd.com.br\/models\/wp-json\/wp\/v2\/posts"}],"about":[{"href":"https:\/\/markd.com.br\/models\/wp-json\/wp\/v2\/types\/post"}],"author":[{"embeddable":true,"href":"https:\/\/markd.com.br\/models\/wp-json\/wp\/v2\/users\/5"}],"replies":[{"embeddable":true,"href":"https:\/\/markd.com.br\/models\/wp-json\/wp\/v2\/comments?post=2807"}],"version-history":[{"count":1,"href":"https:\/\/markd.com.br\/models\/wp-json\/wp\/v2\/posts\/2807\/revisions"}],"predecessor-version":[{"id":2809,"href":"https:\/\/markd.com.br\/models\/wp-json\/wp\/v2\/posts\/2807\/revisions\/2809"}],"wp:featuredmedia":[{"embeddable":true,"href":"https:\/\/markd.com.br\/models\/wp-json\/wp\/v2\/media\/2808"}],"wp:attachment":[{"href":"https:\/\/markd.com.br\/models\/wp-json\/wp\/v2\/media?parent=2807"}],"wp:term":[{"taxonomy":"category","embeddable":true,"href":"https:\/\/markd.com.br\/models\/wp-json\/wp\/v2\/categories?post=2807"},{"taxonomy":"post_tag","embeddable":true,"href":"https:\/\/markd.com.br\/models\/wp-json\/wp\/v2\/tags?post=2807"}],"curies":[{"name":"wp","href":"https:\/\/api.w.org\/{rel}","templated":true}]}}