{"id":2909,"date":"2022-08-14T11:47:38","date_gmt":"2022-08-14T14:47:38","guid":{"rendered":"https:\/\/portaldestaquenoticias.com.br\/?p=2909"},"modified":"2022-08-14T11:47:44","modified_gmt":"2022-08-14T14:47:44","slug":"fundacao-acolhe-pessoas-idosas-e-transforma-historias-de-vida","status":"publish","type":"post","link":"https:\/\/markd.com.br\/models\/fundacao-acolhe-pessoas-idosas-e-transforma-historias-de-vida\/","title":{"rendered":"Funda\u00e7\u00e3o acolhe pessoas idosas e transforma hist\u00f3rias de vida"},"content":{"rendered":"\n<p>H\u00e1 113 anos acolhendo e cuidando de pessoas idosas na cidade de Manaus, a Funda\u00e7\u00e3o de Apoio ao Idoso Dr. Thomas (FDT), da Prefeitura de Manaus, coleciona hist\u00f3rias marcantes de vida das pessoas que j\u00e1 passaram ou ainda residem no local, como \u00e9 o caso da ex-moradora de rua e descendente ind\u00edgena Catarina Xavier, que hoje possui 109 anos de idade e v\u00ea a funda\u00e7\u00e3o como um lar.<\/p>\n\n\n\n<figure class=\"wp-block-image\"><img decoding=\"async\" src=\"https:\/\/www.manaus.am.gov.br\/wp-content\/uploads\/2022\/08\/52265518740_dc72b5b22b_c-720x407.jpg\" alt=\"\" class=\"wp-image-199185\"\/><\/figure>\n\n\n\n<p>Catarina foi recepcionada, desde o in\u00edcio de sua estada, pela assistente social da funda\u00e7\u00e3o, Adalgisa Dantas, que relatou toda a hist\u00f3ria de supera\u00e7\u00e3o de vida da ex-moradora de rua, que residia no bairro Cachoeirinha, em uma lona improvisada.<\/p>\n\n\n\n<p>\u201cDesde 2016 \u00e9 uma d\u00e1diva t\u00ea-la aqui e ela representa, nos seus 109 anos, esse cuidado que todas as pessoas idosas s\u00e3o dignas de receber. \u00c9 muito gratificante a gente ver a qualidade de vida que a gente est\u00e1 proporcionando para ela hoje aqui na institui\u00e7\u00e3o, uma vez que, comparando as condi\u00e7\u00f5es que ela vivia, tanto f\u00edsica quanto de humor, de tudo, a gente v\u00ea a evolu\u00e7\u00e3o da Catarina, agora demonstrando alegria o tempo todo. \u00c9 muito gratificante a gente ver a qualidade de vida que estamos proporcionando para ela e os demais residentes aqui na casa\u201d, comentou a assistente social.<\/p>\n\n\n\n<p>A FDT hoje oferece diversos cuidados di\u00e1rios, para os 133 residentes \u2013 sendo independentes, com m\u00e9dia e alta complexidades \u2013 que recebem seis refei\u00e7\u00f5es di\u00e1rias, estimula\u00e7\u00e3o cognitiva, atendimento m\u00e9dico, fisioterapia, psicologia, servi\u00e7o social, e outros atendimentos di\u00e1rios divididos de acordo com as atividades e hor\u00e1rios. A casa \u00e9 um programa de longa perman\u00eancia e possui os hor\u00e1rios organizados para que seja assegurado que cada uma das pessoas idosas esteja assistida.<\/p>\n\n\n\n<p>A diretora administrativa da FDT, Gracilene Celestino, destaca o trabalho que est\u00e1 sendo realizado e todas as melhorias que a funda\u00e7\u00e3o est\u00e1 recebendo na gest\u00e3o do prefeito David Almeida. \u201cA funda\u00e7\u00e3o passou por uma grande transforma\u00e7\u00e3o, principalmente na sua estrutura f\u00edsica e com a aquisi\u00e7\u00e3o de equipamentos. N\u00f3s conseguimos a reforma de oito pavilh\u00f5es de acomoda\u00e7\u00f5es coletivas, atendendo todas as normas de seguran\u00e7a. Temos tamb\u00e9m um centro de reabilita\u00e7\u00e3o e fisioterapia, temos um n\u00facleo de atendimento social e de sa\u00fade do idoso, para atender as necessidades da pessoa idosa institucionalizada, temos uma cozinha totalmente adaptada, uma lavanderia com padr\u00e3o hospitalar, dentro das normas da vigil\u00e2ncia sanit\u00e1ria, e tamb\u00e9m temos uma \u00e1rea externa, verde, grande, que possibilita ao residente todas as atividades que a equipe pode oferecer para lazer e divers\u00e3o, possibilitando um pouco de movimenta\u00e7\u00e3o e atividade f\u00edsica\u201d.<\/p>\n\n\n\n<p>O novo&nbsp;pavilh\u00e3o \u201cVila dos L\u00edrios\u201d, que tem capacidade para receber 22 pessoas idosas, foi constru\u00eddo com recursos origin\u00e1rios da emenda parlamentar n\u00ba 151\/2019, de autoria do vereador Hiram Nicolau, e inaugurado em dezembro de 2021. As novas depend\u00eancias est\u00e3o equipadas para atender pessoas idosas de alta depend\u00eancia, com estrutura interna humanizada, novo mobili\u00e1rio e banheiro adaptado.<\/p>\n\n\n\n<p>Catarina&nbsp;possui uma mobilidade excelente, a contraponto do que se espera dos seus 109 anos de idade. A assistente social Adalgisa Dantas relembrou a chegada da ex-moradora de rua at\u00e9 a funda\u00e7\u00e3o h\u00e1 seis anos.<\/p>\n\n\n\n<p>\u201cA&nbsp;dona Catarina&nbsp;veio para c\u00e1 a pedido da popula\u00e7\u00e3o, que queria que ela tivesse uma condi\u00e7\u00e3o de vida digna, por se tratar de uma idosa em situa\u00e7\u00e3o de rua, e chegou aqui sem nenhum documento, nenhuma identifica\u00e7\u00e3o. A adapta\u00e7\u00e3o dela foi bem complicada, porque ela queria fugir, e suas fun\u00e7\u00f5es f\u00edsicas eram muito boas, assim como ainda s\u00e3o, por\u00e9m, como ela vivia em ambiente livre, ela passou a estranhar um ambiente institucionalizado. \u00c0 medida que ela foi se adaptando, reconhecendo o ambiente como um local bom, ela passou a ser muito tranquila, participar das atividades e n\u00e3o ter mais vontade de sair\u201d, contou Adalgisa.<\/p>\n\n\n\n<p><strong>Popula\u00e7\u00e3o consciente<\/strong><\/p>\n\n\n\n<p>A&nbsp;hist\u00f3ria&nbsp;de Catarina&nbsp;tem momentos felizes, mas tamb\u00e9m \u00e9 uma hist\u00f3ria de aprendizado. Hoje, Catarina sorri, conversa, brinca com seus diversos colares de p\u00e9rola, se alimenta corretamente, pratica exerc\u00edcios f\u00edsicos e exames \u2013 inclusive n\u00e3o toma nenhum rem\u00e9dio -, tem qualidade de vida e amigas para conversar.<\/p>\n\n\n\n<p>Por meio do Disque Idoso (165), qualquer pessoa pode denunciar&nbsp;maus-tratos e neglig\u00eancia com a pessoa idosa, por isso, ao ligar, informe o endere\u00e7o, ponto de refer\u00eancia do local e fa\u00e7a sua den\u00fancia, para que todas as medidas cab\u00edveis possam ser realizadas, e uma equipe v\u00e1 at\u00e9 o local averiguar a situa\u00e7\u00e3o.<\/p>\n\n\n\n<p><strong>Doa\u00e7\u00f5es<\/strong><\/p>\n\n\n\n<p>O Fundo Municipal de Direitos do Idoso foi criado como um instrumento de capta\u00e7\u00e3o, repasse e aplica\u00e7\u00e3o de recursos destinados a suporte financeiro para a implanta\u00e7\u00e3o, manuten\u00e7\u00e3o e desenvolvimento de projetos para as pessoas idosas de Manaus. As doa\u00e7\u00f5es realizadas s\u00e3o deduzidas do imposto de renda, o que incentiva a fazer essas doa\u00e7\u00f5es.<\/p>\n\n\n\n<p>\u201cEu destaco principalmente as doa\u00e7\u00f5es ao Fundo Municipal do Idoso, porque essas doa\u00e7\u00f5es s\u00e3o dedut\u00edveis do imposto de renda, ent\u00e3o eu pe\u00e7o, incentivo, que a iniciativa privada ou pessoa f\u00edsica, que fa\u00e7a doa\u00e7\u00e3o ao fundo, v\u00e1 nas redes sociais que tem todas as recomenda\u00e7\u00f5es de como doar na conta-corrente do fundo, e as contribui\u00e7\u00f5es que voc\u00ea pode fazer, e tamb\u00e9m a contrapartida\u201d, declarou a diretora administrativa da Funda\u00e7\u00e3o, Gracilene Celestino.<\/p>\n\n\n\n<p>Para doar, basta fazer o dep\u00f3sito em conta banc\u00e1ria para: Banco do Brasil (001), Ag\u00eancia: 3563-7, Conta-Corrente: 8539-1, Favorecido: Fundo Municipal de Direitos do Idoso, CNPJ: 13.154.654\/0001-11. Ap\u00f3s isso, enviar uma c\u00f3pia do comprovante para o e-mail (&nbsp;<a href=\"mailto:fmdi.fdt@pmm.am.gov.br\">fmdi.fdt@pmm.am.gov.br<\/a>&nbsp;), que ser\u00e1 enviado o recibo para comprova\u00e7\u00e3o do Imposto de Renda.<\/p>\n\n\n\n<p><strong>Portas abertas<\/strong><\/p>\n\n\n\n<p>Antes da pandemia, a funda\u00e7\u00e3o recebia visitas de grupos de escolas, trabalho e igrejas, entretanto, devido \u00e0s&nbsp;restri\u00e7\u00f5es pela Covid-19, a visita\u00e7\u00e3o, bem como a realiza\u00e7\u00e3o de eventos dentro da FDT, est\u00e3o restritos, mantendo o cuidado dentro do local, usando m\u00e1scara de prote\u00e7\u00e3o nas depend\u00eancias internas e constantemente higienizando os espa\u00e7os.<\/p>\n","protected":false},"excerpt":{"rendered":"<p>H\u00e1 113 anos acolhendo e cuidando de pessoas idosas na cidade de Manaus, a Funda\u00e7\u00e3o&#8230;<\/p>\n","protected":false},"author":5,"featured_media":2910,"comment_status":"open","ping_status":"open","sticky":false,"template":"","format":"standard","meta":{"footnotes":""},"categories":[35],"tags":[43],"class_list":["post-2909","post","type-post","status-publish","format-standard","has-post-thumbnail","hentry","category-prefeitura-de-manaus","tag-prefeitura-de-manaus"],"yoast_head":"<!-- This site is optimized with the Yoast SEO plugin v24.4 - https:\/\/yoast.com\/wordpress\/plugins\/seo\/ -->\n<title>Funda\u00e7\u00e3o acolhe pessoas idosas e transforma hist\u00f3rias de vida - Not\u00edcias de Todos - Models01<\/title>\n<meta name=\"robots\" content=\"index, follow, max-snippet:-1, max-image-preview:large, max-video-preview:-1\" \/>\n<link rel=\"canonical\" href=\"https:\/\/markd.com.br\/models\/fundacao-acolhe-pessoas-idosas-e-transforma-historias-de-vida\/\" \/>\n<meta property=\"og:locale\" content=\"pt_BR\" \/>\n<meta property=\"og:type\" content=\"article\" \/>\n<meta property=\"og:title\" content=\"Funda\u00e7\u00e3o acolhe pessoas idosas e transforma hist\u00f3rias de vida - Not\u00edcias de Todos - Models01\" \/>\n<meta property=\"og:description\" content=\"H\u00e1 113 anos acolhendo e cuidando de pessoas idosas na cidade de Manaus, a Funda\u00e7\u00e3o...\" \/>\n<meta property=\"og:url\" content=\"https:\/\/markd.com.br\/models\/fundacao-acolhe-pessoas-idosas-e-transforma-historias-de-vida\/\" \/>\n<meta property=\"og:site_name\" content=\"Not\u00edcias de Todos - Models01\" \/>\n<meta property=\"article:published_time\" content=\"2022-08-14T14:47:38+00:00\" \/>\n<meta property=\"article:modified_time\" content=\"2022-08-14T14:47:44+00:00\" \/>\n<meta property=\"og:image\" content=\"https:\/\/markd.com.br\/models\/wp-content\/uploads\/2022\/08\/52265518740_dc72b5b22b_c-720x407-1.jpg\" \/>\n\t<meta property=\"og:image:width\" content=\"700\" \/>\n\t<meta property=\"og:image:height\" content=\"396\" \/>\n\t<meta property=\"og:image:type\" content=\"image\/jpeg\" \/>\n<meta name=\"author\" content=\"Reda\u00e7\u00e3o Reda\u00e7\u00e3o\" \/>\n<meta name=\"twitter:card\" content=\"summary_large_image\" \/>\n<meta name=\"twitter:label1\" content=\"Escrito por\" \/>\n\t<meta name=\"twitter:data1\" content=\"Reda\u00e7\u00e3o Reda\u00e7\u00e3o\" \/>\n\t<meta name=\"twitter:label2\" content=\"Est. tempo de leitura\" \/>\n\t<meta name=\"twitter:data2\" content=\"6 minutos\" \/>\n<script type=\"application\/ld+json\" class=\"yoast-schema-graph\">{\"@context\":\"https:\/\/schema.org\",\"@graph\":[{\"@type\":\"WebPage\",\"@id\":\"https:\/\/markd.com.br\/models\/fundacao-acolhe-pessoas-idosas-e-transforma-historias-de-vida\/\",\"url\":\"https:\/\/markd.com.br\/models\/fundacao-acolhe-pessoas-idosas-e-transforma-historias-de-vida\/\",\"name\":\"Funda\u00e7\u00e3o acolhe pessoas idosas e transforma hist\u00f3rias de vida - Not\u00edcias de Todos - Models01\",\"isPartOf\":{\"@id\":\"https:\/\/markd.com.br\/models\/#website\"},\"primaryImageOfPage\":{\"@id\":\"https:\/\/markd.com.br\/models\/fundacao-acolhe-pessoas-idosas-e-transforma-historias-de-vida\/#primaryimage\"},\"image\":{\"@id\":\"https:\/\/markd.com.br\/models\/fundacao-acolhe-pessoas-idosas-e-transforma-historias-de-vida\/#primaryimage\"},\"thumbnailUrl\":\"https:\/\/markd.com.br\/models\/wp-content\/uploads\/2022\/08\/52265518740_dc72b5b22b_c-720x407-1.jpg\",\"datePublished\":\"2022-08-14T14:47:38+00:00\",\"dateModified\":\"2022-08-14T14:47:44+00:00\",\"author\":{\"@id\":\"https:\/\/markd.com.br\/models\/#\/schema\/person\/c12a77ab487a7262d8bec3c47301ad37\"},\"breadcrumb\":{\"@id\":\"https:\/\/markd.com.br\/models\/fundacao-acolhe-pessoas-idosas-e-transforma-historias-de-vida\/#breadcrumb\"},\"inLanguage\":\"pt-BR\",\"potentialAction\":[{\"@type\":\"ReadAction\",\"target\":[\"https:\/\/markd.com.br\/models\/fundacao-acolhe-pessoas-idosas-e-transforma-historias-de-vida\/\"]}]},{\"@type\":\"ImageObject\",\"inLanguage\":\"pt-BR\",\"@id\":\"https:\/\/markd.com.br\/models\/fundacao-acolhe-pessoas-idosas-e-transforma-historias-de-vida\/#primaryimage\",\"url\":\"https:\/\/markd.com.br\/models\/wp-content\/uploads\/2022\/08\/52265518740_dc72b5b22b_c-720x407-1.jpg\",\"contentUrl\":\"https:\/\/markd.com.br\/models\/wp-content\/uploads\/2022\/08\/52265518740_dc72b5b22b_c-720x407-1.jpg\",\"width\":700,\"height\":396},{\"@type\":\"BreadcrumbList\",\"@id\":\"https:\/\/markd.com.br\/models\/fundacao-acolhe-pessoas-idosas-e-transforma-historias-de-vida\/#breadcrumb\",\"itemListElement\":[{\"@type\":\"ListItem\",\"position\":1,\"name\":\"In\u00edcio\",\"item\":\"https:\/\/markd.com.br\/models\/\"},{\"@type\":\"ListItem\",\"position\":2,\"name\":\"Funda\u00e7\u00e3o acolhe pessoas idosas e transforma hist\u00f3rias de vida\"}]},{\"@type\":\"WebSite\",\"@id\":\"https:\/\/markd.com.br\/models\/#website\",\"url\":\"https:\/\/markd.com.br\/models\/\",\"name\":\"Not\u00edcias de Todos - Models01\",\"description\":\"Tenha um Portal de Not\u00edcias Moderno, Din\u00e2mico, R\u00e1pido e Profissional. Entregamos seu Site de  Not\u00edcias Pronto, Instalado, Hospedado, com Manual Passo a Passo e Suporte 24 horas.\",\"potentialAction\":[{\"@type\":\"SearchAction\",\"target\":{\"@type\":\"EntryPoint\",\"urlTemplate\":\"https:\/\/markd.com.br\/models\/?s={search_term_string}\"},\"query-input\":{\"@type\":\"PropertyValueSpecification\",\"valueRequired\":true,\"valueName\":\"search_term_string\"}}],\"inLanguage\":\"pt-BR\"},{\"@type\":\"Person\",\"@id\":\"https:\/\/markd.com.br\/models\/#\/schema\/person\/c12a77ab487a7262d8bec3c47301ad37\",\"name\":\"Reda\u00e7\u00e3o Reda\u00e7\u00e3o\",\"image\":{\"@type\":\"ImageObject\",\"inLanguage\":\"pt-BR\",\"@id\":\"https:\/\/markd.com.br\/models\/#\/schema\/person\/image\/\",\"url\":\"https:\/\/secure.gravatar.com\/avatar\/9448f3599ce269febf169e183039b4a6?s=96&d=mm&r=g\",\"contentUrl\":\"https:\/\/secure.gravatar.com\/avatar\/9448f3599ce269febf169e183039b4a6?s=96&d=mm&r=g\",\"caption\":\"Reda\u00e7\u00e3o Reda\u00e7\u00e3o\"},\"sameAs\":[\"https:\/\/markd.com.br\/\"],\"url\":\"https:\/\/markd.com.br\/models\/author\/redacao\/\"}]}<\/script>\n<!-- \/ Yoast SEO plugin. -->","yoast_head_json":{"title":"Funda\u00e7\u00e3o acolhe pessoas idosas e transforma hist\u00f3rias de vida - Not\u00edcias de Todos - Models01","robots":{"index":"index","follow":"follow","max-snippet":"max-snippet:-1","max-image-preview":"max-image-preview:large","max-video-preview":"max-video-preview:-1"},"canonical":"https:\/\/markd.com.br\/models\/fundacao-acolhe-pessoas-idosas-e-transforma-historias-de-vida\/","og_locale":"pt_BR","og_type":"article","og_title":"Funda\u00e7\u00e3o acolhe pessoas idosas e transforma hist\u00f3rias de vida - Not\u00edcias de Todos - Models01","og_description":"H\u00e1 113 anos acolhendo e cuidando de pessoas idosas na cidade de Manaus, a Funda\u00e7\u00e3o...","og_url":"https:\/\/markd.com.br\/models\/fundacao-acolhe-pessoas-idosas-e-transforma-historias-de-vida\/","og_site_name":"Not\u00edcias de Todos - Models01","article_published_time":"2022-08-14T14:47:38+00:00","article_modified_time":"2022-08-14T14:47:44+00:00","og_image":[{"width":700,"height":396,"url":"https:\/\/markd.com.br\/models\/wp-content\/uploads\/2022\/08\/52265518740_dc72b5b22b_c-720x407-1.jpg","type":"image\/jpeg"}],"author":"Reda\u00e7\u00e3o Reda\u00e7\u00e3o","twitter_card":"summary_large_image","twitter_misc":{"Escrito por":"Reda\u00e7\u00e3o Reda\u00e7\u00e3o","Est. tempo de leitura":"6 minutos"},"schema":{"@context":"https:\/\/schema.org","@graph":[{"@type":"WebPage","@id":"https:\/\/markd.com.br\/models\/fundacao-acolhe-pessoas-idosas-e-transforma-historias-de-vida\/","url":"https:\/\/markd.com.br\/models\/fundacao-acolhe-pessoas-idosas-e-transforma-historias-de-vida\/","name":"Funda\u00e7\u00e3o acolhe pessoas idosas e transforma hist\u00f3rias de vida - Not\u00edcias de Todos - Models01","isPartOf":{"@id":"https:\/\/markd.com.br\/models\/#website"},"primaryImageOfPage":{"@id":"https:\/\/markd.com.br\/models\/fundacao-acolhe-pessoas-idosas-e-transforma-historias-de-vida\/#primaryimage"},"image":{"@id":"https:\/\/markd.com.br\/models\/fundacao-acolhe-pessoas-idosas-e-transforma-historias-de-vida\/#primaryimage"},"thumbnailUrl":"https:\/\/markd.com.br\/models\/wp-content\/uploads\/2022\/08\/52265518740_dc72b5b22b_c-720x407-1.jpg","datePublished":"2022-08-14T14:47:38+00:00","dateModified":"2022-08-14T14:47:44+00:00","author":{"@id":"https:\/\/markd.com.br\/models\/#\/schema\/person\/c12a77ab487a7262d8bec3c47301ad37"},"breadcrumb":{"@id":"https:\/\/markd.com.br\/models\/fundacao-acolhe-pessoas-idosas-e-transforma-historias-de-vida\/#breadcrumb"},"inLanguage":"pt-BR","potentialAction":[{"@type":"ReadAction","target":["https:\/\/markd.com.br\/models\/fundacao-acolhe-pessoas-idosas-e-transforma-historias-de-vida\/"]}]},{"@type":"ImageObject","inLanguage":"pt-BR","@id":"https:\/\/markd.com.br\/models\/fundacao-acolhe-pessoas-idosas-e-transforma-historias-de-vida\/#primaryimage","url":"https:\/\/markd.com.br\/models\/wp-content\/uploads\/2022\/08\/52265518740_dc72b5b22b_c-720x407-1.jpg","contentUrl":"https:\/\/markd.com.br\/models\/wp-content\/uploads\/2022\/08\/52265518740_dc72b5b22b_c-720x407-1.jpg","width":700,"height":396},{"@type":"BreadcrumbList","@id":"https:\/\/markd.com.br\/models\/fundacao-acolhe-pessoas-idosas-e-transforma-historias-de-vida\/#breadcrumb","itemListElement":[{"@type":"ListItem","position":1,"name":"In\u00edcio","item":"https:\/\/markd.com.br\/models\/"},{"@type":"ListItem","position":2,"name":"Funda\u00e7\u00e3o acolhe pessoas idosas e transforma hist\u00f3rias de vida"}]},{"@type":"WebSite","@id":"https:\/\/markd.com.br\/models\/#website","url":"https:\/\/markd.com.br\/models\/","name":"Not\u00edcias de Todos - Models01","description":"Tenha um Portal de Not\u00edcias Moderno, Din\u00e2mico, R\u00e1pido e Profissional. Entregamos seu Site de  Not\u00edcias Pronto, Instalado, Hospedado, com Manual Passo a Passo e Suporte 24 horas.","potentialAction":[{"@type":"SearchAction","target":{"@type":"EntryPoint","urlTemplate":"https:\/\/markd.com.br\/models\/?s={search_term_string}"},"query-input":{"@type":"PropertyValueSpecification","valueRequired":true,"valueName":"search_term_string"}}],"inLanguage":"pt-BR"},{"@type":"Person","@id":"https:\/\/markd.com.br\/models\/#\/schema\/person\/c12a77ab487a7262d8bec3c47301ad37","name":"Reda\u00e7\u00e3o Reda\u00e7\u00e3o","image":{"@type":"ImageObject","inLanguage":"pt-BR","@id":"https:\/\/markd.com.br\/models\/#\/schema\/person\/image\/","url":"https:\/\/secure.gravatar.com\/avatar\/9448f3599ce269febf169e183039b4a6?s=96&d=mm&r=g","contentUrl":"https:\/\/secure.gravatar.com\/avatar\/9448f3599ce269febf169e183039b4a6?s=96&d=mm&r=g","caption":"Reda\u00e7\u00e3o Reda\u00e7\u00e3o"},"sameAs":["https:\/\/markd.com.br\/"],"url":"https:\/\/markd.com.br\/models\/author\/redacao\/"}]}},"featured_image_urls":{"full":["https:\/\/markd.com.br\/models\/wp-content\/uploads\/2022\/08\/52265518740_dc72b5b22b_c-720x407-1.jpg",700,396,false],"thumbnail":["https:\/\/markd.com.br\/models\/wp-content\/uploads\/2022\/08\/52265518740_dc72b5b22b_c-720x407-1-150x150.jpg",150,150,true],"medium":["https:\/\/markd.com.br\/models\/wp-content\/uploads\/2022\/08\/52265518740_dc72b5b22b_c-720x407-1-300x170.jpg",300,170,true],"medium_large":["https:\/\/markd.com.br\/models\/wp-content\/uploads\/2022\/08\/52265518740_dc72b5b22b_c-720x407-1.jpg",640,362,false],"large":["https:\/\/markd.com.br\/models\/wp-content\/uploads\/2022\/08\/52265518740_dc72b5b22b_c-720x407-1.jpg",640,362,false],"1536x1536":["https:\/\/markd.com.br\/models\/wp-content\/uploads\/2022\/08\/52265518740_dc72b5b22b_c-720x407-1.jpg",700,396,false],"2048x2048":["https:\/\/markd.com.br\/models\/wp-content\/uploads\/2022\/08\/52265518740_dc72b5b22b_c-720x407-1.jpg",700,396,false],"newsphere-slider-full":["https:\/\/markd.com.br\/models\/wp-content\/uploads\/2022\/08\/52265518740_dc72b5b22b_c-720x407-1.jpg",700,396,false],"newsphere-featured":["https:\/\/markd.com.br\/models\/wp-content\/uploads\/2022\/08\/52265518740_dc72b5b22b_c-720x407-1.jpg",700,396,false],"newsphere-medium":["https:\/\/markd.com.br\/models\/wp-content\/uploads\/2022\/08\/52265518740_dc72b5b22b_c-720x407-1-700x380.jpg",700,380,true]},"author_info":{"display_name":"Reda\u00e7\u00e3o Reda\u00e7\u00e3o","author_link":"https:\/\/markd.com.br\/models\/author\/redacao\/"},"category_info":"<a href=\"https:\/\/markd.com.br\/models\/category\/prefeitura-de-manaus\/\" rel=\"category tag\">Prefeitura de Manaus<\/a>","tag_info":"Prefeitura de Manaus","comment_count":"0","jetpack_featured_media_url":"https:\/\/markd.com.br\/models\/wp-content\/uploads\/2022\/08\/52265518740_dc72b5b22b_c-720x407-1.jpg","_links":{"self":[{"href":"https:\/\/markd.com.br\/models\/wp-json\/wp\/v2\/posts\/2909","targetHints":{"allow":["GET"]}}],"collection":[{"href":"https:\/\/markd.com.br\/models\/wp-json\/wp\/v2\/posts"}],"about":[{"href":"https:\/\/markd.com.br\/models\/wp-json\/wp\/v2\/types\/post"}],"author":[{"embeddable":true,"href":"https:\/\/markd.com.br\/models\/wp-json\/wp\/v2\/users\/5"}],"replies":[{"embeddable":true,"href":"https:\/\/markd.com.br\/models\/wp-json\/wp\/v2\/comments?post=2909"}],"version-history":[{"count":1,"href":"https:\/\/markd.com.br\/models\/wp-json\/wp\/v2\/posts\/2909\/revisions"}],"predecessor-version":[{"id":2911,"href":"https:\/\/markd.com.br\/models\/wp-json\/wp\/v2\/posts\/2909\/revisions\/2911"}],"wp:featuredmedia":[{"embeddable":true,"href":"https:\/\/markd.com.br\/models\/wp-json\/wp\/v2\/media\/2910"}],"wp:attachment":[{"href":"https:\/\/markd.com.br\/models\/wp-json\/wp\/v2\/media?parent=2909"}],"wp:term":[{"taxonomy":"category","embeddable":true,"href":"https:\/\/markd.com.br\/models\/wp-json\/wp\/v2\/categories?post=2909"},{"taxonomy":"post_tag","embeddable":true,"href":"https:\/\/markd.com.br\/models\/wp-json\/wp\/v2\/tags?post=2909"}],"curies":[{"name":"wp","href":"https:\/\/api.w.org\/{rel}","templated":true}]}}