{"id":2928,"date":"2022-08-15T14:53:33","date_gmt":"2022-08-15T17:53:33","guid":{"rendered":"https:\/\/portaldestaquenoticias.com.br\/?p=2928"},"modified":"2022-08-15T14:53:38","modified_gmt":"2022-08-15T17:53:38","slug":"prefeitura-de-manaus-realiza-palestra-com-servidoras-durante-campanha-de-combate-a-violencia","status":"publish","type":"post","link":"https:\/\/markd.com.br\/models\/prefeitura-de-manaus-realiza-palestra-com-servidoras-durante-campanha-de-combate-a-violencia\/","title":{"rendered":"Prefeitura de Manaus realiza palestra com servidoras durante campanha de combate \u00e0 viol\u00eancia"},"content":{"rendered":"\n<p>Trazendo a campanha \u201cManaus Por Elas\u201d para dentro de casa, a Prefeitura de Manaus realizou, na manh\u00e3 desta segunda-feira, 15\/8, por meio da Secretaria Municipal da Mulher, Assist\u00eancia Social e Cidadania (Semasc), uma palestra voltada para as servidoras de diferentes secretarias municipais, abordando diversos t\u00f3picos voltados ao enfrentamento \u00e0 viol\u00eancia contra a mulher. O evento ocorreu no Parque Municipal do Idoso, localizado no bairro Nossa Senhora das Gra\u00e7as, zona Centro-Sul da cidade.<\/p>\n\n\n\n<p>\u201c\u00c9 um evento extremamente importante para n\u00f3s, porque, al\u00e9m de precisarmos qualificar os servi\u00e7os prestados pela prefeitura \u00e0 popula\u00e7\u00e3o, tamb\u00e9m sabemos que qualquer mulher, em qualquer esfera da sociedade, seja ela p\u00fablica ou privada, pode ser uma v\u00edtima de viol\u00eancia, o que nos leva a trazer a campanha para dentro das nossas secretarias, seguindo a orienta\u00e7\u00e3o do prefeito David Almeida de levar esclarecimento e orienta\u00e7\u00e3o a nossas servidoras\u201d, destacou a secret\u00e1ria municipal da Mulher, Assist\u00eancia Social e Cidadania, Jane Mara Moraes.<\/p>\n\n\n\n<p>\u201cTrabalhar essa tem\u00e1tica com nossas servidoras \u00e9 tamb\u00e9m lembrar que elas, antes de tudo, s\u00e3o mulheres e tamb\u00e9m precisam desse cuidado e aten\u00e7\u00e3o, sendo essencial trabalhar esse processo de preven\u00e7\u00e3o\u201d, concluiu a diretora do Departamento de Enfrentamento \u00e0 Viol\u00eancia Contra a Mulher, Marley Fonseca.<\/p>\n\n\n\n<p>De acordo com a servidora da Secretaria Municipal de Infraestrutura (Seminf), Elaine Moraes, eventos e atividades voltados para mulheres da esfera p\u00fablica acabam por passar mais seguran\u00e7a a essas mulheres.<\/p>\n\n\n\n<p>\u201cIndependentemente de sermos servidoras p\u00fablicas, somos mulheres e, como mulheres, sabemos que a viol\u00eancia pode ocorrer em qualquer lugar, at\u00e9 mesmo no ambiente de trabalho. Por meio dessas atividades, conseguimos n\u00e3o s\u00f3 ter uma ideia do que fazer ou com quem falar, como tamb\u00e9m podemos ajudar umas \u00e0s outras, o que pode encorajar muitas a n\u00e3o permanecerem caladas\u201d, concluiu.<\/p>\n\n\n\n<p><strong>\u2014 \u2014 \u2014<\/strong><\/p>\n\n\n\n<p><strong>Texto \u2013<\/strong>&nbsp;Guilherme Ara\u00fajo Pacheco \/ Semasc<\/p>\n\n\n\n<p><strong>Fotos \u2013&nbsp;<\/strong>Marcely Gomes \/ Semasc<\/p>\n","protected":false},"excerpt":{"rendered":"<p>Trazendo a campanha \u201cManaus Por Elas\u201d para dentro de casa, a Prefeitura de Manaus realizou,&#8230;<\/p>\n","protected":false},"author":5,"featured_media":2929,"comment_status":"open","ping_status":"open","sticky":false,"template":"","format":"standard","meta":{"footnotes":""},"categories":[35],"tags":[817],"class_list":["post-2928","post","type-post","status-publish","format-standard","has-post-thumbnail","hentry","category-prefeitura-de-manaus","tag-campanha-de-combate-a-violencia"],"yoast_head":"<!-- This site is optimized with the Yoast SEO plugin v24.4 - https:\/\/yoast.com\/wordpress\/plugins\/seo\/ -->\n<title>Prefeitura de Manaus realiza palestra com servidoras durante campanha de combate \u00e0 viol\u00eancia - Not\u00edcias de Todos - Models01<\/title>\n<meta name=\"robots\" content=\"index, follow, max-snippet:-1, max-image-preview:large, max-video-preview:-1\" \/>\n<link rel=\"canonical\" href=\"https:\/\/markd.com.br\/models\/prefeitura-de-manaus-realiza-palestra-com-servidoras-durante-campanha-de-combate-a-violencia\/\" \/>\n<meta property=\"og:locale\" content=\"pt_BR\" \/>\n<meta property=\"og:type\" content=\"article\" \/>\n<meta property=\"og:title\" content=\"Prefeitura de Manaus realiza palestra com servidoras durante campanha de combate \u00e0 viol\u00eancia - Not\u00edcias de Todos - Models01\" \/>\n<meta property=\"og:description\" content=\"Trazendo a campanha \u201cManaus Por Elas\u201d para dentro de casa, a Prefeitura de Manaus realizou,...\" \/>\n<meta property=\"og:url\" content=\"https:\/\/markd.com.br\/models\/prefeitura-de-manaus-realiza-palestra-com-servidoras-durante-campanha-de-combate-a-violencia\/\" \/>\n<meta property=\"og:site_name\" content=\"Not\u00edcias de Todos - Models01\" \/>\n<meta property=\"article:published_time\" content=\"2022-08-15T17:53:33+00:00\" \/>\n<meta property=\"article:modified_time\" content=\"2022-08-15T17:53:38+00:00\" \/>\n<meta property=\"og:image\" content=\"https:\/\/markd.com.br\/models\/wp-content\/uploads\/2022\/08\/52287777498_fafc109771_o-720x407-1.jpg\" \/>\n\t<meta property=\"og:image:width\" content=\"720\" \/>\n\t<meta property=\"og:image:height\" content=\"407\" \/>\n\t<meta property=\"og:image:type\" content=\"image\/jpeg\" \/>\n<meta name=\"author\" content=\"Reda\u00e7\u00e3o Reda\u00e7\u00e3o\" \/>\n<meta name=\"twitter:card\" content=\"summary_large_image\" \/>\n<meta name=\"twitter:label1\" content=\"Escrito por\" \/>\n\t<meta name=\"twitter:data1\" content=\"Reda\u00e7\u00e3o Reda\u00e7\u00e3o\" \/>\n\t<meta name=\"twitter:label2\" content=\"Est. tempo de leitura\" \/>\n\t<meta name=\"twitter:data2\" content=\"2 minutos\" \/>\n<script type=\"application\/ld+json\" class=\"yoast-schema-graph\">{\"@context\":\"https:\/\/schema.org\",\"@graph\":[{\"@type\":\"WebPage\",\"@id\":\"https:\/\/markd.com.br\/models\/prefeitura-de-manaus-realiza-palestra-com-servidoras-durante-campanha-de-combate-a-violencia\/\",\"url\":\"https:\/\/markd.com.br\/models\/prefeitura-de-manaus-realiza-palestra-com-servidoras-durante-campanha-de-combate-a-violencia\/\",\"name\":\"Prefeitura de Manaus realiza palestra com servidoras durante campanha de combate \u00e0 viol\u00eancia - Not\u00edcias de Todos - Models01\",\"isPartOf\":{\"@id\":\"https:\/\/markd.com.br\/models\/#website\"},\"primaryImageOfPage\":{\"@id\":\"https:\/\/markd.com.br\/models\/prefeitura-de-manaus-realiza-palestra-com-servidoras-durante-campanha-de-combate-a-violencia\/#primaryimage\"},\"image\":{\"@id\":\"https:\/\/markd.com.br\/models\/prefeitura-de-manaus-realiza-palestra-com-servidoras-durante-campanha-de-combate-a-violencia\/#primaryimage\"},\"thumbnailUrl\":\"https:\/\/markd.com.br\/models\/wp-content\/uploads\/2022\/08\/52287777498_fafc109771_o-720x407-1.jpg\",\"datePublished\":\"2022-08-15T17:53:33+00:00\",\"dateModified\":\"2022-08-15T17:53:38+00:00\",\"author\":{\"@id\":\"https:\/\/markd.com.br\/models\/#\/schema\/person\/c12a77ab487a7262d8bec3c47301ad37\"},\"breadcrumb\":{\"@id\":\"https:\/\/markd.com.br\/models\/prefeitura-de-manaus-realiza-palestra-com-servidoras-durante-campanha-de-combate-a-violencia\/#breadcrumb\"},\"inLanguage\":\"pt-BR\",\"potentialAction\":[{\"@type\":\"ReadAction\",\"target\":[\"https:\/\/markd.com.br\/models\/prefeitura-de-manaus-realiza-palestra-com-servidoras-durante-campanha-de-combate-a-violencia\/\"]}]},{\"@type\":\"ImageObject\",\"inLanguage\":\"pt-BR\",\"@id\":\"https:\/\/markd.com.br\/models\/prefeitura-de-manaus-realiza-palestra-com-servidoras-durante-campanha-de-combate-a-violencia\/#primaryimage\",\"url\":\"https:\/\/markd.com.br\/models\/wp-content\/uploads\/2022\/08\/52287777498_fafc109771_o-720x407-1.jpg\",\"contentUrl\":\"https:\/\/markd.com.br\/models\/wp-content\/uploads\/2022\/08\/52287777498_fafc109771_o-720x407-1.jpg\",\"width\":720,\"height\":407},{\"@type\":\"BreadcrumbList\",\"@id\":\"https:\/\/markd.com.br\/models\/prefeitura-de-manaus-realiza-palestra-com-servidoras-durante-campanha-de-combate-a-violencia\/#breadcrumb\",\"itemListElement\":[{\"@type\":\"ListItem\",\"position\":1,\"name\":\"In\u00edcio\",\"item\":\"https:\/\/markd.com.br\/models\/\"},{\"@type\":\"ListItem\",\"position\":2,\"name\":\"Prefeitura de Manaus realiza palestra com servidoras durante campanha de combate \u00e0 viol\u00eancia\"}]},{\"@type\":\"WebSite\",\"@id\":\"https:\/\/markd.com.br\/models\/#website\",\"url\":\"https:\/\/markd.com.br\/models\/\",\"name\":\"Not\u00edcias de Todos - Models01\",\"description\":\"Tenha um Portal de Not\u00edcias Moderno, Din\u00e2mico, R\u00e1pido e Profissional. Entregamos seu Site de  Not\u00edcias Pronto, Instalado, Hospedado, com Manual Passo a Passo e Suporte 24 horas.\",\"potentialAction\":[{\"@type\":\"SearchAction\",\"target\":{\"@type\":\"EntryPoint\",\"urlTemplate\":\"https:\/\/markd.com.br\/models\/?s={search_term_string}\"},\"query-input\":{\"@type\":\"PropertyValueSpecification\",\"valueRequired\":true,\"valueName\":\"search_term_string\"}}],\"inLanguage\":\"pt-BR\"},{\"@type\":\"Person\",\"@id\":\"https:\/\/markd.com.br\/models\/#\/schema\/person\/c12a77ab487a7262d8bec3c47301ad37\",\"name\":\"Reda\u00e7\u00e3o Reda\u00e7\u00e3o\",\"image\":{\"@type\":\"ImageObject\",\"inLanguage\":\"pt-BR\",\"@id\":\"https:\/\/markd.com.br\/models\/#\/schema\/person\/image\/\",\"url\":\"https:\/\/secure.gravatar.com\/avatar\/9448f3599ce269febf169e183039b4a6?s=96&d=mm&r=g\",\"contentUrl\":\"https:\/\/secure.gravatar.com\/avatar\/9448f3599ce269febf169e183039b4a6?s=96&d=mm&r=g\",\"caption\":\"Reda\u00e7\u00e3o Reda\u00e7\u00e3o\"},\"sameAs\":[\"https:\/\/markd.com.br\/\"],\"url\":\"https:\/\/markd.com.br\/models\/author\/redacao\/\"}]}<\/script>\n<!-- \/ Yoast SEO plugin. -->","yoast_head_json":{"title":"Prefeitura de Manaus realiza palestra com servidoras durante campanha de combate \u00e0 viol\u00eancia - Not\u00edcias de Todos - Models01","robots":{"index":"index","follow":"follow","max-snippet":"max-snippet:-1","max-image-preview":"max-image-preview:large","max-video-preview":"max-video-preview:-1"},"canonical":"https:\/\/markd.com.br\/models\/prefeitura-de-manaus-realiza-palestra-com-servidoras-durante-campanha-de-combate-a-violencia\/","og_locale":"pt_BR","og_type":"article","og_title":"Prefeitura de Manaus realiza palestra com servidoras durante campanha de combate \u00e0 viol\u00eancia - Not\u00edcias de Todos - Models01","og_description":"Trazendo a campanha \u201cManaus Por Elas\u201d para dentro de casa, a Prefeitura de Manaus realizou,...","og_url":"https:\/\/markd.com.br\/models\/prefeitura-de-manaus-realiza-palestra-com-servidoras-durante-campanha-de-combate-a-violencia\/","og_site_name":"Not\u00edcias de Todos - Models01","article_published_time":"2022-08-15T17:53:33+00:00","article_modified_time":"2022-08-15T17:53:38+00:00","og_image":[{"width":720,"height":407,"url":"https:\/\/markd.com.br\/models\/wp-content\/uploads\/2022\/08\/52287777498_fafc109771_o-720x407-1.jpg","type":"image\/jpeg"}],"author":"Reda\u00e7\u00e3o Reda\u00e7\u00e3o","twitter_card":"summary_large_image","twitter_misc":{"Escrito por":"Reda\u00e7\u00e3o Reda\u00e7\u00e3o","Est. tempo de leitura":"2 minutos"},"schema":{"@context":"https:\/\/schema.org","@graph":[{"@type":"WebPage","@id":"https:\/\/markd.com.br\/models\/prefeitura-de-manaus-realiza-palestra-com-servidoras-durante-campanha-de-combate-a-violencia\/","url":"https:\/\/markd.com.br\/models\/prefeitura-de-manaus-realiza-palestra-com-servidoras-durante-campanha-de-combate-a-violencia\/","name":"Prefeitura de Manaus realiza palestra com servidoras durante campanha de combate \u00e0 viol\u00eancia - Not\u00edcias de Todos - Models01","isPartOf":{"@id":"https:\/\/markd.com.br\/models\/#website"},"primaryImageOfPage":{"@id":"https:\/\/markd.com.br\/models\/prefeitura-de-manaus-realiza-palestra-com-servidoras-durante-campanha-de-combate-a-violencia\/#primaryimage"},"image":{"@id":"https:\/\/markd.com.br\/models\/prefeitura-de-manaus-realiza-palestra-com-servidoras-durante-campanha-de-combate-a-violencia\/#primaryimage"},"thumbnailUrl":"https:\/\/markd.com.br\/models\/wp-content\/uploads\/2022\/08\/52287777498_fafc109771_o-720x407-1.jpg","datePublished":"2022-08-15T17:53:33+00:00","dateModified":"2022-08-15T17:53:38+00:00","author":{"@id":"https:\/\/markd.com.br\/models\/#\/schema\/person\/c12a77ab487a7262d8bec3c47301ad37"},"breadcrumb":{"@id":"https:\/\/markd.com.br\/models\/prefeitura-de-manaus-realiza-palestra-com-servidoras-durante-campanha-de-combate-a-violencia\/#breadcrumb"},"inLanguage":"pt-BR","potentialAction":[{"@type":"ReadAction","target":["https:\/\/markd.com.br\/models\/prefeitura-de-manaus-realiza-palestra-com-servidoras-durante-campanha-de-combate-a-violencia\/"]}]},{"@type":"ImageObject","inLanguage":"pt-BR","@id":"https:\/\/markd.com.br\/models\/prefeitura-de-manaus-realiza-palestra-com-servidoras-durante-campanha-de-combate-a-violencia\/#primaryimage","url":"https:\/\/markd.com.br\/models\/wp-content\/uploads\/2022\/08\/52287777498_fafc109771_o-720x407-1.jpg","contentUrl":"https:\/\/markd.com.br\/models\/wp-content\/uploads\/2022\/08\/52287777498_fafc109771_o-720x407-1.jpg","width":720,"height":407},{"@type":"BreadcrumbList","@id":"https:\/\/markd.com.br\/models\/prefeitura-de-manaus-realiza-palestra-com-servidoras-durante-campanha-de-combate-a-violencia\/#breadcrumb","itemListElement":[{"@type":"ListItem","position":1,"name":"In\u00edcio","item":"https:\/\/markd.com.br\/models\/"},{"@type":"ListItem","position":2,"name":"Prefeitura de Manaus realiza palestra com servidoras durante campanha de combate \u00e0 viol\u00eancia"}]},{"@type":"WebSite","@id":"https:\/\/markd.com.br\/models\/#website","url":"https:\/\/markd.com.br\/models\/","name":"Not\u00edcias de Todos - Models01","description":"Tenha um Portal de Not\u00edcias Moderno, Din\u00e2mico, R\u00e1pido e Profissional. Entregamos seu Site de  Not\u00edcias Pronto, Instalado, Hospedado, com Manual Passo a Passo e Suporte 24 horas.","potentialAction":[{"@type":"SearchAction","target":{"@type":"EntryPoint","urlTemplate":"https:\/\/markd.com.br\/models\/?s={search_term_string}"},"query-input":{"@type":"PropertyValueSpecification","valueRequired":true,"valueName":"search_term_string"}}],"inLanguage":"pt-BR"},{"@type":"Person","@id":"https:\/\/markd.com.br\/models\/#\/schema\/person\/c12a77ab487a7262d8bec3c47301ad37","name":"Reda\u00e7\u00e3o Reda\u00e7\u00e3o","image":{"@type":"ImageObject","inLanguage":"pt-BR","@id":"https:\/\/markd.com.br\/models\/#\/schema\/person\/image\/","url":"https:\/\/secure.gravatar.com\/avatar\/9448f3599ce269febf169e183039b4a6?s=96&d=mm&r=g","contentUrl":"https:\/\/secure.gravatar.com\/avatar\/9448f3599ce269febf169e183039b4a6?s=96&d=mm&r=g","caption":"Reda\u00e7\u00e3o Reda\u00e7\u00e3o"},"sameAs":["https:\/\/markd.com.br\/"],"url":"https:\/\/markd.com.br\/models\/author\/redacao\/"}]}},"featured_image_urls":{"full":["https:\/\/markd.com.br\/models\/wp-content\/uploads\/2022\/08\/52287777498_fafc109771_o-720x407-1.jpg",720,407,false],"thumbnail":["https:\/\/markd.com.br\/models\/wp-content\/uploads\/2022\/08\/52287777498_fafc109771_o-720x407-1-150x150.jpg",150,150,true],"medium":["https:\/\/markd.com.br\/models\/wp-content\/uploads\/2022\/08\/52287777498_fafc109771_o-720x407-1-300x170.jpg",300,170,true],"medium_large":["https:\/\/markd.com.br\/models\/wp-content\/uploads\/2022\/08\/52287777498_fafc109771_o-720x407-1.jpg",640,362,false],"large":["https:\/\/markd.com.br\/models\/wp-content\/uploads\/2022\/08\/52287777498_fafc109771_o-720x407-1.jpg",640,362,false],"1536x1536":["https:\/\/markd.com.br\/models\/wp-content\/uploads\/2022\/08\/52287777498_fafc109771_o-720x407-1.jpg",720,407,false],"2048x2048":["https:\/\/markd.com.br\/models\/wp-content\/uploads\/2022\/08\/52287777498_fafc109771_o-720x407-1.jpg",720,407,false],"newsphere-slider-full":["https:\/\/markd.com.br\/models\/wp-content\/uploads\/2022\/08\/52287777498_fafc109771_o-720x407-1.jpg",720,407,false],"newsphere-featured":["https:\/\/markd.com.br\/models\/wp-content\/uploads\/2022\/08\/52287777498_fafc109771_o-720x407-1.jpg",720,407,false],"newsphere-medium":["https:\/\/markd.com.br\/models\/wp-content\/uploads\/2022\/08\/52287777498_fafc109771_o-720x407-1-720x380.jpg",720,380,true]},"author_info":{"display_name":"Reda\u00e7\u00e3o Reda\u00e7\u00e3o","author_link":"https:\/\/markd.com.br\/models\/author\/redacao\/"},"category_info":"<a href=\"https:\/\/markd.com.br\/models\/category\/prefeitura-de-manaus\/\" rel=\"category tag\">Prefeitura de Manaus<\/a>","tag_info":"Prefeitura de Manaus","comment_count":"0","jetpack_featured_media_url":"https:\/\/markd.com.br\/models\/wp-content\/uploads\/2022\/08\/52287777498_fafc109771_o-720x407-1.jpg","_links":{"self":[{"href":"https:\/\/markd.com.br\/models\/wp-json\/wp\/v2\/posts\/2928","targetHints":{"allow":["GET"]}}],"collection":[{"href":"https:\/\/markd.com.br\/models\/wp-json\/wp\/v2\/posts"}],"about":[{"href":"https:\/\/markd.com.br\/models\/wp-json\/wp\/v2\/types\/post"}],"author":[{"embeddable":true,"href":"https:\/\/markd.com.br\/models\/wp-json\/wp\/v2\/users\/5"}],"replies":[{"embeddable":true,"href":"https:\/\/markd.com.br\/models\/wp-json\/wp\/v2\/comments?post=2928"}],"version-history":[{"count":1,"href":"https:\/\/markd.com.br\/models\/wp-json\/wp\/v2\/posts\/2928\/revisions"}],"predecessor-version":[{"id":2930,"href":"https:\/\/markd.com.br\/models\/wp-json\/wp\/v2\/posts\/2928\/revisions\/2930"}],"wp:featuredmedia":[{"embeddable":true,"href":"https:\/\/markd.com.br\/models\/wp-json\/wp\/v2\/media\/2929"}],"wp:attachment":[{"href":"https:\/\/markd.com.br\/models\/wp-json\/wp\/v2\/media?parent=2928"}],"wp:term":[{"taxonomy":"category","embeddable":true,"href":"https:\/\/markd.com.br\/models\/wp-json\/wp\/v2\/categories?post=2928"},{"taxonomy":"post_tag","embeddable":true,"href":"https:\/\/markd.com.br\/models\/wp-json\/wp\/v2\/tags?post=2928"}],"curies":[{"name":"wp","href":"https:\/\/api.w.org\/{rel}","templated":true}]}}