{"id":2963,"date":"2022-08-16T16:41:12","date_gmt":"2022-08-16T19:41:12","guid":{"rendered":"https:\/\/portaldestaquenoticias.com.br\/?p=2963"},"modified":"2022-08-16T16:41:15","modified_gmt":"2022-08-16T19:41:15","slug":"pf-faz-buscas-em-operacao-sobre-ataque-hacker-a-orgaos-publicos-e-ao-ministerio-da-saude","status":"publish","type":"post","link":"https:\/\/markd.com.br\/models\/pf-faz-buscas-em-operacao-sobre-ataque-hacker-a-orgaos-publicos-e-ao-ministerio-da-saude\/","title":{"rendered":"PF faz buscas em opera\u00e7\u00e3o sobre ataque hacker a \u00f3rg\u00e3os p\u00fablicos e ao Minist\u00e9rio da Sa\u00fade"},"content":{"rendered":"\n<p>Na manh\u00e3 desta ter\u00e7a-feira, 16, a Pol\u00edcia Federal (PF) deflagrou a Opera\u00e7\u00e3o Dark Cloud em busca de provas relacionadas \u00e0 investiga\u00e7\u00e3o da invas\u00e3o de diversos sites do governo no ano passado, principalmente dos sistemas do Minist\u00e9rio da Sa\u00fade.<\/p>\n\n\n\n<p>S\u00e3o cumpridos mandados em Minas Gerais, Para\u00edba, Paran\u00e1 e Santa Catarina, todos de busca e apreens\u00e3o. As dilig\u00eancias foram autorizadas pela Justi\u00e7a Federal de Bras\u00edlia, a pedido da PF. \u201cDurante a investiga\u00e7\u00e3o, descobriu-se que tais ataques foram realizados por uma organiza\u00e7\u00e3o criminosa transnacional dedicada \u00e0 pr\u00e1tica de crimes dessa natureza, visando entidades p\u00fablicas e privadas no Brasil, Estados Unidos, Portugal e Col\u00f4mbia\u201d, disse a PF, em nota.<\/p>\n\n\n\n<p>Em dezembro do ano passado, um ataque cibern\u00e9tico \u00e0 base de dados da Sa\u00fade derrubou o portal e o aplicativo do ConecteSus, servi\u00e7o digital que cont\u00e9m diversas informa\u00e7\u00f5es sobre a sa\u00fade dos cidad\u00e3os e por onde \u00e9 poss\u00edvel emitir, por exemplo, certificados de vacina\u00e7\u00e3o da covid-19. A pasta levou mais de um m\u00eas para conseguir normalizar todo o sistema.<\/p>\n\n\n\n<p>Tamb\u00e9m foram atacados os sites da Controladoria-Geral da Uni\u00e3o, Minist\u00e9rio da Economia, Instituto Federal do Paran\u00e1, Ag\u00eancia Nacional de \u00c1guas e Saneamento B\u00e1sico, Escola Nacional de Administra\u00e7\u00e3o P\u00fablica, Ag\u00eancia Nacional de Transporte Terrestre, Instituto de Pesquisas Jardim Bot\u00e2nico do Rio de Janeiro, Ag\u00eancia Nacional de Energia El\u00e9trica, da Funda\u00e7\u00e3o de Previd\u00eancia Complementar do Servidor P\u00fablico Federal e da Pol\u00edcia Rodovi\u00e1ria Federal: \u201cOs crimes apurados na investiga\u00e7\u00e3o s\u00e3o os de organiza\u00e7\u00e3o criminosa, invas\u00e3o de dispositivo inform\u00e1tico, interrup\u00e7\u00e3o ou perturba\u00e7\u00e3o de servi\u00e7o telegr\u00e1fico, radiotelegr\u00e1fico ou telef\u00f4nico, impedir ou dificultar-lhe o restabelecimento; al\u00e9m do crime de corrup\u00e7\u00e3o de menores, com previs\u00e3o no Estatuto da Crian\u00e7a e do Adolescente, e lavagem de capitais\u201d, informou a PF.<\/p>\n\n\n\n<p><strong><em><sub>Com informa\u00e7\u00f5es da Ag\u00eancia Brasil e Pol\u00edcia Federal<\/sub><\/em><\/strong><\/p>\n","protected":false},"excerpt":{"rendered":"<p>Na manh\u00e3 desta ter\u00e7a-feira, 16, a Pol\u00edcia Federal (PF) deflagrou a Opera\u00e7\u00e3o Dark Cloud em&#8230;<\/p>\n","protected":false},"author":5,"featured_media":2964,"comment_status":"open","ping_status":"open","sticky":false,"template":"","format":"standard","meta":{"footnotes":""},"categories":[34],"tags":[],"class_list":["post-2963","post","type-post","status-publish","format-standard","has-post-thumbnail","hentry","category-musica"],"yoast_head":"<!-- This site is optimized with the Yoast SEO plugin v24.4 - https:\/\/yoast.com\/wordpress\/plugins\/seo\/ -->\n<title>PF faz buscas em opera\u00e7\u00e3o sobre ataque hacker a \u00f3rg\u00e3os p\u00fablicos e ao Minist\u00e9rio da Sa\u00fade - Not\u00edcias de Todos - Models01<\/title>\n<meta name=\"robots\" content=\"index, follow, max-snippet:-1, max-image-preview:large, max-video-preview:-1\" \/>\n<link rel=\"canonical\" href=\"https:\/\/markd.com.br\/models\/pf-faz-buscas-em-operacao-sobre-ataque-hacker-a-orgaos-publicos-e-ao-ministerio-da-saude\/\" \/>\n<meta property=\"og:locale\" content=\"pt_BR\" \/>\n<meta property=\"og:type\" content=\"article\" \/>\n<meta property=\"og:title\" content=\"PF faz buscas em opera\u00e7\u00e3o sobre ataque hacker a \u00f3rg\u00e3os p\u00fablicos e ao Minist\u00e9rio da Sa\u00fade - Not\u00edcias de Todos - Models01\" \/>\n<meta property=\"og:description\" content=\"Na manh\u00e3 desta ter\u00e7a-feira, 16, a Pol\u00edcia Federal (PF) deflagrou a Opera\u00e7\u00e3o Dark Cloud em...\" \/>\n<meta property=\"og:url\" content=\"https:\/\/markd.com.br\/models\/pf-faz-buscas-em-operacao-sobre-ataque-hacker-a-orgaos-publicos-e-ao-ministerio-da-saude\/\" \/>\n<meta property=\"og:site_name\" content=\"Not\u00edcias de Todos - Models01\" \/>\n<meta property=\"article:published_time\" content=\"2022-08-16T19:41:12+00:00\" \/>\n<meta property=\"article:modified_time\" content=\"2022-08-16T19:41:15+00:00\" \/>\n<meta property=\"og:image\" content=\"https:\/\/markd.com.br\/models\/wp-content\/uploads\/2022\/08\/05558013-18f1-4399-81c9-5b9ee6700167-1024x613-1-e1660678846608.jpeg\" \/>\n\t<meta property=\"og:image:width\" content=\"700\" \/>\n\t<meta property=\"og:image:height\" content=\"419\" \/>\n\t<meta property=\"og:image:type\" content=\"image\/jpeg\" \/>\n<meta name=\"author\" content=\"Reda\u00e7\u00e3o Reda\u00e7\u00e3o\" \/>\n<meta name=\"twitter:card\" content=\"summary_large_image\" \/>\n<meta name=\"twitter:label1\" content=\"Escrito por\" \/>\n\t<meta name=\"twitter:data1\" content=\"Reda\u00e7\u00e3o Reda\u00e7\u00e3o\" \/>\n\t<meta name=\"twitter:label2\" content=\"Est. tempo de leitura\" \/>\n\t<meta name=\"twitter:data2\" content=\"2 minutos\" \/>\n<script type=\"application\/ld+json\" class=\"yoast-schema-graph\">{\"@context\":\"https:\/\/schema.org\",\"@graph\":[{\"@type\":\"WebPage\",\"@id\":\"https:\/\/markd.com.br\/models\/pf-faz-buscas-em-operacao-sobre-ataque-hacker-a-orgaos-publicos-e-ao-ministerio-da-saude\/\",\"url\":\"https:\/\/markd.com.br\/models\/pf-faz-buscas-em-operacao-sobre-ataque-hacker-a-orgaos-publicos-e-ao-ministerio-da-saude\/\",\"name\":\"PF faz buscas em opera\u00e7\u00e3o sobre ataque hacker a \u00f3rg\u00e3os p\u00fablicos e ao Minist\u00e9rio da Sa\u00fade - Not\u00edcias de Todos - Models01\",\"isPartOf\":{\"@id\":\"https:\/\/markd.com.br\/models\/#website\"},\"primaryImageOfPage\":{\"@id\":\"https:\/\/markd.com.br\/models\/pf-faz-buscas-em-operacao-sobre-ataque-hacker-a-orgaos-publicos-e-ao-ministerio-da-saude\/#primaryimage\"},\"image\":{\"@id\":\"https:\/\/markd.com.br\/models\/pf-faz-buscas-em-operacao-sobre-ataque-hacker-a-orgaos-publicos-e-ao-ministerio-da-saude\/#primaryimage\"},\"thumbnailUrl\":\"https:\/\/markd.com.br\/models\/wp-content\/uploads\/2022\/08\/05558013-18f1-4399-81c9-5b9ee6700167-1024x613-1-e1660678846608.jpeg\",\"datePublished\":\"2022-08-16T19:41:12+00:00\",\"dateModified\":\"2022-08-16T19:41:15+00:00\",\"author\":{\"@id\":\"https:\/\/markd.com.br\/models\/#\/schema\/person\/c12a77ab487a7262d8bec3c47301ad37\"},\"breadcrumb\":{\"@id\":\"https:\/\/markd.com.br\/models\/pf-faz-buscas-em-operacao-sobre-ataque-hacker-a-orgaos-publicos-e-ao-ministerio-da-saude\/#breadcrumb\"},\"inLanguage\":\"pt-BR\",\"potentialAction\":[{\"@type\":\"ReadAction\",\"target\":[\"https:\/\/markd.com.br\/models\/pf-faz-buscas-em-operacao-sobre-ataque-hacker-a-orgaos-publicos-e-ao-ministerio-da-saude\/\"]}]},{\"@type\":\"ImageObject\",\"inLanguage\":\"pt-BR\",\"@id\":\"https:\/\/markd.com.br\/models\/pf-faz-buscas-em-operacao-sobre-ataque-hacker-a-orgaos-publicos-e-ao-ministerio-da-saude\/#primaryimage\",\"url\":\"https:\/\/markd.com.br\/models\/wp-content\/uploads\/2022\/08\/05558013-18f1-4399-81c9-5b9ee6700167-1024x613-1-e1660678846608.jpeg\",\"contentUrl\":\"https:\/\/markd.com.br\/models\/wp-content\/uploads\/2022\/08\/05558013-18f1-4399-81c9-5b9ee6700167-1024x613-1-e1660678846608.jpeg\",\"width\":700,\"height\":419,\"caption\":\"Opera\u00e7\u00e3o Dark Cloud\"},{\"@type\":\"BreadcrumbList\",\"@id\":\"https:\/\/markd.com.br\/models\/pf-faz-buscas-em-operacao-sobre-ataque-hacker-a-orgaos-publicos-e-ao-ministerio-da-saude\/#breadcrumb\",\"itemListElement\":[{\"@type\":\"ListItem\",\"position\":1,\"name\":\"In\u00edcio\",\"item\":\"https:\/\/markd.com.br\/models\/\"},{\"@type\":\"ListItem\",\"position\":2,\"name\":\"PF faz buscas em opera\u00e7\u00e3o sobre ataque hacker a \u00f3rg\u00e3os p\u00fablicos e ao Minist\u00e9rio da Sa\u00fade\"}]},{\"@type\":\"WebSite\",\"@id\":\"https:\/\/markd.com.br\/models\/#website\",\"url\":\"https:\/\/markd.com.br\/models\/\",\"name\":\"Not\u00edcias de Todos - Models01\",\"description\":\"Tenha um Portal de Not\u00edcias Moderno, Din\u00e2mico, R\u00e1pido e Profissional. Entregamos seu Site de  Not\u00edcias Pronto, Instalado, Hospedado, com Manual Passo a Passo e Suporte 24 horas.\",\"potentialAction\":[{\"@type\":\"SearchAction\",\"target\":{\"@type\":\"EntryPoint\",\"urlTemplate\":\"https:\/\/markd.com.br\/models\/?s={search_term_string}\"},\"query-input\":{\"@type\":\"PropertyValueSpecification\",\"valueRequired\":true,\"valueName\":\"search_term_string\"}}],\"inLanguage\":\"pt-BR\"},{\"@type\":\"Person\",\"@id\":\"https:\/\/markd.com.br\/models\/#\/schema\/person\/c12a77ab487a7262d8bec3c47301ad37\",\"name\":\"Reda\u00e7\u00e3o Reda\u00e7\u00e3o\",\"image\":{\"@type\":\"ImageObject\",\"inLanguage\":\"pt-BR\",\"@id\":\"https:\/\/markd.com.br\/models\/#\/schema\/person\/image\/\",\"url\":\"https:\/\/secure.gravatar.com\/avatar\/9448f3599ce269febf169e183039b4a6?s=96&d=mm&r=g\",\"contentUrl\":\"https:\/\/secure.gravatar.com\/avatar\/9448f3599ce269febf169e183039b4a6?s=96&d=mm&r=g\",\"caption\":\"Reda\u00e7\u00e3o Reda\u00e7\u00e3o\"},\"sameAs\":[\"https:\/\/markd.com.br\/\"],\"url\":\"https:\/\/markd.com.br\/models\/author\/redacao\/\"}]}<\/script>\n<!-- \/ Yoast SEO plugin. -->","yoast_head_json":{"title":"PF faz buscas em opera\u00e7\u00e3o sobre ataque hacker a \u00f3rg\u00e3os p\u00fablicos e ao Minist\u00e9rio da Sa\u00fade - Not\u00edcias de Todos - Models01","robots":{"index":"index","follow":"follow","max-snippet":"max-snippet:-1","max-image-preview":"max-image-preview:large","max-video-preview":"max-video-preview:-1"},"canonical":"https:\/\/markd.com.br\/models\/pf-faz-buscas-em-operacao-sobre-ataque-hacker-a-orgaos-publicos-e-ao-ministerio-da-saude\/","og_locale":"pt_BR","og_type":"article","og_title":"PF faz buscas em opera\u00e7\u00e3o sobre ataque hacker a \u00f3rg\u00e3os p\u00fablicos e ao Minist\u00e9rio da Sa\u00fade - Not\u00edcias de Todos - Models01","og_description":"Na manh\u00e3 desta ter\u00e7a-feira, 16, a Pol\u00edcia Federal (PF) deflagrou a Opera\u00e7\u00e3o Dark Cloud em...","og_url":"https:\/\/markd.com.br\/models\/pf-faz-buscas-em-operacao-sobre-ataque-hacker-a-orgaos-publicos-e-ao-ministerio-da-saude\/","og_site_name":"Not\u00edcias de Todos - Models01","article_published_time":"2022-08-16T19:41:12+00:00","article_modified_time":"2022-08-16T19:41:15+00:00","og_image":[{"width":700,"height":419,"url":"https:\/\/markd.com.br\/models\/wp-content\/uploads\/2022\/08\/05558013-18f1-4399-81c9-5b9ee6700167-1024x613-1-e1660678846608.jpeg","type":"image\/jpeg"}],"author":"Reda\u00e7\u00e3o Reda\u00e7\u00e3o","twitter_card":"summary_large_image","twitter_misc":{"Escrito por":"Reda\u00e7\u00e3o Reda\u00e7\u00e3o","Est. tempo de leitura":"2 minutos"},"schema":{"@context":"https:\/\/schema.org","@graph":[{"@type":"WebPage","@id":"https:\/\/markd.com.br\/models\/pf-faz-buscas-em-operacao-sobre-ataque-hacker-a-orgaos-publicos-e-ao-ministerio-da-saude\/","url":"https:\/\/markd.com.br\/models\/pf-faz-buscas-em-operacao-sobre-ataque-hacker-a-orgaos-publicos-e-ao-ministerio-da-saude\/","name":"PF faz buscas em opera\u00e7\u00e3o sobre ataque hacker a \u00f3rg\u00e3os p\u00fablicos e ao Minist\u00e9rio da Sa\u00fade - Not\u00edcias de Todos - Models01","isPartOf":{"@id":"https:\/\/markd.com.br\/models\/#website"},"primaryImageOfPage":{"@id":"https:\/\/markd.com.br\/models\/pf-faz-buscas-em-operacao-sobre-ataque-hacker-a-orgaos-publicos-e-ao-ministerio-da-saude\/#primaryimage"},"image":{"@id":"https:\/\/markd.com.br\/models\/pf-faz-buscas-em-operacao-sobre-ataque-hacker-a-orgaos-publicos-e-ao-ministerio-da-saude\/#primaryimage"},"thumbnailUrl":"https:\/\/markd.com.br\/models\/wp-content\/uploads\/2022\/08\/05558013-18f1-4399-81c9-5b9ee6700167-1024x613-1-e1660678846608.jpeg","datePublished":"2022-08-16T19:41:12+00:00","dateModified":"2022-08-16T19:41:15+00:00","author":{"@id":"https:\/\/markd.com.br\/models\/#\/schema\/person\/c12a77ab487a7262d8bec3c47301ad37"},"breadcrumb":{"@id":"https:\/\/markd.com.br\/models\/pf-faz-buscas-em-operacao-sobre-ataque-hacker-a-orgaos-publicos-e-ao-ministerio-da-saude\/#breadcrumb"},"inLanguage":"pt-BR","potentialAction":[{"@type":"ReadAction","target":["https:\/\/markd.com.br\/models\/pf-faz-buscas-em-operacao-sobre-ataque-hacker-a-orgaos-publicos-e-ao-ministerio-da-saude\/"]}]},{"@type":"ImageObject","inLanguage":"pt-BR","@id":"https:\/\/markd.com.br\/models\/pf-faz-buscas-em-operacao-sobre-ataque-hacker-a-orgaos-publicos-e-ao-ministerio-da-saude\/#primaryimage","url":"https:\/\/markd.com.br\/models\/wp-content\/uploads\/2022\/08\/05558013-18f1-4399-81c9-5b9ee6700167-1024x613-1-e1660678846608.jpeg","contentUrl":"https:\/\/markd.com.br\/models\/wp-content\/uploads\/2022\/08\/05558013-18f1-4399-81c9-5b9ee6700167-1024x613-1-e1660678846608.jpeg","width":700,"height":419,"caption":"Opera\u00e7\u00e3o Dark Cloud"},{"@type":"BreadcrumbList","@id":"https:\/\/markd.com.br\/models\/pf-faz-buscas-em-operacao-sobre-ataque-hacker-a-orgaos-publicos-e-ao-ministerio-da-saude\/#breadcrumb","itemListElement":[{"@type":"ListItem","position":1,"name":"In\u00edcio","item":"https:\/\/markd.com.br\/models\/"},{"@type":"ListItem","position":2,"name":"PF faz buscas em opera\u00e7\u00e3o sobre ataque hacker a \u00f3rg\u00e3os p\u00fablicos e ao Minist\u00e9rio da Sa\u00fade"}]},{"@type":"WebSite","@id":"https:\/\/markd.com.br\/models\/#website","url":"https:\/\/markd.com.br\/models\/","name":"Not\u00edcias de Todos - Models01","description":"Tenha um Portal de Not\u00edcias Moderno, Din\u00e2mico, R\u00e1pido e Profissional. Entregamos seu Site de  Not\u00edcias Pronto, Instalado, Hospedado, com Manual Passo a Passo e Suporte 24 horas.","potentialAction":[{"@type":"SearchAction","target":{"@type":"EntryPoint","urlTemplate":"https:\/\/markd.com.br\/models\/?s={search_term_string}"},"query-input":{"@type":"PropertyValueSpecification","valueRequired":true,"valueName":"search_term_string"}}],"inLanguage":"pt-BR"},{"@type":"Person","@id":"https:\/\/markd.com.br\/models\/#\/schema\/person\/c12a77ab487a7262d8bec3c47301ad37","name":"Reda\u00e7\u00e3o Reda\u00e7\u00e3o","image":{"@type":"ImageObject","inLanguage":"pt-BR","@id":"https:\/\/markd.com.br\/models\/#\/schema\/person\/image\/","url":"https:\/\/secure.gravatar.com\/avatar\/9448f3599ce269febf169e183039b4a6?s=96&d=mm&r=g","contentUrl":"https:\/\/secure.gravatar.com\/avatar\/9448f3599ce269febf169e183039b4a6?s=96&d=mm&r=g","caption":"Reda\u00e7\u00e3o Reda\u00e7\u00e3o"},"sameAs":["https:\/\/markd.com.br\/"],"url":"https:\/\/markd.com.br\/models\/author\/redacao\/"}]}},"featured_image_urls":{"full":["https:\/\/markd.com.br\/models\/wp-content\/uploads\/2022\/08\/05558013-18f1-4399-81c9-5b9ee6700167-1024x613-1-e1660678846608.jpeg",700,419,false],"thumbnail":["https:\/\/markd.com.br\/models\/wp-content\/uploads\/2022\/08\/05558013-18f1-4399-81c9-5b9ee6700167-1024x613-1-150x150.jpeg",150,150,true],"medium":["https:\/\/markd.com.br\/models\/wp-content\/uploads\/2022\/08\/05558013-18f1-4399-81c9-5b9ee6700167-1024x613-1-300x180.jpeg",300,180,true],"medium_large":["https:\/\/markd.com.br\/models\/wp-content\/uploads\/2022\/08\/05558013-18f1-4399-81c9-5b9ee6700167-1024x613-1-768x460.jpeg",640,383,true],"large":["https:\/\/markd.com.br\/models\/wp-content\/uploads\/2022\/08\/05558013-18f1-4399-81c9-5b9ee6700167-1024x613-1-e1660678846608.jpeg",640,383,false],"1536x1536":["https:\/\/markd.com.br\/models\/wp-content\/uploads\/2022\/08\/05558013-18f1-4399-81c9-5b9ee6700167-1024x613-1-e1660678846608.jpeg",700,419,false],"2048x2048":["https:\/\/markd.com.br\/models\/wp-content\/uploads\/2022\/08\/05558013-18f1-4399-81c9-5b9ee6700167-1024x613-1-e1660678846608.jpeg",700,419,false],"newsphere-slider-full":["https:\/\/markd.com.br\/models\/wp-content\/uploads\/2022\/08\/05558013-18f1-4399-81c9-5b9ee6700167-1024x613-1-e1660678846608.jpeg",700,419,false],"newsphere-featured":["https:\/\/markd.com.br\/models\/wp-content\/uploads\/2022\/08\/05558013-18f1-4399-81c9-5b9ee6700167-1024x613-1-e1660678846608.jpeg",700,419,false],"newsphere-medium":["https:\/\/markd.com.br\/models\/wp-content\/uploads\/2022\/08\/05558013-18f1-4399-81c9-5b9ee6700167-1024x613-1-720x380.jpeg",720,380,true]},"author_info":{"display_name":"Reda\u00e7\u00e3o Reda\u00e7\u00e3o","author_link":"https:\/\/markd.com.br\/models\/author\/redacao\/"},"category_info":"<a href=\"https:\/\/markd.com.br\/models\/category\/musica\/\" rel=\"category tag\">Pol\u00edcia<\/a>","tag_info":"Pol\u00edcia","comment_count":"0","jetpack_featured_media_url":"https:\/\/markd.com.br\/models\/wp-content\/uploads\/2022\/08\/05558013-18f1-4399-81c9-5b9ee6700167-1024x613-1-e1660678846608.jpeg","_links":{"self":[{"href":"https:\/\/markd.com.br\/models\/wp-json\/wp\/v2\/posts\/2963","targetHints":{"allow":["GET"]}}],"collection":[{"href":"https:\/\/markd.com.br\/models\/wp-json\/wp\/v2\/posts"}],"about":[{"href":"https:\/\/markd.com.br\/models\/wp-json\/wp\/v2\/types\/post"}],"author":[{"embeddable":true,"href":"https:\/\/markd.com.br\/models\/wp-json\/wp\/v2\/users\/5"}],"replies":[{"embeddable":true,"href":"https:\/\/markd.com.br\/models\/wp-json\/wp\/v2\/comments?post=2963"}],"version-history":[{"count":1,"href":"https:\/\/markd.com.br\/models\/wp-json\/wp\/v2\/posts\/2963\/revisions"}],"predecessor-version":[{"id":2965,"href":"https:\/\/markd.com.br\/models\/wp-json\/wp\/v2\/posts\/2963\/revisions\/2965"}],"wp:featuredmedia":[{"embeddable":true,"href":"https:\/\/markd.com.br\/models\/wp-json\/wp\/v2\/media\/2964"}],"wp:attachment":[{"href":"https:\/\/markd.com.br\/models\/wp-json\/wp\/v2\/media?parent=2963"}],"wp:term":[{"taxonomy":"category","embeddable":true,"href":"https:\/\/markd.com.br\/models\/wp-json\/wp\/v2\/categories?post=2963"},{"taxonomy":"post_tag","embeddable":true,"href":"https:\/\/markd.com.br\/models\/wp-json\/wp\/v2\/tags?post=2963"}],"curies":[{"name":"wp","href":"https:\/\/api.w.org\/{rel}","templated":true}]}}