{"id":3046,"date":"2022-08-19T18:37:00","date_gmt":"2022-08-19T21:37:00","guid":{"rendered":"https:\/\/portaldestaquenoticias.com.br\/?p=3046"},"modified":"2022-08-19T18:37:06","modified_gmt":"2022-08-19T21:37:06","slug":"vacina-contra-a-covid-19-sera-ofertada-em-69-unidades-da-prefeitura-de-manaus-neste-sabado-20-8","status":"publish","type":"post","link":"https:\/\/markd.com.br\/models\/vacina-contra-a-covid-19-sera-ofertada-em-69-unidades-da-prefeitura-de-manaus-neste-sabado-20-8\/","title":{"rendered":"Vacina contra a Covid-19 ser\u00e1 ofertada em 69 unidades da Prefeitura de Manaus neste s\u00e1bado, 20\/8"},"content":{"rendered":"\n<p>A vacina\u00e7\u00e3o contra a Covid-19 ser\u00e1 realizada em 69 unidades de sa\u00fade da&nbsp;Prefeitura de Manaus, neste s\u00e1bado, 20\/8, para todos os p\u00fablicos a partir de 12 anos de idade. A vacina\u00e7\u00e3o infantil, de crian\u00e7as de 3 a 11 anos, estar\u00e1 dispon\u00edvel em 37 destas unidades. A Secretaria Municipal de Sa\u00fade (Semsa) mant\u00e9m a execu\u00e7\u00e3o da campanha aos s\u00e1bados para facilitar o acesso dos usu\u00e1rios que n\u00e3o t\u00eam tempo durante a semana.<\/p>\n\n\n\n<p>A subsecret\u00e1ria municipal de Gest\u00e3o da Sa\u00fade da Semsa, Aldeniza Ara\u00fajo, informou que a popula\u00e7\u00e3o pode buscar as unidades tanto para iniciar o esquema vacinal, com a primeira dose, quanto para receber a segunda, terceira ou quarta dose. Os usu\u00e1rios precisam apresentar documento de identidade com foto e cart\u00e3o de vacina.<\/p>\n\n\n\n<p>\u201cNossos pontos t\u00eam vacina suficiente para atender todas as pessoas que nos procurarem. Estamos convocando, principalmente, aquelas que ainda n\u00e3o tomaram as doses de refor\u00e7o, pois o n\u00famero de atrasados ainda continua muito alto e estamos trabalhando para reverter esse quadro, justamente para manter nossa popula\u00e7\u00e3o protegida\u201d, disse a subsecret\u00e1ria.<\/p>\n\n\n\n<p>Aldeniza pede que os usu\u00e1rios que buscam a vacina\u00e7\u00e3o contra a Covid-19 tenham aten\u00e7\u00e3o \u00e0 lista das unidades, pois a secretaria ter\u00e1 mais de 100 unidades em funcionamento neste s\u00e1bado, mas com a\u00e7\u00f5es voltadas para o \u201cSabad\u00e3o da Sa\u00fade\u201d e para o \u201cDia D\u201d da Campanha Nacional de Vacina\u00e7\u00e3o contra a Poliomielite e de Multivacina\u00e7\u00e3o.<\/p>\n\n\n\n<p>A subsecret\u00e1ria destaca que a vacina\u00e7\u00e3o contra a Covid-19 ser\u00e1 realizada de 8h \u00e0s 12h. A lista com os endere\u00e7os das 69 unidades pode ser conferida no site da Semsa:&nbsp;<a href=\"http:\/\/semsa.manaus.am.gov.br\/\" target=\"_blank\" rel=\"noreferrer noopener\">semsa.manaus.am.gov.br<\/a>, no link&nbsp;<a href=\"http:\/\/bit.ly\/localvacinacovid19\" target=\"_blank\" rel=\"noreferrer noopener\">bit.ly\/localvacinacovid19<\/a>, e tamb\u00e9m nas redes sociais da secretaria (@semsamanaus no Instagram e Semsa Manaus no Facebook).<\/p>\n\n\n\n<p><strong>Intervalos<\/strong><\/p>\n\n\n\n<p>A Semsa orienta que as pessoas que ainda n\u00e3o tomaram nenhuma dose devem buscar imediatamente um ponto de vacina\u00e7\u00e3o. O p\u00fablico apto s\u00e3o crian\u00e7as de 3 a 11 anos de idade, al\u00e9m de adolescentes, adultos e idosos de qualquer idade.<\/p>\n\n\n\n<p>A segunda dose deve ser recebida por todos os usu\u00e1rios, conforme intervalo indicado, para garantir o esquema vacinal inicial. As doses de refor\u00e7o, segundo Aldeniza Ara\u00fajo, tamb\u00e9m s\u00e3o fundamentais para restabelecer a prote\u00e7\u00e3o contra a Covid-19.<\/p>\n\n\n\n<p>A terceira dose est\u00e1 liberada para o p\u00fablico a partir de 12 anos de idade. Os adolescentes com imunossupress\u00e3o devem aguardar pelo menos 2 meses a partir da segunda dose; adultos imunossuprimidos, pelo menos 28 dias; idosos a partir de 60 anos, pelo menos 3 meses; e o p\u00fablico em geral a partir de 12 anos, pelo menos 4 meses.<\/p>\n\n\n\n<p>Para a quarta dose, o intervalo padr\u00e3o para todos os p\u00fablicos a partir de 18 anos de idade \u00e9 de 4 meses ou mais, desde o recebimento da terceira. A situa\u00e7\u00e3o vacinal pode ser consultada individualmente em caso de d\u00favidas, por meio da plataforma Imuniza Manaus:&nbsp;<a href=\"http:\/\/imuniza.manaus.am.gov.br\/\" target=\"_blank\" rel=\"noreferrer noopener\">imuniza.manaus.am.gov.br<\/a>.<\/p>\n\n\n\n<p>\u2014 \u2014 \u2014<\/p>\n\n\n\n<p><strong>Texto<\/strong>&nbsp;\u2013 Victor Cruz \/ Semsa<\/p>\n\n\n\n<p><strong>Fotos<\/strong>&nbsp;\u2013 Henrique Souza \/ Semsa<\/p>\n","protected":false},"excerpt":{"rendered":"<p>A vacina\u00e7\u00e3o contra a Covid-19 ser\u00e1 realizada em 69 unidades de sa\u00fade da&nbsp;Prefeitura de Manaus,&#8230;<\/p>\n","protected":false},"author":5,"featured_media":3047,"comment_status":"open","ping_status":"open","sticky":false,"template":"","format":"standard","meta":{"footnotes":""},"categories":[35],"tags":[],"class_list":["post-3046","post","type-post","status-publish","format-standard","has-post-thumbnail","hentry","category-prefeitura-de-manaus"],"yoast_head":"<!-- This site is optimized with the Yoast SEO plugin v24.4 - https:\/\/yoast.com\/wordpress\/plugins\/seo\/ -->\n<title>Vacina contra a Covid-19 ser\u00e1 ofertada em 69 unidades da Prefeitura de Manaus neste s\u00e1bado, 20\/8 - Not\u00edcias de Todos - Models01<\/title>\n<meta name=\"robots\" content=\"index, follow, max-snippet:-1, max-image-preview:large, max-video-preview:-1\" \/>\n<link rel=\"canonical\" href=\"https:\/\/markd.com.br\/models\/vacina-contra-a-covid-19-sera-ofertada-em-69-unidades-da-prefeitura-de-manaus-neste-sabado-20-8\/\" \/>\n<meta property=\"og:locale\" content=\"pt_BR\" \/>\n<meta property=\"og:type\" content=\"article\" \/>\n<meta property=\"og:title\" content=\"Vacina contra a Covid-19 ser\u00e1 ofertada em 69 unidades da Prefeitura de Manaus neste s\u00e1bado, 20\/8 - Not\u00edcias de Todos - Models01\" \/>\n<meta property=\"og:description\" content=\"A vacina\u00e7\u00e3o contra a Covid-19 ser\u00e1 realizada em 69 unidades de sa\u00fade da&nbsp;Prefeitura de Manaus,...\" \/>\n<meta property=\"og:url\" content=\"https:\/\/markd.com.br\/models\/vacina-contra-a-covid-19-sera-ofertada-em-69-unidades-da-prefeitura-de-manaus-neste-sabado-20-8\/\" \/>\n<meta property=\"og:site_name\" content=\"Not\u00edcias de Todos - Models01\" \/>\n<meta property=\"article:published_time\" content=\"2022-08-19T21:37:00+00:00\" \/>\n<meta property=\"article:modified_time\" content=\"2022-08-19T21:37:06+00:00\" \/>\n<meta property=\"og:image\" content=\"https:\/\/markd.com.br\/models\/wp-content\/uploads\/2022\/08\/52205023195_8c9e5451f0_c.jpg\" \/>\n\t<meta property=\"og:image:width\" content=\"799\" \/>\n\t<meta property=\"og:image:height\" content=\"533\" \/>\n\t<meta property=\"og:image:type\" content=\"image\/jpeg\" \/>\n<meta name=\"author\" content=\"Reda\u00e7\u00e3o Reda\u00e7\u00e3o\" \/>\n<meta name=\"twitter:card\" content=\"summary_large_image\" \/>\n<meta name=\"twitter:label1\" content=\"Escrito por\" \/>\n\t<meta name=\"twitter:data1\" content=\"Reda\u00e7\u00e3o Reda\u00e7\u00e3o\" \/>\n\t<meta name=\"twitter:label2\" content=\"Est. tempo de leitura\" \/>\n\t<meta name=\"twitter:data2\" content=\"3 minutos\" \/>\n<script type=\"application\/ld+json\" class=\"yoast-schema-graph\">{\"@context\":\"https:\/\/schema.org\",\"@graph\":[{\"@type\":\"WebPage\",\"@id\":\"https:\/\/markd.com.br\/models\/vacina-contra-a-covid-19-sera-ofertada-em-69-unidades-da-prefeitura-de-manaus-neste-sabado-20-8\/\",\"url\":\"https:\/\/markd.com.br\/models\/vacina-contra-a-covid-19-sera-ofertada-em-69-unidades-da-prefeitura-de-manaus-neste-sabado-20-8\/\",\"name\":\"Vacina contra a Covid-19 ser\u00e1 ofertada em 69 unidades da Prefeitura de Manaus neste s\u00e1bado, 20\/8 - Not\u00edcias de Todos - Models01\",\"isPartOf\":{\"@id\":\"https:\/\/markd.com.br\/models\/#website\"},\"primaryImageOfPage\":{\"@id\":\"https:\/\/markd.com.br\/models\/vacina-contra-a-covid-19-sera-ofertada-em-69-unidades-da-prefeitura-de-manaus-neste-sabado-20-8\/#primaryimage\"},\"image\":{\"@id\":\"https:\/\/markd.com.br\/models\/vacina-contra-a-covid-19-sera-ofertada-em-69-unidades-da-prefeitura-de-manaus-neste-sabado-20-8\/#primaryimage\"},\"thumbnailUrl\":\"https:\/\/markd.com.br\/models\/wp-content\/uploads\/2022\/08\/52205023195_8c9e5451f0_c.jpg\",\"datePublished\":\"2022-08-19T21:37:00+00:00\",\"dateModified\":\"2022-08-19T21:37:06+00:00\",\"author\":{\"@id\":\"https:\/\/markd.com.br\/models\/#\/schema\/person\/c12a77ab487a7262d8bec3c47301ad37\"},\"breadcrumb\":{\"@id\":\"https:\/\/markd.com.br\/models\/vacina-contra-a-covid-19-sera-ofertada-em-69-unidades-da-prefeitura-de-manaus-neste-sabado-20-8\/#breadcrumb\"},\"inLanguage\":\"pt-BR\",\"potentialAction\":[{\"@type\":\"ReadAction\",\"target\":[\"https:\/\/markd.com.br\/models\/vacina-contra-a-covid-19-sera-ofertada-em-69-unidades-da-prefeitura-de-manaus-neste-sabado-20-8\/\"]}]},{\"@type\":\"ImageObject\",\"inLanguage\":\"pt-BR\",\"@id\":\"https:\/\/markd.com.br\/models\/vacina-contra-a-covid-19-sera-ofertada-em-69-unidades-da-prefeitura-de-manaus-neste-sabado-20-8\/#primaryimage\",\"url\":\"https:\/\/markd.com.br\/models\/wp-content\/uploads\/2022\/08\/52205023195_8c9e5451f0_c.jpg\",\"contentUrl\":\"https:\/\/markd.com.br\/models\/wp-content\/uploads\/2022\/08\/52205023195_8c9e5451f0_c.jpg\",\"width\":799,\"height\":533},{\"@type\":\"BreadcrumbList\",\"@id\":\"https:\/\/markd.com.br\/models\/vacina-contra-a-covid-19-sera-ofertada-em-69-unidades-da-prefeitura-de-manaus-neste-sabado-20-8\/#breadcrumb\",\"itemListElement\":[{\"@type\":\"ListItem\",\"position\":1,\"name\":\"In\u00edcio\",\"item\":\"https:\/\/markd.com.br\/models\/\"},{\"@type\":\"ListItem\",\"position\":2,\"name\":\"Vacina contra a Covid-19 ser\u00e1 ofertada em 69 unidades da Prefeitura de Manaus neste s\u00e1bado, 20\/8\"}]},{\"@type\":\"WebSite\",\"@id\":\"https:\/\/markd.com.br\/models\/#website\",\"url\":\"https:\/\/markd.com.br\/models\/\",\"name\":\"Not\u00edcias de Todos - Models01\",\"description\":\"Tenha um Portal de Not\u00edcias Moderno, Din\u00e2mico, R\u00e1pido e Profissional. Entregamos seu Site de  Not\u00edcias Pronto, Instalado, Hospedado, com Manual Passo a Passo e Suporte 24 horas.\",\"potentialAction\":[{\"@type\":\"SearchAction\",\"target\":{\"@type\":\"EntryPoint\",\"urlTemplate\":\"https:\/\/markd.com.br\/models\/?s={search_term_string}\"},\"query-input\":{\"@type\":\"PropertyValueSpecification\",\"valueRequired\":true,\"valueName\":\"search_term_string\"}}],\"inLanguage\":\"pt-BR\"},{\"@type\":\"Person\",\"@id\":\"https:\/\/markd.com.br\/models\/#\/schema\/person\/c12a77ab487a7262d8bec3c47301ad37\",\"name\":\"Reda\u00e7\u00e3o Reda\u00e7\u00e3o\",\"image\":{\"@type\":\"ImageObject\",\"inLanguage\":\"pt-BR\",\"@id\":\"https:\/\/markd.com.br\/models\/#\/schema\/person\/image\/\",\"url\":\"https:\/\/secure.gravatar.com\/avatar\/9448f3599ce269febf169e183039b4a6?s=96&d=mm&r=g\",\"contentUrl\":\"https:\/\/secure.gravatar.com\/avatar\/9448f3599ce269febf169e183039b4a6?s=96&d=mm&r=g\",\"caption\":\"Reda\u00e7\u00e3o Reda\u00e7\u00e3o\"},\"sameAs\":[\"https:\/\/markd.com.br\/\"],\"url\":\"https:\/\/markd.com.br\/models\/author\/redacao\/\"}]}<\/script>\n<!-- \/ Yoast SEO plugin. -->","yoast_head_json":{"title":"Vacina contra a Covid-19 ser\u00e1 ofertada em 69 unidades da Prefeitura de Manaus neste s\u00e1bado, 20\/8 - Not\u00edcias de Todos - Models01","robots":{"index":"index","follow":"follow","max-snippet":"max-snippet:-1","max-image-preview":"max-image-preview:large","max-video-preview":"max-video-preview:-1"},"canonical":"https:\/\/markd.com.br\/models\/vacina-contra-a-covid-19-sera-ofertada-em-69-unidades-da-prefeitura-de-manaus-neste-sabado-20-8\/","og_locale":"pt_BR","og_type":"article","og_title":"Vacina contra a Covid-19 ser\u00e1 ofertada em 69 unidades da Prefeitura de Manaus neste s\u00e1bado, 20\/8 - Not\u00edcias de Todos - Models01","og_description":"A vacina\u00e7\u00e3o contra a Covid-19 ser\u00e1 realizada em 69 unidades de sa\u00fade da&nbsp;Prefeitura de Manaus,...","og_url":"https:\/\/markd.com.br\/models\/vacina-contra-a-covid-19-sera-ofertada-em-69-unidades-da-prefeitura-de-manaus-neste-sabado-20-8\/","og_site_name":"Not\u00edcias de Todos - Models01","article_published_time":"2022-08-19T21:37:00+00:00","article_modified_time":"2022-08-19T21:37:06+00:00","og_image":[{"width":799,"height":533,"url":"https:\/\/markd.com.br\/models\/wp-content\/uploads\/2022\/08\/52205023195_8c9e5451f0_c.jpg","type":"image\/jpeg"}],"author":"Reda\u00e7\u00e3o Reda\u00e7\u00e3o","twitter_card":"summary_large_image","twitter_misc":{"Escrito por":"Reda\u00e7\u00e3o Reda\u00e7\u00e3o","Est. tempo de leitura":"3 minutos"},"schema":{"@context":"https:\/\/schema.org","@graph":[{"@type":"WebPage","@id":"https:\/\/markd.com.br\/models\/vacina-contra-a-covid-19-sera-ofertada-em-69-unidades-da-prefeitura-de-manaus-neste-sabado-20-8\/","url":"https:\/\/markd.com.br\/models\/vacina-contra-a-covid-19-sera-ofertada-em-69-unidades-da-prefeitura-de-manaus-neste-sabado-20-8\/","name":"Vacina contra a Covid-19 ser\u00e1 ofertada em 69 unidades da Prefeitura de Manaus neste s\u00e1bado, 20\/8 - Not\u00edcias de Todos - Models01","isPartOf":{"@id":"https:\/\/markd.com.br\/models\/#website"},"primaryImageOfPage":{"@id":"https:\/\/markd.com.br\/models\/vacina-contra-a-covid-19-sera-ofertada-em-69-unidades-da-prefeitura-de-manaus-neste-sabado-20-8\/#primaryimage"},"image":{"@id":"https:\/\/markd.com.br\/models\/vacina-contra-a-covid-19-sera-ofertada-em-69-unidades-da-prefeitura-de-manaus-neste-sabado-20-8\/#primaryimage"},"thumbnailUrl":"https:\/\/markd.com.br\/models\/wp-content\/uploads\/2022\/08\/52205023195_8c9e5451f0_c.jpg","datePublished":"2022-08-19T21:37:00+00:00","dateModified":"2022-08-19T21:37:06+00:00","author":{"@id":"https:\/\/markd.com.br\/models\/#\/schema\/person\/c12a77ab487a7262d8bec3c47301ad37"},"breadcrumb":{"@id":"https:\/\/markd.com.br\/models\/vacina-contra-a-covid-19-sera-ofertada-em-69-unidades-da-prefeitura-de-manaus-neste-sabado-20-8\/#breadcrumb"},"inLanguage":"pt-BR","potentialAction":[{"@type":"ReadAction","target":["https:\/\/markd.com.br\/models\/vacina-contra-a-covid-19-sera-ofertada-em-69-unidades-da-prefeitura-de-manaus-neste-sabado-20-8\/"]}]},{"@type":"ImageObject","inLanguage":"pt-BR","@id":"https:\/\/markd.com.br\/models\/vacina-contra-a-covid-19-sera-ofertada-em-69-unidades-da-prefeitura-de-manaus-neste-sabado-20-8\/#primaryimage","url":"https:\/\/markd.com.br\/models\/wp-content\/uploads\/2022\/08\/52205023195_8c9e5451f0_c.jpg","contentUrl":"https:\/\/markd.com.br\/models\/wp-content\/uploads\/2022\/08\/52205023195_8c9e5451f0_c.jpg","width":799,"height":533},{"@type":"BreadcrumbList","@id":"https:\/\/markd.com.br\/models\/vacina-contra-a-covid-19-sera-ofertada-em-69-unidades-da-prefeitura-de-manaus-neste-sabado-20-8\/#breadcrumb","itemListElement":[{"@type":"ListItem","position":1,"name":"In\u00edcio","item":"https:\/\/markd.com.br\/models\/"},{"@type":"ListItem","position":2,"name":"Vacina contra a Covid-19 ser\u00e1 ofertada em 69 unidades da Prefeitura de Manaus neste s\u00e1bado, 20\/8"}]},{"@type":"WebSite","@id":"https:\/\/markd.com.br\/models\/#website","url":"https:\/\/markd.com.br\/models\/","name":"Not\u00edcias de Todos - Models01","description":"Tenha um Portal de Not\u00edcias Moderno, Din\u00e2mico, R\u00e1pido e Profissional. Entregamos seu Site de  Not\u00edcias Pronto, Instalado, Hospedado, com Manual Passo a Passo e Suporte 24 horas.","potentialAction":[{"@type":"SearchAction","target":{"@type":"EntryPoint","urlTemplate":"https:\/\/markd.com.br\/models\/?s={search_term_string}"},"query-input":{"@type":"PropertyValueSpecification","valueRequired":true,"valueName":"search_term_string"}}],"inLanguage":"pt-BR"},{"@type":"Person","@id":"https:\/\/markd.com.br\/models\/#\/schema\/person\/c12a77ab487a7262d8bec3c47301ad37","name":"Reda\u00e7\u00e3o Reda\u00e7\u00e3o","image":{"@type":"ImageObject","inLanguage":"pt-BR","@id":"https:\/\/markd.com.br\/models\/#\/schema\/person\/image\/","url":"https:\/\/secure.gravatar.com\/avatar\/9448f3599ce269febf169e183039b4a6?s=96&d=mm&r=g","contentUrl":"https:\/\/secure.gravatar.com\/avatar\/9448f3599ce269febf169e183039b4a6?s=96&d=mm&r=g","caption":"Reda\u00e7\u00e3o Reda\u00e7\u00e3o"},"sameAs":["https:\/\/markd.com.br\/"],"url":"https:\/\/markd.com.br\/models\/author\/redacao\/"}]}},"featured_image_urls":{"full":["https:\/\/markd.com.br\/models\/wp-content\/uploads\/2022\/08\/52205023195_8c9e5451f0_c.jpg",799,533,false],"thumbnail":["https:\/\/markd.com.br\/models\/wp-content\/uploads\/2022\/08\/52205023195_8c9e5451f0_c-150x150.jpg",150,150,true],"medium":["https:\/\/markd.com.br\/models\/wp-content\/uploads\/2022\/08\/52205023195_8c9e5451f0_c-300x200.jpg",300,200,true],"medium_large":["https:\/\/markd.com.br\/models\/wp-content\/uploads\/2022\/08\/52205023195_8c9e5451f0_c-768x512.jpg",640,427,true],"large":["https:\/\/markd.com.br\/models\/wp-content\/uploads\/2022\/08\/52205023195_8c9e5451f0_c.jpg",640,427,false],"1536x1536":["https:\/\/markd.com.br\/models\/wp-content\/uploads\/2022\/08\/52205023195_8c9e5451f0_c.jpg",799,533,false],"2048x2048":["https:\/\/markd.com.br\/models\/wp-content\/uploads\/2022\/08\/52205023195_8c9e5451f0_c.jpg",799,533,false],"newsphere-slider-full":["https:\/\/markd.com.br\/models\/wp-content\/uploads\/2022\/08\/52205023195_8c9e5451f0_c.jpg",799,533,false],"newsphere-featured":["https:\/\/markd.com.br\/models\/wp-content\/uploads\/2022\/08\/52205023195_8c9e5451f0_c.jpg",799,533,false],"newsphere-medium":["https:\/\/markd.com.br\/models\/wp-content\/uploads\/2022\/08\/52205023195_8c9e5451f0_c-720x380.jpg",720,380,true]},"author_info":{"display_name":"Reda\u00e7\u00e3o Reda\u00e7\u00e3o","author_link":"https:\/\/markd.com.br\/models\/author\/redacao\/"},"category_info":"<a href=\"https:\/\/markd.com.br\/models\/category\/prefeitura-de-manaus\/\" rel=\"category tag\">Prefeitura de Manaus<\/a>","tag_info":"Prefeitura de Manaus","comment_count":"0","jetpack_featured_media_url":"https:\/\/markd.com.br\/models\/wp-content\/uploads\/2022\/08\/52205023195_8c9e5451f0_c.jpg","_links":{"self":[{"href":"https:\/\/markd.com.br\/models\/wp-json\/wp\/v2\/posts\/3046","targetHints":{"allow":["GET"]}}],"collection":[{"href":"https:\/\/markd.com.br\/models\/wp-json\/wp\/v2\/posts"}],"about":[{"href":"https:\/\/markd.com.br\/models\/wp-json\/wp\/v2\/types\/post"}],"author":[{"embeddable":true,"href":"https:\/\/markd.com.br\/models\/wp-json\/wp\/v2\/users\/5"}],"replies":[{"embeddable":true,"href":"https:\/\/markd.com.br\/models\/wp-json\/wp\/v2\/comments?post=3046"}],"version-history":[{"count":1,"href":"https:\/\/markd.com.br\/models\/wp-json\/wp\/v2\/posts\/3046\/revisions"}],"predecessor-version":[{"id":3048,"href":"https:\/\/markd.com.br\/models\/wp-json\/wp\/v2\/posts\/3046\/revisions\/3048"}],"wp:featuredmedia":[{"embeddable":true,"href":"https:\/\/markd.com.br\/models\/wp-json\/wp\/v2\/media\/3047"}],"wp:attachment":[{"href":"https:\/\/markd.com.br\/models\/wp-json\/wp\/v2\/media?parent=3046"}],"wp:term":[{"taxonomy":"category","embeddable":true,"href":"https:\/\/markd.com.br\/models\/wp-json\/wp\/v2\/categories?post=3046"},{"taxonomy":"post_tag","embeddable":true,"href":"https:\/\/markd.com.br\/models\/wp-json\/wp\/v2\/tags?post=3046"}],"curies":[{"name":"wp","href":"https:\/\/api.w.org\/{rel}","templated":true}]}}