{"id":649,"date":"2022-03-03T13:51:05","date_gmt":"2022-03-03T16:51:05","guid":{"rendered":"https:\/\/portaldestaquenoticias.com.br\/?p=649"},"modified":"2022-03-03T13:51:08","modified_gmt":"2022-03-03T16:51:08","slug":"governo-do-amazonas-recebe-75-mil-doses-de-vacinas-contra-covid-19","status":"publish","type":"post","link":"https:\/\/markd.com.br\/models\/governo-do-amazonas-recebe-75-mil-doses-de-vacinas-contra-covid-19\/","title":{"rendered":"Governo do Amazonas recebe 75 mil doses de vacinas contra Covid-19"},"content":{"rendered":"\n<p>Imunizantes recebidos s\u00e3o da Pfizer, destinados a pessoas de 12 anos ou mais<\/p>\n\n\n\n<p>A Funda\u00e7\u00e3o de Vigil\u00e2ncia em Sa\u00fade do Amazonas \u2013 Dra. Rosemary Costa Pinto (FVS-RCP) divulga, nesta quinta-feira (03\/03), o recebimento de 75.540 doses de vacinas da Pfizer destinada ao p\u00fablico com 12 anos ou mais. Os imunizantes s\u00e3o destinados para o avan\u00e7o da vacina\u00e7\u00e3o de Covid-19 no estado.<\/p>\n\n\n\n<p>As vacinas chegaram a Manaus por volta das 17h de quarta-feira (02\/03), no Aeroporto Internacional Eduardo Gomes. As doses foram transportadas, com escolta, para a funda\u00e7\u00e3o, onde a quantidade foi conferida e armazenada pela equipe t\u00e9cnica do Programa Nacional de Imuniza\u00e7\u00e3o (PNI).<\/p>\n\n\n\n<p>A distribui\u00e7\u00e3o dos imunizantes \u00e9 realizada mediante agendamento dos munic\u00edpios junto \u00e0 FVS-RCP e emiss\u00e3o de Nota Informativa.<\/p>\n\n\n\n<p>Vacin\u00f4metro \u2013 Dados do PNI apontam que 6.383.739 doses foram aplicadas em todo estado at\u00e9 o domingo (27\/02), sendo 3.013.483 de primeira dose, 2.428.030 de segunda dose, 59.813 com dose \u00fanica e 881.878 de primeira dose de refor\u00e7o e 535 de segunda dose de refor\u00e7o. A informa\u00e7\u00e3o est\u00e1 dispon\u00edvel no site da FVS-RCP (www.fvs.am.gov.br).<\/p>\n\n\n\n<p>Refer\u00eancia \u2013 A FVS-RCP \u00e9 respons\u00e1vel pela Vigil\u00e2ncia em Sa\u00fade do Amazonas que inclui a preven\u00e7\u00e3o de doen\u00e7as por meio da imuniza\u00e7\u00e3o coordenada, no Amazonas, pelo Programa Nacional de Imuniza\u00e7\u00e3o (PNI\/FVS-RCP).<\/p>\n\n\n\n<p>A institui\u00e7\u00e3o funciona de segunda a sexta-feira, das 8h \u00e0s 17h, na avenida Torquato Tapaj\u00f3s, 4.010, Col\u00f4nia Santo Ant\u00f4nio, Manaus. Os contatos telef\u00f4nicos da FVS-RCP s\u00e3o (92) 2129-2500 e 2129-2502.<\/p>\n\n\n\n<p>FOTOS: Girlene Medeiros\/FVS-RCP<\/p>\n\n\n\n<p>LEGENDA: Imunizantes s\u00e3o destinados para o avan\u00e7o da vacina\u00e7\u00e3o de Covid-19 no estado<\/p>\n\n\n\n<p>Informa\u00e7\u00f5es para a imprensa: Assessoria de Comunica\u00e7\u00e3o da Funda\u00e7\u00e3o de Vigil\u00e2ncia em Sa\u00fade do Amazonas Dra. Rosemary Costa Pinto (FVS-RCP): Ma\u00edra Pessoa Fragoso (3182-8523 e 98403-8627) e Girlene Medeiros (98103-6963).<\/p>\n\n\n\n<figure class=\"wp-block-image size-full\"><img loading=\"lazy\" decoding=\"async\" width=\"640\" height=\"427\" src=\"https:\/\/portaldestaquenoticias.com.br\/wp-content\/uploads\/2022\/03\/WhatsApp-Image-2022-03-03-at-10.54.30.jpeg\" alt=\"\" class=\"wp-image-650\" srcset=\"https:\/\/markd.com.br\/models\/wp-content\/uploads\/2022\/03\/WhatsApp-Image-2022-03-03-at-10.54.30.jpeg 640w, https:\/\/markd.com.br\/models\/wp-content\/uploads\/2022\/03\/WhatsApp-Image-2022-03-03-at-10.54.30-300x200.jpeg 300w\" sizes=\"auto, (max-width: 640px) 100vw, 640px\" \/><\/figure>\n","protected":false},"excerpt":{"rendered":"<p>Imunizantes recebidos s\u00e3o da Pfizer, destinados a pessoas de 12 anos ou mais A Funda\u00e7\u00e3o&#8230;<\/p>\n","protected":false},"author":5,"featured_media":651,"comment_status":"open","ping_status":"open","sticky":false,"template":"","format":"standard","meta":{"footnotes":""},"categories":[36],"tags":[48],"class_list":["post-649","post","type-post","status-publish","format-standard","has-post-thumbnail","hentry","category-prefeitura-e-governo","tag-covid19"],"yoast_head":"<!-- This site is optimized with the Yoast SEO plugin v24.4 - https:\/\/yoast.com\/wordpress\/plugins\/seo\/ -->\n<title>Governo do Amazonas recebe 75 mil doses de vacinas contra Covid-19 - Not\u00edcias de Todos - Models01<\/title>\n<meta name=\"robots\" content=\"index, follow, max-snippet:-1, max-image-preview:large, max-video-preview:-1\" \/>\n<link rel=\"canonical\" href=\"https:\/\/markd.com.br\/models\/governo-do-amazonas-recebe-75-mil-doses-de-vacinas-contra-covid-19\/\" \/>\n<meta property=\"og:locale\" content=\"pt_BR\" \/>\n<meta property=\"og:type\" content=\"article\" \/>\n<meta property=\"og:title\" content=\"Governo do Amazonas recebe 75 mil doses de vacinas contra Covid-19 - Not\u00edcias de Todos - Models01\" \/>\n<meta property=\"og:description\" content=\"Imunizantes recebidos s\u00e3o da Pfizer, destinados a pessoas de 12 anos ou mais A Funda\u00e7\u00e3o...\" \/>\n<meta property=\"og:url\" content=\"https:\/\/markd.com.br\/models\/governo-do-amazonas-recebe-75-mil-doses-de-vacinas-contra-covid-19\/\" \/>\n<meta property=\"og:site_name\" content=\"Not\u00edcias de Todos - Models01\" \/>\n<meta property=\"article:published_time\" content=\"2022-03-03T16:51:05+00:00\" \/>\n<meta property=\"article:modified_time\" content=\"2022-03-03T16:51:08+00:00\" \/>\n<meta property=\"og:image\" content=\"https:\/\/markd.com.br\/models\/wp-content\/uploads\/2022\/03\/WhatsApp-Image-2022-03-03-at-10.54.35.jpeg\" \/>\n\t<meta property=\"og:image:width\" content=\"640\" \/>\n\t<meta property=\"og:image:height\" content=\"427\" \/>\n\t<meta property=\"og:image:type\" content=\"image\/jpeg\" \/>\n<meta name=\"author\" content=\"Reda\u00e7\u00e3o Reda\u00e7\u00e3o\" \/>\n<meta name=\"twitter:card\" content=\"summary_large_image\" \/>\n<meta name=\"twitter:label1\" content=\"Escrito por\" \/>\n\t<meta name=\"twitter:data1\" content=\"Reda\u00e7\u00e3o Reda\u00e7\u00e3o\" \/>\n\t<meta name=\"twitter:label2\" content=\"Est. tempo de leitura\" \/>\n\t<meta name=\"twitter:data2\" content=\"2 minutos\" \/>\n<script type=\"application\/ld+json\" class=\"yoast-schema-graph\">{\"@context\":\"https:\/\/schema.org\",\"@graph\":[{\"@type\":\"WebPage\",\"@id\":\"https:\/\/markd.com.br\/models\/governo-do-amazonas-recebe-75-mil-doses-de-vacinas-contra-covid-19\/\",\"url\":\"https:\/\/markd.com.br\/models\/governo-do-amazonas-recebe-75-mil-doses-de-vacinas-contra-covid-19\/\",\"name\":\"Governo do Amazonas recebe 75 mil doses de vacinas contra Covid-19 - Not\u00edcias de Todos - Models01\",\"isPartOf\":{\"@id\":\"https:\/\/markd.com.br\/models\/#website\"},\"primaryImageOfPage\":{\"@id\":\"https:\/\/markd.com.br\/models\/governo-do-amazonas-recebe-75-mil-doses-de-vacinas-contra-covid-19\/#primaryimage\"},\"image\":{\"@id\":\"https:\/\/markd.com.br\/models\/governo-do-amazonas-recebe-75-mil-doses-de-vacinas-contra-covid-19\/#primaryimage\"},\"thumbnailUrl\":\"https:\/\/markd.com.br\/models\/wp-content\/uploads\/2022\/03\/WhatsApp-Image-2022-03-03-at-10.54.35.jpeg\",\"datePublished\":\"2022-03-03T16:51:05+00:00\",\"dateModified\":\"2022-03-03T16:51:08+00:00\",\"author\":{\"@id\":\"https:\/\/markd.com.br\/models\/#\/schema\/person\/c12a77ab487a7262d8bec3c47301ad37\"},\"breadcrumb\":{\"@id\":\"https:\/\/markd.com.br\/models\/governo-do-amazonas-recebe-75-mil-doses-de-vacinas-contra-covid-19\/#breadcrumb\"},\"inLanguage\":\"pt-BR\",\"potentialAction\":[{\"@type\":\"ReadAction\",\"target\":[\"https:\/\/markd.com.br\/models\/governo-do-amazonas-recebe-75-mil-doses-de-vacinas-contra-covid-19\/\"]}]},{\"@type\":\"ImageObject\",\"inLanguage\":\"pt-BR\",\"@id\":\"https:\/\/markd.com.br\/models\/governo-do-amazonas-recebe-75-mil-doses-de-vacinas-contra-covid-19\/#primaryimage\",\"url\":\"https:\/\/markd.com.br\/models\/wp-content\/uploads\/2022\/03\/WhatsApp-Image-2022-03-03-at-10.54.35.jpeg\",\"contentUrl\":\"https:\/\/markd.com.br\/models\/wp-content\/uploads\/2022\/03\/WhatsApp-Image-2022-03-03-at-10.54.35.jpeg\",\"width\":640,\"height\":427},{\"@type\":\"BreadcrumbList\",\"@id\":\"https:\/\/markd.com.br\/models\/governo-do-amazonas-recebe-75-mil-doses-de-vacinas-contra-covid-19\/#breadcrumb\",\"itemListElement\":[{\"@type\":\"ListItem\",\"position\":1,\"name\":\"In\u00edcio\",\"item\":\"https:\/\/markd.com.br\/models\/\"},{\"@type\":\"ListItem\",\"position\":2,\"name\":\"Governo do Amazonas recebe 75 mil doses de vacinas contra Covid-19\"}]},{\"@type\":\"WebSite\",\"@id\":\"https:\/\/markd.com.br\/models\/#website\",\"url\":\"https:\/\/markd.com.br\/models\/\",\"name\":\"Not\u00edcias de Todos - Models01\",\"description\":\"Tenha um Portal de Not\u00edcias Moderno, Din\u00e2mico, R\u00e1pido e Profissional. Entregamos seu Site de  Not\u00edcias Pronto, Instalado, Hospedado, com Manual Passo a Passo e Suporte 24 horas.\",\"potentialAction\":[{\"@type\":\"SearchAction\",\"target\":{\"@type\":\"EntryPoint\",\"urlTemplate\":\"https:\/\/markd.com.br\/models\/?s={search_term_string}\"},\"query-input\":{\"@type\":\"PropertyValueSpecification\",\"valueRequired\":true,\"valueName\":\"search_term_string\"}}],\"inLanguage\":\"pt-BR\"},{\"@type\":\"Person\",\"@id\":\"https:\/\/markd.com.br\/models\/#\/schema\/person\/c12a77ab487a7262d8bec3c47301ad37\",\"name\":\"Reda\u00e7\u00e3o Reda\u00e7\u00e3o\",\"image\":{\"@type\":\"ImageObject\",\"inLanguage\":\"pt-BR\",\"@id\":\"https:\/\/markd.com.br\/models\/#\/schema\/person\/image\/\",\"url\":\"https:\/\/secure.gravatar.com\/avatar\/9448f3599ce269febf169e183039b4a6?s=96&d=mm&r=g\",\"contentUrl\":\"https:\/\/secure.gravatar.com\/avatar\/9448f3599ce269febf169e183039b4a6?s=96&d=mm&r=g\",\"caption\":\"Reda\u00e7\u00e3o Reda\u00e7\u00e3o\"},\"sameAs\":[\"https:\/\/markd.com.br\/\"],\"url\":\"https:\/\/markd.com.br\/models\/author\/redacao\/\"}]}<\/script>\n<!-- \/ Yoast SEO plugin. -->","yoast_head_json":{"title":"Governo do Amazonas recebe 75 mil doses de vacinas contra Covid-19 - Not\u00edcias de Todos - Models01","robots":{"index":"index","follow":"follow","max-snippet":"max-snippet:-1","max-image-preview":"max-image-preview:large","max-video-preview":"max-video-preview:-1"},"canonical":"https:\/\/markd.com.br\/models\/governo-do-amazonas-recebe-75-mil-doses-de-vacinas-contra-covid-19\/","og_locale":"pt_BR","og_type":"article","og_title":"Governo do Amazonas recebe 75 mil doses de vacinas contra Covid-19 - Not\u00edcias de Todos - Models01","og_description":"Imunizantes recebidos s\u00e3o da Pfizer, destinados a pessoas de 12 anos ou mais A Funda\u00e7\u00e3o...","og_url":"https:\/\/markd.com.br\/models\/governo-do-amazonas-recebe-75-mil-doses-de-vacinas-contra-covid-19\/","og_site_name":"Not\u00edcias de Todos - Models01","article_published_time":"2022-03-03T16:51:05+00:00","article_modified_time":"2022-03-03T16:51:08+00:00","og_image":[{"width":640,"height":427,"url":"https:\/\/markd.com.br\/models\/wp-content\/uploads\/2022\/03\/WhatsApp-Image-2022-03-03-at-10.54.35.jpeg","type":"image\/jpeg"}],"author":"Reda\u00e7\u00e3o Reda\u00e7\u00e3o","twitter_card":"summary_large_image","twitter_misc":{"Escrito por":"Reda\u00e7\u00e3o Reda\u00e7\u00e3o","Est. tempo de leitura":"2 minutos"},"schema":{"@context":"https:\/\/schema.org","@graph":[{"@type":"WebPage","@id":"https:\/\/markd.com.br\/models\/governo-do-amazonas-recebe-75-mil-doses-de-vacinas-contra-covid-19\/","url":"https:\/\/markd.com.br\/models\/governo-do-amazonas-recebe-75-mil-doses-de-vacinas-contra-covid-19\/","name":"Governo do Amazonas recebe 75 mil doses de vacinas contra Covid-19 - Not\u00edcias de Todos - Models01","isPartOf":{"@id":"https:\/\/markd.com.br\/models\/#website"},"primaryImageOfPage":{"@id":"https:\/\/markd.com.br\/models\/governo-do-amazonas-recebe-75-mil-doses-de-vacinas-contra-covid-19\/#primaryimage"},"image":{"@id":"https:\/\/markd.com.br\/models\/governo-do-amazonas-recebe-75-mil-doses-de-vacinas-contra-covid-19\/#primaryimage"},"thumbnailUrl":"https:\/\/markd.com.br\/models\/wp-content\/uploads\/2022\/03\/WhatsApp-Image-2022-03-03-at-10.54.35.jpeg","datePublished":"2022-03-03T16:51:05+00:00","dateModified":"2022-03-03T16:51:08+00:00","author":{"@id":"https:\/\/markd.com.br\/models\/#\/schema\/person\/c12a77ab487a7262d8bec3c47301ad37"},"breadcrumb":{"@id":"https:\/\/markd.com.br\/models\/governo-do-amazonas-recebe-75-mil-doses-de-vacinas-contra-covid-19\/#breadcrumb"},"inLanguage":"pt-BR","potentialAction":[{"@type":"ReadAction","target":["https:\/\/markd.com.br\/models\/governo-do-amazonas-recebe-75-mil-doses-de-vacinas-contra-covid-19\/"]}]},{"@type":"ImageObject","inLanguage":"pt-BR","@id":"https:\/\/markd.com.br\/models\/governo-do-amazonas-recebe-75-mil-doses-de-vacinas-contra-covid-19\/#primaryimage","url":"https:\/\/markd.com.br\/models\/wp-content\/uploads\/2022\/03\/WhatsApp-Image-2022-03-03-at-10.54.35.jpeg","contentUrl":"https:\/\/markd.com.br\/models\/wp-content\/uploads\/2022\/03\/WhatsApp-Image-2022-03-03-at-10.54.35.jpeg","width":640,"height":427},{"@type":"BreadcrumbList","@id":"https:\/\/markd.com.br\/models\/governo-do-amazonas-recebe-75-mil-doses-de-vacinas-contra-covid-19\/#breadcrumb","itemListElement":[{"@type":"ListItem","position":1,"name":"In\u00edcio","item":"https:\/\/markd.com.br\/models\/"},{"@type":"ListItem","position":2,"name":"Governo do Amazonas recebe 75 mil doses de vacinas contra Covid-19"}]},{"@type":"WebSite","@id":"https:\/\/markd.com.br\/models\/#website","url":"https:\/\/markd.com.br\/models\/","name":"Not\u00edcias de Todos - Models01","description":"Tenha um Portal de Not\u00edcias Moderno, Din\u00e2mico, R\u00e1pido e Profissional. Entregamos seu Site de  Not\u00edcias Pronto, Instalado, Hospedado, com Manual Passo a Passo e Suporte 24 horas.","potentialAction":[{"@type":"SearchAction","target":{"@type":"EntryPoint","urlTemplate":"https:\/\/markd.com.br\/models\/?s={search_term_string}"},"query-input":{"@type":"PropertyValueSpecification","valueRequired":true,"valueName":"search_term_string"}}],"inLanguage":"pt-BR"},{"@type":"Person","@id":"https:\/\/markd.com.br\/models\/#\/schema\/person\/c12a77ab487a7262d8bec3c47301ad37","name":"Reda\u00e7\u00e3o Reda\u00e7\u00e3o","image":{"@type":"ImageObject","inLanguage":"pt-BR","@id":"https:\/\/markd.com.br\/models\/#\/schema\/person\/image\/","url":"https:\/\/secure.gravatar.com\/avatar\/9448f3599ce269febf169e183039b4a6?s=96&d=mm&r=g","contentUrl":"https:\/\/secure.gravatar.com\/avatar\/9448f3599ce269febf169e183039b4a6?s=96&d=mm&r=g","caption":"Reda\u00e7\u00e3o Reda\u00e7\u00e3o"},"sameAs":["https:\/\/markd.com.br\/"],"url":"https:\/\/markd.com.br\/models\/author\/redacao\/"}]}},"featured_image_urls":{"full":["https:\/\/markd.com.br\/models\/wp-content\/uploads\/2022\/03\/WhatsApp-Image-2022-03-03-at-10.54.35.jpeg",640,427,false],"thumbnail":["https:\/\/markd.com.br\/models\/wp-content\/uploads\/2022\/03\/WhatsApp-Image-2022-03-03-at-10.54.35-150x150.jpeg",150,150,true],"medium":["https:\/\/markd.com.br\/models\/wp-content\/uploads\/2022\/03\/WhatsApp-Image-2022-03-03-at-10.54.35-300x200.jpeg",300,200,true],"medium_large":["https:\/\/markd.com.br\/models\/wp-content\/uploads\/2022\/03\/WhatsApp-Image-2022-03-03-at-10.54.35.jpeg",640,427,false],"large":["https:\/\/markd.com.br\/models\/wp-content\/uploads\/2022\/03\/WhatsApp-Image-2022-03-03-at-10.54.35.jpeg",640,427,false],"1536x1536":["https:\/\/markd.com.br\/models\/wp-content\/uploads\/2022\/03\/WhatsApp-Image-2022-03-03-at-10.54.35.jpeg",640,427,false],"2048x2048":["https:\/\/markd.com.br\/models\/wp-content\/uploads\/2022\/03\/WhatsApp-Image-2022-03-03-at-10.54.35.jpeg",640,427,false],"newsphere-slider-full":["https:\/\/markd.com.br\/models\/wp-content\/uploads\/2022\/03\/WhatsApp-Image-2022-03-03-at-10.54.35.jpeg",640,427,false],"newsphere-featured":["https:\/\/markd.com.br\/models\/wp-content\/uploads\/2022\/03\/WhatsApp-Image-2022-03-03-at-10.54.35.jpeg",640,427,false],"newsphere-medium":["https:\/\/markd.com.br\/models\/wp-content\/uploads\/2022\/03\/WhatsApp-Image-2022-03-03-at-10.54.35-640x380.jpeg",640,380,true]},"author_info":{"display_name":"Reda\u00e7\u00e3o Reda\u00e7\u00e3o","author_link":"https:\/\/markd.com.br\/models\/author\/redacao\/"},"category_info":"<a href=\"https:\/\/markd.com.br\/models\/category\/prefeitura-e-governo\/\" rel=\"category tag\">Prefeitura e Governo<\/a>","tag_info":"Prefeitura e Governo","comment_count":"0","jetpack_featured_media_url":"https:\/\/markd.com.br\/models\/wp-content\/uploads\/2022\/03\/WhatsApp-Image-2022-03-03-at-10.54.35.jpeg","_links":{"self":[{"href":"https:\/\/markd.com.br\/models\/wp-json\/wp\/v2\/posts\/649","targetHints":{"allow":["GET"]}}],"collection":[{"href":"https:\/\/markd.com.br\/models\/wp-json\/wp\/v2\/posts"}],"about":[{"href":"https:\/\/markd.com.br\/models\/wp-json\/wp\/v2\/types\/post"}],"author":[{"embeddable":true,"href":"https:\/\/markd.com.br\/models\/wp-json\/wp\/v2\/users\/5"}],"replies":[{"embeddable":true,"href":"https:\/\/markd.com.br\/models\/wp-json\/wp\/v2\/comments?post=649"}],"version-history":[{"count":1,"href":"https:\/\/markd.com.br\/models\/wp-json\/wp\/v2\/posts\/649\/revisions"}],"predecessor-version":[{"id":652,"href":"https:\/\/markd.com.br\/models\/wp-json\/wp\/v2\/posts\/649\/revisions\/652"}],"wp:featuredmedia":[{"embeddable":true,"href":"https:\/\/markd.com.br\/models\/wp-json\/wp\/v2\/media\/651"}],"wp:attachment":[{"href":"https:\/\/markd.com.br\/models\/wp-json\/wp\/v2\/media?parent=649"}],"wp:term":[{"taxonomy":"category","embeddable":true,"href":"https:\/\/markd.com.br\/models\/wp-json\/wp\/v2\/categories?post=649"},{"taxonomy":"post_tag","embeddable":true,"href":"https:\/\/markd.com.br\/models\/wp-json\/wp\/v2\/tags?post=649"}],"curies":[{"name":"wp","href":"https:\/\/api.w.org\/{rel}","templated":true}]}}