{"id":700,"date":"2022-03-07T16:32:38","date_gmt":"2022-03-07T19:32:38","guid":{"rendered":"https:\/\/portaldestaquenoticias.com.br\/?p=700"},"modified":"2022-03-07T16:32:43","modified_gmt":"2022-03-07T19:32:43","slug":"prefeitura-de-coari-entrega-bote-e-coletores-de-lixo-em-nova-fase-da-campanha-de-limpeza-da-cidade","status":"publish","type":"post","link":"https:\/\/markd.com.br\/models\/prefeitura-de-coari-entrega-bote-e-coletores-de-lixo-em-nova-fase-da-campanha-de-limpeza-da-cidade\/","title":{"rendered":"Prefeitura de Coari entrega bote e coletores de lixo em nova fase da campanha de limpeza da cidade"},"content":{"rendered":"\n<p>A Prefeitura de Coari, por meio das Secretarias Municipais de Infraestrutura e de Produ\u00e7\u00e3o Rural, Meio Ambiente e Turismo, entregou, nesta segunda-feira (7), um bote de limpeza p\u00fablica fluvial e 172 coletores de lixo, como parte da segunda fase da campanha \u201cCoari Cidade Limpa\u201d. O evento aconteceu ao lado da Feira do Produtor Rural, no Centro, com a participa\u00e7\u00e3o do prefeito Keitton Pinheiro, vereadores e servidores das pastas envolvidas.<\/p>\n\n\n\n<p>Keitton Pinheiro explicou que o bote foi adaptado para fazer a coleta de res\u00edduos s\u00f3lidos nos flutuantes e orla da cidade, enquanto os recipientes de 50 e 200 litros ser\u00e3o distribu\u00eddos para as feiras e mercados a fim de melhorar o sistema de armazenamento do lixo nesses locais. \u201c\u00c9 dessa forma, junto com a C\u00e2mara Municipal, que vamos continuar trabalhando em prol de uma Coari mais limpa e desenvolvida\u201d, refor\u00e7ou o prefeito.<\/p>\n\n\n\n<p>O coordenador da Feira do Produtor Rural, Tinho Laborda, apontou a import\u00e2ncia dos novos recipientes de lixo. \u201cPor serem fechados, al\u00e9m de incentivar o melhor condicionamento dos res\u00edduos, tamb\u00e9m v\u00e3o ajudar a manter a limpeza dos espa\u00e7os p\u00fablicos, pois as lixeiras com tampas evitam o surgimento de moscas e impedem que os bichos (cachorros, urubus e pombos) fiquem revirando e jogando o lixo para fora\u201d, observou.<\/p>\n\n\n\n<p>A a\u00e7\u00e3o desta segunda-feira contou ainda com a realiza\u00e7\u00e3o de atividades de limpeza fluvial, feitas pelos servidores da Secretaria de Infraestrutura, e de conscientiza\u00e7\u00e3o sobre a separa\u00e7\u00e3o correta dos lixos secos e \u00famidos, realizadas pelos agentes da Secretaria de Produ\u00e7\u00e3o Rural, Meio Ambiente e Turismo. Na ocasi\u00e3o, foi evidenciado aos feirantes e consumidores, o n\u00famero do Disque Den\u00fancia Ambiental: (97) 98102-3584.<\/p>\n\n\n\n<p>A campanha \u201cCoari Cidade Limpa\u201d, lan\u00e7ada pela atual Gest\u00e3o, tem como objetivo principal intensificar os servi\u00e7os de limpeza p\u00fablica e conscientiza\u00e7\u00e3o ambiental em toda a cidade e na zona rural do munic\u00edpio, visando contribuir com a diminui\u00e7\u00e3o do risco de danos ao meio ambiente e a sa\u00fade da popula\u00e7\u00e3o, promovendo a melhoria da qualidade de vida dos coarienses.<\/p>\n\n\n\n<figure class=\"wp-block-image size-full\"><img loading=\"lazy\" decoding=\"async\" width=\"640\" height=\"426\" src=\"https:\/\/portaldestaquenoticias.com.br\/wp-content\/uploads\/2022\/03\/WhatsApp-Image-2022-03-07-at-13.45.34.jpeg\" alt=\"\" class=\"wp-image-701\" srcset=\"https:\/\/markd.com.br\/models\/wp-content\/uploads\/2022\/03\/WhatsApp-Image-2022-03-07-at-13.45.34.jpeg 640w, https:\/\/markd.com.br\/models\/wp-content\/uploads\/2022\/03\/WhatsApp-Image-2022-03-07-at-13.45.34-300x200.jpeg 300w\" sizes=\"auto, (max-width: 640px) 100vw, 640px\" \/><\/figure>\n\n\n\n<figure class=\"wp-block-image size-full\"><img loading=\"lazy\" decoding=\"async\" width=\"640\" height=\"480\" src=\"https:\/\/portaldestaquenoticias.com.br\/wp-content\/uploads\/2022\/03\/WhatsApp-Image-2022-03-07-at-13.45.35-1.jpeg\" alt=\"\" class=\"wp-image-702\" srcset=\"https:\/\/markd.com.br\/models\/wp-content\/uploads\/2022\/03\/WhatsApp-Image-2022-03-07-at-13.45.35-1.jpeg 640w, https:\/\/markd.com.br\/models\/wp-content\/uploads\/2022\/03\/WhatsApp-Image-2022-03-07-at-13.45.35-1-300x225.jpeg 300w\" sizes=\"auto, (max-width: 640px) 100vw, 640px\" \/><\/figure>\n\n\n\n<figure class=\"wp-block-image size-full\"><img loading=\"lazy\" decoding=\"async\" width=\"640\" height=\"480\" src=\"https:\/\/portaldestaquenoticias.com.br\/wp-content\/uploads\/2022\/03\/WhatsApp-Image-2022-03-07-at-13.45.35.jpeg\" alt=\"\" class=\"wp-image-703\" srcset=\"https:\/\/markd.com.br\/models\/wp-content\/uploads\/2022\/03\/WhatsApp-Image-2022-03-07-at-13.45.35.jpeg 640w, https:\/\/markd.com.br\/models\/wp-content\/uploads\/2022\/03\/WhatsApp-Image-2022-03-07-at-13.45.35-300x225.jpeg 300w\" sizes=\"auto, (max-width: 640px) 100vw, 640px\" \/><\/figure>\n\n\n\n<figure class=\"wp-block-image size-full\"><img loading=\"lazy\" decoding=\"async\" width=\"640\" height=\"426\" src=\"https:\/\/portaldestaquenoticias.com.br\/wp-content\/uploads\/2022\/03\/WhatsApp-Image-2022-03-07-at-13.45.36.jpeg\" alt=\"\" class=\"wp-image-704\" srcset=\"https:\/\/markd.com.br\/models\/wp-content\/uploads\/2022\/03\/WhatsApp-Image-2022-03-07-at-13.45.36.jpeg 640w, https:\/\/markd.com.br\/models\/wp-content\/uploads\/2022\/03\/WhatsApp-Image-2022-03-07-at-13.45.36-300x200.jpeg 300w\" sizes=\"auto, (max-width: 640px) 100vw, 640px\" \/><\/figure>\n","protected":false},"excerpt":{"rendered":"<p>A Prefeitura de Coari, por meio das Secretarias Municipais de Infraestrutura e de Produ\u00e7\u00e3o Rural,&#8230;<\/p>\n","protected":false},"author":5,"featured_media":705,"comment_status":"open","ping_status":"open","sticky":false,"template":"","format":"standard","meta":{"footnotes":""},"categories":[63],"tags":[64],"class_list":["post-700","post","type-post","status-publish","format-standard","has-post-thumbnail","hentry","category-prefeitura-de-coari","tag-prefeitura-de-coari"],"yoast_head":"<!-- This site is optimized with the Yoast SEO plugin v24.4 - https:\/\/yoast.com\/wordpress\/plugins\/seo\/ -->\n<title>Prefeitura de Coari entrega bote e coletores de lixo em nova fase da campanha de limpeza da cidade - Not\u00edcias de Todos - Models01<\/title>\n<meta name=\"robots\" content=\"index, follow, max-snippet:-1, max-image-preview:large, max-video-preview:-1\" \/>\n<link rel=\"canonical\" href=\"https:\/\/markd.com.br\/models\/prefeitura-de-coari-entrega-bote-e-coletores-de-lixo-em-nova-fase-da-campanha-de-limpeza-da-cidade\/\" \/>\n<meta property=\"og:locale\" content=\"pt_BR\" \/>\n<meta property=\"og:type\" content=\"article\" \/>\n<meta property=\"og:title\" content=\"Prefeitura de Coari entrega bote e coletores de lixo em nova fase da campanha de limpeza da cidade - Not\u00edcias de Todos - Models01\" \/>\n<meta property=\"og:description\" content=\"A Prefeitura de Coari, por meio das Secretarias Municipais de Infraestrutura e de Produ\u00e7\u00e3o Rural,...\" \/>\n<meta property=\"og:url\" content=\"https:\/\/markd.com.br\/models\/prefeitura-de-coari-entrega-bote-e-coletores-de-lixo-em-nova-fase-da-campanha-de-limpeza-da-cidade\/\" \/>\n<meta property=\"og:site_name\" content=\"Not\u00edcias de Todos - Models01\" \/>\n<meta property=\"article:published_time\" content=\"2022-03-07T19:32:38+00:00\" \/>\n<meta property=\"article:modified_time\" content=\"2022-03-07T19:32:43+00:00\" \/>\n<meta property=\"og:image\" content=\"https:\/\/markd.com.br\/models\/wp-content\/uploads\/2022\/03\/WhatsApp-Image-2022-03-07-at-13.45.34-1.jpeg\" \/>\n\t<meta property=\"og:image:width\" content=\"640\" \/>\n\t<meta property=\"og:image:height\" content=\"426\" \/>\n\t<meta property=\"og:image:type\" content=\"image\/jpeg\" \/>\n<meta name=\"author\" content=\"Reda\u00e7\u00e3o Reda\u00e7\u00e3o\" \/>\n<meta name=\"twitter:card\" content=\"summary_large_image\" \/>\n<meta name=\"twitter:label1\" content=\"Escrito por\" \/>\n\t<meta name=\"twitter:data1\" content=\"Reda\u00e7\u00e3o Reda\u00e7\u00e3o\" \/>\n\t<meta name=\"twitter:label2\" content=\"Est. tempo de leitura\" \/>\n\t<meta name=\"twitter:data2\" content=\"3 minutos\" \/>\n<script type=\"application\/ld+json\" class=\"yoast-schema-graph\">{\"@context\":\"https:\/\/schema.org\",\"@graph\":[{\"@type\":\"WebPage\",\"@id\":\"https:\/\/markd.com.br\/models\/prefeitura-de-coari-entrega-bote-e-coletores-de-lixo-em-nova-fase-da-campanha-de-limpeza-da-cidade\/\",\"url\":\"https:\/\/markd.com.br\/models\/prefeitura-de-coari-entrega-bote-e-coletores-de-lixo-em-nova-fase-da-campanha-de-limpeza-da-cidade\/\",\"name\":\"Prefeitura de Coari entrega bote e coletores de lixo em nova fase da campanha de limpeza da cidade - Not\u00edcias de Todos - Models01\",\"isPartOf\":{\"@id\":\"https:\/\/markd.com.br\/models\/#website\"},\"primaryImageOfPage\":{\"@id\":\"https:\/\/markd.com.br\/models\/prefeitura-de-coari-entrega-bote-e-coletores-de-lixo-em-nova-fase-da-campanha-de-limpeza-da-cidade\/#primaryimage\"},\"image\":{\"@id\":\"https:\/\/markd.com.br\/models\/prefeitura-de-coari-entrega-bote-e-coletores-de-lixo-em-nova-fase-da-campanha-de-limpeza-da-cidade\/#primaryimage\"},\"thumbnailUrl\":\"https:\/\/markd.com.br\/models\/wp-content\/uploads\/2022\/03\/WhatsApp-Image-2022-03-07-at-13.45.34-1.jpeg\",\"datePublished\":\"2022-03-07T19:32:38+00:00\",\"dateModified\":\"2022-03-07T19:32:43+00:00\",\"author\":{\"@id\":\"https:\/\/markd.com.br\/models\/#\/schema\/person\/c12a77ab487a7262d8bec3c47301ad37\"},\"breadcrumb\":{\"@id\":\"https:\/\/markd.com.br\/models\/prefeitura-de-coari-entrega-bote-e-coletores-de-lixo-em-nova-fase-da-campanha-de-limpeza-da-cidade\/#breadcrumb\"},\"inLanguage\":\"pt-BR\",\"potentialAction\":[{\"@type\":\"ReadAction\",\"target\":[\"https:\/\/markd.com.br\/models\/prefeitura-de-coari-entrega-bote-e-coletores-de-lixo-em-nova-fase-da-campanha-de-limpeza-da-cidade\/\"]}]},{\"@type\":\"ImageObject\",\"inLanguage\":\"pt-BR\",\"@id\":\"https:\/\/markd.com.br\/models\/prefeitura-de-coari-entrega-bote-e-coletores-de-lixo-em-nova-fase-da-campanha-de-limpeza-da-cidade\/#primaryimage\",\"url\":\"https:\/\/markd.com.br\/models\/wp-content\/uploads\/2022\/03\/WhatsApp-Image-2022-03-07-at-13.45.34-1.jpeg\",\"contentUrl\":\"https:\/\/markd.com.br\/models\/wp-content\/uploads\/2022\/03\/WhatsApp-Image-2022-03-07-at-13.45.34-1.jpeg\",\"width\":640,\"height\":426},{\"@type\":\"BreadcrumbList\",\"@id\":\"https:\/\/markd.com.br\/models\/prefeitura-de-coari-entrega-bote-e-coletores-de-lixo-em-nova-fase-da-campanha-de-limpeza-da-cidade\/#breadcrumb\",\"itemListElement\":[{\"@type\":\"ListItem\",\"position\":1,\"name\":\"In\u00edcio\",\"item\":\"https:\/\/markd.com.br\/models\/\"},{\"@type\":\"ListItem\",\"position\":2,\"name\":\"Prefeitura de Coari entrega bote e coletores de lixo em nova fase da campanha de limpeza da cidade\"}]},{\"@type\":\"WebSite\",\"@id\":\"https:\/\/markd.com.br\/models\/#website\",\"url\":\"https:\/\/markd.com.br\/models\/\",\"name\":\"Not\u00edcias de Todos - Models01\",\"description\":\"Tenha um Portal de Not\u00edcias Moderno, Din\u00e2mico, R\u00e1pido e Profissional. Entregamos seu Site de  Not\u00edcias Pronto, Instalado, Hospedado, com Manual Passo a Passo e Suporte 24 horas.\",\"potentialAction\":[{\"@type\":\"SearchAction\",\"target\":{\"@type\":\"EntryPoint\",\"urlTemplate\":\"https:\/\/markd.com.br\/models\/?s={search_term_string}\"},\"query-input\":{\"@type\":\"PropertyValueSpecification\",\"valueRequired\":true,\"valueName\":\"search_term_string\"}}],\"inLanguage\":\"pt-BR\"},{\"@type\":\"Person\",\"@id\":\"https:\/\/markd.com.br\/models\/#\/schema\/person\/c12a77ab487a7262d8bec3c47301ad37\",\"name\":\"Reda\u00e7\u00e3o Reda\u00e7\u00e3o\",\"image\":{\"@type\":\"ImageObject\",\"inLanguage\":\"pt-BR\",\"@id\":\"https:\/\/markd.com.br\/models\/#\/schema\/person\/image\/\",\"url\":\"https:\/\/secure.gravatar.com\/avatar\/9448f3599ce269febf169e183039b4a6?s=96&d=mm&r=g\",\"contentUrl\":\"https:\/\/secure.gravatar.com\/avatar\/9448f3599ce269febf169e183039b4a6?s=96&d=mm&r=g\",\"caption\":\"Reda\u00e7\u00e3o Reda\u00e7\u00e3o\"},\"sameAs\":[\"https:\/\/markd.com.br\/\"],\"url\":\"https:\/\/markd.com.br\/models\/author\/redacao\/\"}]}<\/script>\n<!-- \/ Yoast SEO plugin. -->","yoast_head_json":{"title":"Prefeitura de Coari entrega bote e coletores de lixo em nova fase da campanha de limpeza da cidade - Not\u00edcias de Todos - Models01","robots":{"index":"index","follow":"follow","max-snippet":"max-snippet:-1","max-image-preview":"max-image-preview:large","max-video-preview":"max-video-preview:-1"},"canonical":"https:\/\/markd.com.br\/models\/prefeitura-de-coari-entrega-bote-e-coletores-de-lixo-em-nova-fase-da-campanha-de-limpeza-da-cidade\/","og_locale":"pt_BR","og_type":"article","og_title":"Prefeitura de Coari entrega bote e coletores de lixo em nova fase da campanha de limpeza da cidade - Not\u00edcias de Todos - Models01","og_description":"A Prefeitura de Coari, por meio das Secretarias Municipais de Infraestrutura e de Produ\u00e7\u00e3o Rural,...","og_url":"https:\/\/markd.com.br\/models\/prefeitura-de-coari-entrega-bote-e-coletores-de-lixo-em-nova-fase-da-campanha-de-limpeza-da-cidade\/","og_site_name":"Not\u00edcias de Todos - Models01","article_published_time":"2022-03-07T19:32:38+00:00","article_modified_time":"2022-03-07T19:32:43+00:00","og_image":[{"width":640,"height":426,"url":"https:\/\/markd.com.br\/models\/wp-content\/uploads\/2022\/03\/WhatsApp-Image-2022-03-07-at-13.45.34-1.jpeg","type":"image\/jpeg"}],"author":"Reda\u00e7\u00e3o Reda\u00e7\u00e3o","twitter_card":"summary_large_image","twitter_misc":{"Escrito por":"Reda\u00e7\u00e3o Reda\u00e7\u00e3o","Est. tempo de leitura":"3 minutos"},"schema":{"@context":"https:\/\/schema.org","@graph":[{"@type":"WebPage","@id":"https:\/\/markd.com.br\/models\/prefeitura-de-coari-entrega-bote-e-coletores-de-lixo-em-nova-fase-da-campanha-de-limpeza-da-cidade\/","url":"https:\/\/markd.com.br\/models\/prefeitura-de-coari-entrega-bote-e-coletores-de-lixo-em-nova-fase-da-campanha-de-limpeza-da-cidade\/","name":"Prefeitura de Coari entrega bote e coletores de lixo em nova fase da campanha de limpeza da cidade - Not\u00edcias de Todos - Models01","isPartOf":{"@id":"https:\/\/markd.com.br\/models\/#website"},"primaryImageOfPage":{"@id":"https:\/\/markd.com.br\/models\/prefeitura-de-coari-entrega-bote-e-coletores-de-lixo-em-nova-fase-da-campanha-de-limpeza-da-cidade\/#primaryimage"},"image":{"@id":"https:\/\/markd.com.br\/models\/prefeitura-de-coari-entrega-bote-e-coletores-de-lixo-em-nova-fase-da-campanha-de-limpeza-da-cidade\/#primaryimage"},"thumbnailUrl":"https:\/\/markd.com.br\/models\/wp-content\/uploads\/2022\/03\/WhatsApp-Image-2022-03-07-at-13.45.34-1.jpeg","datePublished":"2022-03-07T19:32:38+00:00","dateModified":"2022-03-07T19:32:43+00:00","author":{"@id":"https:\/\/markd.com.br\/models\/#\/schema\/person\/c12a77ab487a7262d8bec3c47301ad37"},"breadcrumb":{"@id":"https:\/\/markd.com.br\/models\/prefeitura-de-coari-entrega-bote-e-coletores-de-lixo-em-nova-fase-da-campanha-de-limpeza-da-cidade\/#breadcrumb"},"inLanguage":"pt-BR","potentialAction":[{"@type":"ReadAction","target":["https:\/\/markd.com.br\/models\/prefeitura-de-coari-entrega-bote-e-coletores-de-lixo-em-nova-fase-da-campanha-de-limpeza-da-cidade\/"]}]},{"@type":"ImageObject","inLanguage":"pt-BR","@id":"https:\/\/markd.com.br\/models\/prefeitura-de-coari-entrega-bote-e-coletores-de-lixo-em-nova-fase-da-campanha-de-limpeza-da-cidade\/#primaryimage","url":"https:\/\/markd.com.br\/models\/wp-content\/uploads\/2022\/03\/WhatsApp-Image-2022-03-07-at-13.45.34-1.jpeg","contentUrl":"https:\/\/markd.com.br\/models\/wp-content\/uploads\/2022\/03\/WhatsApp-Image-2022-03-07-at-13.45.34-1.jpeg","width":640,"height":426},{"@type":"BreadcrumbList","@id":"https:\/\/markd.com.br\/models\/prefeitura-de-coari-entrega-bote-e-coletores-de-lixo-em-nova-fase-da-campanha-de-limpeza-da-cidade\/#breadcrumb","itemListElement":[{"@type":"ListItem","position":1,"name":"In\u00edcio","item":"https:\/\/markd.com.br\/models\/"},{"@type":"ListItem","position":2,"name":"Prefeitura de Coari entrega bote e coletores de lixo em nova fase da campanha de limpeza da cidade"}]},{"@type":"WebSite","@id":"https:\/\/markd.com.br\/models\/#website","url":"https:\/\/markd.com.br\/models\/","name":"Not\u00edcias de Todos - Models01","description":"Tenha um Portal de Not\u00edcias Moderno, Din\u00e2mico, R\u00e1pido e Profissional. Entregamos seu Site de  Not\u00edcias Pronto, Instalado, Hospedado, com Manual Passo a Passo e Suporte 24 horas.","potentialAction":[{"@type":"SearchAction","target":{"@type":"EntryPoint","urlTemplate":"https:\/\/markd.com.br\/models\/?s={search_term_string}"},"query-input":{"@type":"PropertyValueSpecification","valueRequired":true,"valueName":"search_term_string"}}],"inLanguage":"pt-BR"},{"@type":"Person","@id":"https:\/\/markd.com.br\/models\/#\/schema\/person\/c12a77ab487a7262d8bec3c47301ad37","name":"Reda\u00e7\u00e3o Reda\u00e7\u00e3o","image":{"@type":"ImageObject","inLanguage":"pt-BR","@id":"https:\/\/markd.com.br\/models\/#\/schema\/person\/image\/","url":"https:\/\/secure.gravatar.com\/avatar\/9448f3599ce269febf169e183039b4a6?s=96&d=mm&r=g","contentUrl":"https:\/\/secure.gravatar.com\/avatar\/9448f3599ce269febf169e183039b4a6?s=96&d=mm&r=g","caption":"Reda\u00e7\u00e3o Reda\u00e7\u00e3o"},"sameAs":["https:\/\/markd.com.br\/"],"url":"https:\/\/markd.com.br\/models\/author\/redacao\/"}]}},"featured_image_urls":{"full":["https:\/\/markd.com.br\/models\/wp-content\/uploads\/2022\/03\/WhatsApp-Image-2022-03-07-at-13.45.34-1.jpeg",640,426,false],"thumbnail":["https:\/\/markd.com.br\/models\/wp-content\/uploads\/2022\/03\/WhatsApp-Image-2022-03-07-at-13.45.34-1-150x150.jpeg",150,150,true],"medium":["https:\/\/markd.com.br\/models\/wp-content\/uploads\/2022\/03\/WhatsApp-Image-2022-03-07-at-13.45.34-1-300x200.jpeg",300,200,true],"medium_large":["https:\/\/markd.com.br\/models\/wp-content\/uploads\/2022\/03\/WhatsApp-Image-2022-03-07-at-13.45.34-1.jpeg",640,426,false],"large":["https:\/\/markd.com.br\/models\/wp-content\/uploads\/2022\/03\/WhatsApp-Image-2022-03-07-at-13.45.34-1.jpeg",640,426,false],"1536x1536":["https:\/\/markd.com.br\/models\/wp-content\/uploads\/2022\/03\/WhatsApp-Image-2022-03-07-at-13.45.34-1.jpeg",640,426,false],"2048x2048":["https:\/\/markd.com.br\/models\/wp-content\/uploads\/2022\/03\/WhatsApp-Image-2022-03-07-at-13.45.34-1.jpeg",640,426,false],"newsphere-slider-full":["https:\/\/markd.com.br\/models\/wp-content\/uploads\/2022\/03\/WhatsApp-Image-2022-03-07-at-13.45.34-1.jpeg",640,426,false],"newsphere-featured":["https:\/\/markd.com.br\/models\/wp-content\/uploads\/2022\/03\/WhatsApp-Image-2022-03-07-at-13.45.34-1.jpeg",640,426,false],"newsphere-medium":["https:\/\/markd.com.br\/models\/wp-content\/uploads\/2022\/03\/WhatsApp-Image-2022-03-07-at-13.45.34-1-640x380.jpeg",640,380,true]},"author_info":{"display_name":"Reda\u00e7\u00e3o Reda\u00e7\u00e3o","author_link":"https:\/\/markd.com.br\/models\/author\/redacao\/"},"category_info":"<a href=\"https:\/\/markd.com.br\/models\/category\/prefeitura-de-coari\/\" rel=\"category tag\">Prefeitura de coari<\/a>","tag_info":"Prefeitura de coari","comment_count":"0","jetpack_featured_media_url":"https:\/\/markd.com.br\/models\/wp-content\/uploads\/2022\/03\/WhatsApp-Image-2022-03-07-at-13.45.34-1.jpeg","_links":{"self":[{"href":"https:\/\/markd.com.br\/models\/wp-json\/wp\/v2\/posts\/700","targetHints":{"allow":["GET"]}}],"collection":[{"href":"https:\/\/markd.com.br\/models\/wp-json\/wp\/v2\/posts"}],"about":[{"href":"https:\/\/markd.com.br\/models\/wp-json\/wp\/v2\/types\/post"}],"author":[{"embeddable":true,"href":"https:\/\/markd.com.br\/models\/wp-json\/wp\/v2\/users\/5"}],"replies":[{"embeddable":true,"href":"https:\/\/markd.com.br\/models\/wp-json\/wp\/v2\/comments?post=700"}],"version-history":[{"count":1,"href":"https:\/\/markd.com.br\/models\/wp-json\/wp\/v2\/posts\/700\/revisions"}],"predecessor-version":[{"id":706,"href":"https:\/\/markd.com.br\/models\/wp-json\/wp\/v2\/posts\/700\/revisions\/706"}],"wp:featuredmedia":[{"embeddable":true,"href":"https:\/\/markd.com.br\/models\/wp-json\/wp\/v2\/media\/705"}],"wp:attachment":[{"href":"https:\/\/markd.com.br\/models\/wp-json\/wp\/v2\/media?parent=700"}],"wp:term":[{"taxonomy":"category","embeddable":true,"href":"https:\/\/markd.com.br\/models\/wp-json\/wp\/v2\/categories?post=700"},{"taxonomy":"post_tag","embeddable":true,"href":"https:\/\/markd.com.br\/models\/wp-json\/wp\/v2\/tags?post=700"}],"curies":[{"name":"wp","href":"https:\/\/api.w.org\/{rel}","templated":true}]}}