{"id":707,"date":"2022-03-07T17:00:12","date_gmt":"2022-03-07T20:00:12","guid":{"rendered":"https:\/\/portaldestaquenoticias.com.br\/?p=707"},"modified":"2022-03-07T17:00:18","modified_gmt":"2022-03-07T20:00:18","slug":"prefeitura-de-manaus-oferta-oficina-de-artesanato-as-mulheres-da-zona-centro-oeste","status":"publish","type":"post","link":"https:\/\/markd.com.br\/models\/prefeitura-de-manaus-oferta-oficina-de-artesanato-as-mulheres-da-zona-centro-oeste\/","title":{"rendered":"Prefeitura de Manaus oferta oficina de artesanato \u00e0s mulheres da zona Centro-Oeste"},"content":{"rendered":"\n<p>A&nbsp;Prefeitura de Manaus, por meio do Fundo Manaus Solid\u00e1ria, ofertou nesta segunda-feira, 7\/3, na Associa\u00e7\u00e3o M\u00e3os Amigas Fortalecendo a Fam\u00edlia (AMAFF), no bairro Reden\u00e7\u00e3o, uma&nbsp;oficina de artesanato para 96 mulheres da zona Centro-Oeste.&nbsp;O objetivo \u00e9 promover a gera\u00e7\u00e3o de renda e melhor qualidade de vida \u00e0s participantes.&nbsp;<\/p>\n\n\n\n<p>O curso \u00e9 ministrado pela assessoria t\u00e9cnica do Fundo e ensina a fazer bonecos, coelhos e sabonetes. Todo material utilizado na confec\u00e7\u00e3o \u00e9 reciclado e a linha e agulha s\u00e3o doadas pelo Fundo.<\/p>\n\n\n\n<p>A presidente do Fundo Manaus Solid\u00e1ria, Dulce Almeida,&nbsp;ressaltou que as mulheres t\u00eam um papel muito importante na renda familiar e a oficina \u00e9 uma oportunidade de elas trabalharem de dentro de casa.&nbsp;\u201cO Fundo Manaus Solid\u00e1ria vem fazendo esse trabalho com diversas institui\u00e7\u00f5es e quase duas mil mulheres foram atendidas diretamente em 2021. Ent\u00e3o, para aquelas mulheres que n\u00e3o est\u00e3o podendo trabalhar fora de casa, \u00e9 uma oportunidade para gera\u00e7\u00e3o de renda e de auto-estima\u201d, disse.<\/p>\n\n\n\n<p>Para a presidente da Amaff, Cleonice Feitoza, a oficina \u00e9 muito importante para as mulheres. \u201cA parceria com a Prefeitura de Manaus tem trazido coisas boas para n\u00f3s. Valoriza nosso trabalho na semana da mulher, dando for\u00e7a e garra para elas\u201d, enfatizou.&nbsp;<\/p>\n\n\n\n<p>Os produtos ser\u00e3o vendidos entre R$ 15 e 20 reais em feiras, festas e eventos. Com a chegada da P\u00e1scoa, as vendas de coelhinhos com bombons aumentam, dando um lucro maior a elas.<\/p>\n\n\n\n<p>Em 2021, a feira de artesanato itinerante passou em 35 Organiza\u00e7\u00f5es da Sociedade Civil (OSCs) e beneficiou quase 2 mil mulheres diretamente.&nbsp;<\/p>\n\n\n\n<p>\u2014 \u2014 \u2014<\/p>\n\n\n\n<p><strong>Texto \u2013&nbsp;<\/strong>Juliana Maquin\u00e9 \/ Fundo Manaus Solid\u00e1ria<\/p>\n\n\n\n<p><strong>Fotos \u2013<\/strong>&nbsp;Ant\u00f4nio Pereira \/ Semcom<\/p>\n","protected":false},"excerpt":{"rendered":"<p>A&nbsp;Prefeitura de Manaus, por meio do Fundo Manaus Solid\u00e1ria, ofertou nesta segunda-feira, 7\/3, na Associa\u00e7\u00e3o&#8230;<\/p>\n","protected":false},"author":5,"featured_media":708,"comment_status":"open","ping_status":"open","sticky":false,"template":"","format":"standard","meta":{"footnotes":""},"categories":[49],"tags":[65],"class_list":["post-707","post","type-post","status-publish","format-standard","has-post-thumbnail","hentry","category-destaques","tag-diego-afonso"],"yoast_head":"<!-- This site is optimized with the Yoast SEO plugin v24.4 - https:\/\/yoast.com\/wordpress\/plugins\/seo\/ -->\n<title>Prefeitura de Manaus oferta oficina de artesanato \u00e0s mulheres da zona Centro-Oeste - Not\u00edcias de Todos - Models01<\/title>\n<meta name=\"robots\" content=\"index, follow, max-snippet:-1, max-image-preview:large, max-video-preview:-1\" \/>\n<link rel=\"canonical\" href=\"https:\/\/markd.com.br\/models\/prefeitura-de-manaus-oferta-oficina-de-artesanato-as-mulheres-da-zona-centro-oeste\/\" \/>\n<meta property=\"og:locale\" content=\"pt_BR\" \/>\n<meta property=\"og:type\" content=\"article\" \/>\n<meta property=\"og:title\" content=\"Prefeitura de Manaus oferta oficina de artesanato \u00e0s mulheres da zona Centro-Oeste - Not\u00edcias de Todos - Models01\" \/>\n<meta property=\"og:description\" content=\"A&nbsp;Prefeitura de Manaus, por meio do Fundo Manaus Solid\u00e1ria, ofertou nesta segunda-feira, 7\/3, na Associa\u00e7\u00e3o...\" \/>\n<meta property=\"og:url\" content=\"https:\/\/markd.com.br\/models\/prefeitura-de-manaus-oferta-oficina-de-artesanato-as-mulheres-da-zona-centro-oeste\/\" \/>\n<meta property=\"og:site_name\" content=\"Not\u00edcias de Todos - Models01\" \/>\n<meta property=\"article:published_time\" content=\"2022-03-07T20:00:12+00:00\" \/>\n<meta property=\"article:modified_time\" content=\"2022-03-07T20:00:18+00:00\" \/>\n<meta property=\"og:image\" content=\"https:\/\/markd.com.br\/models\/wp-content\/uploads\/2022\/03\/51924098888_121939ba5a_c-799x445-1.jpg\" \/>\n\t<meta property=\"og:image:width\" content=\"799\" \/>\n\t<meta property=\"og:image:height\" content=\"445\" \/>\n\t<meta property=\"og:image:type\" content=\"image\/jpeg\" \/>\n<meta name=\"author\" content=\"Reda\u00e7\u00e3o Reda\u00e7\u00e3o\" \/>\n<meta name=\"twitter:card\" content=\"summary_large_image\" \/>\n<meta name=\"twitter:label1\" content=\"Escrito por\" \/>\n\t<meta name=\"twitter:data1\" content=\"Reda\u00e7\u00e3o Reda\u00e7\u00e3o\" \/>\n\t<meta name=\"twitter:label2\" content=\"Est. tempo de leitura\" \/>\n\t<meta name=\"twitter:data2\" content=\"2 minutos\" \/>\n<script type=\"application\/ld+json\" class=\"yoast-schema-graph\">{\"@context\":\"https:\/\/schema.org\",\"@graph\":[{\"@type\":\"WebPage\",\"@id\":\"https:\/\/markd.com.br\/models\/prefeitura-de-manaus-oferta-oficina-de-artesanato-as-mulheres-da-zona-centro-oeste\/\",\"url\":\"https:\/\/markd.com.br\/models\/prefeitura-de-manaus-oferta-oficina-de-artesanato-as-mulheres-da-zona-centro-oeste\/\",\"name\":\"Prefeitura de Manaus oferta oficina de artesanato \u00e0s mulheres da zona Centro-Oeste - Not\u00edcias de Todos - Models01\",\"isPartOf\":{\"@id\":\"https:\/\/markd.com.br\/models\/#website\"},\"primaryImageOfPage\":{\"@id\":\"https:\/\/markd.com.br\/models\/prefeitura-de-manaus-oferta-oficina-de-artesanato-as-mulheres-da-zona-centro-oeste\/#primaryimage\"},\"image\":{\"@id\":\"https:\/\/markd.com.br\/models\/prefeitura-de-manaus-oferta-oficina-de-artesanato-as-mulheres-da-zona-centro-oeste\/#primaryimage\"},\"thumbnailUrl\":\"https:\/\/markd.com.br\/models\/wp-content\/uploads\/2022\/03\/51924098888_121939ba5a_c-799x445-1.jpg\",\"datePublished\":\"2022-03-07T20:00:12+00:00\",\"dateModified\":\"2022-03-07T20:00:18+00:00\",\"author\":{\"@id\":\"https:\/\/markd.com.br\/models\/#\/schema\/person\/c12a77ab487a7262d8bec3c47301ad37\"},\"breadcrumb\":{\"@id\":\"https:\/\/markd.com.br\/models\/prefeitura-de-manaus-oferta-oficina-de-artesanato-as-mulheres-da-zona-centro-oeste\/#breadcrumb\"},\"inLanguage\":\"pt-BR\",\"potentialAction\":[{\"@type\":\"ReadAction\",\"target\":[\"https:\/\/markd.com.br\/models\/prefeitura-de-manaus-oferta-oficina-de-artesanato-as-mulheres-da-zona-centro-oeste\/\"]}]},{\"@type\":\"ImageObject\",\"inLanguage\":\"pt-BR\",\"@id\":\"https:\/\/markd.com.br\/models\/prefeitura-de-manaus-oferta-oficina-de-artesanato-as-mulheres-da-zona-centro-oeste\/#primaryimage\",\"url\":\"https:\/\/markd.com.br\/models\/wp-content\/uploads\/2022\/03\/51924098888_121939ba5a_c-799x445-1.jpg\",\"contentUrl\":\"https:\/\/markd.com.br\/models\/wp-content\/uploads\/2022\/03\/51924098888_121939ba5a_c-799x445-1.jpg\",\"width\":799,\"height\":445},{\"@type\":\"BreadcrumbList\",\"@id\":\"https:\/\/markd.com.br\/models\/prefeitura-de-manaus-oferta-oficina-de-artesanato-as-mulheres-da-zona-centro-oeste\/#breadcrumb\",\"itemListElement\":[{\"@type\":\"ListItem\",\"position\":1,\"name\":\"In\u00edcio\",\"item\":\"https:\/\/markd.com.br\/models\/\"},{\"@type\":\"ListItem\",\"position\":2,\"name\":\"Prefeitura de Manaus oferta oficina de artesanato \u00e0s mulheres da zona Centro-Oeste\"}]},{\"@type\":\"WebSite\",\"@id\":\"https:\/\/markd.com.br\/models\/#website\",\"url\":\"https:\/\/markd.com.br\/models\/\",\"name\":\"Not\u00edcias de Todos - Models01\",\"description\":\"Tenha um Portal de Not\u00edcias Moderno, Din\u00e2mico, R\u00e1pido e Profissional. Entregamos seu Site de  Not\u00edcias Pronto, Instalado, Hospedado, com Manual Passo a Passo e Suporte 24 horas.\",\"potentialAction\":[{\"@type\":\"SearchAction\",\"target\":{\"@type\":\"EntryPoint\",\"urlTemplate\":\"https:\/\/markd.com.br\/models\/?s={search_term_string}\"},\"query-input\":{\"@type\":\"PropertyValueSpecification\",\"valueRequired\":true,\"valueName\":\"search_term_string\"}}],\"inLanguage\":\"pt-BR\"},{\"@type\":\"Person\",\"@id\":\"https:\/\/markd.com.br\/models\/#\/schema\/person\/c12a77ab487a7262d8bec3c47301ad37\",\"name\":\"Reda\u00e7\u00e3o Reda\u00e7\u00e3o\",\"image\":{\"@type\":\"ImageObject\",\"inLanguage\":\"pt-BR\",\"@id\":\"https:\/\/markd.com.br\/models\/#\/schema\/person\/image\/\",\"url\":\"https:\/\/secure.gravatar.com\/avatar\/9448f3599ce269febf169e183039b4a6?s=96&d=mm&r=g\",\"contentUrl\":\"https:\/\/secure.gravatar.com\/avatar\/9448f3599ce269febf169e183039b4a6?s=96&d=mm&r=g\",\"caption\":\"Reda\u00e7\u00e3o Reda\u00e7\u00e3o\"},\"sameAs\":[\"https:\/\/markd.com.br\/\"],\"url\":\"https:\/\/markd.com.br\/models\/author\/redacao\/\"}]}<\/script>\n<!-- \/ Yoast SEO plugin. -->","yoast_head_json":{"title":"Prefeitura de Manaus oferta oficina de artesanato \u00e0s mulheres da zona Centro-Oeste - Not\u00edcias de Todos - Models01","robots":{"index":"index","follow":"follow","max-snippet":"max-snippet:-1","max-image-preview":"max-image-preview:large","max-video-preview":"max-video-preview:-1"},"canonical":"https:\/\/markd.com.br\/models\/prefeitura-de-manaus-oferta-oficina-de-artesanato-as-mulheres-da-zona-centro-oeste\/","og_locale":"pt_BR","og_type":"article","og_title":"Prefeitura de Manaus oferta oficina de artesanato \u00e0s mulheres da zona Centro-Oeste - Not\u00edcias de Todos - Models01","og_description":"A&nbsp;Prefeitura de Manaus, por meio do Fundo Manaus Solid\u00e1ria, ofertou nesta segunda-feira, 7\/3, na Associa\u00e7\u00e3o...","og_url":"https:\/\/markd.com.br\/models\/prefeitura-de-manaus-oferta-oficina-de-artesanato-as-mulheres-da-zona-centro-oeste\/","og_site_name":"Not\u00edcias de Todos - Models01","article_published_time":"2022-03-07T20:00:12+00:00","article_modified_time":"2022-03-07T20:00:18+00:00","og_image":[{"width":799,"height":445,"url":"https:\/\/markd.com.br\/models\/wp-content\/uploads\/2022\/03\/51924098888_121939ba5a_c-799x445-1.jpg","type":"image\/jpeg"}],"author":"Reda\u00e7\u00e3o Reda\u00e7\u00e3o","twitter_card":"summary_large_image","twitter_misc":{"Escrito por":"Reda\u00e7\u00e3o Reda\u00e7\u00e3o","Est. tempo de leitura":"2 minutos"},"schema":{"@context":"https:\/\/schema.org","@graph":[{"@type":"WebPage","@id":"https:\/\/markd.com.br\/models\/prefeitura-de-manaus-oferta-oficina-de-artesanato-as-mulheres-da-zona-centro-oeste\/","url":"https:\/\/markd.com.br\/models\/prefeitura-de-manaus-oferta-oficina-de-artesanato-as-mulheres-da-zona-centro-oeste\/","name":"Prefeitura de Manaus oferta oficina de artesanato \u00e0s mulheres da zona Centro-Oeste - Not\u00edcias de Todos - Models01","isPartOf":{"@id":"https:\/\/markd.com.br\/models\/#website"},"primaryImageOfPage":{"@id":"https:\/\/markd.com.br\/models\/prefeitura-de-manaus-oferta-oficina-de-artesanato-as-mulheres-da-zona-centro-oeste\/#primaryimage"},"image":{"@id":"https:\/\/markd.com.br\/models\/prefeitura-de-manaus-oferta-oficina-de-artesanato-as-mulheres-da-zona-centro-oeste\/#primaryimage"},"thumbnailUrl":"https:\/\/markd.com.br\/models\/wp-content\/uploads\/2022\/03\/51924098888_121939ba5a_c-799x445-1.jpg","datePublished":"2022-03-07T20:00:12+00:00","dateModified":"2022-03-07T20:00:18+00:00","author":{"@id":"https:\/\/markd.com.br\/models\/#\/schema\/person\/c12a77ab487a7262d8bec3c47301ad37"},"breadcrumb":{"@id":"https:\/\/markd.com.br\/models\/prefeitura-de-manaus-oferta-oficina-de-artesanato-as-mulheres-da-zona-centro-oeste\/#breadcrumb"},"inLanguage":"pt-BR","potentialAction":[{"@type":"ReadAction","target":["https:\/\/markd.com.br\/models\/prefeitura-de-manaus-oferta-oficina-de-artesanato-as-mulheres-da-zona-centro-oeste\/"]}]},{"@type":"ImageObject","inLanguage":"pt-BR","@id":"https:\/\/markd.com.br\/models\/prefeitura-de-manaus-oferta-oficina-de-artesanato-as-mulheres-da-zona-centro-oeste\/#primaryimage","url":"https:\/\/markd.com.br\/models\/wp-content\/uploads\/2022\/03\/51924098888_121939ba5a_c-799x445-1.jpg","contentUrl":"https:\/\/markd.com.br\/models\/wp-content\/uploads\/2022\/03\/51924098888_121939ba5a_c-799x445-1.jpg","width":799,"height":445},{"@type":"BreadcrumbList","@id":"https:\/\/markd.com.br\/models\/prefeitura-de-manaus-oferta-oficina-de-artesanato-as-mulheres-da-zona-centro-oeste\/#breadcrumb","itemListElement":[{"@type":"ListItem","position":1,"name":"In\u00edcio","item":"https:\/\/markd.com.br\/models\/"},{"@type":"ListItem","position":2,"name":"Prefeitura de Manaus oferta oficina de artesanato \u00e0s mulheres da zona Centro-Oeste"}]},{"@type":"WebSite","@id":"https:\/\/markd.com.br\/models\/#website","url":"https:\/\/markd.com.br\/models\/","name":"Not\u00edcias de Todos - Models01","description":"Tenha um Portal de Not\u00edcias Moderno, Din\u00e2mico, R\u00e1pido e Profissional. Entregamos seu Site de  Not\u00edcias Pronto, Instalado, Hospedado, com Manual Passo a Passo e Suporte 24 horas.","potentialAction":[{"@type":"SearchAction","target":{"@type":"EntryPoint","urlTemplate":"https:\/\/markd.com.br\/models\/?s={search_term_string}"},"query-input":{"@type":"PropertyValueSpecification","valueRequired":true,"valueName":"search_term_string"}}],"inLanguage":"pt-BR"},{"@type":"Person","@id":"https:\/\/markd.com.br\/models\/#\/schema\/person\/c12a77ab487a7262d8bec3c47301ad37","name":"Reda\u00e7\u00e3o Reda\u00e7\u00e3o","image":{"@type":"ImageObject","inLanguage":"pt-BR","@id":"https:\/\/markd.com.br\/models\/#\/schema\/person\/image\/","url":"https:\/\/secure.gravatar.com\/avatar\/9448f3599ce269febf169e183039b4a6?s=96&d=mm&r=g","contentUrl":"https:\/\/secure.gravatar.com\/avatar\/9448f3599ce269febf169e183039b4a6?s=96&d=mm&r=g","caption":"Reda\u00e7\u00e3o Reda\u00e7\u00e3o"},"sameAs":["https:\/\/markd.com.br\/"],"url":"https:\/\/markd.com.br\/models\/author\/redacao\/"}]}},"featured_image_urls":{"full":["https:\/\/markd.com.br\/models\/wp-content\/uploads\/2022\/03\/51924098888_121939ba5a_c-799x445-1.jpg",799,445,false],"thumbnail":["https:\/\/markd.com.br\/models\/wp-content\/uploads\/2022\/03\/51924098888_121939ba5a_c-799x445-1-150x150.jpg",150,150,true],"medium":["https:\/\/markd.com.br\/models\/wp-content\/uploads\/2022\/03\/51924098888_121939ba5a_c-799x445-1-300x167.jpg",300,167,true],"medium_large":["https:\/\/markd.com.br\/models\/wp-content\/uploads\/2022\/03\/51924098888_121939ba5a_c-799x445-1-768x428.jpg",640,357,true],"large":["https:\/\/markd.com.br\/models\/wp-content\/uploads\/2022\/03\/51924098888_121939ba5a_c-799x445-1.jpg",640,356,false],"1536x1536":["https:\/\/markd.com.br\/models\/wp-content\/uploads\/2022\/03\/51924098888_121939ba5a_c-799x445-1.jpg",799,445,false],"2048x2048":["https:\/\/markd.com.br\/models\/wp-content\/uploads\/2022\/03\/51924098888_121939ba5a_c-799x445-1.jpg",799,445,false],"newsphere-slider-full":["https:\/\/markd.com.br\/models\/wp-content\/uploads\/2022\/03\/51924098888_121939ba5a_c-799x445-1.jpg",799,445,false],"newsphere-featured":["https:\/\/markd.com.br\/models\/wp-content\/uploads\/2022\/03\/51924098888_121939ba5a_c-799x445-1.jpg",799,445,false],"newsphere-medium":["https:\/\/markd.com.br\/models\/wp-content\/uploads\/2022\/03\/51924098888_121939ba5a_c-799x445-1-720x380.jpg",720,380,true]},"author_info":{"display_name":"Reda\u00e7\u00e3o Reda\u00e7\u00e3o","author_link":"https:\/\/markd.com.br\/models\/author\/redacao\/"},"category_info":"<a href=\"https:\/\/markd.com.br\/models\/category\/destaques\/\" rel=\"category tag\">destaques<\/a>","tag_info":"destaques","comment_count":"0","jetpack_featured_media_url":"https:\/\/markd.com.br\/models\/wp-content\/uploads\/2022\/03\/51924098888_121939ba5a_c-799x445-1.jpg","_links":{"self":[{"href":"https:\/\/markd.com.br\/models\/wp-json\/wp\/v2\/posts\/707","targetHints":{"allow":["GET"]}}],"collection":[{"href":"https:\/\/markd.com.br\/models\/wp-json\/wp\/v2\/posts"}],"about":[{"href":"https:\/\/markd.com.br\/models\/wp-json\/wp\/v2\/types\/post"}],"author":[{"embeddable":true,"href":"https:\/\/markd.com.br\/models\/wp-json\/wp\/v2\/users\/5"}],"replies":[{"embeddable":true,"href":"https:\/\/markd.com.br\/models\/wp-json\/wp\/v2\/comments?post=707"}],"version-history":[{"count":1,"href":"https:\/\/markd.com.br\/models\/wp-json\/wp\/v2\/posts\/707\/revisions"}],"predecessor-version":[{"id":709,"href":"https:\/\/markd.com.br\/models\/wp-json\/wp\/v2\/posts\/707\/revisions\/709"}],"wp:featuredmedia":[{"embeddable":true,"href":"https:\/\/markd.com.br\/models\/wp-json\/wp\/v2\/media\/708"}],"wp:attachment":[{"href":"https:\/\/markd.com.br\/models\/wp-json\/wp\/v2\/media?parent=707"}],"wp:term":[{"taxonomy":"category","embeddable":true,"href":"https:\/\/markd.com.br\/models\/wp-json\/wp\/v2\/categories?post=707"},{"taxonomy":"post_tag","embeddable":true,"href":"https:\/\/markd.com.br\/models\/wp-json\/wp\/v2\/tags?post=707"}],"curies":[{"name":"wp","href":"https:\/\/api.w.org\/{rel}","templated":true}]}}