{"id":713,"date":"2022-03-07T19:45:23","date_gmt":"2022-03-07T22:45:23","guid":{"rendered":"https:\/\/portaldestaquenoticias.com.br\/?p=713"},"modified":"2022-03-07T19:45:28","modified_gmt":"2022-03-07T22:45:28","slug":"amazonas-energia-devera-descontar-50-da-fatura-dos-usuarios-de-home-care","status":"publish","type":"post","link":"https:\/\/markd.com.br\/models\/amazonas-energia-devera-descontar-50-da-fatura-dos-usuarios-de-home-care\/","title":{"rendered":"Amazonas Energia dever\u00e1 descontar 50% da fatura dos usu\u00e1rios de home care"},"content":{"rendered":"\n<p>A Amazonas Energia ser\u00e1 obrigada a dar desconto de 50% na fatura aos consumidores que&nbsp;fazem uso necess\u00e1rio de Unidade de Tratamento M\u00e9dico Domiciliar (home care). \u00c9 o que determina um Projeto de Lei em tramita\u00e7\u00e3o na Assembleia Legislativa do Amazonas (Aleam). A mat\u00e9ria \u00e9 de autoria do deputado \u00c1lvaro Campelo (PP).<\/p>\n\n\n\n<p>De acordo com o artigo 1\u00ba do Projeto de Lei, ser\u00e3o consideradas unidades de tratamento de sa\u00fade domiciliar todas as unidades consumidoras que possuam equipamentos utilizados para os cuidados de pessoas enfermas em \u00e2mbito residencial. O desconto de que trata a proposta ser\u00e1 concedida a quem comprovar a necessidade do tratamento por meio de laudo m\u00e9dico subscrito por profissional devidamente inscrito no Conselho Regional de Medicina. O documento dever\u00e1 indicar os aparelhos e, se for o caso, o per\u00edodo necess\u00e1rio para o referido tratamento.<\/p>\n\n\n\n<p>\u00c1lvaro Campelo afirma, em sua justificativa, que, infelizmente, existe uma grande quantidade de cidad\u00e3os em nosso Estado, sobretudo os mais idosos, acometidos por doen\u00e7as graves, cujo tratamento exige o uso continuado de aparelhos ou equipamentos que consomem energia el\u00e9trica.<\/p>\n\n\n\n<p>\u201c\u00c9 evidente que a sobreviv\u00eancia \u00e9 uma luta di\u00e1ria, sobretudo por enfrentar n\u00e3o apenas graves mol\u00e9stias, mas tamb\u00e9m o risco de terem o fornecimento de energia cortado em raz\u00e3o de inadimpl\u00eancia, pois a maioria das fam\u00edlias n\u00e3o disp\u00f5e de recursos sequer para assegurar uma alimenta\u00e7\u00e3o adequada, qui\u00e7\u00e1 para pagar faturas com valores exorbitantes. Nesse passo, cumpre esclarecer que, para a concess\u00e3o deste desconto, uma vez que h\u00e1 a necessidade do gasto suplementar da energia, haver\u00e1 a necessidade da exist\u00eancia de aparelhos que dependam de energia el\u00e9trica, devendo a comprova\u00e7\u00e3o ser simplificada com a presen\u00e7a do laudo m\u00e9dico que indique a necessidade do referido tratamento domiciliar, indicando, se for o caso, a sua dura\u00e7\u00e3o\u201d, ressaltou.<\/p>\n\n\n\n<p>O Projeto de Lei foi apresentado no \u00faltimo dia 24 e, agora, ser\u00e1 avaliado pelas comiss\u00f5es permanentes da Aleam para ser votado nas pr\u00f3ximas semanas.<\/p>\n","protected":false},"excerpt":{"rendered":"<p>A Amazonas Energia ser\u00e1 obrigada a dar desconto de 50% na fatura aos consumidores que&nbsp;fazem&#8230;<\/p>\n","protected":false},"author":5,"featured_media":714,"comment_status":"open","ping_status":"open","sticky":false,"template":"","format":"standard","meta":{"footnotes":""},"categories":[49],"tags":[66],"class_list":["post-713","post","type-post","status-publish","format-standard","has-post-thumbnail","hentry","category-destaques","tag-alvaro-campelo"],"yoast_head":"<!-- This site is optimized with the Yoast SEO plugin v24.4 - https:\/\/yoast.com\/wordpress\/plugins\/seo\/ -->\n<title>Amazonas Energia dever\u00e1 descontar 50% da fatura dos usu\u00e1rios de home care - Not\u00edcias de Todos - Models01<\/title>\n<meta name=\"robots\" content=\"index, follow, max-snippet:-1, max-image-preview:large, max-video-preview:-1\" \/>\n<link rel=\"canonical\" href=\"https:\/\/markd.com.br\/models\/amazonas-energia-devera-descontar-50-da-fatura-dos-usuarios-de-home-care\/\" \/>\n<meta property=\"og:locale\" content=\"pt_BR\" \/>\n<meta property=\"og:type\" content=\"article\" \/>\n<meta property=\"og:title\" content=\"Amazonas Energia dever\u00e1 descontar 50% da fatura dos usu\u00e1rios de home care - Not\u00edcias de Todos - Models01\" \/>\n<meta property=\"og:description\" content=\"A Amazonas Energia ser\u00e1 obrigada a dar desconto de 50% na fatura aos consumidores que&nbsp;fazem...\" \/>\n<meta property=\"og:url\" content=\"https:\/\/markd.com.br\/models\/amazonas-energia-devera-descontar-50-da-fatura-dos-usuarios-de-home-care\/\" \/>\n<meta property=\"og:site_name\" content=\"Not\u00edcias de Todos - Models01\" \/>\n<meta property=\"article:published_time\" content=\"2022-03-07T22:45:23+00:00\" \/>\n<meta property=\"article:modified_time\" content=\"2022-03-07T22:45:28+00:00\" \/>\n<meta property=\"og:image\" content=\"https:\/\/markd.com.br\/models\/wp-content\/uploads\/2022\/03\/WhatsApp-Image-2022-03-07-at-19.16.51-1.jpg\" \/>\n\t<meta property=\"og:image:width\" content=\"640\" \/>\n\t<meta property=\"og:image:height\" content=\"381\" \/>\n\t<meta property=\"og:image:type\" content=\"image\/jpeg\" \/>\n<meta name=\"author\" content=\"Reda\u00e7\u00e3o Reda\u00e7\u00e3o\" \/>\n<meta name=\"twitter:card\" content=\"summary_large_image\" \/>\n<meta name=\"twitter:label1\" content=\"Escrito por\" \/>\n\t<meta name=\"twitter:data1\" content=\"Reda\u00e7\u00e3o Reda\u00e7\u00e3o\" \/>\n\t<meta name=\"twitter:label2\" content=\"Est. tempo de leitura\" \/>\n\t<meta name=\"twitter:data2\" content=\"2 minutos\" \/>\n<script type=\"application\/ld+json\" class=\"yoast-schema-graph\">{\"@context\":\"https:\/\/schema.org\",\"@graph\":[{\"@type\":\"WebPage\",\"@id\":\"https:\/\/markd.com.br\/models\/amazonas-energia-devera-descontar-50-da-fatura-dos-usuarios-de-home-care\/\",\"url\":\"https:\/\/markd.com.br\/models\/amazonas-energia-devera-descontar-50-da-fatura-dos-usuarios-de-home-care\/\",\"name\":\"Amazonas Energia dever\u00e1 descontar 50% da fatura dos usu\u00e1rios de home care - Not\u00edcias de Todos - Models01\",\"isPartOf\":{\"@id\":\"https:\/\/markd.com.br\/models\/#website\"},\"primaryImageOfPage\":{\"@id\":\"https:\/\/markd.com.br\/models\/amazonas-energia-devera-descontar-50-da-fatura-dos-usuarios-de-home-care\/#primaryimage\"},\"image\":{\"@id\":\"https:\/\/markd.com.br\/models\/amazonas-energia-devera-descontar-50-da-fatura-dos-usuarios-de-home-care\/#primaryimage\"},\"thumbnailUrl\":\"https:\/\/markd.com.br\/models\/wp-content\/uploads\/2022\/03\/WhatsApp-Image-2022-03-07-at-19.16.51-1.jpg\",\"datePublished\":\"2022-03-07T22:45:23+00:00\",\"dateModified\":\"2022-03-07T22:45:28+00:00\",\"author\":{\"@id\":\"https:\/\/markd.com.br\/models\/#\/schema\/person\/c12a77ab487a7262d8bec3c47301ad37\"},\"breadcrumb\":{\"@id\":\"https:\/\/markd.com.br\/models\/amazonas-energia-devera-descontar-50-da-fatura-dos-usuarios-de-home-care\/#breadcrumb\"},\"inLanguage\":\"pt-BR\",\"potentialAction\":[{\"@type\":\"ReadAction\",\"target\":[\"https:\/\/markd.com.br\/models\/amazonas-energia-devera-descontar-50-da-fatura-dos-usuarios-de-home-care\/\"]}]},{\"@type\":\"ImageObject\",\"inLanguage\":\"pt-BR\",\"@id\":\"https:\/\/markd.com.br\/models\/amazonas-energia-devera-descontar-50-da-fatura-dos-usuarios-de-home-care\/#primaryimage\",\"url\":\"https:\/\/markd.com.br\/models\/wp-content\/uploads\/2022\/03\/WhatsApp-Image-2022-03-07-at-19.16.51-1.jpg\",\"contentUrl\":\"https:\/\/markd.com.br\/models\/wp-content\/uploads\/2022\/03\/WhatsApp-Image-2022-03-07-at-19.16.51-1.jpg\",\"width\":640,\"height\":381},{\"@type\":\"BreadcrumbList\",\"@id\":\"https:\/\/markd.com.br\/models\/amazonas-energia-devera-descontar-50-da-fatura-dos-usuarios-de-home-care\/#breadcrumb\",\"itemListElement\":[{\"@type\":\"ListItem\",\"position\":1,\"name\":\"In\u00edcio\",\"item\":\"https:\/\/markd.com.br\/models\/\"},{\"@type\":\"ListItem\",\"position\":2,\"name\":\"Amazonas Energia dever\u00e1 descontar 50% da fatura dos usu\u00e1rios de home care\"}]},{\"@type\":\"WebSite\",\"@id\":\"https:\/\/markd.com.br\/models\/#website\",\"url\":\"https:\/\/markd.com.br\/models\/\",\"name\":\"Not\u00edcias de Todos - Models01\",\"description\":\"Tenha um Portal de Not\u00edcias Moderno, Din\u00e2mico, R\u00e1pido e Profissional. Entregamos seu Site de  Not\u00edcias Pronto, Instalado, Hospedado, com Manual Passo a Passo e Suporte 24 horas.\",\"potentialAction\":[{\"@type\":\"SearchAction\",\"target\":{\"@type\":\"EntryPoint\",\"urlTemplate\":\"https:\/\/markd.com.br\/models\/?s={search_term_string}\"},\"query-input\":{\"@type\":\"PropertyValueSpecification\",\"valueRequired\":true,\"valueName\":\"search_term_string\"}}],\"inLanguage\":\"pt-BR\"},{\"@type\":\"Person\",\"@id\":\"https:\/\/markd.com.br\/models\/#\/schema\/person\/c12a77ab487a7262d8bec3c47301ad37\",\"name\":\"Reda\u00e7\u00e3o Reda\u00e7\u00e3o\",\"image\":{\"@type\":\"ImageObject\",\"inLanguage\":\"pt-BR\",\"@id\":\"https:\/\/markd.com.br\/models\/#\/schema\/person\/image\/\",\"url\":\"https:\/\/secure.gravatar.com\/avatar\/9448f3599ce269febf169e183039b4a6?s=96&d=mm&r=g\",\"contentUrl\":\"https:\/\/secure.gravatar.com\/avatar\/9448f3599ce269febf169e183039b4a6?s=96&d=mm&r=g\",\"caption\":\"Reda\u00e7\u00e3o Reda\u00e7\u00e3o\"},\"sameAs\":[\"https:\/\/markd.com.br\/\"],\"url\":\"https:\/\/markd.com.br\/models\/author\/redacao\/\"}]}<\/script>\n<!-- \/ Yoast SEO plugin. -->","yoast_head_json":{"title":"Amazonas Energia dever\u00e1 descontar 50% da fatura dos usu\u00e1rios de home care - Not\u00edcias de Todos - Models01","robots":{"index":"index","follow":"follow","max-snippet":"max-snippet:-1","max-image-preview":"max-image-preview:large","max-video-preview":"max-video-preview:-1"},"canonical":"https:\/\/markd.com.br\/models\/amazonas-energia-devera-descontar-50-da-fatura-dos-usuarios-de-home-care\/","og_locale":"pt_BR","og_type":"article","og_title":"Amazonas Energia dever\u00e1 descontar 50% da fatura dos usu\u00e1rios de home care - Not\u00edcias de Todos - Models01","og_description":"A Amazonas Energia ser\u00e1 obrigada a dar desconto de 50% na fatura aos consumidores que&nbsp;fazem...","og_url":"https:\/\/markd.com.br\/models\/amazonas-energia-devera-descontar-50-da-fatura-dos-usuarios-de-home-care\/","og_site_name":"Not\u00edcias de Todos - Models01","article_published_time":"2022-03-07T22:45:23+00:00","article_modified_time":"2022-03-07T22:45:28+00:00","og_image":[{"width":640,"height":381,"url":"https:\/\/markd.com.br\/models\/wp-content\/uploads\/2022\/03\/WhatsApp-Image-2022-03-07-at-19.16.51-1.jpg","type":"image\/jpeg"}],"author":"Reda\u00e7\u00e3o Reda\u00e7\u00e3o","twitter_card":"summary_large_image","twitter_misc":{"Escrito por":"Reda\u00e7\u00e3o Reda\u00e7\u00e3o","Est. tempo de leitura":"2 minutos"},"schema":{"@context":"https:\/\/schema.org","@graph":[{"@type":"WebPage","@id":"https:\/\/markd.com.br\/models\/amazonas-energia-devera-descontar-50-da-fatura-dos-usuarios-de-home-care\/","url":"https:\/\/markd.com.br\/models\/amazonas-energia-devera-descontar-50-da-fatura-dos-usuarios-de-home-care\/","name":"Amazonas Energia dever\u00e1 descontar 50% da fatura dos usu\u00e1rios de home care - Not\u00edcias de Todos - Models01","isPartOf":{"@id":"https:\/\/markd.com.br\/models\/#website"},"primaryImageOfPage":{"@id":"https:\/\/markd.com.br\/models\/amazonas-energia-devera-descontar-50-da-fatura-dos-usuarios-de-home-care\/#primaryimage"},"image":{"@id":"https:\/\/markd.com.br\/models\/amazonas-energia-devera-descontar-50-da-fatura-dos-usuarios-de-home-care\/#primaryimage"},"thumbnailUrl":"https:\/\/markd.com.br\/models\/wp-content\/uploads\/2022\/03\/WhatsApp-Image-2022-03-07-at-19.16.51-1.jpg","datePublished":"2022-03-07T22:45:23+00:00","dateModified":"2022-03-07T22:45:28+00:00","author":{"@id":"https:\/\/markd.com.br\/models\/#\/schema\/person\/c12a77ab487a7262d8bec3c47301ad37"},"breadcrumb":{"@id":"https:\/\/markd.com.br\/models\/amazonas-energia-devera-descontar-50-da-fatura-dos-usuarios-de-home-care\/#breadcrumb"},"inLanguage":"pt-BR","potentialAction":[{"@type":"ReadAction","target":["https:\/\/markd.com.br\/models\/amazonas-energia-devera-descontar-50-da-fatura-dos-usuarios-de-home-care\/"]}]},{"@type":"ImageObject","inLanguage":"pt-BR","@id":"https:\/\/markd.com.br\/models\/amazonas-energia-devera-descontar-50-da-fatura-dos-usuarios-de-home-care\/#primaryimage","url":"https:\/\/markd.com.br\/models\/wp-content\/uploads\/2022\/03\/WhatsApp-Image-2022-03-07-at-19.16.51-1.jpg","contentUrl":"https:\/\/markd.com.br\/models\/wp-content\/uploads\/2022\/03\/WhatsApp-Image-2022-03-07-at-19.16.51-1.jpg","width":640,"height":381},{"@type":"BreadcrumbList","@id":"https:\/\/markd.com.br\/models\/amazonas-energia-devera-descontar-50-da-fatura-dos-usuarios-de-home-care\/#breadcrumb","itemListElement":[{"@type":"ListItem","position":1,"name":"In\u00edcio","item":"https:\/\/markd.com.br\/models\/"},{"@type":"ListItem","position":2,"name":"Amazonas Energia dever\u00e1 descontar 50% da fatura dos usu\u00e1rios de home care"}]},{"@type":"WebSite","@id":"https:\/\/markd.com.br\/models\/#website","url":"https:\/\/markd.com.br\/models\/","name":"Not\u00edcias de Todos - Models01","description":"Tenha um Portal de Not\u00edcias Moderno, Din\u00e2mico, R\u00e1pido e Profissional. Entregamos seu Site de  Not\u00edcias Pronto, Instalado, Hospedado, com Manual Passo a Passo e Suporte 24 horas.","potentialAction":[{"@type":"SearchAction","target":{"@type":"EntryPoint","urlTemplate":"https:\/\/markd.com.br\/models\/?s={search_term_string}"},"query-input":{"@type":"PropertyValueSpecification","valueRequired":true,"valueName":"search_term_string"}}],"inLanguage":"pt-BR"},{"@type":"Person","@id":"https:\/\/markd.com.br\/models\/#\/schema\/person\/c12a77ab487a7262d8bec3c47301ad37","name":"Reda\u00e7\u00e3o Reda\u00e7\u00e3o","image":{"@type":"ImageObject","inLanguage":"pt-BR","@id":"https:\/\/markd.com.br\/models\/#\/schema\/person\/image\/","url":"https:\/\/secure.gravatar.com\/avatar\/9448f3599ce269febf169e183039b4a6?s=96&d=mm&r=g","contentUrl":"https:\/\/secure.gravatar.com\/avatar\/9448f3599ce269febf169e183039b4a6?s=96&d=mm&r=g","caption":"Reda\u00e7\u00e3o Reda\u00e7\u00e3o"},"sameAs":["https:\/\/markd.com.br\/"],"url":"https:\/\/markd.com.br\/models\/author\/redacao\/"}]}},"featured_image_urls":{"full":["https:\/\/markd.com.br\/models\/wp-content\/uploads\/2022\/03\/WhatsApp-Image-2022-03-07-at-19.16.51-1.jpg",640,381,false],"thumbnail":["https:\/\/markd.com.br\/models\/wp-content\/uploads\/2022\/03\/WhatsApp-Image-2022-03-07-at-19.16.51-1-150x150.jpg",150,150,true],"medium":["https:\/\/markd.com.br\/models\/wp-content\/uploads\/2022\/03\/WhatsApp-Image-2022-03-07-at-19.16.51-1-300x179.jpg",300,179,true],"medium_large":["https:\/\/markd.com.br\/models\/wp-content\/uploads\/2022\/03\/WhatsApp-Image-2022-03-07-at-19.16.51-1.jpg",640,381,false],"large":["https:\/\/markd.com.br\/models\/wp-content\/uploads\/2022\/03\/WhatsApp-Image-2022-03-07-at-19.16.51-1.jpg",640,381,false],"1536x1536":["https:\/\/markd.com.br\/models\/wp-content\/uploads\/2022\/03\/WhatsApp-Image-2022-03-07-at-19.16.51-1.jpg",640,381,false],"2048x2048":["https:\/\/markd.com.br\/models\/wp-content\/uploads\/2022\/03\/WhatsApp-Image-2022-03-07-at-19.16.51-1.jpg",640,381,false],"newsphere-slider-full":["https:\/\/markd.com.br\/models\/wp-content\/uploads\/2022\/03\/WhatsApp-Image-2022-03-07-at-19.16.51-1.jpg",640,381,false],"newsphere-featured":["https:\/\/markd.com.br\/models\/wp-content\/uploads\/2022\/03\/WhatsApp-Image-2022-03-07-at-19.16.51-1.jpg",640,381,false],"newsphere-medium":["https:\/\/markd.com.br\/models\/wp-content\/uploads\/2022\/03\/WhatsApp-Image-2022-03-07-at-19.16.51-1.jpg",638,380,false]},"author_info":{"display_name":"Reda\u00e7\u00e3o Reda\u00e7\u00e3o","author_link":"https:\/\/markd.com.br\/models\/author\/redacao\/"},"category_info":"<a href=\"https:\/\/markd.com.br\/models\/category\/destaques\/\" rel=\"category tag\">destaques<\/a>","tag_info":"destaques","comment_count":"0","jetpack_featured_media_url":"https:\/\/markd.com.br\/models\/wp-content\/uploads\/2022\/03\/WhatsApp-Image-2022-03-07-at-19.16.51-1.jpg","_links":{"self":[{"href":"https:\/\/markd.com.br\/models\/wp-json\/wp\/v2\/posts\/713","targetHints":{"allow":["GET"]}}],"collection":[{"href":"https:\/\/markd.com.br\/models\/wp-json\/wp\/v2\/posts"}],"about":[{"href":"https:\/\/markd.com.br\/models\/wp-json\/wp\/v2\/types\/post"}],"author":[{"embeddable":true,"href":"https:\/\/markd.com.br\/models\/wp-json\/wp\/v2\/users\/5"}],"replies":[{"embeddable":true,"href":"https:\/\/markd.com.br\/models\/wp-json\/wp\/v2\/comments?post=713"}],"version-history":[{"count":1,"href":"https:\/\/markd.com.br\/models\/wp-json\/wp\/v2\/posts\/713\/revisions"}],"predecessor-version":[{"id":715,"href":"https:\/\/markd.com.br\/models\/wp-json\/wp\/v2\/posts\/713\/revisions\/715"}],"wp:featuredmedia":[{"embeddable":true,"href":"https:\/\/markd.com.br\/models\/wp-json\/wp\/v2\/media\/714"}],"wp:attachment":[{"href":"https:\/\/markd.com.br\/models\/wp-json\/wp\/v2\/media?parent=713"}],"wp:term":[{"taxonomy":"category","embeddable":true,"href":"https:\/\/markd.com.br\/models\/wp-json\/wp\/v2\/categories?post=713"},{"taxonomy":"post_tag","embeddable":true,"href":"https:\/\/markd.com.br\/models\/wp-json\/wp\/v2\/tags?post=713"}],"curies":[{"name":"wp","href":"https:\/\/api.w.org\/{rel}","templated":true}]}}