{"id":716,"date":"2022-03-07T21:51:53","date_gmt":"2022-03-08T00:51:53","guid":{"rendered":"https:\/\/portaldestaquenoticias.com.br\/?p=716"},"modified":"2022-03-07T21:51:59","modified_gmt":"2022-03-08T00:51:59","slug":"prefeito-anderson-sousa-faz-entrega-das-melhorias-da-creche-henrique-aguiar","status":"publish","type":"post","link":"https:\/\/markd.com.br\/models\/prefeito-anderson-sousa-faz-entrega-das-melhorias-da-creche-henrique-aguiar\/","title":{"rendered":"Prefeito Anderson Sousa faz entrega das melhorias da Creche Henrique Aguiar"},"content":{"rendered":"\n<p>O prefeito&nbsp;<a href=\"https:\/\/www.facebook.com\/anderson.sousa.1610?__cft__%5b0%5d=AZW-tceVjB1WdYKWUX2PkvxnlidOuq8BVS2-XTpRJ-bPIYPyPOVfU97BYzzufyT0g4hhNn_nf1v41Lct84ctKcajKuZ2lLp26-2I3o9ZfoVm-zAa3tk47QkiyR6BtdTBolYvSi8CZ5NAXVSA64xaKMwS&amp;__tn__=-%5dK-R\">Anderson Sousa<\/a>, acompanhado dos vereadores&nbsp;<a href=\"https:\/\/www.facebook.com\/oseas.paulo.311?__cft__%5b0%5d=AZW-tceVjB1WdYKWUX2PkvxnlidOuq8BVS2-XTpRJ-bPIYPyPOVfU97BYzzufyT0g4hhNn_nf1v41Lct84ctKcajKuZ2lLp26-2I3o9ZfoVm-zAa3tk47QkiyR6BtdTBolYvSi8CZ5NAXVSA64xaKMwS&amp;__tn__=-%5dK-R\">Oseas Paulo<\/a>,&nbsp;<a href=\"https:\/\/www.facebook.com\/vrandre.oliveira?__cft__%5b0%5d=AZW-tceVjB1WdYKWUX2PkvxnlidOuq8BVS2-XTpRJ-bPIYPyPOVfU97BYzzufyT0g4hhNn_nf1v41Lct84ctKcajKuZ2lLp26-2I3o9ZfoVm-zAa3tk47QkiyR6BtdTBolYvSi8CZ5NAXVSA64xaKMwS&amp;__tn__=-%5dK-R\">Vr Andr\u00e9 Oliveira<\/a>&nbsp;e&nbsp;<a href=\"https:\/\/www.facebook.com\/danisonnegraorpe?__cft__%5b0%5d=AZW-tceVjB1WdYKWUX2PkvxnlidOuq8BVS2-XTpRJ-bPIYPyPOVfU97BYzzufyT0g4hhNn_nf1v41Lct84ctKcajKuZ2lLp26-2I3o9ZfoVm-zAa3tk47QkiyR6BtdTBolYvSi8CZ5NAXVSA64xaKMwS&amp;__tn__=-%5dK-R\">Danison Negr\u00e3o<\/a>, fez a entrega das melhorias na&nbsp;<a href=\"https:\/\/www.facebook.com\/verantoniohenrique.deaguiar?__cft__%5b0%5d=AZW-tceVjB1WdYKWUX2PkvxnlidOuq8BVS2-XTpRJ-bPIYPyPOVfU97BYzzufyT0g4hhNn_nf1v41Lct84ctKcajKuZ2lLp26-2I3o9ZfoVm-zAa3tk47QkiyR6BtdTBolYvSi8CZ5NAXVSA64xaKMwS&amp;__tn__=-%5dK-R\">Creche Ver Ant\u00f4nio Henrique De Aguiar<\/a>. A solenidade contou com a presen\u00e7a de pais, professores e da coordenadora pedag\u00f3gica da SEMECD,&nbsp;<a href=\"https:\/\/www.facebook.com\/regiane.viana.77?__cft__%5b0%5d=AZW-tceVjB1WdYKWUX2PkvxnlidOuq8BVS2-XTpRJ-bPIYPyPOVfU97BYzzufyT0g4hhNn_nf1v41Lct84ctKcajKuZ2lLp26-2I3o9ZfoVm-zAa3tk47QkiyR6BtdTBolYvSi8CZ5NAXVSA64xaKMwS&amp;__tn__=-%5dK-R\">Regiane Viana<\/a>, que representou a secret\u00e1ria de educa\u00e7\u00e3o&nbsp;<a href=\"https:\/\/www.facebook.com\/eliete.dacunha.37?__cft__%5b0%5d=AZW-tceVjB1WdYKWUX2PkvxnlidOuq8BVS2-XTpRJ-bPIYPyPOVfU97BYzzufyT0g4hhNn_nf1v41Lct84ctKcajKuZ2lLp26-2I3o9ZfoVm-zAa3tk47QkiyR6BtdTBolYvSi8CZ5NAXVSA64xaKMwS&amp;__tn__=-%5dK-R\">Eliete Da Cunha<\/a>. A gestora&nbsp;<a href=\"https:\/\/www.facebook.com\/auxiliadora.alves.3?__cft__%5b0%5d=AZW-tceVjB1WdYKWUX2PkvxnlidOuq8BVS2-XTpRJ-bPIYPyPOVfU97BYzzufyT0g4hhNn_nf1v41Lct84ctKcajKuZ2lLp26-2I3o9ZfoVm-zAa3tk47QkiyR6BtdTBolYvSi8CZ5NAXVSA64xaKMwS&amp;__tn__=-%5dK-R\">Auxiliadora Alves<\/a>&nbsp;destacou as melhorias que a creche vem recebendo ao longo dos anos de mandato do&nbsp;<a href=\"https:\/\/www.facebook.com\/prefeitoandersonsousa\/?__cft__%5b0%5d=AZW-tceVjB1WdYKWUX2PkvxnlidOuq8BVS2-XTpRJ-bPIYPyPOVfU97BYzzufyT0g4hhNn_nf1v41Lct84ctKcajKuZ2lLp26-2I3o9ZfoVm-zAa3tk47QkiyR6BtdTBolYvSi8CZ5NAXVSA64xaKMwS&amp;__tn__=kK-R\">Prefeito Anderson Sousa<\/a>. O prefeito destacou que ir\u00e1 trabalhar para adquirir o terreno ao lado e construir mais tr\u00eas salas de aula.<\/p>\n\n\n\n<figure class=\"wp-block-image\"><img decoding=\"async\" src=\"https:\/\/sp-ao.shortpixel.ai\/client\/to_auto,q_glossy,ret_img,w_640,h_427\/https:\/\/portalmancheteam.com.br\/wp-content\/uploads\/2022\/03\/275174240_658024375425956_6272362413102619998_n.jpg\" alt=\"\" class=\"wp-image-76485\"\/><\/figure>\n\n\n\n<figure class=\"wp-block-image\"><img decoding=\"async\" src=\"https:\/\/sp-ao.shortpixel.ai\/client\/to_auto,q_glossy,ret_img,w_640,h_427\/https:\/\/portalmancheteam.com.br\/wp-content\/uploads\/2022\/03\/275180909_658024308759296_8393224714604795321_n.jpg\" alt=\"\" class=\"wp-image-76486\"\/><\/figure>\n\n\n\n<figure class=\"wp-block-image\"><img decoding=\"async\" src=\"https:\/\/sp-ao.shortpixel.ai\/client\/to_auto,q_glossy,ret_img,w_640,h_427\/https:\/\/portalmancheteam.com.br\/wp-content\/uploads\/2022\/03\/275207286_658024652092595_8383927938465614866_n.jpg\" alt=\"\" class=\"wp-image-76487\"\/><\/figure>\n\n\n\n<figure class=\"wp-block-image\"><img decoding=\"async\" src=\"https:\/\/sp-ao.shortpixel.ai\/client\/to_auto,q_glossy,ret_img,w_640,h_427\/https:\/\/portalmancheteam.com.br\/wp-content\/uploads\/2022\/03\/275222941_658023702092690_7500046961667756467_n.jpg\" alt=\"\" class=\"wp-image-76488\"\/><\/figure>\n\n\n\n<figure class=\"wp-block-image\"><img decoding=\"async\" src=\"https:\/\/sp-ao.shortpixel.ai\/client\/to_auto,q_glossy,ret_img,w_640,h_427\/https:\/\/portalmancheteam.com.br\/wp-content\/uploads\/2022\/03\/275224341_658024292092631_6161514320548528934_n.jpg\" alt=\"\" class=\"wp-image-76489\"\/><\/figure>\n\n\n\n<figure class=\"wp-block-image\"><img decoding=\"async\" src=\"https:\/\/sp-ao.shortpixel.ai\/client\/to_auto,q_glossy,ret_img,w_640,h_427\/https:\/\/portalmancheteam.com.br\/wp-content\/uploads\/2022\/03\/275225913_658024362092624_7145668773741408164_n.jpg\" alt=\"\" class=\"wp-image-76490\"\/><\/figure>\n\n\n\n<figure class=\"wp-block-image\"><img decoding=\"async\" src=\"https:\/\/sp-ao.shortpixel.ai\/client\/to_auto,q_glossy,ret_img,w_427,h_640\/https:\/\/portalmancheteam.com.br\/wp-content\/uploads\/2022\/03\/275231742_658024475425946_7581886359812754371_n.jpg\" alt=\"\" class=\"wp-image-76491\"\/><\/figure>\n\n\n\n<figure class=\"wp-block-image\"><img decoding=\"async\" src=\"https:\/\/sp-ao.shortpixel.ai\/client\/to_auto,q_glossy,ret_img,w_427,h_640\/https:\/\/portalmancheteam.com.br\/wp-content\/uploads\/2022\/03\/275245951_658024768759250_294704971075454938_n.jpg\" alt=\"\" class=\"wp-image-76492\"\/><\/figure>\n\n\n\n<figure class=\"wp-block-image\"><img decoding=\"async\" src=\"https:\/\/sp-ao.shortpixel.ai\/client\/to_auto,q_glossy,ret_img,w_640,h_427\/https:\/\/portalmancheteam.com.br\/wp-content\/uploads\/2022\/03\/275250241_658023742092686_5588081979588586411_n.jpg\" alt=\"\" class=\"wp-image-76493\"\/><\/figure>\n\n\n\n<figure class=\"wp-block-image\"><img decoding=\"async\" src=\"https:\/\/sp-ao.shortpixel.ai\/client\/to_auto,q_glossy,ret_img,w_640,h_427\/https:\/\/portalmancheteam.com.br\/wp-content\/uploads\/2022\/03\/275254231_658024352092625_6415739292976804472_n.jpg\" alt=\"\" class=\"wp-image-76494\"\/><\/figure>\n\n\n\n<figure class=\"wp-block-image\"><img decoding=\"async\" src=\"https:\/\/sp-ao.shortpixel.ai\/client\/to_auto,q_glossy,ret_img,w_640,h_427\/https:\/\/portalmancheteam.com.br\/wp-content\/uploads\/2022\/03\/275263096_658024462092614_4365755108915711312_n.jpg\" alt=\"\" class=\"wp-image-76495\"\/><\/figure>\n\n\n\n<figure class=\"wp-block-image\"><img decoding=\"async\" src=\"https:\/\/sp-ao.shortpixel.ai\/client\/to_auto,q_glossy,ret_img,w_640,h_427\/https:\/\/portalmancheteam.com.br\/wp-content\/uploads\/2022\/03\/275436375_658024342092626_3447360010818613254_n.jpg\" alt=\"\" class=\"wp-image-76496\"\/><\/figure>\n\n\n\n<figure class=\"wp-block-image\"><img decoding=\"async\" src=\"https:\/\/sp-ao.shortpixel.ai\/client\/to_auto,q_glossy,ret_img,w_640,h_427\/https:\/\/portalmancheteam.com.br\/wp-content\/uploads\/2022\/03\/275558557_658023718759355_7521737729392808816_n.jpg\" alt=\"\" class=\"wp-image-76497\"\/><\/figure>\n","protected":false},"excerpt":{"rendered":"<p>O prefeito&nbsp;Anderson Sousa, acompanhado dos vereadores&nbsp;Oseas Paulo,&nbsp;Vr Andr\u00e9 Oliveira&nbsp;e&nbsp;Danison Negr\u00e3o, fez a entrega das melhorias&#8230;<\/p>\n","protected":false},"author":5,"featured_media":717,"comment_status":"open","ping_status":"open","sticky":false,"template":"","format":"standard","meta":{"footnotes":""},"categories":[67],"tags":[68],"class_list":["post-716","post","type-post","status-publish","format-standard","has-post-thumbnail","hentry","category-rio-preto-da-eva","tag-rio-preto-da-eva"],"yoast_head":"<!-- This site is optimized with the Yoast SEO plugin v24.4 - https:\/\/yoast.com\/wordpress\/plugins\/seo\/ -->\n<title>Prefeito Anderson Sousa faz entrega das melhorias da Creche Henrique Aguiar - Not\u00edcias de Todos - Models01<\/title>\n<meta name=\"robots\" content=\"index, follow, max-snippet:-1, max-image-preview:large, max-video-preview:-1\" \/>\n<link rel=\"canonical\" href=\"https:\/\/markd.com.br\/models\/prefeito-anderson-sousa-faz-entrega-das-melhorias-da-creche-henrique-aguiar\/\" \/>\n<meta property=\"og:locale\" content=\"pt_BR\" \/>\n<meta property=\"og:type\" content=\"article\" \/>\n<meta property=\"og:title\" content=\"Prefeito Anderson Sousa faz entrega das melhorias da Creche Henrique Aguiar - Not\u00edcias de Todos - Models01\" \/>\n<meta property=\"og:description\" content=\"O prefeito&nbsp;Anderson Sousa, acompanhado dos vereadores&nbsp;Oseas Paulo,&nbsp;Vr Andr\u00e9 Oliveira&nbsp;e&nbsp;Danison Negr\u00e3o, fez a entrega das melhorias...\" \/>\n<meta property=\"og:url\" content=\"https:\/\/markd.com.br\/models\/prefeito-anderson-sousa-faz-entrega-das-melhorias-da-creche-henrique-aguiar\/\" \/>\n<meta property=\"og:site_name\" content=\"Not\u00edcias de Todos - Models01\" \/>\n<meta property=\"article:published_time\" content=\"2022-03-08T00:51:53+00:00\" \/>\n<meta property=\"article:modified_time\" content=\"2022-03-08T00:51:59+00:00\" \/>\n<meta property=\"og:image\" content=\"https:\/\/markd.com.br\/models\/wp-content\/uploads\/2022\/03\/275225913_658024362092624_7145668773741408164_n.jpg\" \/>\n\t<meta property=\"og:image:width\" content=\"640\" \/>\n\t<meta property=\"og:image:height\" content=\"427\" \/>\n\t<meta property=\"og:image:type\" content=\"image\/jpeg\" \/>\n<meta name=\"author\" content=\"Reda\u00e7\u00e3o Reda\u00e7\u00e3o\" \/>\n<meta name=\"twitter:card\" content=\"summary_large_image\" \/>\n<meta name=\"twitter:label1\" content=\"Escrito por\" \/>\n\t<meta name=\"twitter:data1\" content=\"Reda\u00e7\u00e3o Reda\u00e7\u00e3o\" \/>\n\t<meta name=\"twitter:label2\" content=\"Est. tempo de leitura\" \/>\n\t<meta name=\"twitter:data2\" content=\"4 minutos\" \/>\n<script type=\"application\/ld+json\" class=\"yoast-schema-graph\">{\"@context\":\"https:\/\/schema.org\",\"@graph\":[{\"@type\":\"WebPage\",\"@id\":\"https:\/\/markd.com.br\/models\/prefeito-anderson-sousa-faz-entrega-das-melhorias-da-creche-henrique-aguiar\/\",\"url\":\"https:\/\/markd.com.br\/models\/prefeito-anderson-sousa-faz-entrega-das-melhorias-da-creche-henrique-aguiar\/\",\"name\":\"Prefeito Anderson Sousa faz entrega das melhorias da Creche Henrique Aguiar - Not\u00edcias de Todos - Models01\",\"isPartOf\":{\"@id\":\"https:\/\/markd.com.br\/models\/#website\"},\"primaryImageOfPage\":{\"@id\":\"https:\/\/markd.com.br\/models\/prefeito-anderson-sousa-faz-entrega-das-melhorias-da-creche-henrique-aguiar\/#primaryimage\"},\"image\":{\"@id\":\"https:\/\/markd.com.br\/models\/prefeito-anderson-sousa-faz-entrega-das-melhorias-da-creche-henrique-aguiar\/#primaryimage\"},\"thumbnailUrl\":\"https:\/\/markd.com.br\/models\/wp-content\/uploads\/2022\/03\/275225913_658024362092624_7145668773741408164_n.jpg\",\"datePublished\":\"2022-03-08T00:51:53+00:00\",\"dateModified\":\"2022-03-08T00:51:59+00:00\",\"author\":{\"@id\":\"https:\/\/markd.com.br\/models\/#\/schema\/person\/c12a77ab487a7262d8bec3c47301ad37\"},\"breadcrumb\":{\"@id\":\"https:\/\/markd.com.br\/models\/prefeito-anderson-sousa-faz-entrega-das-melhorias-da-creche-henrique-aguiar\/#breadcrumb\"},\"inLanguage\":\"pt-BR\",\"potentialAction\":[{\"@type\":\"ReadAction\",\"target\":[\"https:\/\/markd.com.br\/models\/prefeito-anderson-sousa-faz-entrega-das-melhorias-da-creche-henrique-aguiar\/\"]}]},{\"@type\":\"ImageObject\",\"inLanguage\":\"pt-BR\",\"@id\":\"https:\/\/markd.com.br\/models\/prefeito-anderson-sousa-faz-entrega-das-melhorias-da-creche-henrique-aguiar\/#primaryimage\",\"url\":\"https:\/\/markd.com.br\/models\/wp-content\/uploads\/2022\/03\/275225913_658024362092624_7145668773741408164_n.jpg\",\"contentUrl\":\"https:\/\/markd.com.br\/models\/wp-content\/uploads\/2022\/03\/275225913_658024362092624_7145668773741408164_n.jpg\",\"width\":640,\"height\":427},{\"@type\":\"BreadcrumbList\",\"@id\":\"https:\/\/markd.com.br\/models\/prefeito-anderson-sousa-faz-entrega-das-melhorias-da-creche-henrique-aguiar\/#breadcrumb\",\"itemListElement\":[{\"@type\":\"ListItem\",\"position\":1,\"name\":\"In\u00edcio\",\"item\":\"https:\/\/markd.com.br\/models\/\"},{\"@type\":\"ListItem\",\"position\":2,\"name\":\"Prefeito Anderson Sousa faz entrega das melhorias da Creche Henrique Aguiar\"}]},{\"@type\":\"WebSite\",\"@id\":\"https:\/\/markd.com.br\/models\/#website\",\"url\":\"https:\/\/markd.com.br\/models\/\",\"name\":\"Not\u00edcias de Todos - Models01\",\"description\":\"Tenha um Portal de Not\u00edcias Moderno, Din\u00e2mico, R\u00e1pido e Profissional. Entregamos seu Site de  Not\u00edcias Pronto, Instalado, Hospedado, com Manual Passo a Passo e Suporte 24 horas.\",\"potentialAction\":[{\"@type\":\"SearchAction\",\"target\":{\"@type\":\"EntryPoint\",\"urlTemplate\":\"https:\/\/markd.com.br\/models\/?s={search_term_string}\"},\"query-input\":{\"@type\":\"PropertyValueSpecification\",\"valueRequired\":true,\"valueName\":\"search_term_string\"}}],\"inLanguage\":\"pt-BR\"},{\"@type\":\"Person\",\"@id\":\"https:\/\/markd.com.br\/models\/#\/schema\/person\/c12a77ab487a7262d8bec3c47301ad37\",\"name\":\"Reda\u00e7\u00e3o Reda\u00e7\u00e3o\",\"image\":{\"@type\":\"ImageObject\",\"inLanguage\":\"pt-BR\",\"@id\":\"https:\/\/markd.com.br\/models\/#\/schema\/person\/image\/\",\"url\":\"https:\/\/secure.gravatar.com\/avatar\/9448f3599ce269febf169e183039b4a6?s=96&d=mm&r=g\",\"contentUrl\":\"https:\/\/secure.gravatar.com\/avatar\/9448f3599ce269febf169e183039b4a6?s=96&d=mm&r=g\",\"caption\":\"Reda\u00e7\u00e3o Reda\u00e7\u00e3o\"},\"sameAs\":[\"https:\/\/markd.com.br\/\"],\"url\":\"https:\/\/markd.com.br\/models\/author\/redacao\/\"}]}<\/script>\n<!-- \/ Yoast SEO plugin. -->","yoast_head_json":{"title":"Prefeito Anderson Sousa faz entrega das melhorias da Creche Henrique Aguiar - Not\u00edcias de Todos - Models01","robots":{"index":"index","follow":"follow","max-snippet":"max-snippet:-1","max-image-preview":"max-image-preview:large","max-video-preview":"max-video-preview:-1"},"canonical":"https:\/\/markd.com.br\/models\/prefeito-anderson-sousa-faz-entrega-das-melhorias-da-creche-henrique-aguiar\/","og_locale":"pt_BR","og_type":"article","og_title":"Prefeito Anderson Sousa faz entrega das melhorias da Creche Henrique Aguiar - Not\u00edcias de Todos - Models01","og_description":"O prefeito&nbsp;Anderson Sousa, acompanhado dos vereadores&nbsp;Oseas Paulo,&nbsp;Vr Andr\u00e9 Oliveira&nbsp;e&nbsp;Danison Negr\u00e3o, fez a entrega das melhorias...","og_url":"https:\/\/markd.com.br\/models\/prefeito-anderson-sousa-faz-entrega-das-melhorias-da-creche-henrique-aguiar\/","og_site_name":"Not\u00edcias de Todos - Models01","article_published_time":"2022-03-08T00:51:53+00:00","article_modified_time":"2022-03-08T00:51:59+00:00","og_image":[{"width":640,"height":427,"url":"https:\/\/markd.com.br\/models\/wp-content\/uploads\/2022\/03\/275225913_658024362092624_7145668773741408164_n.jpg","type":"image\/jpeg"}],"author":"Reda\u00e7\u00e3o Reda\u00e7\u00e3o","twitter_card":"summary_large_image","twitter_misc":{"Escrito por":"Reda\u00e7\u00e3o Reda\u00e7\u00e3o","Est. tempo de leitura":"4 minutos"},"schema":{"@context":"https:\/\/schema.org","@graph":[{"@type":"WebPage","@id":"https:\/\/markd.com.br\/models\/prefeito-anderson-sousa-faz-entrega-das-melhorias-da-creche-henrique-aguiar\/","url":"https:\/\/markd.com.br\/models\/prefeito-anderson-sousa-faz-entrega-das-melhorias-da-creche-henrique-aguiar\/","name":"Prefeito Anderson Sousa faz entrega das melhorias da Creche Henrique Aguiar - Not\u00edcias de Todos - Models01","isPartOf":{"@id":"https:\/\/markd.com.br\/models\/#website"},"primaryImageOfPage":{"@id":"https:\/\/markd.com.br\/models\/prefeito-anderson-sousa-faz-entrega-das-melhorias-da-creche-henrique-aguiar\/#primaryimage"},"image":{"@id":"https:\/\/markd.com.br\/models\/prefeito-anderson-sousa-faz-entrega-das-melhorias-da-creche-henrique-aguiar\/#primaryimage"},"thumbnailUrl":"https:\/\/markd.com.br\/models\/wp-content\/uploads\/2022\/03\/275225913_658024362092624_7145668773741408164_n.jpg","datePublished":"2022-03-08T00:51:53+00:00","dateModified":"2022-03-08T00:51:59+00:00","author":{"@id":"https:\/\/markd.com.br\/models\/#\/schema\/person\/c12a77ab487a7262d8bec3c47301ad37"},"breadcrumb":{"@id":"https:\/\/markd.com.br\/models\/prefeito-anderson-sousa-faz-entrega-das-melhorias-da-creche-henrique-aguiar\/#breadcrumb"},"inLanguage":"pt-BR","potentialAction":[{"@type":"ReadAction","target":["https:\/\/markd.com.br\/models\/prefeito-anderson-sousa-faz-entrega-das-melhorias-da-creche-henrique-aguiar\/"]}]},{"@type":"ImageObject","inLanguage":"pt-BR","@id":"https:\/\/markd.com.br\/models\/prefeito-anderson-sousa-faz-entrega-das-melhorias-da-creche-henrique-aguiar\/#primaryimage","url":"https:\/\/markd.com.br\/models\/wp-content\/uploads\/2022\/03\/275225913_658024362092624_7145668773741408164_n.jpg","contentUrl":"https:\/\/markd.com.br\/models\/wp-content\/uploads\/2022\/03\/275225913_658024362092624_7145668773741408164_n.jpg","width":640,"height":427},{"@type":"BreadcrumbList","@id":"https:\/\/markd.com.br\/models\/prefeito-anderson-sousa-faz-entrega-das-melhorias-da-creche-henrique-aguiar\/#breadcrumb","itemListElement":[{"@type":"ListItem","position":1,"name":"In\u00edcio","item":"https:\/\/markd.com.br\/models\/"},{"@type":"ListItem","position":2,"name":"Prefeito Anderson Sousa faz entrega das melhorias da Creche Henrique Aguiar"}]},{"@type":"WebSite","@id":"https:\/\/markd.com.br\/models\/#website","url":"https:\/\/markd.com.br\/models\/","name":"Not\u00edcias de Todos - Models01","description":"Tenha um Portal de Not\u00edcias Moderno, Din\u00e2mico, R\u00e1pido e Profissional. Entregamos seu Site de  Not\u00edcias Pronto, Instalado, Hospedado, com Manual Passo a Passo e Suporte 24 horas.","potentialAction":[{"@type":"SearchAction","target":{"@type":"EntryPoint","urlTemplate":"https:\/\/markd.com.br\/models\/?s={search_term_string}"},"query-input":{"@type":"PropertyValueSpecification","valueRequired":true,"valueName":"search_term_string"}}],"inLanguage":"pt-BR"},{"@type":"Person","@id":"https:\/\/markd.com.br\/models\/#\/schema\/person\/c12a77ab487a7262d8bec3c47301ad37","name":"Reda\u00e7\u00e3o Reda\u00e7\u00e3o","image":{"@type":"ImageObject","inLanguage":"pt-BR","@id":"https:\/\/markd.com.br\/models\/#\/schema\/person\/image\/","url":"https:\/\/secure.gravatar.com\/avatar\/9448f3599ce269febf169e183039b4a6?s=96&d=mm&r=g","contentUrl":"https:\/\/secure.gravatar.com\/avatar\/9448f3599ce269febf169e183039b4a6?s=96&d=mm&r=g","caption":"Reda\u00e7\u00e3o Reda\u00e7\u00e3o"},"sameAs":["https:\/\/markd.com.br\/"],"url":"https:\/\/markd.com.br\/models\/author\/redacao\/"}]}},"featured_image_urls":{"full":["https:\/\/markd.com.br\/models\/wp-content\/uploads\/2022\/03\/275225913_658024362092624_7145668773741408164_n.jpg",640,427,false],"thumbnail":["https:\/\/markd.com.br\/models\/wp-content\/uploads\/2022\/03\/275225913_658024362092624_7145668773741408164_n-150x150.jpg",150,150,true],"medium":["https:\/\/markd.com.br\/models\/wp-content\/uploads\/2022\/03\/275225913_658024362092624_7145668773741408164_n-300x200.jpg",300,200,true],"medium_large":["https:\/\/markd.com.br\/models\/wp-content\/uploads\/2022\/03\/275225913_658024362092624_7145668773741408164_n.jpg",640,427,false],"large":["https:\/\/markd.com.br\/models\/wp-content\/uploads\/2022\/03\/275225913_658024362092624_7145668773741408164_n.jpg",640,427,false],"1536x1536":["https:\/\/markd.com.br\/models\/wp-content\/uploads\/2022\/03\/275225913_658024362092624_7145668773741408164_n.jpg",640,427,false],"2048x2048":["https:\/\/markd.com.br\/models\/wp-content\/uploads\/2022\/03\/275225913_658024362092624_7145668773741408164_n.jpg",640,427,false],"newsphere-slider-full":["https:\/\/markd.com.br\/models\/wp-content\/uploads\/2022\/03\/275225913_658024362092624_7145668773741408164_n.jpg",640,427,false],"newsphere-featured":["https:\/\/markd.com.br\/models\/wp-content\/uploads\/2022\/03\/275225913_658024362092624_7145668773741408164_n.jpg",640,427,false],"newsphere-medium":["https:\/\/markd.com.br\/models\/wp-content\/uploads\/2022\/03\/275225913_658024362092624_7145668773741408164_n-640x380.jpg",640,380,true]},"author_info":{"display_name":"Reda\u00e7\u00e3o Reda\u00e7\u00e3o","author_link":"https:\/\/markd.com.br\/models\/author\/redacao\/"},"category_info":"<a href=\"https:\/\/markd.com.br\/models\/category\/rio-preto-da-eva\/\" rel=\"category tag\">Rio Preto da Eva<\/a>","tag_info":"Rio Preto da Eva","comment_count":"0","jetpack_featured_media_url":"https:\/\/markd.com.br\/models\/wp-content\/uploads\/2022\/03\/275225913_658024362092624_7145668773741408164_n.jpg","_links":{"self":[{"href":"https:\/\/markd.com.br\/models\/wp-json\/wp\/v2\/posts\/716","targetHints":{"allow":["GET"]}}],"collection":[{"href":"https:\/\/markd.com.br\/models\/wp-json\/wp\/v2\/posts"}],"about":[{"href":"https:\/\/markd.com.br\/models\/wp-json\/wp\/v2\/types\/post"}],"author":[{"embeddable":true,"href":"https:\/\/markd.com.br\/models\/wp-json\/wp\/v2\/users\/5"}],"replies":[{"embeddable":true,"href":"https:\/\/markd.com.br\/models\/wp-json\/wp\/v2\/comments?post=716"}],"version-history":[{"count":1,"href":"https:\/\/markd.com.br\/models\/wp-json\/wp\/v2\/posts\/716\/revisions"}],"predecessor-version":[{"id":718,"href":"https:\/\/markd.com.br\/models\/wp-json\/wp\/v2\/posts\/716\/revisions\/718"}],"wp:featuredmedia":[{"embeddable":true,"href":"https:\/\/markd.com.br\/models\/wp-json\/wp\/v2\/media\/717"}],"wp:attachment":[{"href":"https:\/\/markd.com.br\/models\/wp-json\/wp\/v2\/media?parent=716"}],"wp:term":[{"taxonomy":"category","embeddable":true,"href":"https:\/\/markd.com.br\/models\/wp-json\/wp\/v2\/categories?post=716"},{"taxonomy":"post_tag","embeddable":true,"href":"https:\/\/markd.com.br\/models\/wp-json\/wp\/v2\/tags?post=716"}],"curies":[{"name":"wp","href":"https:\/\/api.w.org\/{rel}","templated":true}]}}